{"id":149666,"date":"2021-08-07T17:57:22","date_gmt":"2021-08-07T20:57:22","guid":{"rendered":"https:\/\/experienciadevida.com.ar\/portalurbano\/?p=149666"},"modified":"2021-08-07T20:19:11","modified_gmt":"2021-08-07T23:19:11","slug":"pre-candidatos-de-la-lista-de-facundo-manes-conversaron-con-vecinos-en-el-paseo-jesus-mendia","status":"publish","type":"post","link":"https:\/\/experienciadevida.com.ar\/portalurbano\/pre-candidatos-de-la-lista-de-facundo-manes-conversaron-con-vecinos-en-el-paseo-jesus-mendia\/","title":{"rendered":"Pre candidatos de la lista de Facundo Manes conversaron con vecinos en el Paseo Jes\u00fas Mend\u00eda"},"content":{"rendered":"<p>Pre-candidatos de la lista de Facundo Manes conversaron con vecinos en el Paseo Jes\u00fas Mend\u00eda.<\/p>\n<p>El pre-candidato a senador provincial por la S\u00e9ptima Secci\u00f3n, Alejandro <a href=\"https:\/\/www.instagram.com\/alejandrocellillo\/?hl=es-la\">Cellillo<\/a>, y los pre-candidatos a concejales olavarrienses, Bel\u00e9n <a href=\"https:\/\/www.instagram.com\/belenvergel\/?hl=es-la\">Vergel<\/a> y Sebasti\u00e1n <a href=\"https:\/\/www.instagram.com\/sebastianmatrella\/?hl=es-la\">Matrella<\/a>, junto al resto de la lista local y militantes radicales, protagonizaron un nuevo s\u00e1bado de charlas y propuestas con vecinos de la ciudad, como lo vienen realizando hace tiempo.<\/p>\n<p>Los representantes de Facundo Manes en la secci\u00f3n y en el distrito estuvieron durante el s\u00e1bado a la ma\u00f1ana, en el Paseo Jes\u00fas Mend\u00eda, escuchando de primera mano los planteos de la gente y explicando las diversas iniciativas del espacio.<\/p>\n<p>Pre-candidatos de la lista de Facundo Manes conversaron con vecinos en el Paseo Jes\u00fas Mend\u00eda, &#8220;Sabemos que existe una desilusi\u00f3n muy grande con el actual gobierno, la sociedad est\u00e1 desesperanzada y estamos convencidos de que, junto a Facundo Manes, podemos retomar el camino del progreso para la provincia y el pa\u00eds&#8221;, expres\u00f3 el actual senador provincial, Cellillo.<\/p>\n<p>Por su parte, Vergel, primera candidata a concejal en Olavarr\u00eda, manifest\u00f3 que &#8220;conocemos perfectamente los reclamos de los olavarrienses, charlamos con ellos todos los d\u00edas y queremos ser su voz en el Concejo porque estamos seguros que podemos cambiar esta realidad tan compleja&#8221;.<\/p>\n<p><a href=\"https:\/\/experienciadevida.com.ar\/portalurbano\/pre-candidatos-de-la-lista-de-facundo-manes-conversaron-con-vecinos-en-el-paseo-jesus-mendia\/pre-candidatos\/\" rel=\"attachment wp-att-149687\"><img decoding=\"async\" class=\"alignnone size-full wp-image-149687\" src=\"https:\/\/experienciadevida.com.ar\/portalurbano\/wp-content\/uploads\/2021\/08\/Pre-candidatos.jpg\" alt=\"Pre candidatos\" width=\"765\" height=\"507\" srcset=\"https:\/\/experienciadevida.com.ar\/portalurbano\/wp-content\/uploads\/2021\/08\/Pre-candidatos.jpg 765w, https:\/\/experienciadevida.com.ar\/portalurbano\/wp-content\/uploads\/2021\/08\/Pre-candidatos-300x199.jpg 300w\" sizes=\"(max-width: 765px) 100vw, 765px\" \/><\/a><\/p>\n<p><a href=\"https:\/\/experienciadevida.com.ar\/portalurbano\/pre-candidatos-de-la-lista-de-facundo-manes-conversaron-con-vecinos-en-el-paseo-jesus-mendia\/de-la-lista\/\" rel=\"attachment wp-att-149688\"><img decoding=\"async\" class=\"alignnone size-large wp-image-149688\" src=\"https:\/\/experienciadevida.com.ar\/portalurbano\/wp-content\/uploads\/2021\/08\/de-la-lista-1024x683.jpg\" alt=\"de la lista\" width=\"900\" height=\"600\" srcset=\"https:\/\/experienciadevida.com.ar\/portalurbano\/wp-content\/uploads\/2021\/08\/de-la-lista-1024x683.jpg 1024w, https:\/\/experienciadevida.com.ar\/portalurbano\/wp-content\/uploads\/2021\/08\/de-la-lista-300x200.jpg 300w, https:\/\/experienciadevida.com.ar\/portalurbano\/wp-content\/uploads\/2021\/08\/de-la-lista-768x512.jpg 768w, https:\/\/experienciadevida.com.ar\/portalurbano\/wp-content\/uploads\/2021\/08\/de-la-lista.jpg 1200w\" sizes=\"(max-width: 900px) 100vw, 900px\" \/><\/a><\/p>\n","protected":false},"excerpt":{"rendered":"<p>Pre-candidatos de la lista de Facundo Manes conversaron con vecinos en el Paseo Jes\u00fas Mend\u00eda&#8230;.<\/p>\n","protected":false},"author":1,"featured_media":149667,"comment_status":"closed","ping_status":"closed","sticky":false,"template":"","format":"standard","meta":{"content-type":""},"categories":[27,64],"tags":[],"nelio_content":{"isAutoShareEnabled":false,"autoShareEndMode":"default","automationSources":{"useContentSentences":true,"useSocialTemplates":true,"useCustomSentences":false,"customSentences":[]},"followers":[1],"suggestedReferences":[],"includedReferences":["https:\/\/www.instagram.com\/alejandrocellillo\/?hl=es-la","https:\/\/www.instagram.com\/belenvergel\/?hl=es-la","https:\/\/www.instagram.com\/sebastianmatrella\/?hl=es-la"],"efiUrl":"","efiAlt":"","highlights":[]},"yoast_head":"<!-- This site is optimized with the Yoast SEO plugin v20.7 - https:\/\/yoast.com\/wordpress\/plugins\/seo\/ -->\n<title>Pre candidatos de la lista de Facundo Manes conversaron con vecinos<\/title>\n<meta name=\"description\" content=\"Pre-candidatos de la lista de Facundo Manes conversaron con vecinos en el Paseo Jes\u00fas Mend\u00eda en la jornada de este s\u00e1bado a la tarde\" \/>\n<meta name=\"robots\" content=\"index, follow, max-snippet:-1, max-image-preview:large, max-video-preview:-1\" \/>\n<link rel=\"canonical\" href=\"https:\/\/experienciadevida.com.ar\/portalurbano\/pre-candidatos-de-la-lista-de-facundo-manes-conversaron-con-vecinos-en-el-paseo-jesus-mendia\/\" \/>\n<meta property=\"og:locale\" content=\"es_ES\" \/>\n<meta property=\"og:type\" content=\"article\" \/>\n<meta property=\"og:title\" content=\"Pre candidatos de la lista de Facundo Manes conversaron con vecinos\" \/>\n<meta property=\"og:description\" content=\"Pre-candidatos de la lista de Facundo Manes conversaron con vecinos en el Paseo Jes\u00fas Mend\u00eda en la jornada de este s\u00e1bado a la tarde\" \/>\n<meta property=\"og:url\" content=\"https:\/\/experienciadevida.com.ar\/portalurbano\/pre-candidatos-de-la-lista-de-facundo-manes-conversaron-con-vecinos-en-el-paseo-jesus-mendia\/\" \/>\n<meta property=\"article:publisher\" content=\"https:\/\/www.facebook.com\/Portal-Urbano-171542830093757\/\" \/>\n<meta property=\"article:published_time\" content=\"2021-08-07T20:57:22+00:00\" \/>\n<meta property=\"article:modified_time\" content=\"2021-08-07T23:19:11+00:00\" \/>\n<meta property=\"og:image\" content=\"https:\/\/experienciadevida.com.ar\/portalurbano\/wp-content\/uploads\/2021\/08\/Pre-candidatos-de-la-lista.jpg\" \/>\n\t<meta property=\"og:image:width\" content=\"1166\" \/>\n\t<meta property=\"og:image:height\" content=\"587\" \/>\n\t<meta property=\"og:image:type\" content=\"image\/jpeg\" \/>\n<meta name=\"author\" content=\"admpu17wp\" \/>\n<meta name=\"twitter:card\" content=\"summary_large_image\" \/>\n<meta name=\"twitter:creator\" content=\"@portalurbanook\" \/>\n<meta name=\"twitter:site\" content=\"@portalurbanook\" \/>\n<meta name=\"twitter:label1\" content=\"Escrito por\" \/>\n\t<meta name=\"twitter:data1\" content=\"admpu17wp\" \/>\n\t<meta name=\"twitter:label2\" content=\"Tiempo de lectura\" \/>\n\t<meta name=\"twitter:data2\" content=\"2 minutos\" \/>\n<script type=\"application\/ld+json\" class=\"yoast-schema-graph\">{\"@context\":\"https:\/\/schema.org\",\"@graph\":[{\"@type\":\"Article\",\"@id\":\"https:\/\/experienciadevida.com.ar\/portalurbano\/pre-candidatos-de-la-lista-de-facundo-manes-conversaron-con-vecinos-en-el-paseo-jesus-mendia\/#article\",\"isPartOf\":{\"@id\":\"https:\/\/experienciadevida.com.ar\/portalurbano\/pre-candidatos-de-la-lista-de-facundo-manes-conversaron-con-vecinos-en-el-paseo-jesus-mendia\/\"},\"author\":{\"name\":\"admpu17wp\",\"@id\":\"https:\/\/experienciadevida.com.ar\/portalurbano\/#\/schema\/person\/02dd326b1c4b056e9cc972486934a3a7\"},\"headline\":\"Pre candidatos de la lista de Facundo Manes conversaron con vecinos en el Paseo Jes\u00fas Mend\u00eda\",\"datePublished\":\"2021-08-07T20:57:22+00:00\",\"dateModified\":\"2021-08-07T23:19:11+00:00\",\"mainEntityOfPage\":{\"@id\":\"https:\/\/experienciadevida.com.ar\/portalurbano\/pre-candidatos-de-la-lista-de-facundo-manes-conversaron-con-vecinos-en-el-paseo-jesus-mendia\/\"},\"wordCount\":242,\"publisher\":{\"@id\":\"https:\/\/experienciadevida.com.ar\/portalurbano\/#organization\"},\"articleSection\":[\"Ciudad\",\"Destacadas 2\"],\"inLanguage\":\"es\"},{\"@type\":\"WebPage\",\"@id\":\"https:\/\/experienciadevida.com.ar\/portalurbano\/pre-candidatos-de-la-lista-de-facundo-manes-conversaron-con-vecinos-en-el-paseo-jesus-mendia\/\",\"url\":\"https:\/\/experienciadevida.com.ar\/portalurbano\/pre-candidatos-de-la-lista-de-facundo-manes-conversaron-con-vecinos-en-el-paseo-jesus-mendia\/\",\"name\":\"Pre candidatos de la lista de Facundo Manes conversaron con vecinos\",\"isPartOf\":{\"@id\":\"https:\/\/experienciadevida.com.ar\/portalurbano\/#website\"},\"datePublished\":\"2021-08-07T20:57:22+00:00\",\"dateModified\":\"2021-08-07T23:19:11+00:00\",\"description\":\"Pre-candidatos de la lista de Facundo Manes conversaron con vecinos en el Paseo Jes\u00fas Mend\u00eda en la jornada de este s\u00e1bado a la tarde\",\"breadcrumb\":{\"@id\":\"https:\/\/experienciadevida.com.ar\/portalurbano\/pre-candidatos-de-la-lista-de-facundo-manes-conversaron-con-vecinos-en-el-paseo-jesus-mendia\/#breadcrumb\"},\"inLanguage\":\"es\",\"potentialAction\":[{\"@type\":\"ReadAction\",\"target\":[\"https:\/\/experienciadevida.com.ar\/portalurbano\/pre-candidatos-de-la-lista-de-facundo-manes-conversaron-con-vecinos-en-el-paseo-jesus-mendia\/\"]}]},{\"@type\":\"BreadcrumbList\",\"@id\":\"https:\/\/experienciadevida.com.ar\/portalurbano\/pre-candidatos-de-la-lista-de-facundo-manes-conversaron-con-vecinos-en-el-paseo-jesus-mendia\/#breadcrumb\",\"itemListElement\":[{\"@type\":\"ListItem\",\"position\":1,\"name\":\"Portada\",\"item\":\"https:\/\/experienciadevida.com.ar\/portalurbano\/\"},{\"@type\":\"ListItem\",\"position\":2,\"name\":\"Pre candidatos de la lista de Facundo Manes conversaron con vecinos en el Paseo Jes\u00fas Mend\u00eda\"}]},{\"@type\":\"WebSite\",\"@id\":\"https:\/\/experienciadevida.com.ar\/portalurbano\/#website\",\"url\":\"https:\/\/experienciadevida.com.ar\/portalurbano\/\",\"name\":\"\",\"description\":\"\",\"publisher\":{\"@id\":\"https:\/\/experienciadevida.com.ar\/portalurbano\/#organization\"},\"potentialAction\":[{\"@type\":\"SearchAction\",\"target\":{\"@type\":\"EntryPoint\",\"urlTemplate\":\"https:\/\/experienciadevida.com.ar\/portalurbano\/?s={search_term_string}\"},\"query-input\":\"required name=search_term_string\"}],\"inLanguage\":\"es\"},{\"@type\":\"Organization\",\"@id\":\"https:\/\/experienciadevida.com.ar\/portalurbano\/#organization\",\"name\":\"Portal Urbano\",\"url\":\"https:\/\/experienciadevida.com.ar\/portalurbano\/\",\"logo\":{\"@type\":\"ImageObject\",\"inLanguage\":\"es\",\"@id\":\"https:\/\/experienciadevida.com.ar\/portalurbano\/#\/schema\/logo\/image\/\",\"url\":\"https:\/\/experienciadevida.com.ar\/portalurbano\/wp-content\/uploads\/2019\/09\/Logo-Original.png\",\"contentUrl\":\"https:\/\/experienciadevida.com.ar\/portalurbano\/wp-content\/uploads\/2019\/09\/Logo-Original.png\",\"width\":2236,\"height\":1216,\"caption\":\"Portal Urbano\"},\"image\":{\"@id\":\"https:\/\/experienciadevida.com.ar\/portalurbano\/#\/schema\/logo\/image\/\"},\"sameAs\":[\"https:\/\/www.facebook.com\/Portal-Urbano-171542830093757\/\",\"https:\/\/twitter.com\/portalurbanook\",\"https:\/\/www.instagram.com\/_portalurbano\/\",\"https:\/\/www.youtube.com\/channel\/UCXhagIfszH8KxFiOok79zbA?view_as=subscriber\"]},{\"@type\":\"Person\",\"@id\":\"https:\/\/experienciadevida.com.ar\/portalurbano\/#\/schema\/person\/02dd326b1c4b056e9cc972486934a3a7\",\"name\":\"admpu17wp\",\"image\":{\"@type\":\"ImageObject\",\"inLanguage\":\"es\",\"@id\":\"https:\/\/experienciadevida.com.ar\/portalurbano\/#\/schema\/person\/image\/\",\"url\":\"https:\/\/secure.gravatar.com\/avatar\/830d4c57adaae6630765e449a6908047?s=96&d=mm&r=g\",\"contentUrl\":\"https:\/\/secure.gravatar.com\/avatar\/830d4c57adaae6630765e449a6908047?s=96&d=mm&r=g\",\"caption\":\"admpu17wp\"}}]}<\/script>\n<!-- \/ Yoast SEO plugin. -->","yoast_head_json":{"title":"Pre candidatos de la lista de Facundo Manes conversaron con vecinos","description":"Pre-candidatos de la lista de Facundo Manes conversaron con vecinos en el Paseo Jes\u00fas Mend\u00eda en la jornada de este s\u00e1bado a la tarde","robots":{"index":"index","follow":"follow","max-snippet":"max-snippet:-1","max-image-preview":"max-image-preview:large","max-video-preview":"max-video-preview:-1"},"canonical":"https:\/\/experienciadevida.com.ar\/portalurbano\/pre-candidatos-de-la-lista-de-facundo-manes-conversaron-con-vecinos-en-el-paseo-jesus-mendia\/","og_locale":"es_ES","og_type":"article","og_title":"Pre candidatos de la lista de Facundo Manes conversaron con vecinos","og_description":"Pre-candidatos de la lista de Facundo Manes conversaron con vecinos en el Paseo Jes\u00fas Mend\u00eda en la jornada de este s\u00e1bado a la tarde","og_url":"https:\/\/experienciadevida.com.ar\/portalurbano\/pre-candidatos-de-la-lista-de-facundo-manes-conversaron-con-vecinos-en-el-paseo-jesus-mendia\/","article_publisher":"https:\/\/www.facebook.com\/Portal-Urbano-171542830093757\/","article_published_time":"2021-08-07T20:57:22+00:00","article_modified_time":"2021-08-07T23:19:11+00:00","og_image":[{"width":1166,"height":587,"url":"https:\/\/experienciadevida.com.ar\/portalurbano\/wp-content\/uploads\/2021\/08\/Pre-candidatos-de-la-lista.jpg","type":"image\/jpeg"}],"author":"admpu17wp","twitter_card":"summary_large_image","twitter_creator":"@portalurbanook","twitter_site":"@portalurbanook","twitter_misc":{"Escrito por":"admpu17wp","Tiempo de lectura":"2 minutos"},"schema":{"@context":"https:\/\/schema.org","@graph":[{"@type":"Article","@id":"https:\/\/experienciadevida.com.ar\/portalurbano\/pre-candidatos-de-la-lista-de-facundo-manes-conversaron-con-vecinos-en-el-paseo-jesus-mendia\/#article","isPartOf":{"@id":"https:\/\/experienciadevida.com.ar\/portalurbano\/pre-candidatos-de-la-lista-de-facundo-manes-conversaron-con-vecinos-en-el-paseo-jesus-mendia\/"},"author":{"name":"admpu17wp","@id":"https:\/\/experienciadevida.com.ar\/portalurbano\/#\/schema\/person\/02dd326b1c4b056e9cc972486934a3a7"},"headline":"Pre candidatos de la lista de Facundo Manes conversaron con vecinos en el Paseo Jes\u00fas Mend\u00eda","datePublished":"2021-08-07T20:57:22+00:00","dateModified":"2021-08-07T23:19:11+00:00","mainEntityOfPage":{"@id":"https:\/\/experienciadevida.com.ar\/portalurbano\/pre-candidatos-de-la-lista-de-facundo-manes-conversaron-con-vecinos-en-el-paseo-jesus-mendia\/"},"wordCount":242,"publisher":{"@id":"https:\/\/experienciadevida.com.ar\/portalurbano\/#organization"},"articleSection":["Ciudad","Destacadas 2"],"inLanguage":"es"},{"@type":"WebPage","@id":"https:\/\/experienciadevida.com.ar\/portalurbano\/pre-candidatos-de-la-lista-de-facundo-manes-conversaron-con-vecinos-en-el-paseo-jesus-mendia\/","url":"https:\/\/experienciadevida.com.ar\/portalurbano\/pre-candidatos-de-la-lista-de-facundo-manes-conversaron-con-vecinos-en-el-paseo-jesus-mendia\/","name":"Pre candidatos de la lista de Facundo Manes conversaron con vecinos","isPartOf":{"@id":"https:\/\/experienciadevida.com.ar\/portalurbano\/#website"},"datePublished":"2021-08-07T20:57:22+00:00","dateModified":"2021-08-07T23:19:11+00:00","description":"Pre-candidatos de la lista de Facundo Manes conversaron con vecinos en el Paseo Jes\u00fas Mend\u00eda en la jornada de este s\u00e1bado a la tarde","breadcrumb":{"@id":"https:\/\/experienciadevida.com.ar\/portalurbano\/pre-candidatos-de-la-lista-de-facundo-manes-conversaron-con-vecinos-en-el-paseo-jesus-mendia\/#breadcrumb"},"inLanguage":"es","potentialAction":[{"@type":"ReadAction","target":["https:\/\/experienciadevida.com.ar\/portalurbano\/pre-candidatos-de-la-lista-de-facundo-manes-conversaron-con-vecinos-en-el-paseo-jesus-mendia\/"]}]},{"@type":"BreadcrumbList","@id":"https:\/\/experienciadevida.com.ar\/portalurbano\/pre-candidatos-de-la-lista-de-facundo-manes-conversaron-con-vecinos-en-el-paseo-jesus-mendia\/#breadcrumb","itemListElement":[{"@type":"ListItem","position":1,"name":"Portada","item":"https:\/\/experienciadevida.com.ar\/portalurbano\/"},{"@type":"ListItem","position":2,"name":"Pre candidatos de la lista de Facundo Manes conversaron con vecinos en el Paseo Jes\u00fas Mend\u00eda"}]},{"@type":"WebSite","@id":"https:\/\/experienciadevida.com.ar\/portalurbano\/#website","url":"https:\/\/experienciadevida.com.ar\/portalurbano\/","name":"","description":"","publisher":{"@id":"https:\/\/experienciadevida.com.ar\/portalurbano\/#organization"},"potentialAction":[{"@type":"SearchAction","target":{"@type":"EntryPoint","urlTemplate":"https:\/\/experienciadevida.com.ar\/portalurbano\/?s={search_term_string}"},"query-input":"required name=search_term_string"}],"inLanguage":"es"},{"@type":"Organization","@id":"https:\/\/experienciadevida.com.ar\/portalurbano\/#organization","name":"Portal Urbano","url":"https:\/\/experienciadevida.com.ar\/portalurbano\/","logo":{"@type":"ImageObject","inLanguage":"es","@id":"https:\/\/experienciadevida.com.ar\/portalurbano\/#\/schema\/logo\/image\/","url":"https:\/\/experienciadevida.com.ar\/portalurbano\/wp-content\/uploads\/2019\/09\/Logo-Original.png","contentUrl":"https:\/\/experienciadevida.com.ar\/portalurbano\/wp-content\/uploads\/2019\/09\/Logo-Original.png","width":2236,"height":1216,"caption":"Portal Urbano"},"image":{"@id":"https:\/\/experienciadevida.com.ar\/portalurbano\/#\/schema\/logo\/image\/"},"sameAs":["https:\/\/www.facebook.com\/Portal-Urbano-171542830093757\/","https:\/\/twitter.com\/portalurbanook","https:\/\/www.instagram.com\/_portalurbano\/","https:\/\/www.youtube.com\/channel\/UCXhagIfszH8KxFiOok79zbA?view_as=subscriber"]},{"@type":"Person","@id":"https:\/\/experienciadevida.com.ar\/portalurbano\/#\/schema\/person\/02dd326b1c4b056e9cc972486934a3a7","name":"admpu17wp","image":{"@type":"ImageObject","inLanguage":"es","@id":"https:\/\/experienciadevida.com.ar\/portalurbano\/#\/schema\/person\/image\/","url":"https:\/\/secure.gravatar.com\/avatar\/830d4c57adaae6630765e449a6908047?s=96&d=mm&r=g","contentUrl":"https:\/\/secure.gravatar.com\/avatar\/830d4c57adaae6630765e449a6908047?s=96&d=mm&r=g","caption":"admpu17wp"}}]}},"featured_image_urls":{"full":["https:\/\/experienciadevida.com.ar\/portalurbano\/wp-content\/uploads\/2021\/08\/Pre-candidatos-de-la-lista.jpg",1166,587,false],"thumbnail":["https:\/\/experienciadevida.com.ar\/portalurbano\/wp-content\/uploads\/2021\/08\/Pre-candidatos-de-la-lista-150x150.jpg",150,150,true],"medium":["https:\/\/experienciadevida.com.ar\/portalurbano\/wp-content\/uploads\/2021\/08\/Pre-candidatos-de-la-lista-300x151.jpg",300,151,true],"medium_large":["https:\/\/experienciadevida.com.ar\/portalurbano\/wp-content\/uploads\/2021\/08\/Pre-candidatos-de-la-lista-768x387.jpg",640,323,true],"large":["https:\/\/experienciadevida.com.ar\/portalurbano\/wp-content\/uploads\/2021\/08\/Pre-candidatos-de-la-lista-1024x516.jpg",640,323,true],"ug_big":["https:\/\/experienciadevida.com.ar\/portalurbano\/wp-content\/uploads\/2021\/08\/Pre-candidatos-de-la-lista-768x387.jpg",768,387,true],"1536x1536":["https:\/\/experienciadevida.com.ar\/portalurbano\/wp-content\/uploads\/2021\/08\/Pre-candidatos-de-la-lista.jpg",1166,587,false],"2048x2048":["https:\/\/experienciadevida.com.ar\/portalurbano\/wp-content\/uploads\/2021\/08\/Pre-candidatos-de-la-lista.jpg",1166,587,false],"newsever-slider-full":["https:\/\/experienciadevida.com.ar\/portalurbano\/wp-content\/uploads\/2021\/08\/Pre-candidatos-de-la-lista.jpg",1166,587,false],"newsever-featured":["https:\/\/experienciadevida.com.ar\/portalurbano\/wp-content\/uploads\/2021\/08\/Pre-candidatos-de-la-lista.jpg",1024,516,false],"newsever-medium":["https:\/\/experienciadevida.com.ar\/portalurbano\/wp-content\/uploads\/2021\/08\/Pre-candidatos-de-la-lista.jpg",720,362,false],"web-stories-poster-portrait":["https:\/\/experienciadevida.com.ar\/portalurbano\/wp-content\/uploads\/2021\/08\/Pre-candidatos-de-la-lista.jpg",640,322,false],"web-stories-publisher-logo":["https:\/\/experienciadevida.com.ar\/portalurbano\/wp-content\/uploads\/2021\/08\/Pre-candidatos-de-la-lista.jpg",96,48,false],"web-stories-thumbnail":["https:\/\/experienciadevida.com.ar\/portalurbano\/wp-content\/uploads\/2021\/08\/Pre-candidatos-de-la-lista.jpg",150,76,false]},"author_info":{"display_name":"admpu17wp","author_link":"https:\/\/experienciadevida.com.ar\/portalurbano\/author\/admpu17wp\/"},"category_info":"<a href=\"https:\/\/experienciadevida.com.ar\/portalurbano\/category\/ciudad\/\" rel=\"category tag\">Ciudad<\/a> <a href=\"https:\/\/experienciadevida.com.ar\/portalurbano\/category\/destacadas-2\/\" rel=\"category tag\">Destacadas 2<\/a>","tag_info":"Destacadas 2","comment_count":"0","amp_enabled":true,"_links":{"self":[{"href":"https:\/\/experienciadevida.com.ar\/portalurbano\/wp-json\/wp\/v2\/posts\/149666"}],"collection":[{"href":"https:\/\/experienciadevida.com.ar\/portalurbano\/wp-json\/wp\/v2\/posts"}],"about":[{"href":"https:\/\/experienciadevida.com.ar\/portalurbano\/wp-json\/wp\/v2\/types\/post"}],"author":[{"embeddable":true,"href":"https:\/\/experienciadevida.com.ar\/portalurbano\/wp-json\/wp\/v2\/users\/1"}],"replies":[{"embeddable":true,"href":"https:\/\/experienciadevida.com.ar\/portalurbano\/wp-json\/wp\/v2\/comments?post=149666"}],"version-history":[{"count":3,"href":"https:\/\/experienciadevida.com.ar\/portalurbano\/wp-json\/wp\/v2\/posts\/149666\/revisions"}],"predecessor-version":[{"id":149689,"href":"https:\/\/experienciadevida.com.ar\/portalurbano\/wp-json\/wp\/v2\/posts\/149666\/revisions\/149689"}],"wp:featuredmedia":[{"embeddable":true,"href":"https:\/\/experienciadevida.com.ar\/portalurbano\/wp-json\/wp\/v2\/media\/149667"}],"wp:attachment":[{"href":"https:\/\/experienciadevida.com.ar\/portalurbano\/wp-json\/wp\/v2\/media?parent=149666"}],"wp:term":[{"taxonomy":"category","embeddable":true,"href":"https:\/\/experienciadevida.com.ar\/portalurbano\/wp-json\/wp\/v2\/categories?post=149666"},{"taxonomy":"post_tag","embeddable":true,"href":"https:\/\/experienciadevida.com.ar\/portalurbano\/wp-json\/wp\/v2\/tags?post=149666"}],"curies":[{"name":"wp","href":"https:\/\/api.w.org\/{rel}","templated":true}]}}