{"id":149621,"date":"2021-08-07T10:33:31","date_gmt":"2021-08-07T13:33:31","guid":{"rendered":"https:\/\/experienciadevida.com.ar\/portalurbano\/?p=149621"},"modified":"2021-08-07T10:35:32","modified_gmt":"2021-08-07T13:35:32","slug":"se-incorpora-equipamiento-de-ultima-tecnologia-al-sistema-de-barrido","status":"publish","type":"post","link":"https:\/\/experienciadevida.com.ar\/portalurbano\/se-incorpora-equipamiento-de-ultima-tecnologia-al-sistema-de-barrido\/","title":{"rendered":"Se incorpora equipamiento de \u00faltima tecnolog\u00eda al sistema de barrido"},"content":{"rendered":"<p>Se incorpora equipamiento de \u00faltima tecnolog\u00eda al sistema de barrido, el Intendente Ezequiel <a href=\"https:\/\/www.facebook.com\/galliezequiel\">Galli<\/a> mantuvo un encuentro con representantes de la empresa Transportes Malvinas (encargada del servicio de recolecci\u00f3n, transporte y tratamiento de residuos), en el marco de la puesta en marcha del nuevo equipamiento de \u00faltima tecnolog\u00eda que se incorpora al sistema barrido mec\u00e1nico.<\/p>\n<p>Durante la presentaci\u00f3n \u2013que se llev\u00f3 a cabo en el play\u00f3n del Cementerio Municipal- estuvieron presentes el gerente de la empresa Lucas Rey, el gerente de Operaciones Marcos Panaggio y el jefe de Taller Jos\u00e9 Garc\u00eda.<\/p>\n<p>En la oportunidad, acompa\u00f1aron al Intendente, el secretario de Mantenimiento y Obras P\u00fablicas de la Municipalidad Julio Ferraro y el presidente del Concejo Deliberante Bruno Cenizo.<\/p>\n<p>Se incorpora equipamiento de \u00faltima tecnolog\u00eda al sistema de barrido, Desde Transportes Malvinas se indic\u00f3 que se trata de un equipo de barrido que cuenta con mayor tecnolog\u00eda, que permitir\u00e1 mejorar, optimizar y modernizar el servicio de barrido mec\u00e1nico actual.<\/p>\n<p>La barredora funciona por sistema de aspiraci\u00f3n, por corriente de aire, y se encuentra montada sobre el chasis de un cami\u00f3n (en este caso un Iveco Tector 0Km.), para el servicio de barrido mec\u00e1nico, tanto diurno como nocturno, que se realiza por diferentes calles de la ciudad.<\/p>\n<p>Marcos Panaggio, gerente de Operaciones de Malvinas, especific\u00f3 que \u201cse trata un equipo marca Scorza, modelo AS 6500, que viene con mayor tecnolog\u00eda desde el punto de vista de modernizaci\u00f3n\u201d.<\/p>\n<p>\u201cCuenta con circuito integrado de video donde el operario puede mirar continuamente c\u00f3mo se va desempe\u00f1ando el barrido, y de esta manera posibilita realizar un mejor control\u201d, agreg\u00f3.<\/p>\n<p>Asimismo el Ing. Marcos Panaggio aclar\u00f3 que \u201ceste tipo de equipamiento cuenta con un sistema de agua que evita que se haga polvo y barro cuando se est\u00e1 barriendo, pero a diferencia del sistema anterior, con esta nueva tecnolog\u00eda se dosifica y optimiza el consumo de agua, adem\u00e1s tienen mejoras en mec\u00e1nica interna, sonorizaci\u00f3n, capacidad y facilidad para el mantenimiento\u201d.<\/p>\n<p>Desde Transportes Malvinas se inform\u00f3 que esta con esta nueva barredora se recorrer\u00e1 toda la ciudad, intercambiando los recorridos, y se sumar\u00e1 a las dos que se encuentran en operaci\u00f3n.<\/p>\n<p>Por \u00faltimo, desde la empresa se precis\u00f3 que la inversi\u00f3n realizada asciende a la suma de $14.000.000, que comprende, la adquisici\u00f3n de la barredora, de un cami\u00f3n Iveco Tector 0Km y de una camioneta VW Saveiro 0Km.<\/p>\n","protected":false},"excerpt":{"rendered":"<p>Se incorpora equipamiento de \u00faltima tecnolog\u00eda al sistema de barrido, el Intendente Ezequiel Galli mantuvo&#8230;<\/p>\n","protected":false},"author":1,"featured_media":149622,"comment_status":"closed","ping_status":"closed","sticky":false,"template":"","format":"standard","meta":{"content-type":""},"categories":[27,64],"tags":[],"nelio_content":{"isAutoShareEnabled":false,"autoShareEndMode":"default","automationSources":{"useContentSentences":true,"useSocialTemplates":true,"useCustomSentences":false,"customSentences":[]},"followers":[1],"suggestedReferences":[],"includedReferences":[],"efiUrl":"","efiAlt":"","highlights":[]},"yoast_head":"<!-- This site is optimized with the Yoast SEO plugin v20.7 - https:\/\/yoast.com\/wordpress\/plugins\/seo\/ -->\n<title>Se incorpora equipamiento de \u00faltima tecnolog\u00eda al sistema de barrido<\/title>\n<meta name=\"description\" content=\"Se incorpora equipamiento de \u00faltima tecnolog\u00eda al sistema de barrido, el Intendente Ezequiel Galli mantuvo un encuentro con representantes\" \/>\n<meta name=\"robots\" content=\"index, follow, max-snippet:-1, max-image-preview:large, max-video-preview:-1\" \/>\n<link rel=\"canonical\" href=\"https:\/\/experienciadevida.com.ar\/portalurbano\/se-incorpora-equipamiento-de-ultima-tecnologia-al-sistema-de-barrido\/\" \/>\n<meta property=\"og:locale\" content=\"es_ES\" \/>\n<meta property=\"og:type\" content=\"article\" \/>\n<meta property=\"og:title\" content=\"Se incorpora equipamiento de \u00faltima tecnolog\u00eda al sistema de barrido\" \/>\n<meta property=\"og:description\" content=\"Se incorpora equipamiento de \u00faltima tecnolog\u00eda al sistema de barrido, el Intendente Ezequiel Galli mantuvo un encuentro con representantes\" \/>\n<meta property=\"og:url\" content=\"https:\/\/experienciadevida.com.ar\/portalurbano\/se-incorpora-equipamiento-de-ultima-tecnologia-al-sistema-de-barrido\/\" \/>\n<meta property=\"article:publisher\" content=\"https:\/\/www.facebook.com\/Portal-Urbano-171542830093757\/\" \/>\n<meta property=\"article:published_time\" content=\"2021-08-07T13:33:31+00:00\" \/>\n<meta property=\"article:modified_time\" content=\"2021-08-07T13:35:32+00:00\" \/>\n<meta property=\"og:image\" content=\"https:\/\/experienciadevida.com.ar\/portalurbano\/wp-content\/uploads\/2021\/08\/Se-incorpora-equipamiento-de-ultima.jpg\" \/>\n\t<meta property=\"og:image:width\" content=\"1024\" \/>\n\t<meta property=\"og:image:height\" content=\"685\" \/>\n\t<meta property=\"og:image:type\" content=\"image\/jpeg\" \/>\n<meta name=\"author\" content=\"admpu17wp\" \/>\n<meta name=\"twitter:card\" content=\"summary_large_image\" \/>\n<meta name=\"twitter:creator\" content=\"@portalurbanook\" \/>\n<meta name=\"twitter:site\" content=\"@portalurbanook\" \/>\n<meta name=\"twitter:label1\" content=\"Escrito por\" \/>\n\t<meta name=\"twitter:data1\" content=\"admpu17wp\" \/>\n\t<meta name=\"twitter:label2\" content=\"Tiempo de lectura\" \/>\n\t<meta name=\"twitter:data2\" content=\"2 minutos\" \/>\n<script type=\"application\/ld+json\" class=\"yoast-schema-graph\">{\"@context\":\"https:\/\/schema.org\",\"@graph\":[{\"@type\":\"Article\",\"@id\":\"https:\/\/experienciadevida.com.ar\/portalurbano\/se-incorpora-equipamiento-de-ultima-tecnologia-al-sistema-de-barrido\/#article\",\"isPartOf\":{\"@id\":\"https:\/\/experienciadevida.com.ar\/portalurbano\/se-incorpora-equipamiento-de-ultima-tecnologia-al-sistema-de-barrido\/\"},\"author\":{\"name\":\"admpu17wp\",\"@id\":\"https:\/\/experienciadevida.com.ar\/portalurbano\/#\/schema\/person\/02dd326b1c4b056e9cc972486934a3a7\"},\"headline\":\"Se incorpora equipamiento de \u00faltima tecnolog\u00eda al sistema de barrido\",\"datePublished\":\"2021-08-07T13:33:31+00:00\",\"dateModified\":\"2021-08-07T13:35:32+00:00\",\"mainEntityOfPage\":{\"@id\":\"https:\/\/experienciadevida.com.ar\/portalurbano\/se-incorpora-equipamiento-de-ultima-tecnologia-al-sistema-de-barrido\/\"},\"wordCount\":425,\"publisher\":{\"@id\":\"https:\/\/experienciadevida.com.ar\/portalurbano\/#organization\"},\"articleSection\":[\"Ciudad\",\"Destacadas 2\"],\"inLanguage\":\"es\"},{\"@type\":\"WebPage\",\"@id\":\"https:\/\/experienciadevida.com.ar\/portalurbano\/se-incorpora-equipamiento-de-ultima-tecnologia-al-sistema-de-barrido\/\",\"url\":\"https:\/\/experienciadevida.com.ar\/portalurbano\/se-incorpora-equipamiento-de-ultima-tecnologia-al-sistema-de-barrido\/\",\"name\":\"Se incorpora equipamiento de \u00faltima tecnolog\u00eda al sistema de barrido\",\"isPartOf\":{\"@id\":\"https:\/\/experienciadevida.com.ar\/portalurbano\/#website\"},\"datePublished\":\"2021-08-07T13:33:31+00:00\",\"dateModified\":\"2021-08-07T13:35:32+00:00\",\"description\":\"Se incorpora equipamiento de \u00faltima tecnolog\u00eda al sistema de barrido, el Intendente Ezequiel Galli mantuvo un encuentro con representantes\",\"breadcrumb\":{\"@id\":\"https:\/\/experienciadevida.com.ar\/portalurbano\/se-incorpora-equipamiento-de-ultima-tecnologia-al-sistema-de-barrido\/#breadcrumb\"},\"inLanguage\":\"es\",\"potentialAction\":[{\"@type\":\"ReadAction\",\"target\":[\"https:\/\/experienciadevida.com.ar\/portalurbano\/se-incorpora-equipamiento-de-ultima-tecnologia-al-sistema-de-barrido\/\"]}]},{\"@type\":\"BreadcrumbList\",\"@id\":\"https:\/\/experienciadevida.com.ar\/portalurbano\/se-incorpora-equipamiento-de-ultima-tecnologia-al-sistema-de-barrido\/#breadcrumb\",\"itemListElement\":[{\"@type\":\"ListItem\",\"position\":1,\"name\":\"Portada\",\"item\":\"https:\/\/experienciadevida.com.ar\/portalurbano\/\"},{\"@type\":\"ListItem\",\"position\":2,\"name\":\"Se incorpora equipamiento de \u00faltima tecnolog\u00eda al sistema de barrido\"}]},{\"@type\":\"WebSite\",\"@id\":\"https:\/\/experienciadevida.com.ar\/portalurbano\/#website\",\"url\":\"https:\/\/experienciadevida.com.ar\/portalurbano\/\",\"name\":\"\",\"description\":\"\",\"publisher\":{\"@id\":\"https:\/\/experienciadevida.com.ar\/portalurbano\/#organization\"},\"potentialAction\":[{\"@type\":\"SearchAction\",\"target\":{\"@type\":\"EntryPoint\",\"urlTemplate\":\"https:\/\/experienciadevida.com.ar\/portalurbano\/?s={search_term_string}\"},\"query-input\":\"required name=search_term_string\"}],\"inLanguage\":\"es\"},{\"@type\":\"Organization\",\"@id\":\"https:\/\/experienciadevida.com.ar\/portalurbano\/#organization\",\"name\":\"Portal Urbano\",\"url\":\"https:\/\/experienciadevida.com.ar\/portalurbano\/\",\"logo\":{\"@type\":\"ImageObject\",\"inLanguage\":\"es\",\"@id\":\"https:\/\/experienciadevida.com.ar\/portalurbano\/#\/schema\/logo\/image\/\",\"url\":\"https:\/\/experienciadevida.com.ar\/portalurbano\/wp-content\/uploads\/2019\/09\/Logo-Original.png\",\"contentUrl\":\"https:\/\/experienciadevida.com.ar\/portalurbano\/wp-content\/uploads\/2019\/09\/Logo-Original.png\",\"width\":2236,\"height\":1216,\"caption\":\"Portal Urbano\"},\"image\":{\"@id\":\"https:\/\/experienciadevida.com.ar\/portalurbano\/#\/schema\/logo\/image\/\"},\"sameAs\":[\"https:\/\/www.facebook.com\/Portal-Urbano-171542830093757\/\",\"https:\/\/twitter.com\/portalurbanook\",\"https:\/\/www.instagram.com\/_portalurbano\/\",\"https:\/\/www.youtube.com\/channel\/UCXhagIfszH8KxFiOok79zbA?view_as=subscriber\"]},{\"@type\":\"Person\",\"@id\":\"https:\/\/experienciadevida.com.ar\/portalurbano\/#\/schema\/person\/02dd326b1c4b056e9cc972486934a3a7\",\"name\":\"admpu17wp\",\"image\":{\"@type\":\"ImageObject\",\"inLanguage\":\"es\",\"@id\":\"https:\/\/experienciadevida.com.ar\/portalurbano\/#\/schema\/person\/image\/\",\"url\":\"https:\/\/secure.gravatar.com\/avatar\/830d4c57adaae6630765e449a6908047?s=96&d=mm&r=g\",\"contentUrl\":\"https:\/\/secure.gravatar.com\/avatar\/830d4c57adaae6630765e449a6908047?s=96&d=mm&r=g\",\"caption\":\"admpu17wp\"}}]}<\/script>\n<!-- \/ Yoast SEO plugin. -->","yoast_head_json":{"title":"Se incorpora equipamiento de \u00faltima tecnolog\u00eda al sistema de barrido","description":"Se incorpora equipamiento de \u00faltima tecnolog\u00eda al sistema de barrido, el Intendente Ezequiel Galli mantuvo un encuentro con representantes","robots":{"index":"index","follow":"follow","max-snippet":"max-snippet:-1","max-image-preview":"max-image-preview:large","max-video-preview":"max-video-preview:-1"},"canonical":"https:\/\/experienciadevida.com.ar\/portalurbano\/se-incorpora-equipamiento-de-ultima-tecnologia-al-sistema-de-barrido\/","og_locale":"es_ES","og_type":"article","og_title":"Se incorpora equipamiento de \u00faltima tecnolog\u00eda al sistema de barrido","og_description":"Se incorpora equipamiento de \u00faltima tecnolog\u00eda al sistema de barrido, el Intendente Ezequiel Galli mantuvo un encuentro con representantes","og_url":"https:\/\/experienciadevida.com.ar\/portalurbano\/se-incorpora-equipamiento-de-ultima-tecnologia-al-sistema-de-barrido\/","article_publisher":"https:\/\/www.facebook.com\/Portal-Urbano-171542830093757\/","article_published_time":"2021-08-07T13:33:31+00:00","article_modified_time":"2021-08-07T13:35:32+00:00","og_image":[{"width":1024,"height":685,"url":"https:\/\/experienciadevida.com.ar\/portalurbano\/wp-content\/uploads\/2021\/08\/Se-incorpora-equipamiento-de-ultima.jpg","type":"image\/jpeg"}],"author":"admpu17wp","twitter_card":"summary_large_image","twitter_creator":"@portalurbanook","twitter_site":"@portalurbanook","twitter_misc":{"Escrito por":"admpu17wp","Tiempo de lectura":"2 minutos"},"schema":{"@context":"https:\/\/schema.org","@graph":[{"@type":"Article","@id":"https:\/\/experienciadevida.com.ar\/portalurbano\/se-incorpora-equipamiento-de-ultima-tecnologia-al-sistema-de-barrido\/#article","isPartOf":{"@id":"https:\/\/experienciadevida.com.ar\/portalurbano\/se-incorpora-equipamiento-de-ultima-tecnologia-al-sistema-de-barrido\/"},"author":{"name":"admpu17wp","@id":"https:\/\/experienciadevida.com.ar\/portalurbano\/#\/schema\/person\/02dd326b1c4b056e9cc972486934a3a7"},"headline":"Se incorpora equipamiento de \u00faltima tecnolog\u00eda al sistema de barrido","datePublished":"2021-08-07T13:33:31+00:00","dateModified":"2021-08-07T13:35:32+00:00","mainEntityOfPage":{"@id":"https:\/\/experienciadevida.com.ar\/portalurbano\/se-incorpora-equipamiento-de-ultima-tecnologia-al-sistema-de-barrido\/"},"wordCount":425,"publisher":{"@id":"https:\/\/experienciadevida.com.ar\/portalurbano\/#organization"},"articleSection":["Ciudad","Destacadas 2"],"inLanguage":"es"},{"@type":"WebPage","@id":"https:\/\/experienciadevida.com.ar\/portalurbano\/se-incorpora-equipamiento-de-ultima-tecnologia-al-sistema-de-barrido\/","url":"https:\/\/experienciadevida.com.ar\/portalurbano\/se-incorpora-equipamiento-de-ultima-tecnologia-al-sistema-de-barrido\/","name":"Se incorpora equipamiento de \u00faltima tecnolog\u00eda al sistema de barrido","isPartOf":{"@id":"https:\/\/experienciadevida.com.ar\/portalurbano\/#website"},"datePublished":"2021-08-07T13:33:31+00:00","dateModified":"2021-08-07T13:35:32+00:00","description":"Se incorpora equipamiento de \u00faltima tecnolog\u00eda al sistema de barrido, el Intendente Ezequiel Galli mantuvo un encuentro con representantes","breadcrumb":{"@id":"https:\/\/experienciadevida.com.ar\/portalurbano\/se-incorpora-equipamiento-de-ultima-tecnologia-al-sistema-de-barrido\/#breadcrumb"},"inLanguage":"es","potentialAction":[{"@type":"ReadAction","target":["https:\/\/experienciadevida.com.ar\/portalurbano\/se-incorpora-equipamiento-de-ultima-tecnologia-al-sistema-de-barrido\/"]}]},{"@type":"BreadcrumbList","@id":"https:\/\/experienciadevida.com.ar\/portalurbano\/se-incorpora-equipamiento-de-ultima-tecnologia-al-sistema-de-barrido\/#breadcrumb","itemListElement":[{"@type":"ListItem","position":1,"name":"Portada","item":"https:\/\/experienciadevida.com.ar\/portalurbano\/"},{"@type":"ListItem","position":2,"name":"Se incorpora equipamiento de \u00faltima tecnolog\u00eda al sistema de barrido"}]},{"@type":"WebSite","@id":"https:\/\/experienciadevida.com.ar\/portalurbano\/#website","url":"https:\/\/experienciadevida.com.ar\/portalurbano\/","name":"","description":"","publisher":{"@id":"https:\/\/experienciadevida.com.ar\/portalurbano\/#organization"},"potentialAction":[{"@type":"SearchAction","target":{"@type":"EntryPoint","urlTemplate":"https:\/\/experienciadevida.com.ar\/portalurbano\/?s={search_term_string}"},"query-input":"required name=search_term_string"}],"inLanguage":"es"},{"@type":"Organization","@id":"https:\/\/experienciadevida.com.ar\/portalurbano\/#organization","name":"Portal Urbano","url":"https:\/\/experienciadevida.com.ar\/portalurbano\/","logo":{"@type":"ImageObject","inLanguage":"es","@id":"https:\/\/experienciadevida.com.ar\/portalurbano\/#\/schema\/logo\/image\/","url":"https:\/\/experienciadevida.com.ar\/portalurbano\/wp-content\/uploads\/2019\/09\/Logo-Original.png","contentUrl":"https:\/\/experienciadevida.com.ar\/portalurbano\/wp-content\/uploads\/2019\/09\/Logo-Original.png","width":2236,"height":1216,"caption":"Portal Urbano"},"image":{"@id":"https:\/\/experienciadevida.com.ar\/portalurbano\/#\/schema\/logo\/image\/"},"sameAs":["https:\/\/www.facebook.com\/Portal-Urbano-171542830093757\/","https:\/\/twitter.com\/portalurbanook","https:\/\/www.instagram.com\/_portalurbano\/","https:\/\/www.youtube.com\/channel\/UCXhagIfszH8KxFiOok79zbA?view_as=subscriber"]},{"@type":"Person","@id":"https:\/\/experienciadevida.com.ar\/portalurbano\/#\/schema\/person\/02dd326b1c4b056e9cc972486934a3a7","name":"admpu17wp","image":{"@type":"ImageObject","inLanguage":"es","@id":"https:\/\/experienciadevida.com.ar\/portalurbano\/#\/schema\/person\/image\/","url":"https:\/\/secure.gravatar.com\/avatar\/830d4c57adaae6630765e449a6908047?s=96&d=mm&r=g","contentUrl":"https:\/\/secure.gravatar.com\/avatar\/830d4c57adaae6630765e449a6908047?s=96&d=mm&r=g","caption":"admpu17wp"}}]}},"featured_image_urls":{"full":["https:\/\/experienciadevida.com.ar\/portalurbano\/wp-content\/uploads\/2021\/08\/Se-incorpora-equipamiento-de-ultima.jpg",1024,685,false],"thumbnail":["https:\/\/experienciadevida.com.ar\/portalurbano\/wp-content\/uploads\/2021\/08\/Se-incorpora-equipamiento-de-ultima-150x150.jpg",150,150,true],"medium":["https:\/\/experienciadevida.com.ar\/portalurbano\/wp-content\/uploads\/2021\/08\/Se-incorpora-equipamiento-de-ultima-300x201.jpg",300,201,true],"medium_large":["https:\/\/experienciadevida.com.ar\/portalurbano\/wp-content\/uploads\/2021\/08\/Se-incorpora-equipamiento-de-ultima-768x514.jpg",640,428,true],"large":["https:\/\/experienciadevida.com.ar\/portalurbano\/wp-content\/uploads\/2021\/08\/Se-incorpora-equipamiento-de-ultima.jpg",640,428,false],"ug_big":["https:\/\/experienciadevida.com.ar\/portalurbano\/wp-content\/uploads\/2021\/08\/Se-incorpora-equipamiento-de-ultima-768x514.jpg",768,514,true],"1536x1536":["https:\/\/experienciadevida.com.ar\/portalurbano\/wp-content\/uploads\/2021\/08\/Se-incorpora-equipamiento-de-ultima.jpg",1024,685,false],"2048x2048":["https:\/\/experienciadevida.com.ar\/portalurbano\/wp-content\/uploads\/2021\/08\/Se-incorpora-equipamiento-de-ultima.jpg",1024,685,false],"newsever-slider-full":["https:\/\/experienciadevida.com.ar\/portalurbano\/wp-content\/uploads\/2021\/08\/Se-incorpora-equipamiento-de-ultima.jpg",1024,685,false],"newsever-featured":["https:\/\/experienciadevida.com.ar\/portalurbano\/wp-content\/uploads\/2021\/08\/Se-incorpora-equipamiento-de-ultima.jpg",1024,685,false],"newsever-medium":["https:\/\/experienciadevida.com.ar\/portalurbano\/wp-content\/uploads\/2021\/08\/Se-incorpora-equipamiento-de-ultima.jpg",710,475,false],"web-stories-poster-portrait":["https:\/\/experienciadevida.com.ar\/portalurbano\/wp-content\/uploads\/2021\/08\/Se-incorpora-equipamiento-de-ultima.jpg",640,428,false],"web-stories-publisher-logo":["https:\/\/experienciadevida.com.ar\/portalurbano\/wp-content\/uploads\/2021\/08\/Se-incorpora-equipamiento-de-ultima.jpg",96,64,false],"web-stories-thumbnail":["https:\/\/experienciadevida.com.ar\/portalurbano\/wp-content\/uploads\/2021\/08\/Se-incorpora-equipamiento-de-ultima.jpg",150,100,false]},"author_info":{"display_name":"admpu17wp","author_link":"https:\/\/experienciadevida.com.ar\/portalurbano\/author\/admpu17wp\/"},"category_info":"<a href=\"https:\/\/experienciadevida.com.ar\/portalurbano\/category\/ciudad\/\" rel=\"category tag\">Ciudad<\/a> <a href=\"https:\/\/experienciadevida.com.ar\/portalurbano\/category\/destacadas-2\/\" rel=\"category tag\">Destacadas 2<\/a>","tag_info":"Destacadas 2","comment_count":"0","amp_enabled":true,"_links":{"self":[{"href":"https:\/\/experienciadevida.com.ar\/portalurbano\/wp-json\/wp\/v2\/posts\/149621"}],"collection":[{"href":"https:\/\/experienciadevida.com.ar\/portalurbano\/wp-json\/wp\/v2\/posts"}],"about":[{"href":"https:\/\/experienciadevida.com.ar\/portalurbano\/wp-json\/wp\/v2\/types\/post"}],"author":[{"embeddable":true,"href":"https:\/\/experienciadevida.com.ar\/portalurbano\/wp-json\/wp\/v2\/users\/1"}],"replies":[{"embeddable":true,"href":"https:\/\/experienciadevida.com.ar\/portalurbano\/wp-json\/wp\/v2\/comments?post=149621"}],"version-history":[{"count":2,"href":"https:\/\/experienciadevida.com.ar\/portalurbano\/wp-json\/wp\/v2\/posts\/149621\/revisions"}],"predecessor-version":[{"id":149624,"href":"https:\/\/experienciadevida.com.ar\/portalurbano\/wp-json\/wp\/v2\/posts\/149621\/revisions\/149624"}],"wp:featuredmedia":[{"embeddable":true,"href":"https:\/\/experienciadevida.com.ar\/portalurbano\/wp-json\/wp\/v2\/media\/149622"}],"wp:attachment":[{"href":"https:\/\/experienciadevida.com.ar\/portalurbano\/wp-json\/wp\/v2\/media?parent=149621"}],"wp:term":[{"taxonomy":"category","embeddable":true,"href":"https:\/\/experienciadevida.com.ar\/portalurbano\/wp-json\/wp\/v2\/categories?post=149621"},{"taxonomy":"post_tag","embeddable":true,"href":"https:\/\/experienciadevida.com.ar\/portalurbano\/wp-json\/wp\/v2\/tags?post=149621"}],"curies":[{"name":"wp","href":"https:\/\/api.w.org\/{rel}","templated":true}]}}