{"id":149579,"date":"2021-08-06T15:36:30","date_gmt":"2021-08-06T18:36:30","guid":{"rendered":"https:\/\/experienciadevida.com.ar\/portalurbano\/?p=149579"},"modified":"2021-08-06T16:30:57","modified_gmt":"2021-08-06T19:30:57","slug":"diez-vecinos-lomanegrenses-se-acercan-al-sueno-de-la-casa-propia","status":"publish","type":"post","link":"https:\/\/experienciadevida.com.ar\/portalurbano\/diez-vecinos-lomanegrenses-se-acercan-al-sueno-de-la-casa-propia\/","title":{"rendered":"Diez vecinos lomanegrenses se acercan al sue\u00f1o de la casa propia"},"content":{"rendered":"<p>Diez vecinos lomanegrenses se acercan al sue\u00f1o de la casa propia, en la ma\u00f1ana de este viernes el intendente Ezequiel Galli encabez\u00f3 el acto de entrega de 10 lotes para autoconstrucci\u00f3n de viviendas particulares, en la localidad de Loma Negra.<\/p>\n<p>Dicho acto se realiz\u00f3 en la Delegaci\u00f3n lomanegrense y cont\u00f3 con la presencia del intendente Ezequiel Galli, el presidente del HCD Bruno Cenizo, el secretario de Gobierno Hilario Galli, el secretario de Desarrollo Humano y Calidad de Vida Diego Robbiani, el subsecretario de Legal y T\u00e9cnica del Municipio Marcelo Fabbi y la directora de Casa de Tierras y Regularizaci\u00f3n Dominial Carolina Espinosa. Tambi\u00e9n se hicieron presentes la delegada de la localidad Valeria Mill\u00eda y los vecinos adjudicatarios.<\/p>\n<p>Con gran emoci\u00f3n, cada familia recibi\u00f3 las actas que la acercan un paso m\u00e1s hacia el sue\u00f1o de la casa propia.<\/p>\n<p>Durante la pandemia, la Direcci\u00f3n de Casa de Tierras y Regularizaci\u00f3n Dominial trabaj\u00f3 en la desafectaci\u00f3n y acondicionamiento de lotes; tarea efectuada en conjunto con la Delegaci\u00f3n de Loma Negra. Posteriormente el \u00e1rea de Catastro realiz\u00f3 las tareas de mesura y amojonamiento.<\/p>\n<p>Mediante el registro de demanda habitacional, que ofrece un acceso con par\u00e1metros objetivos, se efectu\u00f3 la entrega de tenencia precaria, con una duraci\u00f3n de seis meses, a diez familias adjudicadas.<\/p>\n<p>Los adjudicatarios fueron los siguientes:<\/p>\n<p>Jorge Schuft y Celeste Aylen Sertjen<br \/>\nJuan Alberto Alcobedo y Romina Natalia Safenreiter<br \/>\nElena Beatriz Tinta y Jorge Claudio Campodonico<br \/>\nN\u00e9stor Alberto Vicente y Mariana Celia Proz<br \/>\nLuciana Malena Barrionuevo y Marcos Esteban Campos<br \/>\nM\u00f3nica Carina Ar\u00e9valo y \u00c1lvaro Jos\u00e9 Molina.<br \/>\nYanina Mariel Blanco y Mauricio Rolando Zelaya<br \/>\nYanina Paola Rode y Mart\u00ednez Martin<br \/>\nBah\u00eda Yanina Rivas y Nelson Omar Mois\u00e9s<br \/>\nSe trata de la segunda etapa de entrega de tenencias. Durante la primera fueron seis los lotes adjudicados.<\/p>\n<p>Cabe destacar que la constancia de tenencia en tr\u00e1mite les permitir\u00e1 a los adjudicatarios la conexi\u00f3n de los servicios. En un corto plazo se har\u00e1 entrega del decreto firmado por el Intendente. Las actas de tenencias se firmar\u00e1n cada seis meses, a trav\u00e9s de una inspecci\u00f3n que acredite avance de obra.<\/p>\n<p>Finalizado el acto de entrega, personal de la Direcci\u00f3n de Casa de Tierras y Regularizaci\u00f3n Dominial, junto con la agrimensora y equipos t\u00e9cnicos, acompa\u00f1aron a las familias a sus respectivos terrenos.<\/p>\n<p>&nbsp;<\/p>\n","protected":false},"excerpt":{"rendered":"<p>Diez vecinos lomanegrenses se acercan al sue\u00f1o de la casa propia, en la ma\u00f1ana de&#8230;<\/p>\n","protected":false},"author":1,"featured_media":149580,"comment_status":"closed","ping_status":"closed","sticky":false,"template":"","format":"standard","meta":{"content-type":""},"categories":[27,64],"tags":[],"nelio_content":{"isAutoShareEnabled":false,"autoShareEndMode":"default","automationSources":{"useContentSentences":true,"useSocialTemplates":true,"useCustomSentences":false,"customSentences":[]},"followers":[1],"suggestedReferences":[],"includedReferences":[],"efiUrl":"","efiAlt":"","highlights":[]},"yoast_head":"<!-- This site is optimized with the Yoast SEO plugin v20.7 - https:\/\/yoast.com\/wordpress\/plugins\/seo\/ -->\n<title>Diez vecinos Lomanegrenses se acercan al sue\u00f1o de la casa propia<\/title>\n<meta name=\"description\" content=\"Diez vecinos lomanegrenses se acercan al sue\u00f1o de la casa propia, en la ma\u00f1ana de este viernes el intendente Ezequiel Galli encabez\u00f3 el acto\" \/>\n<meta name=\"robots\" content=\"index, follow, max-snippet:-1, max-image-preview:large, max-video-preview:-1\" \/>\n<link rel=\"canonical\" href=\"https:\/\/experienciadevida.com.ar\/portalurbano\/diez-vecinos-lomanegrenses-se-acercan-al-sueno-de-la-casa-propia\/\" \/>\n<meta property=\"og:locale\" content=\"es_ES\" \/>\n<meta property=\"og:type\" content=\"article\" \/>\n<meta property=\"og:title\" content=\"Diez vecinos Lomanegrenses se acercan al sue\u00f1o de la casa propia\" \/>\n<meta property=\"og:description\" content=\"Diez vecinos lomanegrenses se acercan al sue\u00f1o de la casa propia, en la ma\u00f1ana de este viernes el intendente Ezequiel Galli encabez\u00f3 el acto\" \/>\n<meta property=\"og:url\" content=\"https:\/\/experienciadevida.com.ar\/portalurbano\/diez-vecinos-lomanegrenses-se-acercan-al-sueno-de-la-casa-propia\/\" \/>\n<meta property=\"article:publisher\" content=\"https:\/\/www.facebook.com\/Portal-Urbano-171542830093757\/\" \/>\n<meta property=\"article:published_time\" content=\"2021-08-06T18:36:30+00:00\" \/>\n<meta property=\"article:modified_time\" content=\"2021-08-06T19:30:57+00:00\" \/>\n<meta property=\"og:image\" content=\"https:\/\/experienciadevida.com.ar\/portalurbano\/wp-content\/uploads\/2021\/08\/Diez-vecinos-lomanegrenses-se-acercan-e1628274984730.jpg\" \/>\n\t<meta property=\"og:image:width\" content=\"765\" \/>\n\t<meta property=\"og:image:height\" content=\"511\" \/>\n\t<meta property=\"og:image:type\" content=\"image\/jpeg\" \/>\n<meta name=\"author\" content=\"admpu17wp\" \/>\n<meta name=\"twitter:card\" content=\"summary_large_image\" \/>\n<meta name=\"twitter:creator\" content=\"@portalurbanook\" \/>\n<meta name=\"twitter:site\" content=\"@portalurbanook\" \/>\n<meta name=\"twitter:label1\" content=\"Escrito por\" \/>\n\t<meta name=\"twitter:data1\" content=\"admpu17wp\" \/>\n\t<meta name=\"twitter:label2\" content=\"Tiempo de lectura\" \/>\n\t<meta name=\"twitter:data2\" content=\"2 minutos\" \/>\n<script type=\"application\/ld+json\" class=\"yoast-schema-graph\">{\"@context\":\"https:\/\/schema.org\",\"@graph\":[{\"@type\":\"Article\",\"@id\":\"https:\/\/experienciadevida.com.ar\/portalurbano\/diez-vecinos-lomanegrenses-se-acercan-al-sueno-de-la-casa-propia\/#article\",\"isPartOf\":{\"@id\":\"https:\/\/experienciadevida.com.ar\/portalurbano\/diez-vecinos-lomanegrenses-se-acercan-al-sueno-de-la-casa-propia\/\"},\"author\":{\"name\":\"admpu17wp\",\"@id\":\"https:\/\/experienciadevida.com.ar\/portalurbano\/#\/schema\/person\/02dd326b1c4b056e9cc972486934a3a7\"},\"headline\":\"Diez vecinos lomanegrenses se acercan al sue\u00f1o de la casa propia\",\"datePublished\":\"2021-08-06T18:36:30+00:00\",\"dateModified\":\"2021-08-06T19:30:57+00:00\",\"mainEntityOfPage\":{\"@id\":\"https:\/\/experienciadevida.com.ar\/portalurbano\/diez-vecinos-lomanegrenses-se-acercan-al-sueno-de-la-casa-propia\/\"},\"wordCount\":420,\"publisher\":{\"@id\":\"https:\/\/experienciadevida.com.ar\/portalurbano\/#organization\"},\"articleSection\":[\"Ciudad\",\"Destacadas 2\"],\"inLanguage\":\"es\"},{\"@type\":\"WebPage\",\"@id\":\"https:\/\/experienciadevida.com.ar\/portalurbano\/diez-vecinos-lomanegrenses-se-acercan-al-sueno-de-la-casa-propia\/\",\"url\":\"https:\/\/experienciadevida.com.ar\/portalurbano\/diez-vecinos-lomanegrenses-se-acercan-al-sueno-de-la-casa-propia\/\",\"name\":\"Diez vecinos Lomanegrenses se acercan al sue\u00f1o de la casa propia\",\"isPartOf\":{\"@id\":\"https:\/\/experienciadevida.com.ar\/portalurbano\/#website\"},\"datePublished\":\"2021-08-06T18:36:30+00:00\",\"dateModified\":\"2021-08-06T19:30:57+00:00\",\"description\":\"Diez vecinos lomanegrenses se acercan al sue\u00f1o de la casa propia, en la ma\u00f1ana de este viernes el intendente Ezequiel Galli encabez\u00f3 el acto\",\"breadcrumb\":{\"@id\":\"https:\/\/experienciadevida.com.ar\/portalurbano\/diez-vecinos-lomanegrenses-se-acercan-al-sueno-de-la-casa-propia\/#breadcrumb\"},\"inLanguage\":\"es\",\"potentialAction\":[{\"@type\":\"ReadAction\",\"target\":[\"https:\/\/experienciadevida.com.ar\/portalurbano\/diez-vecinos-lomanegrenses-se-acercan-al-sueno-de-la-casa-propia\/\"]}]},{\"@type\":\"BreadcrumbList\",\"@id\":\"https:\/\/experienciadevida.com.ar\/portalurbano\/diez-vecinos-lomanegrenses-se-acercan-al-sueno-de-la-casa-propia\/#breadcrumb\",\"itemListElement\":[{\"@type\":\"ListItem\",\"position\":1,\"name\":\"Portada\",\"item\":\"https:\/\/experienciadevida.com.ar\/portalurbano\/\"},{\"@type\":\"ListItem\",\"position\":2,\"name\":\"Diez vecinos lomanegrenses se acercan al sue\u00f1o de la casa propia\"}]},{\"@type\":\"WebSite\",\"@id\":\"https:\/\/experienciadevida.com.ar\/portalurbano\/#website\",\"url\":\"https:\/\/experienciadevida.com.ar\/portalurbano\/\",\"name\":\"\",\"description\":\"\",\"publisher\":{\"@id\":\"https:\/\/experienciadevida.com.ar\/portalurbano\/#organization\"},\"potentialAction\":[{\"@type\":\"SearchAction\",\"target\":{\"@type\":\"EntryPoint\",\"urlTemplate\":\"https:\/\/experienciadevida.com.ar\/portalurbano\/?s={search_term_string}\"},\"query-input\":\"required name=search_term_string\"}],\"inLanguage\":\"es\"},{\"@type\":\"Organization\",\"@id\":\"https:\/\/experienciadevida.com.ar\/portalurbano\/#organization\",\"name\":\"Portal Urbano\",\"url\":\"https:\/\/experienciadevida.com.ar\/portalurbano\/\",\"logo\":{\"@type\":\"ImageObject\",\"inLanguage\":\"es\",\"@id\":\"https:\/\/experienciadevida.com.ar\/portalurbano\/#\/schema\/logo\/image\/\",\"url\":\"https:\/\/experienciadevida.com.ar\/portalurbano\/wp-content\/uploads\/2019\/09\/Logo-Original.png\",\"contentUrl\":\"https:\/\/experienciadevida.com.ar\/portalurbano\/wp-content\/uploads\/2019\/09\/Logo-Original.png\",\"width\":2236,\"height\":1216,\"caption\":\"Portal Urbano\"},\"image\":{\"@id\":\"https:\/\/experienciadevida.com.ar\/portalurbano\/#\/schema\/logo\/image\/\"},\"sameAs\":[\"https:\/\/www.facebook.com\/Portal-Urbano-171542830093757\/\",\"https:\/\/twitter.com\/portalurbanook\",\"https:\/\/www.instagram.com\/_portalurbano\/\",\"https:\/\/www.youtube.com\/channel\/UCXhagIfszH8KxFiOok79zbA?view_as=subscriber\"]},{\"@type\":\"Person\",\"@id\":\"https:\/\/experienciadevida.com.ar\/portalurbano\/#\/schema\/person\/02dd326b1c4b056e9cc972486934a3a7\",\"name\":\"admpu17wp\",\"image\":{\"@type\":\"ImageObject\",\"inLanguage\":\"es\",\"@id\":\"https:\/\/experienciadevida.com.ar\/portalurbano\/#\/schema\/person\/image\/\",\"url\":\"https:\/\/secure.gravatar.com\/avatar\/830d4c57adaae6630765e449a6908047?s=96&d=mm&r=g\",\"contentUrl\":\"https:\/\/secure.gravatar.com\/avatar\/830d4c57adaae6630765e449a6908047?s=96&d=mm&r=g\",\"caption\":\"admpu17wp\"}}]}<\/script>\n<!-- \/ Yoast SEO plugin. -->","yoast_head_json":{"title":"Diez vecinos Lomanegrenses se acercan al sue\u00f1o de la casa propia","description":"Diez vecinos lomanegrenses se acercan al sue\u00f1o de la casa propia, en la ma\u00f1ana de este viernes el intendente Ezequiel Galli encabez\u00f3 el acto","robots":{"index":"index","follow":"follow","max-snippet":"max-snippet:-1","max-image-preview":"max-image-preview:large","max-video-preview":"max-video-preview:-1"},"canonical":"https:\/\/experienciadevida.com.ar\/portalurbano\/diez-vecinos-lomanegrenses-se-acercan-al-sueno-de-la-casa-propia\/","og_locale":"es_ES","og_type":"article","og_title":"Diez vecinos Lomanegrenses se acercan al sue\u00f1o de la casa propia","og_description":"Diez vecinos lomanegrenses se acercan al sue\u00f1o de la casa propia, en la ma\u00f1ana de este viernes el intendente Ezequiel Galli encabez\u00f3 el acto","og_url":"https:\/\/experienciadevida.com.ar\/portalurbano\/diez-vecinos-lomanegrenses-se-acercan-al-sueno-de-la-casa-propia\/","article_publisher":"https:\/\/www.facebook.com\/Portal-Urbano-171542830093757\/","article_published_time":"2021-08-06T18:36:30+00:00","article_modified_time":"2021-08-06T19:30:57+00:00","og_image":[{"width":765,"height":511,"url":"https:\/\/experienciadevida.com.ar\/portalurbano\/wp-content\/uploads\/2021\/08\/Diez-vecinos-lomanegrenses-se-acercan-e1628274984730.jpg","type":"image\/jpeg"}],"author":"admpu17wp","twitter_card":"summary_large_image","twitter_creator":"@portalurbanook","twitter_site":"@portalurbanook","twitter_misc":{"Escrito por":"admpu17wp","Tiempo de lectura":"2 minutos"},"schema":{"@context":"https:\/\/schema.org","@graph":[{"@type":"Article","@id":"https:\/\/experienciadevida.com.ar\/portalurbano\/diez-vecinos-lomanegrenses-se-acercan-al-sueno-de-la-casa-propia\/#article","isPartOf":{"@id":"https:\/\/experienciadevida.com.ar\/portalurbano\/diez-vecinos-lomanegrenses-se-acercan-al-sueno-de-la-casa-propia\/"},"author":{"name":"admpu17wp","@id":"https:\/\/experienciadevida.com.ar\/portalurbano\/#\/schema\/person\/02dd326b1c4b056e9cc972486934a3a7"},"headline":"Diez vecinos lomanegrenses se acercan al sue\u00f1o de la casa propia","datePublished":"2021-08-06T18:36:30+00:00","dateModified":"2021-08-06T19:30:57+00:00","mainEntityOfPage":{"@id":"https:\/\/experienciadevida.com.ar\/portalurbano\/diez-vecinos-lomanegrenses-se-acercan-al-sueno-de-la-casa-propia\/"},"wordCount":420,"publisher":{"@id":"https:\/\/experienciadevida.com.ar\/portalurbano\/#organization"},"articleSection":["Ciudad","Destacadas 2"],"inLanguage":"es"},{"@type":"WebPage","@id":"https:\/\/experienciadevida.com.ar\/portalurbano\/diez-vecinos-lomanegrenses-se-acercan-al-sueno-de-la-casa-propia\/","url":"https:\/\/experienciadevida.com.ar\/portalurbano\/diez-vecinos-lomanegrenses-se-acercan-al-sueno-de-la-casa-propia\/","name":"Diez vecinos Lomanegrenses se acercan al sue\u00f1o de la casa propia","isPartOf":{"@id":"https:\/\/experienciadevida.com.ar\/portalurbano\/#website"},"datePublished":"2021-08-06T18:36:30+00:00","dateModified":"2021-08-06T19:30:57+00:00","description":"Diez vecinos lomanegrenses se acercan al sue\u00f1o de la casa propia, en la ma\u00f1ana de este viernes el intendente Ezequiel Galli encabez\u00f3 el acto","breadcrumb":{"@id":"https:\/\/experienciadevida.com.ar\/portalurbano\/diez-vecinos-lomanegrenses-se-acercan-al-sueno-de-la-casa-propia\/#breadcrumb"},"inLanguage":"es","potentialAction":[{"@type":"ReadAction","target":["https:\/\/experienciadevida.com.ar\/portalurbano\/diez-vecinos-lomanegrenses-se-acercan-al-sueno-de-la-casa-propia\/"]}]},{"@type":"BreadcrumbList","@id":"https:\/\/experienciadevida.com.ar\/portalurbano\/diez-vecinos-lomanegrenses-se-acercan-al-sueno-de-la-casa-propia\/#breadcrumb","itemListElement":[{"@type":"ListItem","position":1,"name":"Portada","item":"https:\/\/experienciadevida.com.ar\/portalurbano\/"},{"@type":"ListItem","position":2,"name":"Diez vecinos lomanegrenses se acercan al sue\u00f1o de la casa propia"}]},{"@type":"WebSite","@id":"https:\/\/experienciadevida.com.ar\/portalurbano\/#website","url":"https:\/\/experienciadevida.com.ar\/portalurbano\/","name":"","description":"","publisher":{"@id":"https:\/\/experienciadevida.com.ar\/portalurbano\/#organization"},"potentialAction":[{"@type":"SearchAction","target":{"@type":"EntryPoint","urlTemplate":"https:\/\/experienciadevida.com.ar\/portalurbano\/?s={search_term_string}"},"query-input":"required name=search_term_string"}],"inLanguage":"es"},{"@type":"Organization","@id":"https:\/\/experienciadevida.com.ar\/portalurbano\/#organization","name":"Portal Urbano","url":"https:\/\/experienciadevida.com.ar\/portalurbano\/","logo":{"@type":"ImageObject","inLanguage":"es","@id":"https:\/\/experienciadevida.com.ar\/portalurbano\/#\/schema\/logo\/image\/","url":"https:\/\/experienciadevida.com.ar\/portalurbano\/wp-content\/uploads\/2019\/09\/Logo-Original.png","contentUrl":"https:\/\/experienciadevida.com.ar\/portalurbano\/wp-content\/uploads\/2019\/09\/Logo-Original.png","width":2236,"height":1216,"caption":"Portal Urbano"},"image":{"@id":"https:\/\/experienciadevida.com.ar\/portalurbano\/#\/schema\/logo\/image\/"},"sameAs":["https:\/\/www.facebook.com\/Portal-Urbano-171542830093757\/","https:\/\/twitter.com\/portalurbanook","https:\/\/www.instagram.com\/_portalurbano\/","https:\/\/www.youtube.com\/channel\/UCXhagIfszH8KxFiOok79zbA?view_as=subscriber"]},{"@type":"Person","@id":"https:\/\/experienciadevida.com.ar\/portalurbano\/#\/schema\/person\/02dd326b1c4b056e9cc972486934a3a7","name":"admpu17wp","image":{"@type":"ImageObject","inLanguage":"es","@id":"https:\/\/experienciadevida.com.ar\/portalurbano\/#\/schema\/person\/image\/","url":"https:\/\/secure.gravatar.com\/avatar\/830d4c57adaae6630765e449a6908047?s=96&d=mm&r=g","contentUrl":"https:\/\/secure.gravatar.com\/avatar\/830d4c57adaae6630765e449a6908047?s=96&d=mm&r=g","caption":"admpu17wp"}}]}},"featured_image_urls":{"full":["https:\/\/experienciadevida.com.ar\/portalurbano\/wp-content\/uploads\/2021\/08\/Diez-vecinos-lomanegrenses-se-acercan-e1628274984730.jpg",765,511,false],"thumbnail":["https:\/\/experienciadevida.com.ar\/portalurbano\/wp-content\/uploads\/2021\/08\/Diez-vecinos-lomanegrenses-se-acercan-150x150.jpg",150,150,true],"medium":["https:\/\/experienciadevida.com.ar\/portalurbano\/wp-content\/uploads\/2021\/08\/Diez-vecinos-lomanegrenses-se-acercan-300x201.jpg",300,201,true],"medium_large":["https:\/\/experienciadevida.com.ar\/portalurbano\/wp-content\/uploads\/2021\/08\/Diez-vecinos-lomanegrenses-se-acercan-768x513.jpg",640,428,true],"large":["https:\/\/experienciadevida.com.ar\/portalurbano\/wp-content\/uploads\/2021\/08\/Diez-vecinos-lomanegrenses-se-acercan-1024x684.jpg",640,428,true],"ug_big":["https:\/\/experienciadevida.com.ar\/portalurbano\/wp-content\/uploads\/2021\/08\/Diez-vecinos-lomanegrenses-se-acercan-768x513.jpg",768,513,true],"1536x1536":["https:\/\/experienciadevida.com.ar\/portalurbano\/wp-content\/uploads\/2021\/08\/Diez-vecinos-lomanegrenses-se-acercan-1536x1027.jpg",1536,1027,true],"2048x2048":["https:\/\/experienciadevida.com.ar\/portalurbano\/wp-content\/uploads\/2021\/08\/Diez-vecinos-lomanegrenses-se-acercan-2048x1369.jpg",2048,1369,true],"newsever-slider-full":["https:\/\/experienciadevida.com.ar\/portalurbano\/wp-content\/uploads\/2021\/08\/Diez-vecinos-lomanegrenses-se-acercan-e1628274984730.jpg",765,511,false],"newsever-featured":["https:\/\/experienciadevida.com.ar\/portalurbano\/wp-content\/uploads\/2021\/08\/Diez-vecinos-lomanegrenses-se-acercan-e1628274984730.jpg",765,511,false],"newsever-medium":["https:\/\/experienciadevida.com.ar\/portalurbano\/wp-content\/uploads\/2021\/08\/Diez-vecinos-lomanegrenses-se-acercan-e1628274984730.jpg",711,475,false],"web-stories-poster-portrait":["https:\/\/experienciadevida.com.ar\/portalurbano\/wp-content\/uploads\/2021\/08\/Diez-vecinos-lomanegrenses-se-acercan-e1628274984730.jpg",640,428,false],"web-stories-publisher-logo":["https:\/\/experienciadevida.com.ar\/portalurbano\/wp-content\/uploads\/2021\/08\/Diez-vecinos-lomanegrenses-se-acercan-e1628274984730.jpg",96,64,false],"web-stories-thumbnail":["https:\/\/experienciadevida.com.ar\/portalurbano\/wp-content\/uploads\/2021\/08\/Diez-vecinos-lomanegrenses-se-acercan-e1628274984730.jpg",150,100,false]},"author_info":{"display_name":"admpu17wp","author_link":"https:\/\/experienciadevida.com.ar\/portalurbano\/author\/admpu17wp\/"},"category_info":"<a href=\"https:\/\/experienciadevida.com.ar\/portalurbano\/category\/ciudad\/\" rel=\"category tag\">Ciudad<\/a> <a href=\"https:\/\/experienciadevida.com.ar\/portalurbano\/category\/destacadas-2\/\" rel=\"category tag\">Destacadas 2<\/a>","tag_info":"Destacadas 2","comment_count":"0","amp_enabled":true,"_links":{"self":[{"href":"https:\/\/experienciadevida.com.ar\/portalurbano\/wp-json\/wp\/v2\/posts\/149579"}],"collection":[{"href":"https:\/\/experienciadevida.com.ar\/portalurbano\/wp-json\/wp\/v2\/posts"}],"about":[{"href":"https:\/\/experienciadevida.com.ar\/portalurbano\/wp-json\/wp\/v2\/types\/post"}],"author":[{"embeddable":true,"href":"https:\/\/experienciadevida.com.ar\/portalurbano\/wp-json\/wp\/v2\/users\/1"}],"replies":[{"embeddable":true,"href":"https:\/\/experienciadevida.com.ar\/portalurbano\/wp-json\/wp\/v2\/comments?post=149579"}],"version-history":[{"count":1,"href":"https:\/\/experienciadevida.com.ar\/portalurbano\/wp-json\/wp\/v2\/posts\/149579\/revisions"}],"predecessor-version":[{"id":149581,"href":"https:\/\/experienciadevida.com.ar\/portalurbano\/wp-json\/wp\/v2\/posts\/149579\/revisions\/149581"}],"wp:featuredmedia":[{"embeddable":true,"href":"https:\/\/experienciadevida.com.ar\/portalurbano\/wp-json\/wp\/v2\/media\/149580"}],"wp:attachment":[{"href":"https:\/\/experienciadevida.com.ar\/portalurbano\/wp-json\/wp\/v2\/media?parent=149579"}],"wp:term":[{"taxonomy":"category","embeddable":true,"href":"https:\/\/experienciadevida.com.ar\/portalurbano\/wp-json\/wp\/v2\/categories?post=149579"},{"taxonomy":"post_tag","embeddable":true,"href":"https:\/\/experienciadevida.com.ar\/portalurbano\/wp-json\/wp\/v2\/tags?post=149579"}],"curies":[{"name":"wp","href":"https:\/\/api.w.org\/{rel}","templated":true}]}}