{"id":149560,"date":"2021-08-06T11:20:55","date_gmt":"2021-08-06T14:20:55","guid":{"rendered":"https:\/\/experienciadevida.com.ar\/portalurbano\/?p=149560"},"modified":"2021-08-06T11:24:11","modified_gmt":"2021-08-06T14:24:11","slug":"con-una-inversion-de-mas-de-30-millones-de-pesos-se-repavimentara-la-av-peron","status":"publish","type":"post","link":"https:\/\/experienciadevida.com.ar\/portalurbano\/con-una-inversion-de-mas-de-30-millones-de-pesos-se-repavimentara-la-av-peron\/","title":{"rendered":"Con una inversi\u00f3n de m\u00e1s de 30 millones de pesos se repavimentar\u00e1 la Av. Per\u00f3n"},"content":{"rendered":"<p>Con una inversi\u00f3n de m\u00e1s de 30 millones de pesos se repavimentar\u00e1 la Av. Per\u00f3n, en la ma\u00f1ana de este viernes \u00a0se llev\u00f3 a cabo la apertura de la licitaci\u00f3n p\u00fablica para la obra de repavimentaci\u00f3n de la Av. Eva Per\u00f3n, que comprende desde Av. Del Valle hasta Av. Pueyrred\u00f3n.<\/p>\n<p>La apertura cont\u00f3 con la participaci\u00f3n de funcionarios municipales y representantes de las empresas oferentes. En la oportunidad, se encontraban presentes el secretario de <a href=\"https:\/\/www.facebook.com\/municipiodeolavarria\">Mantenimiento<\/a> y Obras P\u00fablicas Julio Ferraro y la directora de Licitaciones Pilar Ciardelli.<\/p>\n<p>Con una inversi\u00f3n de m\u00e1s de 30 millones de pesos se repavimentar\u00e1 la Av. Per\u00f3n, A continuaci\u00f3n se detallan las ofertas presentadas:<\/p>\n<p>Proponente N\u00ba 1: Atak S.R.L. cotiz\u00f3 la suma de $33.410.000.<br \/>\nProponente N\u00ba 2: Pecma S.R.L. cotiz\u00f3 la suma de $39.000.000.<br \/>\nProponente N\u00ba 3: Demoliciones Olavarr\u00eda S.A. cotiz\u00f3 la suma de $38.740.000.<br \/>\nProponente N\u00ba 4: Burgart N\u00e9stor cotiz\u00f3 la suma de $37.050.000.<br \/>\nEn tanto que el presupuesto oficial hab\u00eda sido fijado en la suma de $40.282.250.<\/p>\n<p>Esta obra resulta fundamental teniendo en cuenta que permitir\u00e1 mejorar la transitabilidad y la seguridad vial en uno de los accesos m\u00e1s importantes a la planta urbana de la ciudad, que tiene conexi\u00f3n directa con el Centro de Exposiciones y Centro de Convenciones de Olavarr\u00eda.<\/p>\n<p>Entre las especificaciones t\u00e9cnicas, desde Obras P\u00fablicas de la Municipalidad se indic\u00f3 que la calzada pavimentada tendr\u00e1 un ancho de 7,30 metros. Se utilizara un hormig\u00f3n tipo H30 con un espesor de 0,18 metros. La base ser\u00e1 de tosca compactada con un espesor de 0,20 metros.<\/p>\n<p>En la rotonda de Avda. Eva Per\u00f3n y Avda. Pueyrred\u00f3n el ancho de la calzada ser\u00e1 de 8 metros.<\/p>\n","protected":false},"excerpt":{"rendered":"<p>Con una inversi\u00f3n de m\u00e1s de 30 millones de pesos se repavimentar\u00e1 la Av. Per\u00f3n,&#8230;<\/p>\n","protected":false},"author":1,"featured_media":149561,"comment_status":"closed","ping_status":"closed","sticky":false,"template":"","format":"standard","meta":{"content-type":""},"categories":[27,64],"tags":[],"nelio_content":{"isAutoShareEnabled":false,"autoShareEndMode":"default","automationSources":{"useContentSentences":true,"useSocialTemplates":true,"useCustomSentences":false,"customSentences":[]},"followers":[1],"suggestedReferences":[],"includedReferences":[],"efiUrl":"","efiAlt":"","highlights":[]},"yoast_head":"<!-- This site is optimized with the Yoast SEO plugin v20.7 - https:\/\/yoast.com\/wordpress\/plugins\/seo\/ -->\n<title>Con una inversi\u00f3n de m\u00e1s de 30 millones se repavimentara la Av. Peron<\/title>\n<meta name=\"description\" content=\"Con una inversi\u00f3n de m\u00e1s de 30 millones de pesos se repavimentar\u00e1 la Av. Per\u00f3n, en la ma\u00f1ana de este viernes \u00a0se llev\u00f3 a cabo la apertura\" \/>\n<meta name=\"robots\" content=\"index, follow, max-snippet:-1, max-image-preview:large, max-video-preview:-1\" \/>\n<link rel=\"canonical\" href=\"https:\/\/experienciadevida.com.ar\/portalurbano\/con-una-inversion-de-mas-de-30-millones-de-pesos-se-repavimentara-la-av-peron\/\" \/>\n<meta property=\"og:locale\" content=\"es_ES\" \/>\n<meta property=\"og:type\" content=\"article\" \/>\n<meta property=\"og:title\" content=\"Con una inversi\u00f3n de m\u00e1s de 30 millones se repavimentara la Av. Peron\" \/>\n<meta property=\"og:description\" content=\"Con una inversi\u00f3n de m\u00e1s de 30 millones de pesos se repavimentar\u00e1 la Av. Per\u00f3n, en la ma\u00f1ana de este viernes \u00a0se llev\u00f3 a cabo la apertura\" \/>\n<meta property=\"og:url\" content=\"https:\/\/experienciadevida.com.ar\/portalurbano\/con-una-inversion-de-mas-de-30-millones-de-pesos-se-repavimentara-la-av-peron\/\" \/>\n<meta property=\"article:publisher\" content=\"https:\/\/www.facebook.com\/Portal-Urbano-171542830093757\/\" \/>\n<meta property=\"article:published_time\" content=\"2021-08-06T14:20:55+00:00\" \/>\n<meta property=\"article:modified_time\" content=\"2021-08-06T14:24:11+00:00\" \/>\n<meta property=\"og:image\" content=\"https:\/\/experienciadevida.com.ar\/portalurbano\/wp-content\/uploads\/2021\/08\/Con-una-inversion-de-mas.jpg\" \/>\n\t<meta property=\"og:image:width\" content=\"1024\" \/>\n\t<meta property=\"og:image:height\" content=\"683\" \/>\n\t<meta property=\"og:image:type\" content=\"image\/jpeg\" \/>\n<meta name=\"author\" content=\"admpu17wp\" \/>\n<meta name=\"twitter:card\" content=\"summary_large_image\" \/>\n<meta name=\"twitter:creator\" content=\"@portalurbanook\" \/>\n<meta name=\"twitter:site\" content=\"@portalurbanook\" \/>\n<meta name=\"twitter:label1\" content=\"Escrito por\" \/>\n\t<meta name=\"twitter:data1\" content=\"admpu17wp\" \/>\n\t<meta name=\"twitter:label2\" content=\"Tiempo de lectura\" \/>\n\t<meta name=\"twitter:data2\" content=\"2 minutos\" \/>\n<script type=\"application\/ld+json\" class=\"yoast-schema-graph\">{\"@context\":\"https:\/\/schema.org\",\"@graph\":[{\"@type\":\"Article\",\"@id\":\"https:\/\/experienciadevida.com.ar\/portalurbano\/con-una-inversion-de-mas-de-30-millones-de-pesos-se-repavimentara-la-av-peron\/#article\",\"isPartOf\":{\"@id\":\"https:\/\/experienciadevida.com.ar\/portalurbano\/con-una-inversion-de-mas-de-30-millones-de-pesos-se-repavimentara-la-av-peron\/\"},\"author\":{\"name\":\"admpu17wp\",\"@id\":\"https:\/\/experienciadevida.com.ar\/portalurbano\/#\/schema\/person\/02dd326b1c4b056e9cc972486934a3a7\"},\"headline\":\"Con una inversi\u00f3n de m\u00e1s de 30 millones de pesos se repavimentar\u00e1 la Av. Per\u00f3n\",\"datePublished\":\"2021-08-06T14:20:55+00:00\",\"dateModified\":\"2021-08-06T14:24:11+00:00\",\"mainEntityOfPage\":{\"@id\":\"https:\/\/experienciadevida.com.ar\/portalurbano\/con-una-inversion-de-mas-de-30-millones-de-pesos-se-repavimentara-la-av-peron\/\"},\"wordCount\":307,\"publisher\":{\"@id\":\"https:\/\/experienciadevida.com.ar\/portalurbano\/#organization\"},\"articleSection\":[\"Ciudad\",\"Destacadas 2\"],\"inLanguage\":\"es\"},{\"@type\":\"WebPage\",\"@id\":\"https:\/\/experienciadevida.com.ar\/portalurbano\/con-una-inversion-de-mas-de-30-millones-de-pesos-se-repavimentara-la-av-peron\/\",\"url\":\"https:\/\/experienciadevida.com.ar\/portalurbano\/con-una-inversion-de-mas-de-30-millones-de-pesos-se-repavimentara-la-av-peron\/\",\"name\":\"Con una inversi\u00f3n de m\u00e1s de 30 millones se repavimentara la Av. Peron\",\"isPartOf\":{\"@id\":\"https:\/\/experienciadevida.com.ar\/portalurbano\/#website\"},\"datePublished\":\"2021-08-06T14:20:55+00:00\",\"dateModified\":\"2021-08-06T14:24:11+00:00\",\"description\":\"Con una inversi\u00f3n de m\u00e1s de 30 millones de pesos se repavimentar\u00e1 la Av. Per\u00f3n, en la ma\u00f1ana de este viernes \u00a0se llev\u00f3 a cabo la apertura\",\"breadcrumb\":{\"@id\":\"https:\/\/experienciadevida.com.ar\/portalurbano\/con-una-inversion-de-mas-de-30-millones-de-pesos-se-repavimentara-la-av-peron\/#breadcrumb\"},\"inLanguage\":\"es\",\"potentialAction\":[{\"@type\":\"ReadAction\",\"target\":[\"https:\/\/experienciadevida.com.ar\/portalurbano\/con-una-inversion-de-mas-de-30-millones-de-pesos-se-repavimentara-la-av-peron\/\"]}]},{\"@type\":\"BreadcrumbList\",\"@id\":\"https:\/\/experienciadevida.com.ar\/portalurbano\/con-una-inversion-de-mas-de-30-millones-de-pesos-se-repavimentara-la-av-peron\/#breadcrumb\",\"itemListElement\":[{\"@type\":\"ListItem\",\"position\":1,\"name\":\"Portada\",\"item\":\"https:\/\/experienciadevida.com.ar\/portalurbano\/\"},{\"@type\":\"ListItem\",\"position\":2,\"name\":\"Con una inversi\u00f3n de m\u00e1s de 30 millones de pesos se repavimentar\u00e1 la Av. Per\u00f3n\"}]},{\"@type\":\"WebSite\",\"@id\":\"https:\/\/experienciadevida.com.ar\/portalurbano\/#website\",\"url\":\"https:\/\/experienciadevida.com.ar\/portalurbano\/\",\"name\":\"\",\"description\":\"\",\"publisher\":{\"@id\":\"https:\/\/experienciadevida.com.ar\/portalurbano\/#organization\"},\"potentialAction\":[{\"@type\":\"SearchAction\",\"target\":{\"@type\":\"EntryPoint\",\"urlTemplate\":\"https:\/\/experienciadevida.com.ar\/portalurbano\/?s={search_term_string}\"},\"query-input\":\"required name=search_term_string\"}],\"inLanguage\":\"es\"},{\"@type\":\"Organization\",\"@id\":\"https:\/\/experienciadevida.com.ar\/portalurbano\/#organization\",\"name\":\"Portal Urbano\",\"url\":\"https:\/\/experienciadevida.com.ar\/portalurbano\/\",\"logo\":{\"@type\":\"ImageObject\",\"inLanguage\":\"es\",\"@id\":\"https:\/\/experienciadevida.com.ar\/portalurbano\/#\/schema\/logo\/image\/\",\"url\":\"https:\/\/experienciadevida.com.ar\/portalurbano\/wp-content\/uploads\/2019\/09\/Logo-Original.png\",\"contentUrl\":\"https:\/\/experienciadevida.com.ar\/portalurbano\/wp-content\/uploads\/2019\/09\/Logo-Original.png\",\"width\":2236,\"height\":1216,\"caption\":\"Portal Urbano\"},\"image\":{\"@id\":\"https:\/\/experienciadevida.com.ar\/portalurbano\/#\/schema\/logo\/image\/\"},\"sameAs\":[\"https:\/\/www.facebook.com\/Portal-Urbano-171542830093757\/\",\"https:\/\/twitter.com\/portalurbanook\",\"https:\/\/www.instagram.com\/_portalurbano\/\",\"https:\/\/www.youtube.com\/channel\/UCXhagIfszH8KxFiOok79zbA?view_as=subscriber\"]},{\"@type\":\"Person\",\"@id\":\"https:\/\/experienciadevida.com.ar\/portalurbano\/#\/schema\/person\/02dd326b1c4b056e9cc972486934a3a7\",\"name\":\"admpu17wp\",\"image\":{\"@type\":\"ImageObject\",\"inLanguage\":\"es\",\"@id\":\"https:\/\/experienciadevida.com.ar\/portalurbano\/#\/schema\/person\/image\/\",\"url\":\"https:\/\/secure.gravatar.com\/avatar\/830d4c57adaae6630765e449a6908047?s=96&d=mm&r=g\",\"contentUrl\":\"https:\/\/secure.gravatar.com\/avatar\/830d4c57adaae6630765e449a6908047?s=96&d=mm&r=g\",\"caption\":\"admpu17wp\"}}]}<\/script>\n<!-- \/ Yoast SEO plugin. -->","yoast_head_json":{"title":"Con una inversi\u00f3n de m\u00e1s de 30 millones se repavimentara la Av. Peron","description":"Con una inversi\u00f3n de m\u00e1s de 30 millones de pesos se repavimentar\u00e1 la Av. Per\u00f3n, en la ma\u00f1ana de este viernes \u00a0se llev\u00f3 a cabo la apertura","robots":{"index":"index","follow":"follow","max-snippet":"max-snippet:-1","max-image-preview":"max-image-preview:large","max-video-preview":"max-video-preview:-1"},"canonical":"https:\/\/experienciadevida.com.ar\/portalurbano\/con-una-inversion-de-mas-de-30-millones-de-pesos-se-repavimentara-la-av-peron\/","og_locale":"es_ES","og_type":"article","og_title":"Con una inversi\u00f3n de m\u00e1s de 30 millones se repavimentara la Av. Peron","og_description":"Con una inversi\u00f3n de m\u00e1s de 30 millones de pesos se repavimentar\u00e1 la Av. Per\u00f3n, en la ma\u00f1ana de este viernes \u00a0se llev\u00f3 a cabo la apertura","og_url":"https:\/\/experienciadevida.com.ar\/portalurbano\/con-una-inversion-de-mas-de-30-millones-de-pesos-se-repavimentara-la-av-peron\/","article_publisher":"https:\/\/www.facebook.com\/Portal-Urbano-171542830093757\/","article_published_time":"2021-08-06T14:20:55+00:00","article_modified_time":"2021-08-06T14:24:11+00:00","og_image":[{"width":1024,"height":683,"url":"https:\/\/experienciadevida.com.ar\/portalurbano\/wp-content\/uploads\/2021\/08\/Con-una-inversion-de-mas.jpg","type":"image\/jpeg"}],"author":"admpu17wp","twitter_card":"summary_large_image","twitter_creator":"@portalurbanook","twitter_site":"@portalurbanook","twitter_misc":{"Escrito por":"admpu17wp","Tiempo de lectura":"2 minutos"},"schema":{"@context":"https:\/\/schema.org","@graph":[{"@type":"Article","@id":"https:\/\/experienciadevida.com.ar\/portalurbano\/con-una-inversion-de-mas-de-30-millones-de-pesos-se-repavimentara-la-av-peron\/#article","isPartOf":{"@id":"https:\/\/experienciadevida.com.ar\/portalurbano\/con-una-inversion-de-mas-de-30-millones-de-pesos-se-repavimentara-la-av-peron\/"},"author":{"name":"admpu17wp","@id":"https:\/\/experienciadevida.com.ar\/portalurbano\/#\/schema\/person\/02dd326b1c4b056e9cc972486934a3a7"},"headline":"Con una inversi\u00f3n de m\u00e1s de 30 millones de pesos se repavimentar\u00e1 la Av. Per\u00f3n","datePublished":"2021-08-06T14:20:55+00:00","dateModified":"2021-08-06T14:24:11+00:00","mainEntityOfPage":{"@id":"https:\/\/experienciadevida.com.ar\/portalurbano\/con-una-inversion-de-mas-de-30-millones-de-pesos-se-repavimentara-la-av-peron\/"},"wordCount":307,"publisher":{"@id":"https:\/\/experienciadevida.com.ar\/portalurbano\/#organization"},"articleSection":["Ciudad","Destacadas 2"],"inLanguage":"es"},{"@type":"WebPage","@id":"https:\/\/experienciadevida.com.ar\/portalurbano\/con-una-inversion-de-mas-de-30-millones-de-pesos-se-repavimentara-la-av-peron\/","url":"https:\/\/experienciadevida.com.ar\/portalurbano\/con-una-inversion-de-mas-de-30-millones-de-pesos-se-repavimentara-la-av-peron\/","name":"Con una inversi\u00f3n de m\u00e1s de 30 millones se repavimentara la Av. Peron","isPartOf":{"@id":"https:\/\/experienciadevida.com.ar\/portalurbano\/#website"},"datePublished":"2021-08-06T14:20:55+00:00","dateModified":"2021-08-06T14:24:11+00:00","description":"Con una inversi\u00f3n de m\u00e1s de 30 millones de pesos se repavimentar\u00e1 la Av. Per\u00f3n, en la ma\u00f1ana de este viernes \u00a0se llev\u00f3 a cabo la apertura","breadcrumb":{"@id":"https:\/\/experienciadevida.com.ar\/portalurbano\/con-una-inversion-de-mas-de-30-millones-de-pesos-se-repavimentara-la-av-peron\/#breadcrumb"},"inLanguage":"es","potentialAction":[{"@type":"ReadAction","target":["https:\/\/experienciadevida.com.ar\/portalurbano\/con-una-inversion-de-mas-de-30-millones-de-pesos-se-repavimentara-la-av-peron\/"]}]},{"@type":"BreadcrumbList","@id":"https:\/\/experienciadevida.com.ar\/portalurbano\/con-una-inversion-de-mas-de-30-millones-de-pesos-se-repavimentara-la-av-peron\/#breadcrumb","itemListElement":[{"@type":"ListItem","position":1,"name":"Portada","item":"https:\/\/experienciadevida.com.ar\/portalurbano\/"},{"@type":"ListItem","position":2,"name":"Con una inversi\u00f3n de m\u00e1s de 30 millones de pesos se repavimentar\u00e1 la Av. Per\u00f3n"}]},{"@type":"WebSite","@id":"https:\/\/experienciadevida.com.ar\/portalurbano\/#website","url":"https:\/\/experienciadevida.com.ar\/portalurbano\/","name":"","description":"","publisher":{"@id":"https:\/\/experienciadevida.com.ar\/portalurbano\/#organization"},"potentialAction":[{"@type":"SearchAction","target":{"@type":"EntryPoint","urlTemplate":"https:\/\/experienciadevida.com.ar\/portalurbano\/?s={search_term_string}"},"query-input":"required name=search_term_string"}],"inLanguage":"es"},{"@type":"Organization","@id":"https:\/\/experienciadevida.com.ar\/portalurbano\/#organization","name":"Portal Urbano","url":"https:\/\/experienciadevida.com.ar\/portalurbano\/","logo":{"@type":"ImageObject","inLanguage":"es","@id":"https:\/\/experienciadevida.com.ar\/portalurbano\/#\/schema\/logo\/image\/","url":"https:\/\/experienciadevida.com.ar\/portalurbano\/wp-content\/uploads\/2019\/09\/Logo-Original.png","contentUrl":"https:\/\/experienciadevida.com.ar\/portalurbano\/wp-content\/uploads\/2019\/09\/Logo-Original.png","width":2236,"height":1216,"caption":"Portal Urbano"},"image":{"@id":"https:\/\/experienciadevida.com.ar\/portalurbano\/#\/schema\/logo\/image\/"},"sameAs":["https:\/\/www.facebook.com\/Portal-Urbano-171542830093757\/","https:\/\/twitter.com\/portalurbanook","https:\/\/www.instagram.com\/_portalurbano\/","https:\/\/www.youtube.com\/channel\/UCXhagIfszH8KxFiOok79zbA?view_as=subscriber"]},{"@type":"Person","@id":"https:\/\/experienciadevida.com.ar\/portalurbano\/#\/schema\/person\/02dd326b1c4b056e9cc972486934a3a7","name":"admpu17wp","image":{"@type":"ImageObject","inLanguage":"es","@id":"https:\/\/experienciadevida.com.ar\/portalurbano\/#\/schema\/person\/image\/","url":"https:\/\/secure.gravatar.com\/avatar\/830d4c57adaae6630765e449a6908047?s=96&d=mm&r=g","contentUrl":"https:\/\/secure.gravatar.com\/avatar\/830d4c57adaae6630765e449a6908047?s=96&d=mm&r=g","caption":"admpu17wp"}}]}},"featured_image_urls":{"full":["https:\/\/experienciadevida.com.ar\/portalurbano\/wp-content\/uploads\/2021\/08\/Con-una-inversion-de-mas.jpg",1024,683,false],"thumbnail":["https:\/\/experienciadevida.com.ar\/portalurbano\/wp-content\/uploads\/2021\/08\/Con-una-inversion-de-mas-150x150.jpg",150,150,true],"medium":["https:\/\/experienciadevida.com.ar\/portalurbano\/wp-content\/uploads\/2021\/08\/Con-una-inversion-de-mas-300x200.jpg",300,200,true],"medium_large":["https:\/\/experienciadevida.com.ar\/portalurbano\/wp-content\/uploads\/2021\/08\/Con-una-inversion-de-mas-768x512.jpg",640,427,true],"large":["https:\/\/experienciadevida.com.ar\/portalurbano\/wp-content\/uploads\/2021\/08\/Con-una-inversion-de-mas.jpg",640,427,false],"ug_big":["https:\/\/experienciadevida.com.ar\/portalurbano\/wp-content\/uploads\/2021\/08\/Con-una-inversion-de-mas-768x512.jpg",768,512,true],"1536x1536":["https:\/\/experienciadevida.com.ar\/portalurbano\/wp-content\/uploads\/2021\/08\/Con-una-inversion-de-mas.jpg",1024,683,false],"2048x2048":["https:\/\/experienciadevida.com.ar\/portalurbano\/wp-content\/uploads\/2021\/08\/Con-una-inversion-de-mas.jpg",1024,683,false],"newsever-slider-full":["https:\/\/experienciadevida.com.ar\/portalurbano\/wp-content\/uploads\/2021\/08\/Con-una-inversion-de-mas.jpg",1024,683,false],"newsever-featured":["https:\/\/experienciadevida.com.ar\/portalurbano\/wp-content\/uploads\/2021\/08\/Con-una-inversion-de-mas.jpg",1024,683,false],"newsever-medium":["https:\/\/experienciadevida.com.ar\/portalurbano\/wp-content\/uploads\/2021\/08\/Con-una-inversion-de-mas.jpg",712,475,false],"web-stories-poster-portrait":["https:\/\/experienciadevida.com.ar\/portalurbano\/wp-content\/uploads\/2021\/08\/Con-una-inversion-de-mas.jpg",640,427,false],"web-stories-publisher-logo":["https:\/\/experienciadevida.com.ar\/portalurbano\/wp-content\/uploads\/2021\/08\/Con-una-inversion-de-mas.jpg",96,64,false],"web-stories-thumbnail":["https:\/\/experienciadevida.com.ar\/portalurbano\/wp-content\/uploads\/2021\/08\/Con-una-inversion-de-mas.jpg",150,100,false]},"author_info":{"display_name":"admpu17wp","author_link":"https:\/\/experienciadevida.com.ar\/portalurbano\/author\/admpu17wp\/"},"category_info":"<a href=\"https:\/\/experienciadevida.com.ar\/portalurbano\/category\/ciudad\/\" rel=\"category tag\">Ciudad<\/a> <a href=\"https:\/\/experienciadevida.com.ar\/portalurbano\/category\/destacadas-2\/\" rel=\"category tag\">Destacadas 2<\/a>","tag_info":"Destacadas 2","comment_count":"0","amp_enabled":true,"_links":{"self":[{"href":"https:\/\/experienciadevida.com.ar\/portalurbano\/wp-json\/wp\/v2\/posts\/149560"}],"collection":[{"href":"https:\/\/experienciadevida.com.ar\/portalurbano\/wp-json\/wp\/v2\/posts"}],"about":[{"href":"https:\/\/experienciadevida.com.ar\/portalurbano\/wp-json\/wp\/v2\/types\/post"}],"author":[{"embeddable":true,"href":"https:\/\/experienciadevida.com.ar\/portalurbano\/wp-json\/wp\/v2\/users\/1"}],"replies":[{"embeddable":true,"href":"https:\/\/experienciadevida.com.ar\/portalurbano\/wp-json\/wp\/v2\/comments?post=149560"}],"version-history":[{"count":3,"href":"https:\/\/experienciadevida.com.ar\/portalurbano\/wp-json\/wp\/v2\/posts\/149560\/revisions"}],"predecessor-version":[{"id":149564,"href":"https:\/\/experienciadevida.com.ar\/portalurbano\/wp-json\/wp\/v2\/posts\/149560\/revisions\/149564"}],"wp:featuredmedia":[{"embeddable":true,"href":"https:\/\/experienciadevida.com.ar\/portalurbano\/wp-json\/wp\/v2\/media\/149561"}],"wp:attachment":[{"href":"https:\/\/experienciadevida.com.ar\/portalurbano\/wp-json\/wp\/v2\/media?parent=149560"}],"wp:term":[{"taxonomy":"category","embeddable":true,"href":"https:\/\/experienciadevida.com.ar\/portalurbano\/wp-json\/wp\/v2\/categories?post=149560"},{"taxonomy":"post_tag","embeddable":true,"href":"https:\/\/experienciadevida.com.ar\/portalurbano\/wp-json\/wp\/v2\/tags?post=149560"}],"curies":[{"name":"wp","href":"https:\/\/api.w.org\/{rel}","templated":true}]}}