{"id":149472,"date":"2021-08-05T11:53:09","date_gmt":"2021-08-05T14:53:09","guid":{"rendered":"https:\/\/experienciadevida.com.ar\/portalurbano\/?p=149472"},"modified":"2021-08-05T11:54:36","modified_gmt":"2021-08-05T14:54:36","slug":"el-proceso-de-transformacion-del-bioparque-municipal-la-maxima","status":"publish","type":"post","link":"https:\/\/experienciadevida.com.ar\/portalurbano\/el-proceso-de-transformacion-del-bioparque-municipal-la-maxima\/","title":{"rendered":"El proceso de transformaci\u00f3n del Bioparque Municipal \u201cLa M\u00e1xima\u201d"},"content":{"rendered":"<p>El proceso de transformaci\u00f3n del Bioparque Municipal \u201cLa M\u00e1xima\u201d, desde hace algunos a\u00f1os, el Bioparque Municipal \u201cLa M\u00e1xima\u201d se encuentra en un proceso de transformaci\u00f3n.<\/p>\n<p>Se ha propuesto realizar un abordaje y trabajo conjunto con diferentes instituciones referentes para dar un salto de calidad en los Programas de Conservaci\u00f3n de Especies, con el objetivo de pensar en un espacio reconocido, no solo regional y provincialmente, sino tambi\u00e9n a nivel nacional.<\/p>\n<p>En este marco, el intendente Ezequiel Galli \u2013 junto al secretario de Desarrollo Humano y Calidad de Vida Diego Robbiani y el presidente del HCD Bruno Cenizo\u2013 visit\u00f3 el lugar y fue recibido por el director del Bioparque Flavio Maldonado y referentes de ONGS.<\/p>\n<p>En la recorrida por los diferentes ambientes de La M\u00e1xima, se hizo especial hincapi\u00e9 en los programas de conservaci\u00f3n: C\u00f3ndor Andino (pronto ser\u00e1 la liberaci\u00f3n de la primera pichona en Sierras de Pailem\u00e1n), Guacamayos Rojos, Pecar\u00edes de Collar, Tapires, entre otros. En este sentido, se dialog\u00f3 acerca de una pr\u00f3xima firma de convenio con el Gobierno de la Ciudad de Buenos Aires, para la colaboraci\u00f3n con el Ecoparque Buenos Aires en asesoramiento y programas de conservaci\u00f3n y la posibilidad de derivar a nuestro parque Vicu\u00f1as y Guanacos: animales aut\u00f3ctonos que entran dentro de los programas y tambi\u00e9n en proyectos de educaci\u00f3n ambiental.<\/p>\n<p>Otro de los proyectos actuales reside en la posibilidad de construir ambientes para Tapires y su conservaci\u00f3n.<\/p>\n<p>Es de esta manera, que el cambio de La M\u00e1xima se centra en dejar de lado las especies ex\u00f3ticas y enfocar en animales de nuestros ambientes naturales. Aqu\u00ed, adem\u00e1s, cobra especial importancia la creaci\u00f3n de la Reserva Municipal Natural Urbana, que representa los biomas de pastizal y llanuras pampeanas, con posibilidad cierta de reconstituir un Ecosistema y generar uno de los parques biol\u00f3gicos de conservaci\u00f3n del centro de la provincia de Buenos Aires.<\/p>\n<p>Cabe recordar que es un proyecto que cuenta con el apoyo de diferentes instituciones y miembros referentes de la comunidad y que constituir esta primera Reserva hace pensar en una Red de Reservas en Olavarr\u00eda que apunten a la generaci\u00f3n de conservaci\u00f3n, producci\u00f3n de naturaleza y desarrollo de nuevos paradigmas.<\/p>\n","protected":false},"excerpt":{"rendered":"<p>El proceso de transformaci\u00f3n del Bioparque Municipal \u201cLa M\u00e1xima\u201d, desde hace algunos a\u00f1os, el Bioparque&#8230;<\/p>\n","protected":false},"author":1,"featured_media":149473,"comment_status":"closed","ping_status":"closed","sticky":false,"template":"","format":"standard","meta":{"content-type":""},"categories":[27,64],"tags":[],"nelio_content":{"isAutoShareEnabled":false,"autoShareEndMode":"default","automationSources":{"useContentSentences":true,"useSocialTemplates":true,"useCustomSentences":false,"customSentences":[]},"followers":[1],"suggestedReferences":[],"includedReferences":[],"efiUrl":"","efiAlt":"","highlights":[]},"yoast_head":"<!-- This site is optimized with the Yoast SEO plugin v20.7 - https:\/\/yoast.com\/wordpress\/plugins\/seo\/ -->\n<title>El proceso de transformaci\u00f3n del bioparque Municipal la m\u00e1xima<\/title>\n<meta name=\"description\" content=\"El proceso de transformaci\u00f3n del Bioparque Municipal \u201cLa M\u00e1xima\u201d, desde hace algunos a\u00f1os,se encuentra en un proceso de transformaci\u00f3n.\" \/>\n<meta name=\"robots\" content=\"index, follow, max-snippet:-1, max-image-preview:large, max-video-preview:-1\" \/>\n<link rel=\"canonical\" href=\"https:\/\/experienciadevida.com.ar\/portalurbano\/el-proceso-de-transformacion-del-bioparque-municipal-la-maxima\/\" \/>\n<meta property=\"og:locale\" content=\"es_ES\" \/>\n<meta property=\"og:type\" content=\"article\" \/>\n<meta property=\"og:title\" content=\"El proceso de transformaci\u00f3n del bioparque Municipal la m\u00e1xima\" \/>\n<meta property=\"og:description\" content=\"El proceso de transformaci\u00f3n del Bioparque Municipal \u201cLa M\u00e1xima\u201d, desde hace algunos a\u00f1os,se encuentra en un proceso de transformaci\u00f3n.\" \/>\n<meta property=\"og:url\" content=\"https:\/\/experienciadevida.com.ar\/portalurbano\/el-proceso-de-transformacion-del-bioparque-municipal-la-maxima\/\" \/>\n<meta property=\"article:publisher\" content=\"https:\/\/www.facebook.com\/Portal-Urbano-171542830093757\/\" \/>\n<meta property=\"article:published_time\" content=\"2021-08-05T14:53:09+00:00\" \/>\n<meta property=\"article:modified_time\" content=\"2021-08-05T14:54:36+00:00\" \/>\n<meta property=\"og:image\" content=\"https:\/\/experienciadevida.com.ar\/portalurbano\/wp-content\/uploads\/2021\/08\/El-proceso-de-transformacion-del.jpg\" \/>\n\t<meta property=\"og:image:width\" content=\"1024\" \/>\n\t<meta property=\"og:image:height\" content=\"685\" \/>\n\t<meta property=\"og:image:type\" content=\"image\/jpeg\" \/>\n<meta name=\"author\" content=\"admpu17wp\" \/>\n<meta name=\"twitter:card\" content=\"summary_large_image\" \/>\n<meta name=\"twitter:creator\" content=\"@portalurbanook\" \/>\n<meta name=\"twitter:site\" content=\"@portalurbanook\" \/>\n<meta name=\"twitter:label1\" content=\"Escrito por\" \/>\n\t<meta name=\"twitter:data1\" content=\"admpu17wp\" \/>\n\t<meta name=\"twitter:label2\" content=\"Tiempo de lectura\" \/>\n\t<meta name=\"twitter:data2\" content=\"2 minutos\" \/>\n<script type=\"application\/ld+json\" class=\"yoast-schema-graph\">{\"@context\":\"https:\/\/schema.org\",\"@graph\":[{\"@type\":\"Article\",\"@id\":\"https:\/\/experienciadevida.com.ar\/portalurbano\/el-proceso-de-transformacion-del-bioparque-municipal-la-maxima\/#article\",\"isPartOf\":{\"@id\":\"https:\/\/experienciadevida.com.ar\/portalurbano\/el-proceso-de-transformacion-del-bioparque-municipal-la-maxima\/\"},\"author\":{\"name\":\"admpu17wp\",\"@id\":\"https:\/\/experienciadevida.com.ar\/portalurbano\/#\/schema\/person\/02dd326b1c4b056e9cc972486934a3a7\"},\"headline\":\"El proceso de transformaci\u00f3n del Bioparque Municipal \u201cLa M\u00e1xima\u201d\",\"datePublished\":\"2021-08-05T14:53:09+00:00\",\"dateModified\":\"2021-08-05T14:54:36+00:00\",\"mainEntityOfPage\":{\"@id\":\"https:\/\/experienciadevida.com.ar\/portalurbano\/el-proceso-de-transformacion-del-bioparque-municipal-la-maxima\/\"},\"wordCount\":397,\"publisher\":{\"@id\":\"https:\/\/experienciadevida.com.ar\/portalurbano\/#organization\"},\"articleSection\":[\"Ciudad\",\"Destacadas 2\"],\"inLanguage\":\"es\"},{\"@type\":\"WebPage\",\"@id\":\"https:\/\/experienciadevida.com.ar\/portalurbano\/el-proceso-de-transformacion-del-bioparque-municipal-la-maxima\/\",\"url\":\"https:\/\/experienciadevida.com.ar\/portalurbano\/el-proceso-de-transformacion-del-bioparque-municipal-la-maxima\/\",\"name\":\"El proceso de transformaci\u00f3n del bioparque Municipal la m\u00e1xima\",\"isPartOf\":{\"@id\":\"https:\/\/experienciadevida.com.ar\/portalurbano\/#website\"},\"datePublished\":\"2021-08-05T14:53:09+00:00\",\"dateModified\":\"2021-08-05T14:54:36+00:00\",\"description\":\"El proceso de transformaci\u00f3n del Bioparque Municipal \u201cLa M\u00e1xima\u201d, desde hace algunos a\u00f1os,se encuentra en un proceso de transformaci\u00f3n.\",\"breadcrumb\":{\"@id\":\"https:\/\/experienciadevida.com.ar\/portalurbano\/el-proceso-de-transformacion-del-bioparque-municipal-la-maxima\/#breadcrumb\"},\"inLanguage\":\"es\",\"potentialAction\":[{\"@type\":\"ReadAction\",\"target\":[\"https:\/\/experienciadevida.com.ar\/portalurbano\/el-proceso-de-transformacion-del-bioparque-municipal-la-maxima\/\"]}]},{\"@type\":\"BreadcrumbList\",\"@id\":\"https:\/\/experienciadevida.com.ar\/portalurbano\/el-proceso-de-transformacion-del-bioparque-municipal-la-maxima\/#breadcrumb\",\"itemListElement\":[{\"@type\":\"ListItem\",\"position\":1,\"name\":\"Portada\",\"item\":\"https:\/\/experienciadevida.com.ar\/portalurbano\/\"},{\"@type\":\"ListItem\",\"position\":2,\"name\":\"El proceso de transformaci\u00f3n del Bioparque Municipal \u201cLa M\u00e1xima\u201d\"}]},{\"@type\":\"WebSite\",\"@id\":\"https:\/\/experienciadevida.com.ar\/portalurbano\/#website\",\"url\":\"https:\/\/experienciadevida.com.ar\/portalurbano\/\",\"name\":\"\",\"description\":\"\",\"publisher\":{\"@id\":\"https:\/\/experienciadevida.com.ar\/portalurbano\/#organization\"},\"potentialAction\":[{\"@type\":\"SearchAction\",\"target\":{\"@type\":\"EntryPoint\",\"urlTemplate\":\"https:\/\/experienciadevida.com.ar\/portalurbano\/?s={search_term_string}\"},\"query-input\":\"required name=search_term_string\"}],\"inLanguage\":\"es\"},{\"@type\":\"Organization\",\"@id\":\"https:\/\/experienciadevida.com.ar\/portalurbano\/#organization\",\"name\":\"Portal Urbano\",\"url\":\"https:\/\/experienciadevida.com.ar\/portalurbano\/\",\"logo\":{\"@type\":\"ImageObject\",\"inLanguage\":\"es\",\"@id\":\"https:\/\/experienciadevida.com.ar\/portalurbano\/#\/schema\/logo\/image\/\",\"url\":\"https:\/\/experienciadevida.com.ar\/portalurbano\/wp-content\/uploads\/2019\/09\/Logo-Original.png\",\"contentUrl\":\"https:\/\/experienciadevida.com.ar\/portalurbano\/wp-content\/uploads\/2019\/09\/Logo-Original.png\",\"width\":2236,\"height\":1216,\"caption\":\"Portal Urbano\"},\"image\":{\"@id\":\"https:\/\/experienciadevida.com.ar\/portalurbano\/#\/schema\/logo\/image\/\"},\"sameAs\":[\"https:\/\/www.facebook.com\/Portal-Urbano-171542830093757\/\",\"https:\/\/twitter.com\/portalurbanook\",\"https:\/\/www.instagram.com\/_portalurbano\/\",\"https:\/\/www.youtube.com\/channel\/UCXhagIfszH8KxFiOok79zbA?view_as=subscriber\"]},{\"@type\":\"Person\",\"@id\":\"https:\/\/experienciadevida.com.ar\/portalurbano\/#\/schema\/person\/02dd326b1c4b056e9cc972486934a3a7\",\"name\":\"admpu17wp\",\"image\":{\"@type\":\"ImageObject\",\"inLanguage\":\"es\",\"@id\":\"https:\/\/experienciadevida.com.ar\/portalurbano\/#\/schema\/person\/image\/\",\"url\":\"https:\/\/secure.gravatar.com\/avatar\/830d4c57adaae6630765e449a6908047?s=96&d=mm&r=g\",\"contentUrl\":\"https:\/\/secure.gravatar.com\/avatar\/830d4c57adaae6630765e449a6908047?s=96&d=mm&r=g\",\"caption\":\"admpu17wp\"}}]}<\/script>\n<!-- \/ Yoast SEO plugin. -->","yoast_head_json":{"title":"El proceso de transformaci\u00f3n del bioparque Municipal la m\u00e1xima","description":"El proceso de transformaci\u00f3n del Bioparque Municipal \u201cLa M\u00e1xima\u201d, desde hace algunos a\u00f1os,se encuentra en un proceso de transformaci\u00f3n.","robots":{"index":"index","follow":"follow","max-snippet":"max-snippet:-1","max-image-preview":"max-image-preview:large","max-video-preview":"max-video-preview:-1"},"canonical":"https:\/\/experienciadevida.com.ar\/portalurbano\/el-proceso-de-transformacion-del-bioparque-municipal-la-maxima\/","og_locale":"es_ES","og_type":"article","og_title":"El proceso de transformaci\u00f3n del bioparque Municipal la m\u00e1xima","og_description":"El proceso de transformaci\u00f3n del Bioparque Municipal \u201cLa M\u00e1xima\u201d, desde hace algunos a\u00f1os,se encuentra en un proceso de transformaci\u00f3n.","og_url":"https:\/\/experienciadevida.com.ar\/portalurbano\/el-proceso-de-transformacion-del-bioparque-municipal-la-maxima\/","article_publisher":"https:\/\/www.facebook.com\/Portal-Urbano-171542830093757\/","article_published_time":"2021-08-05T14:53:09+00:00","article_modified_time":"2021-08-05T14:54:36+00:00","og_image":[{"width":1024,"height":685,"url":"https:\/\/experienciadevida.com.ar\/portalurbano\/wp-content\/uploads\/2021\/08\/El-proceso-de-transformacion-del.jpg","type":"image\/jpeg"}],"author":"admpu17wp","twitter_card":"summary_large_image","twitter_creator":"@portalurbanook","twitter_site":"@portalurbanook","twitter_misc":{"Escrito por":"admpu17wp","Tiempo de lectura":"2 minutos"},"schema":{"@context":"https:\/\/schema.org","@graph":[{"@type":"Article","@id":"https:\/\/experienciadevida.com.ar\/portalurbano\/el-proceso-de-transformacion-del-bioparque-municipal-la-maxima\/#article","isPartOf":{"@id":"https:\/\/experienciadevida.com.ar\/portalurbano\/el-proceso-de-transformacion-del-bioparque-municipal-la-maxima\/"},"author":{"name":"admpu17wp","@id":"https:\/\/experienciadevida.com.ar\/portalurbano\/#\/schema\/person\/02dd326b1c4b056e9cc972486934a3a7"},"headline":"El proceso de transformaci\u00f3n del Bioparque Municipal \u201cLa M\u00e1xima\u201d","datePublished":"2021-08-05T14:53:09+00:00","dateModified":"2021-08-05T14:54:36+00:00","mainEntityOfPage":{"@id":"https:\/\/experienciadevida.com.ar\/portalurbano\/el-proceso-de-transformacion-del-bioparque-municipal-la-maxima\/"},"wordCount":397,"publisher":{"@id":"https:\/\/experienciadevida.com.ar\/portalurbano\/#organization"},"articleSection":["Ciudad","Destacadas 2"],"inLanguage":"es"},{"@type":"WebPage","@id":"https:\/\/experienciadevida.com.ar\/portalurbano\/el-proceso-de-transformacion-del-bioparque-municipal-la-maxima\/","url":"https:\/\/experienciadevida.com.ar\/portalurbano\/el-proceso-de-transformacion-del-bioparque-municipal-la-maxima\/","name":"El proceso de transformaci\u00f3n del bioparque Municipal la m\u00e1xima","isPartOf":{"@id":"https:\/\/experienciadevida.com.ar\/portalurbano\/#website"},"datePublished":"2021-08-05T14:53:09+00:00","dateModified":"2021-08-05T14:54:36+00:00","description":"El proceso de transformaci\u00f3n del Bioparque Municipal \u201cLa M\u00e1xima\u201d, desde hace algunos a\u00f1os,se encuentra en un proceso de transformaci\u00f3n.","breadcrumb":{"@id":"https:\/\/experienciadevida.com.ar\/portalurbano\/el-proceso-de-transformacion-del-bioparque-municipal-la-maxima\/#breadcrumb"},"inLanguage":"es","potentialAction":[{"@type":"ReadAction","target":["https:\/\/experienciadevida.com.ar\/portalurbano\/el-proceso-de-transformacion-del-bioparque-municipal-la-maxima\/"]}]},{"@type":"BreadcrumbList","@id":"https:\/\/experienciadevida.com.ar\/portalurbano\/el-proceso-de-transformacion-del-bioparque-municipal-la-maxima\/#breadcrumb","itemListElement":[{"@type":"ListItem","position":1,"name":"Portada","item":"https:\/\/experienciadevida.com.ar\/portalurbano\/"},{"@type":"ListItem","position":2,"name":"El proceso de transformaci\u00f3n del Bioparque Municipal \u201cLa M\u00e1xima\u201d"}]},{"@type":"WebSite","@id":"https:\/\/experienciadevida.com.ar\/portalurbano\/#website","url":"https:\/\/experienciadevida.com.ar\/portalurbano\/","name":"","description":"","publisher":{"@id":"https:\/\/experienciadevida.com.ar\/portalurbano\/#organization"},"potentialAction":[{"@type":"SearchAction","target":{"@type":"EntryPoint","urlTemplate":"https:\/\/experienciadevida.com.ar\/portalurbano\/?s={search_term_string}"},"query-input":"required name=search_term_string"}],"inLanguage":"es"},{"@type":"Organization","@id":"https:\/\/experienciadevida.com.ar\/portalurbano\/#organization","name":"Portal Urbano","url":"https:\/\/experienciadevida.com.ar\/portalurbano\/","logo":{"@type":"ImageObject","inLanguage":"es","@id":"https:\/\/experienciadevida.com.ar\/portalurbano\/#\/schema\/logo\/image\/","url":"https:\/\/experienciadevida.com.ar\/portalurbano\/wp-content\/uploads\/2019\/09\/Logo-Original.png","contentUrl":"https:\/\/experienciadevida.com.ar\/portalurbano\/wp-content\/uploads\/2019\/09\/Logo-Original.png","width":2236,"height":1216,"caption":"Portal Urbano"},"image":{"@id":"https:\/\/experienciadevida.com.ar\/portalurbano\/#\/schema\/logo\/image\/"},"sameAs":["https:\/\/www.facebook.com\/Portal-Urbano-171542830093757\/","https:\/\/twitter.com\/portalurbanook","https:\/\/www.instagram.com\/_portalurbano\/","https:\/\/www.youtube.com\/channel\/UCXhagIfszH8KxFiOok79zbA?view_as=subscriber"]},{"@type":"Person","@id":"https:\/\/experienciadevida.com.ar\/portalurbano\/#\/schema\/person\/02dd326b1c4b056e9cc972486934a3a7","name":"admpu17wp","image":{"@type":"ImageObject","inLanguage":"es","@id":"https:\/\/experienciadevida.com.ar\/portalurbano\/#\/schema\/person\/image\/","url":"https:\/\/secure.gravatar.com\/avatar\/830d4c57adaae6630765e449a6908047?s=96&d=mm&r=g","contentUrl":"https:\/\/secure.gravatar.com\/avatar\/830d4c57adaae6630765e449a6908047?s=96&d=mm&r=g","caption":"admpu17wp"}}]}},"featured_image_urls":{"full":["https:\/\/experienciadevida.com.ar\/portalurbano\/wp-content\/uploads\/2021\/08\/El-proceso-de-transformacion-del.jpg",1024,685,false],"thumbnail":["https:\/\/experienciadevida.com.ar\/portalurbano\/wp-content\/uploads\/2021\/08\/El-proceso-de-transformacion-del-150x150.jpg",150,150,true],"medium":["https:\/\/experienciadevida.com.ar\/portalurbano\/wp-content\/uploads\/2021\/08\/El-proceso-de-transformacion-del-300x201.jpg",300,201,true],"medium_large":["https:\/\/experienciadevida.com.ar\/portalurbano\/wp-content\/uploads\/2021\/08\/El-proceso-de-transformacion-del-768x514.jpg",640,428,true],"large":["https:\/\/experienciadevida.com.ar\/portalurbano\/wp-content\/uploads\/2021\/08\/El-proceso-de-transformacion-del.jpg",640,428,false],"ug_big":["https:\/\/experienciadevida.com.ar\/portalurbano\/wp-content\/uploads\/2021\/08\/El-proceso-de-transformacion-del-768x514.jpg",768,514,true],"1536x1536":["https:\/\/experienciadevida.com.ar\/portalurbano\/wp-content\/uploads\/2021\/08\/El-proceso-de-transformacion-del.jpg",1024,685,false],"2048x2048":["https:\/\/experienciadevida.com.ar\/portalurbano\/wp-content\/uploads\/2021\/08\/El-proceso-de-transformacion-del.jpg",1024,685,false],"newsever-slider-full":["https:\/\/experienciadevida.com.ar\/portalurbano\/wp-content\/uploads\/2021\/08\/El-proceso-de-transformacion-del.jpg",1024,685,false],"newsever-featured":["https:\/\/experienciadevida.com.ar\/portalurbano\/wp-content\/uploads\/2021\/08\/El-proceso-de-transformacion-del.jpg",1024,685,false],"newsever-medium":["https:\/\/experienciadevida.com.ar\/portalurbano\/wp-content\/uploads\/2021\/08\/El-proceso-de-transformacion-del.jpg",710,475,false],"web-stories-poster-portrait":["https:\/\/experienciadevida.com.ar\/portalurbano\/wp-content\/uploads\/2021\/08\/El-proceso-de-transformacion-del.jpg",640,428,false],"web-stories-publisher-logo":["https:\/\/experienciadevida.com.ar\/portalurbano\/wp-content\/uploads\/2021\/08\/El-proceso-de-transformacion-del.jpg",96,64,false],"web-stories-thumbnail":["https:\/\/experienciadevida.com.ar\/portalurbano\/wp-content\/uploads\/2021\/08\/El-proceso-de-transformacion-del.jpg",150,100,false]},"author_info":{"display_name":"admpu17wp","author_link":"https:\/\/experienciadevida.com.ar\/portalurbano\/author\/admpu17wp\/"},"category_info":"<a href=\"https:\/\/experienciadevida.com.ar\/portalurbano\/category\/ciudad\/\" rel=\"category tag\">Ciudad<\/a> <a href=\"https:\/\/experienciadevida.com.ar\/portalurbano\/category\/destacadas-2\/\" rel=\"category tag\">Destacadas 2<\/a>","tag_info":"Destacadas 2","comment_count":"0","amp_enabled":true,"_links":{"self":[{"href":"https:\/\/experienciadevida.com.ar\/portalurbano\/wp-json\/wp\/v2\/posts\/149472"}],"collection":[{"href":"https:\/\/experienciadevida.com.ar\/portalurbano\/wp-json\/wp\/v2\/posts"}],"about":[{"href":"https:\/\/experienciadevida.com.ar\/portalurbano\/wp-json\/wp\/v2\/types\/post"}],"author":[{"embeddable":true,"href":"https:\/\/experienciadevida.com.ar\/portalurbano\/wp-json\/wp\/v2\/users\/1"}],"replies":[{"embeddable":true,"href":"https:\/\/experienciadevida.com.ar\/portalurbano\/wp-json\/wp\/v2\/comments?post=149472"}],"version-history":[{"count":2,"href":"https:\/\/experienciadevida.com.ar\/portalurbano\/wp-json\/wp\/v2\/posts\/149472\/revisions"}],"predecessor-version":[{"id":149475,"href":"https:\/\/experienciadevida.com.ar\/portalurbano\/wp-json\/wp\/v2\/posts\/149472\/revisions\/149475"}],"wp:featuredmedia":[{"embeddable":true,"href":"https:\/\/experienciadevida.com.ar\/portalurbano\/wp-json\/wp\/v2\/media\/149473"}],"wp:attachment":[{"href":"https:\/\/experienciadevida.com.ar\/portalurbano\/wp-json\/wp\/v2\/media?parent=149472"}],"wp:term":[{"taxonomy":"category","embeddable":true,"href":"https:\/\/experienciadevida.com.ar\/portalurbano\/wp-json\/wp\/v2\/categories?post=149472"},{"taxonomy":"post_tag","embeddable":true,"href":"https:\/\/experienciadevida.com.ar\/portalurbano\/wp-json\/wp\/v2\/tags?post=149472"}],"curies":[{"name":"wp","href":"https:\/\/api.w.org\/{rel}","templated":true}]}}