{"id":149306,"date":"2021-08-03T18:58:27","date_gmt":"2021-08-03T21:58:27","guid":{"rendered":"https:\/\/experienciadevida.com.ar\/portalurbano\/?p=149306"},"modified":"2021-08-03T19:13:47","modified_gmt":"2021-08-03T22:13:47","slug":"acciones-coordinadas-entre-el-municipio-y-el-ministerio-en-materia-de-genero","status":"publish","type":"post","link":"https:\/\/experienciadevida.com.ar\/portalurbano\/acciones-coordinadas-entre-el-municipio-y-el-ministerio-en-materia-de-genero\/","title":{"rendered":"Acciones coordinadas entre el Municipio y el Ministerio en materia de g\u00e9nero"},"content":{"rendered":"<p>Acciones coordinadas entre el Municipio y el Ministerio en materia de g\u00e9nero, al mediod\u00eda de este martes -en la Sala de Reuniones del Palacio San Mart\u00edn- el intendente Ezequiel <a href=\"https:\/\/www.facebook.com\/galliezequiel\">Galli<\/a> recibi\u00f3 a la ministra de Mujeres, Pol\u00edticas de G\u00e9nero y Diversidad Sexual de la provincia de Buenos Aires Estela D\u00edaz, en el marco de su visita a Olavarr\u00eda.<\/p>\n<p>En la oportunidad firmaron un convenio de cooperaci\u00f3n, con el objetivo de instrumentar, establecer pautas y coordinar acciones, tendientes a canalizar la asignaci\u00f3n de recursos econ\u00f3micos para atender distintos gastos ante la emergencia, que ser\u00e1n entregados a las personas en situaci\u00f3n de violencia, su grupo familiar o a su acompa\u00f1ante.<\/p>\n<p>Del encuentro participaron el secretario de Desarrollo Humano y Calidad de Vida Diego Robbiani, el presidente del HCD Bruno Cenizo, la subsecretaria de Derechos, Igualdad y Oportunidades Valeria Chilamberro y la directora de Pol\u00edticas de G\u00e9nero de la Municipalidad Florencia Ju\u00e1rez.<\/p>\n<p>Adem\u00e1s estuvieron la subsecretaria de Pol\u00edticas contra las Violencias por Razones de G\u00e9nero Flavia Delmas, la Directora Provincial en Planificaci\u00f3n y Gesti\u00f3n Comunicacional Luc\u00eda Garc\u00eda, la coordinadora de la Unidad de Pol\u00edticas Transversales Lidia Fern\u00e1ndez y la coordinadora Regional del Ministerio Hossana Cazola.<\/p>\n<p>Se destac\u00f3 el trabajo que lleva adelante la Direcci\u00f3n de Pol\u00edticas de G\u00e9nero Municipal y las funcionarias provinciales valoraron la conformaci\u00f3n del equipo y el trabajo interdisciplinario que lleva adelante el \u00e1rea.<\/p>\n<p>El acuerdo firmado comprende la implementaci\u00f3n de acciones coordinadas institucionalmente entre el Ministerio y el Municipio, a fin de brindar en el \u00e1mbito local, una respuesta eficaz frente a las problem\u00e1ticas de violencias por razones de g\u00e9nero, que comprenden el asesoramiento, acompa\u00f1amiento, soluci\u00f3n de emergencias, ayudas econ\u00f3micas y seguimiento de las situaciones que se detecten o denuncien; para vehiculizar la prevenci\u00f3n y protecci\u00f3n como primera red de contenci\u00f3n ante la contingencia.<\/p>\n<p>Los ejes de trabajo y lineamientos comprenden: la prevenci\u00f3n, la detecci\u00f3n y la asistencia inmediata de situaciones de riesgo de v\u00edctimas de violencias por razones de g\u00e9nero.<\/p>\n<p>Tambi\u00e9n involucra la contribuci\u00f3n para el fortalecimiento o en su caso la conformaci\u00f3n de la Mesa Local Intersectorial y la constituci\u00f3n de redes locales, regionales y provinciales, a fin de optimizar la utilizaci\u00f3n de los recursos necesarios para el abordaje de las problem\u00e1ticas de violencias por razones de g\u00e9nero.<\/p>\n<p>Adem\u00e1s incluye el registro y seguimiento de los casos atendidos para que no sean recurrentes en el acaecimiento de la emergencia y la situaci\u00f3n de violencia.<\/p>\n<p>Fondo Especial de Emergencia<\/p>\n<p>Uno de los puntos destacados del convenio, es la creaci\u00f3n del Fondo Rotatorio denominado Fondo Especial de Emergencia en Violencias por Razones De G\u00e9nero, para dar respuesta a los gastos que demande la atenci\u00f3n de las v\u00edctimas de violencias por razones de g\u00e9nero.<\/p>\n<p>En este sentido, el Municipio se compromete a utilizar los fondos recibidos, en el marco de la normativa, a la resoluci\u00f3n de las emergencias que se sucedan, procurando la debida atenci\u00f3n y contenci\u00f3n en las redes de las que se disponga, con los lineamientos acordados.<\/p>\n<p>Los gastos que pueden ser atendidos con los fondos que se otorguen incluyen: alojamiento, traslados, medicamentos, alimentos y todo aquello que se considere necesario en la emergencia.<\/p>\n<p><a href=\"https:\/\/experienciadevida.com.ar\/portalurbano\/acciones-coordinadas-entre-el-municipio-y-el-ministerio-en-materia-de-genero\/acciones-coordinadas\/\" rel=\"attachment wp-att-149313\"><img decoding=\"async\" class=\"alignnone size-large wp-image-149313\" src=\"https:\/\/experienciadevida.com.ar\/portalurbano\/wp-content\/uploads\/2021\/08\/Acciones-coordinadas-1024x684.jpg\" alt=\"Acciones coordinadas\" width=\"900\" height=\"601\" \/><\/a><\/p>\n","protected":false},"excerpt":{"rendered":"<p>Acciones coordinadas entre el Municipio y el Ministerio en materia de g\u00e9nero, al mediod\u00eda de&#8230;<\/p>\n","protected":false},"author":1,"featured_media":149307,"comment_status":"closed","ping_status":"closed","sticky":false,"template":"","format":"standard","meta":{"content-type":""},"categories":[27,64],"tags":[],"nelio_content":{"isAutoShareEnabled":false,"autoShareEndMode":"default","automationSources":{"useContentSentences":true,"useSocialTemplates":true,"useCustomSentences":false,"customSentences":[]},"followers":[1],"suggestedReferences":[],"includedReferences":[],"efiUrl":"","efiAlt":"","highlights":[]},"yoast_head":"<!-- This site is optimized with the Yoast SEO plugin v20.7 - https:\/\/yoast.com\/wordpress\/plugins\/seo\/ -->\n<title>Acciones coordinadas entre el Municipio y el Ministerio en genero<\/title>\n<meta name=\"description\" content=\"Acciones coordinadas entre el Municipio y el Ministerio en materia de g\u00e9nero, Galli recibi\u00f3 a la ministra de Mujeres, Estela D\u00edaz\" \/>\n<meta name=\"robots\" content=\"index, follow, max-snippet:-1, max-image-preview:large, max-video-preview:-1\" \/>\n<link rel=\"canonical\" href=\"https:\/\/experienciadevida.com.ar\/portalurbano\/acciones-coordinadas-entre-el-municipio-y-el-ministerio-en-materia-de-genero\/\" \/>\n<meta property=\"og:locale\" content=\"es_ES\" \/>\n<meta property=\"og:type\" content=\"article\" \/>\n<meta property=\"og:title\" content=\"Acciones coordinadas entre el Municipio y el Ministerio en genero\" \/>\n<meta property=\"og:description\" content=\"Acciones coordinadas entre el Municipio y el Ministerio en materia de g\u00e9nero, Galli recibi\u00f3 a la ministra de Mujeres, Estela D\u00edaz\" \/>\n<meta property=\"og:url\" content=\"https:\/\/experienciadevida.com.ar\/portalurbano\/acciones-coordinadas-entre-el-municipio-y-el-ministerio-en-materia-de-genero\/\" \/>\n<meta property=\"article:publisher\" content=\"https:\/\/www.facebook.com\/Portal-Urbano-171542830093757\/\" \/>\n<meta property=\"article:published_time\" content=\"2021-08-03T21:58:27+00:00\" \/>\n<meta property=\"article:modified_time\" content=\"2021-08-03T22:13:47+00:00\" \/>\n<meta property=\"og:image\" content=\"https:\/\/experienciadevida.com.ar\/portalurbano\/wp-content\/uploads\/2021\/08\/Acciones-coordinadas-entre-el-Municipio-e1628027899666.jpg\" \/>\n\t<meta property=\"og:image:width\" content=\"765\" \/>\n\t<meta property=\"og:image:height\" content=\"511\" \/>\n\t<meta property=\"og:image:type\" content=\"image\/jpeg\" \/>\n<meta name=\"author\" content=\"admpu17wp\" \/>\n<meta name=\"twitter:card\" content=\"summary_large_image\" \/>\n<meta name=\"twitter:creator\" content=\"@portalurbanook\" \/>\n<meta name=\"twitter:site\" content=\"@portalurbanook\" \/>\n<meta name=\"twitter:label1\" content=\"Escrito por\" \/>\n\t<meta name=\"twitter:data1\" content=\"admpu17wp\" \/>\n\t<meta name=\"twitter:label2\" content=\"Tiempo de lectura\" \/>\n\t<meta name=\"twitter:data2\" content=\"3 minutos\" \/>\n<script type=\"application\/ld+json\" class=\"yoast-schema-graph\">{\"@context\":\"https:\/\/schema.org\",\"@graph\":[{\"@type\":\"Article\",\"@id\":\"https:\/\/experienciadevida.com.ar\/portalurbano\/acciones-coordinadas-entre-el-municipio-y-el-ministerio-en-materia-de-genero\/#article\",\"isPartOf\":{\"@id\":\"https:\/\/experienciadevida.com.ar\/portalurbano\/acciones-coordinadas-entre-el-municipio-y-el-ministerio-en-materia-de-genero\/\"},\"author\":{\"name\":\"admpu17wp\",\"@id\":\"https:\/\/experienciadevida.com.ar\/portalurbano\/#\/schema\/person\/02dd326b1c4b056e9cc972486934a3a7\"},\"headline\":\"Acciones coordinadas entre el Municipio y el Ministerio en materia de g\u00e9nero\",\"datePublished\":\"2021-08-03T21:58:27+00:00\",\"dateModified\":\"2021-08-03T22:13:47+00:00\",\"mainEntityOfPage\":{\"@id\":\"https:\/\/experienciadevida.com.ar\/portalurbano\/acciones-coordinadas-entre-el-municipio-y-el-ministerio-en-materia-de-genero\/\"},\"wordCount\":588,\"publisher\":{\"@id\":\"https:\/\/experienciadevida.com.ar\/portalurbano\/#organization\"},\"articleSection\":[\"Ciudad\",\"Destacadas 2\"],\"inLanguage\":\"es\"},{\"@type\":\"WebPage\",\"@id\":\"https:\/\/experienciadevida.com.ar\/portalurbano\/acciones-coordinadas-entre-el-municipio-y-el-ministerio-en-materia-de-genero\/\",\"url\":\"https:\/\/experienciadevida.com.ar\/portalurbano\/acciones-coordinadas-entre-el-municipio-y-el-ministerio-en-materia-de-genero\/\",\"name\":\"Acciones coordinadas entre el Municipio y el Ministerio en genero\",\"isPartOf\":{\"@id\":\"https:\/\/experienciadevida.com.ar\/portalurbano\/#website\"},\"datePublished\":\"2021-08-03T21:58:27+00:00\",\"dateModified\":\"2021-08-03T22:13:47+00:00\",\"description\":\"Acciones coordinadas entre el Municipio y el Ministerio en materia de g\u00e9nero, Galli recibi\u00f3 a la ministra de Mujeres, Estela D\u00edaz\",\"breadcrumb\":{\"@id\":\"https:\/\/experienciadevida.com.ar\/portalurbano\/acciones-coordinadas-entre-el-municipio-y-el-ministerio-en-materia-de-genero\/#breadcrumb\"},\"inLanguage\":\"es\",\"potentialAction\":[{\"@type\":\"ReadAction\",\"target\":[\"https:\/\/experienciadevida.com.ar\/portalurbano\/acciones-coordinadas-entre-el-municipio-y-el-ministerio-en-materia-de-genero\/\"]}]},{\"@type\":\"BreadcrumbList\",\"@id\":\"https:\/\/experienciadevida.com.ar\/portalurbano\/acciones-coordinadas-entre-el-municipio-y-el-ministerio-en-materia-de-genero\/#breadcrumb\",\"itemListElement\":[{\"@type\":\"ListItem\",\"position\":1,\"name\":\"Portada\",\"item\":\"https:\/\/experienciadevida.com.ar\/portalurbano\/\"},{\"@type\":\"ListItem\",\"position\":2,\"name\":\"Acciones coordinadas entre el Municipio y el Ministerio en materia de g\u00e9nero\"}]},{\"@type\":\"WebSite\",\"@id\":\"https:\/\/experienciadevida.com.ar\/portalurbano\/#website\",\"url\":\"https:\/\/experienciadevida.com.ar\/portalurbano\/\",\"name\":\"\",\"description\":\"\",\"publisher\":{\"@id\":\"https:\/\/experienciadevida.com.ar\/portalurbano\/#organization\"},\"potentialAction\":[{\"@type\":\"SearchAction\",\"target\":{\"@type\":\"EntryPoint\",\"urlTemplate\":\"https:\/\/experienciadevida.com.ar\/portalurbano\/?s={search_term_string}\"},\"query-input\":\"required name=search_term_string\"}],\"inLanguage\":\"es\"},{\"@type\":\"Organization\",\"@id\":\"https:\/\/experienciadevida.com.ar\/portalurbano\/#organization\",\"name\":\"Portal Urbano\",\"url\":\"https:\/\/experienciadevida.com.ar\/portalurbano\/\",\"logo\":{\"@type\":\"ImageObject\",\"inLanguage\":\"es\",\"@id\":\"https:\/\/experienciadevida.com.ar\/portalurbano\/#\/schema\/logo\/image\/\",\"url\":\"https:\/\/experienciadevida.com.ar\/portalurbano\/wp-content\/uploads\/2019\/09\/Logo-Original.png\",\"contentUrl\":\"https:\/\/experienciadevida.com.ar\/portalurbano\/wp-content\/uploads\/2019\/09\/Logo-Original.png\",\"width\":2236,\"height\":1216,\"caption\":\"Portal Urbano\"},\"image\":{\"@id\":\"https:\/\/experienciadevida.com.ar\/portalurbano\/#\/schema\/logo\/image\/\"},\"sameAs\":[\"https:\/\/www.facebook.com\/Portal-Urbano-171542830093757\/\",\"https:\/\/twitter.com\/portalurbanook\",\"https:\/\/www.instagram.com\/_portalurbano\/\",\"https:\/\/www.youtube.com\/channel\/UCXhagIfszH8KxFiOok79zbA?view_as=subscriber\"]},{\"@type\":\"Person\",\"@id\":\"https:\/\/experienciadevida.com.ar\/portalurbano\/#\/schema\/person\/02dd326b1c4b056e9cc972486934a3a7\",\"name\":\"admpu17wp\",\"image\":{\"@type\":\"ImageObject\",\"inLanguage\":\"es\",\"@id\":\"https:\/\/experienciadevida.com.ar\/portalurbano\/#\/schema\/person\/image\/\",\"url\":\"https:\/\/secure.gravatar.com\/avatar\/830d4c57adaae6630765e449a6908047?s=96&d=mm&r=g\",\"contentUrl\":\"https:\/\/secure.gravatar.com\/avatar\/830d4c57adaae6630765e449a6908047?s=96&d=mm&r=g\",\"caption\":\"admpu17wp\"}}]}<\/script>\n<!-- \/ Yoast SEO plugin. -->","yoast_head_json":{"title":"Acciones coordinadas entre el Municipio y el Ministerio en genero","description":"Acciones coordinadas entre el Municipio y el Ministerio en materia de g\u00e9nero, Galli recibi\u00f3 a la ministra de Mujeres, Estela D\u00edaz","robots":{"index":"index","follow":"follow","max-snippet":"max-snippet:-1","max-image-preview":"max-image-preview:large","max-video-preview":"max-video-preview:-1"},"canonical":"https:\/\/experienciadevida.com.ar\/portalurbano\/acciones-coordinadas-entre-el-municipio-y-el-ministerio-en-materia-de-genero\/","og_locale":"es_ES","og_type":"article","og_title":"Acciones coordinadas entre el Municipio y el Ministerio en genero","og_description":"Acciones coordinadas entre el Municipio y el Ministerio en materia de g\u00e9nero, Galli recibi\u00f3 a la ministra de Mujeres, Estela D\u00edaz","og_url":"https:\/\/experienciadevida.com.ar\/portalurbano\/acciones-coordinadas-entre-el-municipio-y-el-ministerio-en-materia-de-genero\/","article_publisher":"https:\/\/www.facebook.com\/Portal-Urbano-171542830093757\/","article_published_time":"2021-08-03T21:58:27+00:00","article_modified_time":"2021-08-03T22:13:47+00:00","og_image":[{"width":765,"height":511,"url":"https:\/\/experienciadevida.com.ar\/portalurbano\/wp-content\/uploads\/2021\/08\/Acciones-coordinadas-entre-el-Municipio-e1628027899666.jpg","type":"image\/jpeg"}],"author":"admpu17wp","twitter_card":"summary_large_image","twitter_creator":"@portalurbanook","twitter_site":"@portalurbanook","twitter_misc":{"Escrito por":"admpu17wp","Tiempo de lectura":"3 minutos"},"schema":{"@context":"https:\/\/schema.org","@graph":[{"@type":"Article","@id":"https:\/\/experienciadevida.com.ar\/portalurbano\/acciones-coordinadas-entre-el-municipio-y-el-ministerio-en-materia-de-genero\/#article","isPartOf":{"@id":"https:\/\/experienciadevida.com.ar\/portalurbano\/acciones-coordinadas-entre-el-municipio-y-el-ministerio-en-materia-de-genero\/"},"author":{"name":"admpu17wp","@id":"https:\/\/experienciadevida.com.ar\/portalurbano\/#\/schema\/person\/02dd326b1c4b056e9cc972486934a3a7"},"headline":"Acciones coordinadas entre el Municipio y el Ministerio en materia de g\u00e9nero","datePublished":"2021-08-03T21:58:27+00:00","dateModified":"2021-08-03T22:13:47+00:00","mainEntityOfPage":{"@id":"https:\/\/experienciadevida.com.ar\/portalurbano\/acciones-coordinadas-entre-el-municipio-y-el-ministerio-en-materia-de-genero\/"},"wordCount":588,"publisher":{"@id":"https:\/\/experienciadevida.com.ar\/portalurbano\/#organization"},"articleSection":["Ciudad","Destacadas 2"],"inLanguage":"es"},{"@type":"WebPage","@id":"https:\/\/experienciadevida.com.ar\/portalurbano\/acciones-coordinadas-entre-el-municipio-y-el-ministerio-en-materia-de-genero\/","url":"https:\/\/experienciadevida.com.ar\/portalurbano\/acciones-coordinadas-entre-el-municipio-y-el-ministerio-en-materia-de-genero\/","name":"Acciones coordinadas entre el Municipio y el Ministerio en genero","isPartOf":{"@id":"https:\/\/experienciadevida.com.ar\/portalurbano\/#website"},"datePublished":"2021-08-03T21:58:27+00:00","dateModified":"2021-08-03T22:13:47+00:00","description":"Acciones coordinadas entre el Municipio y el Ministerio en materia de g\u00e9nero, Galli recibi\u00f3 a la ministra de Mujeres, Estela D\u00edaz","breadcrumb":{"@id":"https:\/\/experienciadevida.com.ar\/portalurbano\/acciones-coordinadas-entre-el-municipio-y-el-ministerio-en-materia-de-genero\/#breadcrumb"},"inLanguage":"es","potentialAction":[{"@type":"ReadAction","target":["https:\/\/experienciadevida.com.ar\/portalurbano\/acciones-coordinadas-entre-el-municipio-y-el-ministerio-en-materia-de-genero\/"]}]},{"@type":"BreadcrumbList","@id":"https:\/\/experienciadevida.com.ar\/portalurbano\/acciones-coordinadas-entre-el-municipio-y-el-ministerio-en-materia-de-genero\/#breadcrumb","itemListElement":[{"@type":"ListItem","position":1,"name":"Portada","item":"https:\/\/experienciadevida.com.ar\/portalurbano\/"},{"@type":"ListItem","position":2,"name":"Acciones coordinadas entre el Municipio y el Ministerio en materia de g\u00e9nero"}]},{"@type":"WebSite","@id":"https:\/\/experienciadevida.com.ar\/portalurbano\/#website","url":"https:\/\/experienciadevida.com.ar\/portalurbano\/","name":"","description":"","publisher":{"@id":"https:\/\/experienciadevida.com.ar\/portalurbano\/#organization"},"potentialAction":[{"@type":"SearchAction","target":{"@type":"EntryPoint","urlTemplate":"https:\/\/experienciadevida.com.ar\/portalurbano\/?s={search_term_string}"},"query-input":"required name=search_term_string"}],"inLanguage":"es"},{"@type":"Organization","@id":"https:\/\/experienciadevida.com.ar\/portalurbano\/#organization","name":"Portal Urbano","url":"https:\/\/experienciadevida.com.ar\/portalurbano\/","logo":{"@type":"ImageObject","inLanguage":"es","@id":"https:\/\/experienciadevida.com.ar\/portalurbano\/#\/schema\/logo\/image\/","url":"https:\/\/experienciadevida.com.ar\/portalurbano\/wp-content\/uploads\/2019\/09\/Logo-Original.png","contentUrl":"https:\/\/experienciadevida.com.ar\/portalurbano\/wp-content\/uploads\/2019\/09\/Logo-Original.png","width":2236,"height":1216,"caption":"Portal Urbano"},"image":{"@id":"https:\/\/experienciadevida.com.ar\/portalurbano\/#\/schema\/logo\/image\/"},"sameAs":["https:\/\/www.facebook.com\/Portal-Urbano-171542830093757\/","https:\/\/twitter.com\/portalurbanook","https:\/\/www.instagram.com\/_portalurbano\/","https:\/\/www.youtube.com\/channel\/UCXhagIfszH8KxFiOok79zbA?view_as=subscriber"]},{"@type":"Person","@id":"https:\/\/experienciadevida.com.ar\/portalurbano\/#\/schema\/person\/02dd326b1c4b056e9cc972486934a3a7","name":"admpu17wp","image":{"@type":"ImageObject","inLanguage":"es","@id":"https:\/\/experienciadevida.com.ar\/portalurbano\/#\/schema\/person\/image\/","url":"https:\/\/secure.gravatar.com\/avatar\/830d4c57adaae6630765e449a6908047?s=96&d=mm&r=g","contentUrl":"https:\/\/secure.gravatar.com\/avatar\/830d4c57adaae6630765e449a6908047?s=96&d=mm&r=g","caption":"admpu17wp"}}]}},"featured_image_urls":{"full":["https:\/\/experienciadevida.com.ar\/portalurbano\/wp-content\/uploads\/2021\/08\/Acciones-coordinadas-entre-el-Municipio-e1628027899666.jpg",765,511,false],"thumbnail":["https:\/\/experienciadevida.com.ar\/portalurbano\/wp-content\/uploads\/2021\/08\/Acciones-coordinadas-entre-el-Municipio-150x150.jpg",150,150,true],"medium":["https:\/\/experienciadevida.com.ar\/portalurbano\/wp-content\/uploads\/2021\/08\/Acciones-coordinadas-entre-el-Municipio-300x201.jpg",300,201,true],"medium_large":["https:\/\/experienciadevida.com.ar\/portalurbano\/wp-content\/uploads\/2021\/08\/Acciones-coordinadas-entre-el-Municipio-768x513.jpg",640,428,true],"large":["https:\/\/experienciadevida.com.ar\/portalurbano\/wp-content\/uploads\/2021\/08\/Acciones-coordinadas-entre-el-Municipio-1024x684.jpg",640,428,true],"ug_big":["https:\/\/experienciadevida.com.ar\/portalurbano\/wp-content\/uploads\/2021\/08\/Acciones-coordinadas-entre-el-Municipio-768x513.jpg",768,513,true],"1536x1536":["https:\/\/experienciadevida.com.ar\/portalurbano\/wp-content\/uploads\/2021\/08\/Acciones-coordinadas-entre-el-Municipio-1536x1027.jpg",1536,1027,true],"2048x2048":["https:\/\/experienciadevida.com.ar\/portalurbano\/wp-content\/uploads\/2021\/08\/Acciones-coordinadas-entre-el-Municipio-2048x1369.jpg",2048,1369,true],"newsever-slider-full":["https:\/\/experienciadevida.com.ar\/portalurbano\/wp-content\/uploads\/2021\/08\/Acciones-coordinadas-entre-el-Municipio-e1628027899666.jpg",765,511,false],"newsever-featured":["https:\/\/experienciadevida.com.ar\/portalurbano\/wp-content\/uploads\/2021\/08\/Acciones-coordinadas-entre-el-Municipio-e1628027899666.jpg",765,511,false],"newsever-medium":["https:\/\/experienciadevida.com.ar\/portalurbano\/wp-content\/uploads\/2021\/08\/Acciones-coordinadas-entre-el-Municipio-e1628027899666.jpg",711,475,false],"web-stories-poster-portrait":["https:\/\/experienciadevida.com.ar\/portalurbano\/wp-content\/uploads\/2021\/08\/Acciones-coordinadas-entre-el-Municipio-e1628027899666.jpg",640,428,false],"web-stories-publisher-logo":["https:\/\/experienciadevida.com.ar\/portalurbano\/wp-content\/uploads\/2021\/08\/Acciones-coordinadas-entre-el-Municipio-e1628027899666.jpg",96,64,false],"web-stories-thumbnail":["https:\/\/experienciadevida.com.ar\/portalurbano\/wp-content\/uploads\/2021\/08\/Acciones-coordinadas-entre-el-Municipio-e1628027899666.jpg",150,100,false]},"author_info":{"display_name":"admpu17wp","author_link":"https:\/\/experienciadevida.com.ar\/portalurbano\/author\/admpu17wp\/"},"category_info":"<a href=\"https:\/\/experienciadevida.com.ar\/portalurbano\/category\/ciudad\/\" rel=\"category tag\">Ciudad<\/a> <a href=\"https:\/\/experienciadevida.com.ar\/portalurbano\/category\/destacadas-2\/\" rel=\"category tag\">Destacadas 2<\/a>","tag_info":"Destacadas 2","comment_count":"0","amp_enabled":true,"_links":{"self":[{"href":"https:\/\/experienciadevida.com.ar\/portalurbano\/wp-json\/wp\/v2\/posts\/149306"}],"collection":[{"href":"https:\/\/experienciadevida.com.ar\/portalurbano\/wp-json\/wp\/v2\/posts"}],"about":[{"href":"https:\/\/experienciadevida.com.ar\/portalurbano\/wp-json\/wp\/v2\/types\/post"}],"author":[{"embeddable":true,"href":"https:\/\/experienciadevida.com.ar\/portalurbano\/wp-json\/wp\/v2\/users\/1"}],"replies":[{"embeddable":true,"href":"https:\/\/experienciadevida.com.ar\/portalurbano\/wp-json\/wp\/v2\/comments?post=149306"}],"version-history":[{"count":5,"href":"https:\/\/experienciadevida.com.ar\/portalurbano\/wp-json\/wp\/v2\/posts\/149306\/revisions"}],"predecessor-version":[{"id":149314,"href":"https:\/\/experienciadevida.com.ar\/portalurbano\/wp-json\/wp\/v2\/posts\/149306\/revisions\/149314"}],"wp:featuredmedia":[{"embeddable":true,"href":"https:\/\/experienciadevida.com.ar\/portalurbano\/wp-json\/wp\/v2\/media\/149307"}],"wp:attachment":[{"href":"https:\/\/experienciadevida.com.ar\/portalurbano\/wp-json\/wp\/v2\/media?parent=149306"}],"wp:term":[{"taxonomy":"category","embeddable":true,"href":"https:\/\/experienciadevida.com.ar\/portalurbano\/wp-json\/wp\/v2\/categories?post=149306"},{"taxonomy":"post_tag","embeddable":true,"href":"https:\/\/experienciadevida.com.ar\/portalurbano\/wp-json\/wp\/v2\/tags?post=149306"}],"curies":[{"name":"wp","href":"https:\/\/api.w.org\/{rel}","templated":true}]}}