{"id":149133,"date":"2021-08-01T20:18:15","date_gmt":"2021-08-01T23:18:15","guid":{"rendered":"https:\/\/experienciadevida.com.ar\/portalurbano\/?p=149133"},"modified":"2021-08-01T20:20:49","modified_gmt":"2021-08-01T23:20:49","slug":"vuelta-de-las-vacaciones-presencialidad-en-todos-los-distritos-y-ampliacion-de-jornadas","status":"publish","type":"post","link":"https:\/\/experienciadevida.com.ar\/portalurbano\/vuelta-de-las-vacaciones-presencialidad-en-todos-los-distritos-y-ampliacion-de-jornadas\/","title":{"rendered":"Vuelta de las vacaciones: presencialidad en todos los distritos y ampliaci\u00f3n de jornadas"},"content":{"rendered":"<p>Vuelta de las vacaciones: presencialidad en todos los distritos y ampliaci\u00f3n de jornadas, los 135 municipios bonaerenses volver\u00e1n ma\u00f1ana del receso invernal con clases presenciales. Las jornadas se ampl\u00edan, pero con estrictos protocolos.<\/p>\n<p>Todos los distritos de la provincia de Buenos Aires volver\u00e1n ma\u00f1ana al ciclo lectivo con presencialidad, seg\u00fan lo dispuso el Gobierno bonaerense la semana pasada al dejar en desuso la fase 2 de aislamiento. En tanto, los establecimientos educativos tambi\u00e9n implementan ampliaciones en sus jornadas.<\/p>\n<p>Tras las vacaciones de invierno, los 135 distritos bonaerenses iniciar\u00e1n este lunes las clases presenciales tal como anunci\u00f3 la semana pasada el jefe de Gabinete, Carlos Bianco.<\/p>\n<p>La concurrencia a las escuelas se hab\u00eda habilitado para todos los municipios en febrero (cuando se iniciaron actividades de intensificaci\u00f3n de la ense\u00f1anza) y continuaron en el inicio del ciclo lectivo hasta el 19 de abril fecha en que se suspendieron en 40 distritos del \u00c1rea Metropolitana de Buenos Aires (AMBA).<\/p>\n<p>Vuelta de las vacaciones, en el marco de las restricciones por la pandemia, a mediados de mayo fue el momento en que hubo menos distritos con presencialidad. En tanto, a mitad de junio el conurbano regres\u00f3 a la concurrencia y luego, en l\u00ednea con las mejoras epidemiol\u00f3gicas, la misma se fue ampliando a otros municipios.<\/p>\n<p>En el \u00faltimo tiempo, estaban en fase 2 y sin presencialidad 9 de Julio, Bol\u00edvar, Carlos Tejedor, Coronel Pringles, Florentino Ameghino, General Belgrano, General Lavalle, General Viamonte, Hip\u00f3lito Yrigoyen, Maip\u00fa, San Cayetano, Trenque Lauquen y Tres Lomas.<\/p>\n<p>De cualquier manera, desde Educaci\u00f3n aclararon que \u201ctal como lo estableci\u00f3 el Consejo Federal de Eduaci\u00f3n, las medidas de no presencialidad\u201d fueron \u201csiempre afectando a la menor unidad geogr\u00e1fica posible\u201d. O sea, que en muchas ocasiones dentro de los distritos catalogados como \u201csin preespecialidad\u201d hubo excepciones para habilitar la concurrencia en localidades y parajes.<\/p>\n<p>Ampliaci\u00f3n de jornadas:<\/p>\n<p>Vuelta de las vacaciones, por otro lado, vale recodar que a principios de julio Provincia habilit\u00f3 a las escuelas bonaerenses a iniciar un proceso de ampliaci\u00f3n de la jornada de clases presenciales (ten\u00eda un l\u00edmite de cuatro horas).<\/p>\n<p>De esta manera, desde la cartera educativa, los establecimientos de jornadas extendidas o completas podr\u00e1n \u201cir hacia su proyecto institucional original\u201d siempre y cuando puedan cumplir \u201cestrictamente con los protocolos\u201d.<\/p>\n<p>En julio tambi\u00e9n se autoriz\u00f3 la concurrencia a establecimientos de las modalidades de Formaci\u00f3n Profesional; Educaci\u00f3n F\u00edsica; J\u00f3venes, Adultos y Adultos Mayores; Educaci\u00f3n Art\u00edstica; y Psicolog\u00eda Comunitaria y Pedagog\u00eda Social<\/p>\n<p>Desde Provincia recordaron que entre las pautas de cuidado est\u00e1n el uso correcto de tapabocas, la ventilaci\u00f3n, el distanciamiento social de un metro y medio entre estudiantes y de dos metros con el docente y la limpieza de los establecimientos.<\/p>\n<p>Provincia implementa adem\u00e1s el uso de medidores de di\u00f3xido de carbono en 13.700 escuelas estatales (se repartieron unos 33 mil) para controlar la ventilaci\u00f3n en los espacios en que se dictan clases.<\/p>\n<p>CABA: pol\u00e9mica por la distancia<\/p>\n<p>Vuelta de las vacaciones en la ciudad de Buenos Aires defini\u00f3 un nuevo protocolo para el regreso a clases (a partir del 4 de agosto) que elimina el distanciamiento en las aulas (por lo que las burbujas ser\u00e1n cursos completos). Adem\u00e1s, la presencialidad ser\u00e1 obligatoria.<\/p>\n<p>El ministro de Educaci\u00f3n de la Naci\u00f3n, Nicol\u00e1s Trotta, apunt\u00f3 hoy contra la medida tomada por la gesti\u00f3n de Horacio Rodr\u00edguez Larreta.<\/p>\n<p>\u201cLo \u00fanico que le estamos pidiendo al jefe de Gobierno y a su ministro de Salud, Fern\u00e1n Quir\u00f3s, que si ellos tienen evidencia que permite confirmar que podemos tener el regreso absoluto de los chicos a las escuelas, que la compartan, porque toda la evidencia que nosotros tenemos es distinta\u201d, sostuvo el titular de la cartera educativa.<\/p>\n<p>Trotta dijo que si hubiera informaci\u00f3n que justifique la presencialidad educativa dispuesta por CABA ser\u00eda \u201cel principal interesado en llevarla al Consejo Federal de Educaci\u00f3n y modificar la norma vigente, que establece un metro y medio dentro del aula\u201d, medida \u201cque fue votada por todas las jurisdicciones\u201d.<\/p>\n<p>Fuente: DIB<\/p>\n","protected":false},"excerpt":{"rendered":"<p>Vuelta de las vacaciones: presencialidad en todos los distritos y ampliaci\u00f3n de jornadas, los 135&#8230;<\/p>\n","protected":false},"author":1,"featured_media":149134,"comment_status":"closed","ping_status":"closed","sticky":false,"template":"","format":"standard","meta":{"content-type":""},"categories":[64,44],"tags":[],"nelio_content":{"isAutoShareEnabled":false,"autoShareEndMode":"default","automationSources":{"useContentSentences":true,"useSocialTemplates":true,"useCustomSentences":false,"customSentences":[]},"followers":[1],"suggestedReferences":[],"includedReferences":[],"efiUrl":"","efiAlt":"","highlights":[]},"yoast_head":"<!-- This site is optimized with the Yoast SEO plugin v20.7 - https:\/\/yoast.com\/wordpress\/plugins\/seo\/ -->\n<title>Vuelta de las vacaciones: presencialidad en todos los distritos<\/title>\n<meta name=\"description\" content=\"Vuelta de las vacaciones: presencialidad en todos los distritos y ampliaci\u00f3n de jornadas, los 135 municipios bonaerenses retomar\u00e1n.\" \/>\n<meta name=\"robots\" content=\"index, follow, max-snippet:-1, max-image-preview:large, max-video-preview:-1\" \/>\n<link rel=\"canonical\" href=\"https:\/\/experienciadevida.com.ar\/portalurbano\/vuelta-de-las-vacaciones-presencialidad-en-todos-los-distritos-y-ampliacion-de-jornadas\/\" \/>\n<meta property=\"og:locale\" content=\"es_ES\" \/>\n<meta property=\"og:type\" content=\"article\" \/>\n<meta property=\"og:title\" content=\"Vuelta de las vacaciones: presencialidad en todos los distritos\" \/>\n<meta property=\"og:description\" content=\"Vuelta de las vacaciones: presencialidad en todos los distritos y ampliaci\u00f3n de jornadas, los 135 municipios bonaerenses retomar\u00e1n.\" \/>\n<meta property=\"og:url\" content=\"https:\/\/experienciadevida.com.ar\/portalurbano\/vuelta-de-las-vacaciones-presencialidad-en-todos-los-distritos-y-ampliacion-de-jornadas\/\" \/>\n<meta property=\"article:publisher\" content=\"https:\/\/www.facebook.com\/Portal-Urbano-171542830093757\/\" \/>\n<meta property=\"article:published_time\" content=\"2021-08-01T23:18:15+00:00\" \/>\n<meta property=\"article:modified_time\" content=\"2021-08-01T23:20:49+00:00\" \/>\n<meta property=\"og:image\" content=\"https:\/\/experienciadevida.com.ar\/portalurbano\/wp-content\/uploads\/2021\/08\/Vuelta-de-las-vacaciones.jpg\" \/>\n\t<meta property=\"og:image:width\" content=\"696\" \/>\n\t<meta property=\"og:image:height\" content=\"522\" \/>\n\t<meta property=\"og:image:type\" content=\"image\/jpeg\" \/>\n<meta name=\"author\" content=\"admpu17wp\" \/>\n<meta name=\"twitter:card\" content=\"summary_large_image\" \/>\n<meta name=\"twitter:creator\" content=\"@portalurbanook\" \/>\n<meta name=\"twitter:site\" content=\"@portalurbanook\" \/>\n<meta name=\"twitter:label1\" content=\"Escrito por\" \/>\n\t<meta name=\"twitter:data1\" content=\"admpu17wp\" \/>\n\t<meta name=\"twitter:label2\" content=\"Tiempo de lectura\" \/>\n\t<meta name=\"twitter:data2\" content=\"3 minutos\" \/>\n<script type=\"application\/ld+json\" class=\"yoast-schema-graph\">{\"@context\":\"https:\/\/schema.org\",\"@graph\":[{\"@type\":\"Article\",\"@id\":\"https:\/\/experienciadevida.com.ar\/portalurbano\/vuelta-de-las-vacaciones-presencialidad-en-todos-los-distritos-y-ampliacion-de-jornadas\/#article\",\"isPartOf\":{\"@id\":\"https:\/\/experienciadevida.com.ar\/portalurbano\/vuelta-de-las-vacaciones-presencialidad-en-todos-los-distritos-y-ampliacion-de-jornadas\/\"},\"author\":{\"name\":\"admpu17wp\",\"@id\":\"https:\/\/experienciadevida.com.ar\/portalurbano\/#\/schema\/person\/02dd326b1c4b056e9cc972486934a3a7\"},\"headline\":\"Vuelta de las vacaciones: presencialidad en todos los distritos y ampliaci\u00f3n de jornadas\",\"datePublished\":\"2021-08-01T23:18:15+00:00\",\"dateModified\":\"2021-08-01T23:20:49+00:00\",\"mainEntityOfPage\":{\"@id\":\"https:\/\/experienciadevida.com.ar\/portalurbano\/vuelta-de-las-vacaciones-presencialidad-en-todos-los-distritos-y-ampliacion-de-jornadas\/\"},\"wordCount\":708,\"publisher\":{\"@id\":\"https:\/\/experienciadevida.com.ar\/portalurbano\/#organization\"},\"articleSection\":[\"Destacadas 2\",\"Provincia\"],\"inLanguage\":\"es\"},{\"@type\":\"WebPage\",\"@id\":\"https:\/\/experienciadevida.com.ar\/portalurbano\/vuelta-de-las-vacaciones-presencialidad-en-todos-los-distritos-y-ampliacion-de-jornadas\/\",\"url\":\"https:\/\/experienciadevida.com.ar\/portalurbano\/vuelta-de-las-vacaciones-presencialidad-en-todos-los-distritos-y-ampliacion-de-jornadas\/\",\"name\":\"Vuelta de las vacaciones: presencialidad en todos los distritos\",\"isPartOf\":{\"@id\":\"https:\/\/experienciadevida.com.ar\/portalurbano\/#website\"},\"datePublished\":\"2021-08-01T23:18:15+00:00\",\"dateModified\":\"2021-08-01T23:20:49+00:00\",\"description\":\"Vuelta de las vacaciones: presencialidad en todos los distritos y ampliaci\u00f3n de jornadas, los 135 municipios bonaerenses retomar\u00e1n.\",\"breadcrumb\":{\"@id\":\"https:\/\/experienciadevida.com.ar\/portalurbano\/vuelta-de-las-vacaciones-presencialidad-en-todos-los-distritos-y-ampliacion-de-jornadas\/#breadcrumb\"},\"inLanguage\":\"es\",\"potentialAction\":[{\"@type\":\"ReadAction\",\"target\":[\"https:\/\/experienciadevida.com.ar\/portalurbano\/vuelta-de-las-vacaciones-presencialidad-en-todos-los-distritos-y-ampliacion-de-jornadas\/\"]}]},{\"@type\":\"BreadcrumbList\",\"@id\":\"https:\/\/experienciadevida.com.ar\/portalurbano\/vuelta-de-las-vacaciones-presencialidad-en-todos-los-distritos-y-ampliacion-de-jornadas\/#breadcrumb\",\"itemListElement\":[{\"@type\":\"ListItem\",\"position\":1,\"name\":\"Portada\",\"item\":\"https:\/\/experienciadevida.com.ar\/portalurbano\/\"},{\"@type\":\"ListItem\",\"position\":2,\"name\":\"Vuelta de las vacaciones: presencialidad en todos los distritos y ampliaci\u00f3n de jornadas\"}]},{\"@type\":\"WebSite\",\"@id\":\"https:\/\/experienciadevida.com.ar\/portalurbano\/#website\",\"url\":\"https:\/\/experienciadevida.com.ar\/portalurbano\/\",\"name\":\"\",\"description\":\"\",\"publisher\":{\"@id\":\"https:\/\/experienciadevida.com.ar\/portalurbano\/#organization\"},\"potentialAction\":[{\"@type\":\"SearchAction\",\"target\":{\"@type\":\"EntryPoint\",\"urlTemplate\":\"https:\/\/experienciadevida.com.ar\/portalurbano\/?s={search_term_string}\"},\"query-input\":\"required name=search_term_string\"}],\"inLanguage\":\"es\"},{\"@type\":\"Organization\",\"@id\":\"https:\/\/experienciadevida.com.ar\/portalurbano\/#organization\",\"name\":\"Portal Urbano\",\"url\":\"https:\/\/experienciadevida.com.ar\/portalurbano\/\",\"logo\":{\"@type\":\"ImageObject\",\"inLanguage\":\"es\",\"@id\":\"https:\/\/experienciadevida.com.ar\/portalurbano\/#\/schema\/logo\/image\/\",\"url\":\"https:\/\/experienciadevida.com.ar\/portalurbano\/wp-content\/uploads\/2019\/09\/Logo-Original.png\",\"contentUrl\":\"https:\/\/experienciadevida.com.ar\/portalurbano\/wp-content\/uploads\/2019\/09\/Logo-Original.png\",\"width\":2236,\"height\":1216,\"caption\":\"Portal Urbano\"},\"image\":{\"@id\":\"https:\/\/experienciadevida.com.ar\/portalurbano\/#\/schema\/logo\/image\/\"},\"sameAs\":[\"https:\/\/www.facebook.com\/Portal-Urbano-171542830093757\/\",\"https:\/\/twitter.com\/portalurbanook\",\"https:\/\/www.instagram.com\/_portalurbano\/\",\"https:\/\/www.youtube.com\/channel\/UCXhagIfszH8KxFiOok79zbA?view_as=subscriber\"]},{\"@type\":\"Person\",\"@id\":\"https:\/\/experienciadevida.com.ar\/portalurbano\/#\/schema\/person\/02dd326b1c4b056e9cc972486934a3a7\",\"name\":\"admpu17wp\",\"image\":{\"@type\":\"ImageObject\",\"inLanguage\":\"es\",\"@id\":\"https:\/\/experienciadevida.com.ar\/portalurbano\/#\/schema\/person\/image\/\",\"url\":\"https:\/\/secure.gravatar.com\/avatar\/830d4c57adaae6630765e449a6908047?s=96&d=mm&r=g\",\"contentUrl\":\"https:\/\/secure.gravatar.com\/avatar\/830d4c57adaae6630765e449a6908047?s=96&d=mm&r=g\",\"caption\":\"admpu17wp\"}}]}<\/script>\n<!-- \/ Yoast SEO plugin. -->","yoast_head_json":{"title":"Vuelta de las vacaciones: presencialidad en todos los distritos","description":"Vuelta de las vacaciones: presencialidad en todos los distritos y ampliaci\u00f3n de jornadas, los 135 municipios bonaerenses retomar\u00e1n.","robots":{"index":"index","follow":"follow","max-snippet":"max-snippet:-1","max-image-preview":"max-image-preview:large","max-video-preview":"max-video-preview:-1"},"canonical":"https:\/\/experienciadevida.com.ar\/portalurbano\/vuelta-de-las-vacaciones-presencialidad-en-todos-los-distritos-y-ampliacion-de-jornadas\/","og_locale":"es_ES","og_type":"article","og_title":"Vuelta de las vacaciones: presencialidad en todos los distritos","og_description":"Vuelta de las vacaciones: presencialidad en todos los distritos y ampliaci\u00f3n de jornadas, los 135 municipios bonaerenses retomar\u00e1n.","og_url":"https:\/\/experienciadevida.com.ar\/portalurbano\/vuelta-de-las-vacaciones-presencialidad-en-todos-los-distritos-y-ampliacion-de-jornadas\/","article_publisher":"https:\/\/www.facebook.com\/Portal-Urbano-171542830093757\/","article_published_time":"2021-08-01T23:18:15+00:00","article_modified_time":"2021-08-01T23:20:49+00:00","og_image":[{"width":696,"height":522,"url":"https:\/\/experienciadevida.com.ar\/portalurbano\/wp-content\/uploads\/2021\/08\/Vuelta-de-las-vacaciones.jpg","type":"image\/jpeg"}],"author":"admpu17wp","twitter_card":"summary_large_image","twitter_creator":"@portalurbanook","twitter_site":"@portalurbanook","twitter_misc":{"Escrito por":"admpu17wp","Tiempo de lectura":"3 minutos"},"schema":{"@context":"https:\/\/schema.org","@graph":[{"@type":"Article","@id":"https:\/\/experienciadevida.com.ar\/portalurbano\/vuelta-de-las-vacaciones-presencialidad-en-todos-los-distritos-y-ampliacion-de-jornadas\/#article","isPartOf":{"@id":"https:\/\/experienciadevida.com.ar\/portalurbano\/vuelta-de-las-vacaciones-presencialidad-en-todos-los-distritos-y-ampliacion-de-jornadas\/"},"author":{"name":"admpu17wp","@id":"https:\/\/experienciadevida.com.ar\/portalurbano\/#\/schema\/person\/02dd326b1c4b056e9cc972486934a3a7"},"headline":"Vuelta de las vacaciones: presencialidad en todos los distritos y ampliaci\u00f3n de jornadas","datePublished":"2021-08-01T23:18:15+00:00","dateModified":"2021-08-01T23:20:49+00:00","mainEntityOfPage":{"@id":"https:\/\/experienciadevida.com.ar\/portalurbano\/vuelta-de-las-vacaciones-presencialidad-en-todos-los-distritos-y-ampliacion-de-jornadas\/"},"wordCount":708,"publisher":{"@id":"https:\/\/experienciadevida.com.ar\/portalurbano\/#organization"},"articleSection":["Destacadas 2","Provincia"],"inLanguage":"es"},{"@type":"WebPage","@id":"https:\/\/experienciadevida.com.ar\/portalurbano\/vuelta-de-las-vacaciones-presencialidad-en-todos-los-distritos-y-ampliacion-de-jornadas\/","url":"https:\/\/experienciadevida.com.ar\/portalurbano\/vuelta-de-las-vacaciones-presencialidad-en-todos-los-distritos-y-ampliacion-de-jornadas\/","name":"Vuelta de las vacaciones: presencialidad en todos los distritos","isPartOf":{"@id":"https:\/\/experienciadevida.com.ar\/portalurbano\/#website"},"datePublished":"2021-08-01T23:18:15+00:00","dateModified":"2021-08-01T23:20:49+00:00","description":"Vuelta de las vacaciones: presencialidad en todos los distritos y ampliaci\u00f3n de jornadas, los 135 municipios bonaerenses retomar\u00e1n.","breadcrumb":{"@id":"https:\/\/experienciadevida.com.ar\/portalurbano\/vuelta-de-las-vacaciones-presencialidad-en-todos-los-distritos-y-ampliacion-de-jornadas\/#breadcrumb"},"inLanguage":"es","potentialAction":[{"@type":"ReadAction","target":["https:\/\/experienciadevida.com.ar\/portalurbano\/vuelta-de-las-vacaciones-presencialidad-en-todos-los-distritos-y-ampliacion-de-jornadas\/"]}]},{"@type":"BreadcrumbList","@id":"https:\/\/experienciadevida.com.ar\/portalurbano\/vuelta-de-las-vacaciones-presencialidad-en-todos-los-distritos-y-ampliacion-de-jornadas\/#breadcrumb","itemListElement":[{"@type":"ListItem","position":1,"name":"Portada","item":"https:\/\/experienciadevida.com.ar\/portalurbano\/"},{"@type":"ListItem","position":2,"name":"Vuelta de las vacaciones: presencialidad en todos los distritos y ampliaci\u00f3n de jornadas"}]},{"@type":"WebSite","@id":"https:\/\/experienciadevida.com.ar\/portalurbano\/#website","url":"https:\/\/experienciadevida.com.ar\/portalurbano\/","name":"","description":"","publisher":{"@id":"https:\/\/experienciadevida.com.ar\/portalurbano\/#organization"},"potentialAction":[{"@type":"SearchAction","target":{"@type":"EntryPoint","urlTemplate":"https:\/\/experienciadevida.com.ar\/portalurbano\/?s={search_term_string}"},"query-input":"required name=search_term_string"}],"inLanguage":"es"},{"@type":"Organization","@id":"https:\/\/experienciadevida.com.ar\/portalurbano\/#organization","name":"Portal Urbano","url":"https:\/\/experienciadevida.com.ar\/portalurbano\/","logo":{"@type":"ImageObject","inLanguage":"es","@id":"https:\/\/experienciadevida.com.ar\/portalurbano\/#\/schema\/logo\/image\/","url":"https:\/\/experienciadevida.com.ar\/portalurbano\/wp-content\/uploads\/2019\/09\/Logo-Original.png","contentUrl":"https:\/\/experienciadevida.com.ar\/portalurbano\/wp-content\/uploads\/2019\/09\/Logo-Original.png","width":2236,"height":1216,"caption":"Portal Urbano"},"image":{"@id":"https:\/\/experienciadevida.com.ar\/portalurbano\/#\/schema\/logo\/image\/"},"sameAs":["https:\/\/www.facebook.com\/Portal-Urbano-171542830093757\/","https:\/\/twitter.com\/portalurbanook","https:\/\/www.instagram.com\/_portalurbano\/","https:\/\/www.youtube.com\/channel\/UCXhagIfszH8KxFiOok79zbA?view_as=subscriber"]},{"@type":"Person","@id":"https:\/\/experienciadevida.com.ar\/portalurbano\/#\/schema\/person\/02dd326b1c4b056e9cc972486934a3a7","name":"admpu17wp","image":{"@type":"ImageObject","inLanguage":"es","@id":"https:\/\/experienciadevida.com.ar\/portalurbano\/#\/schema\/person\/image\/","url":"https:\/\/secure.gravatar.com\/avatar\/830d4c57adaae6630765e449a6908047?s=96&d=mm&r=g","contentUrl":"https:\/\/secure.gravatar.com\/avatar\/830d4c57adaae6630765e449a6908047?s=96&d=mm&r=g","caption":"admpu17wp"}}]}},"featured_image_urls":{"full":["https:\/\/experienciadevida.com.ar\/portalurbano\/wp-content\/uploads\/2021\/08\/Vuelta-de-las-vacaciones.jpg",696,522,false],"thumbnail":["https:\/\/experienciadevida.com.ar\/portalurbano\/wp-content\/uploads\/2021\/08\/Vuelta-de-las-vacaciones-150x150.jpg",150,150,true],"medium":["https:\/\/experienciadevida.com.ar\/portalurbano\/wp-content\/uploads\/2021\/08\/Vuelta-de-las-vacaciones-300x225.jpg",300,225,true],"medium_large":["https:\/\/experienciadevida.com.ar\/portalurbano\/wp-content\/uploads\/2021\/08\/Vuelta-de-las-vacaciones.jpg",640,480,false],"large":["https:\/\/experienciadevida.com.ar\/portalurbano\/wp-content\/uploads\/2021\/08\/Vuelta-de-las-vacaciones.jpg",640,480,false],"ug_big":["https:\/\/experienciadevida.com.ar\/portalurbano\/wp-content\/uploads\/2021\/08\/Vuelta-de-las-vacaciones.jpg",696,522,false],"1536x1536":["https:\/\/experienciadevida.com.ar\/portalurbano\/wp-content\/uploads\/2021\/08\/Vuelta-de-las-vacaciones.jpg",696,522,false],"2048x2048":["https:\/\/experienciadevida.com.ar\/portalurbano\/wp-content\/uploads\/2021\/08\/Vuelta-de-las-vacaciones.jpg",696,522,false],"newsever-slider-full":["https:\/\/experienciadevida.com.ar\/portalurbano\/wp-content\/uploads\/2021\/08\/Vuelta-de-las-vacaciones.jpg",696,522,false],"newsever-featured":["https:\/\/experienciadevida.com.ar\/portalurbano\/wp-content\/uploads\/2021\/08\/Vuelta-de-las-vacaciones.jpg",696,522,false],"newsever-medium":["https:\/\/experienciadevida.com.ar\/portalurbano\/wp-content\/uploads\/2021\/08\/Vuelta-de-las-vacaciones.jpg",633,475,false],"web-stories-poster-portrait":["https:\/\/experienciadevida.com.ar\/portalurbano\/wp-content\/uploads\/2021\/08\/Vuelta-de-las-vacaciones.jpg",640,480,false],"web-stories-publisher-logo":["https:\/\/experienciadevida.com.ar\/portalurbano\/wp-content\/uploads\/2021\/08\/Vuelta-de-las-vacaciones.jpg",96,72,false],"web-stories-thumbnail":["https:\/\/experienciadevida.com.ar\/portalurbano\/wp-content\/uploads\/2021\/08\/Vuelta-de-las-vacaciones.jpg",150,113,false]},"author_info":{"display_name":"admpu17wp","author_link":"https:\/\/experienciadevida.com.ar\/portalurbano\/author\/admpu17wp\/"},"category_info":"<a href=\"https:\/\/experienciadevida.com.ar\/portalurbano\/category\/destacadas-2\/\" rel=\"category tag\">Destacadas 2<\/a> <a href=\"https:\/\/experienciadevida.com.ar\/portalurbano\/category\/provincia\/\" rel=\"category tag\">Provincia<\/a>","tag_info":"Provincia","comment_count":"0","amp_enabled":true,"_links":{"self":[{"href":"https:\/\/experienciadevida.com.ar\/portalurbano\/wp-json\/wp\/v2\/posts\/149133"}],"collection":[{"href":"https:\/\/experienciadevida.com.ar\/portalurbano\/wp-json\/wp\/v2\/posts"}],"about":[{"href":"https:\/\/experienciadevida.com.ar\/portalurbano\/wp-json\/wp\/v2\/types\/post"}],"author":[{"embeddable":true,"href":"https:\/\/experienciadevida.com.ar\/portalurbano\/wp-json\/wp\/v2\/users\/1"}],"replies":[{"embeddable":true,"href":"https:\/\/experienciadevida.com.ar\/portalurbano\/wp-json\/wp\/v2\/comments?post=149133"}],"version-history":[{"count":2,"href":"https:\/\/experienciadevida.com.ar\/portalurbano\/wp-json\/wp\/v2\/posts\/149133\/revisions"}],"predecessor-version":[{"id":149136,"href":"https:\/\/experienciadevida.com.ar\/portalurbano\/wp-json\/wp\/v2\/posts\/149133\/revisions\/149136"}],"wp:featuredmedia":[{"embeddable":true,"href":"https:\/\/experienciadevida.com.ar\/portalurbano\/wp-json\/wp\/v2\/media\/149134"}],"wp:attachment":[{"href":"https:\/\/experienciadevida.com.ar\/portalurbano\/wp-json\/wp\/v2\/media?parent=149133"}],"wp:term":[{"taxonomy":"category","embeddable":true,"href":"https:\/\/experienciadevida.com.ar\/portalurbano\/wp-json\/wp\/v2\/categories?post=149133"},{"taxonomy":"post_tag","embeddable":true,"href":"https:\/\/experienciadevida.com.ar\/portalurbano\/wp-json\/wp\/v2\/tags?post=149133"}],"curies":[{"name":"wp","href":"https:\/\/api.w.org\/{rel}","templated":true}]}}