{"id":148996,"date":"2021-07-30T14:11:09","date_gmt":"2021-07-30T17:11:09","guid":{"rendered":"https:\/\/experienciadevida.com.ar\/portalurbano\/?p=148996"},"modified":"2021-07-30T14:17:35","modified_gmt":"2021-07-30T17:17:35","slug":"el-municipio-repavimentara-calles-de-los-barrios-lujan-e-independencia","status":"publish","type":"post","link":"https:\/\/experienciadevida.com.ar\/portalurbano\/el-municipio-repavimentara-calles-de-los-barrios-lujan-e-independencia\/","title":{"rendered":"El Municipio repavimentar\u00e1 calles de los barrios Luj\u00e1n e Independencia"},"content":{"rendered":"<p>El <a href=\"https:\/\/www.facebook.com\/municipiodeolavarria\">Municipio<\/a> repavimentar\u00e1 calles de los barrios Luj\u00e1n e Independencia, en la ma\u00f1ana de este viernes se realiz\u00f3 la apertura de la licitaci\u00f3n p\u00fablica para la repavimentaci\u00f3n de calles en los barrios Luj\u00e1n e Independencia, que llevar\u00e1 adelante la gesti\u00f3n municipal.<\/p>\n<p>La apertura tuvo lugar en el Palacio San Mart\u00edn y en la oportunidad estuvieron presentes, la directora de Licitaciones Pilar Ciardelli y los representantes de las empresas oferentes.<\/p>\n<p>Las obras consisten la repavimentaci\u00f3n con hormig\u00f3n simple de calles de la planta urbana de la ciudad, que presentan un importante estado de deterioro y dificultan el tr\u00e1nsito vehicular.<\/p>\n<p>El Municipio repavimentar\u00e1 calles de los barrios Luj\u00e1n e Independencia, la calzada a pavimentar tendr\u00e1 un ancho de 10 metros. Se utilizar\u00e1 un hormig\u00f3n tipo H30 con un espesor de 0,15 metros. La base ser\u00e1 de tosca compactada con un espesor de 0,20 metros.<\/p>\n<p>El listado de calles a pavimentar incluye en el barrio Luj\u00e1n: Dorrego entre Celestino Mu\u00f1oz y Manuel Leal (1 cuadra) y Manuel Leal entre Dorrego y Sargento Cabral (2 cuadras) y en el barrio Independencia: San Lorenzo entre Avda. Pueyrred\u00f3n y Azopardo (1 cuadra) y Azopardo entre Independencia y San Lorenzo (1 cuadra).<\/p>\n<p>Las ofertas presentadas se detallan a continuaci\u00f3n:<\/p>\n<p>Proponente N\u00ba 1: Atak S.R.L. cotiz\u00f3 la suma de $15.240.500.<br \/>\nProponente N\u00ba 2: Demoliciones Olavarr\u00eda S.A. cotiz\u00f3 la suma de $15.730.000.<br \/>\nProponente N\u00ba 3: Burgart N\u00e9stor Miguel cotiz\u00f3 la suma de $13.827.000.<\/p>\n","protected":false},"excerpt":{"rendered":"<p>El Municipio repavimentar\u00e1 calles de los barrios Luj\u00e1n e Independencia, en la ma\u00f1ana de este&#8230;<\/p>\n","protected":false},"author":1,"featured_media":148997,"comment_status":"closed","ping_status":"closed","sticky":false,"template":"","format":"standard","meta":{"content-type":""},"categories":[27,64],"tags":[],"nelio_content":{"isAutoShareEnabled":false,"autoShareEndMode":"default","automationSources":{"useContentSentences":true,"useSocialTemplates":true,"useCustomSentences":false,"customSentences":[]},"followers":[1],"suggestedReferences":[],"includedReferences":[],"efiUrl":"","efiAlt":"","highlights":[]},"yoast_head":"<!-- This site is optimized with the Yoast SEO plugin v20.7 - https:\/\/yoast.com\/wordpress\/plugins\/seo\/ -->\n<title>El Municipio repavimentar\u00e1 calles de los barrios Luj\u00e1n e Independencia<\/title>\n<meta name=\"description\" content=\"El Municipio repavimentar\u00e1 calles de los barrios Luj\u00e1n e Independencia, en la ma\u00f1ana de este viernes se realiz\u00f3 la apertura de la licitaci\u00f3n\" \/>\n<meta name=\"robots\" content=\"index, follow, max-snippet:-1, max-image-preview:large, max-video-preview:-1\" \/>\n<link rel=\"canonical\" href=\"https:\/\/experienciadevida.com.ar\/portalurbano\/el-municipio-repavimentara-calles-de-los-barrios-lujan-e-independencia\/\" \/>\n<meta property=\"og:locale\" content=\"es_ES\" \/>\n<meta property=\"og:type\" content=\"article\" \/>\n<meta property=\"og:title\" content=\"El Municipio repavimentar\u00e1 calles de los barrios Luj\u00e1n e Independencia\" \/>\n<meta property=\"og:description\" content=\"El Municipio repavimentar\u00e1 calles de los barrios Luj\u00e1n e Independencia, en la ma\u00f1ana de este viernes se realiz\u00f3 la apertura de la licitaci\u00f3n\" \/>\n<meta property=\"og:url\" content=\"https:\/\/experienciadevida.com.ar\/portalurbano\/el-municipio-repavimentara-calles-de-los-barrios-lujan-e-independencia\/\" \/>\n<meta property=\"article:publisher\" content=\"https:\/\/www.facebook.com\/Portal-Urbano-171542830093757\/\" \/>\n<meta property=\"article:published_time\" content=\"2021-07-30T17:11:09+00:00\" \/>\n<meta property=\"article:modified_time\" content=\"2021-07-30T17:17:35+00:00\" \/>\n<meta property=\"og:image\" content=\"https:\/\/experienciadevida.com.ar\/portalurbano\/wp-content\/uploads\/2021\/07\/El-Municipio-repavimentara-calles-de.jpg\" \/>\n\t<meta property=\"og:image:width\" content=\"1024\" \/>\n\t<meta property=\"og:image:height\" content=\"683\" \/>\n\t<meta property=\"og:image:type\" content=\"image\/jpeg\" \/>\n<meta name=\"author\" content=\"admpu17wp\" \/>\n<meta name=\"twitter:card\" content=\"summary_large_image\" \/>\n<meta name=\"twitter:creator\" content=\"@portalurbanook\" \/>\n<meta name=\"twitter:site\" content=\"@portalurbanook\" \/>\n<meta name=\"twitter:label1\" content=\"Escrito por\" \/>\n\t<meta name=\"twitter:data1\" content=\"admpu17wp\" \/>\n\t<meta name=\"twitter:label2\" content=\"Tiempo de lectura\" \/>\n\t<meta name=\"twitter:data2\" content=\"2 minutos\" \/>\n<script type=\"application\/ld+json\" class=\"yoast-schema-graph\">{\"@context\":\"https:\/\/schema.org\",\"@graph\":[{\"@type\":\"Article\",\"@id\":\"https:\/\/experienciadevida.com.ar\/portalurbano\/el-municipio-repavimentara-calles-de-los-barrios-lujan-e-independencia\/#article\",\"isPartOf\":{\"@id\":\"https:\/\/experienciadevida.com.ar\/portalurbano\/el-municipio-repavimentara-calles-de-los-barrios-lujan-e-independencia\/\"},\"author\":{\"name\":\"admpu17wp\",\"@id\":\"https:\/\/experienciadevida.com.ar\/portalurbano\/#\/schema\/person\/02dd326b1c4b056e9cc972486934a3a7\"},\"headline\":\"El Municipio repavimentar\u00e1 calles de los barrios Luj\u00e1n e Independencia\",\"datePublished\":\"2021-07-30T17:11:09+00:00\",\"dateModified\":\"2021-07-30T17:17:35+00:00\",\"mainEntityOfPage\":{\"@id\":\"https:\/\/experienciadevida.com.ar\/portalurbano\/el-municipio-repavimentara-calles-de-los-barrios-lujan-e-independencia\/\"},\"wordCount\":254,\"publisher\":{\"@id\":\"https:\/\/experienciadevida.com.ar\/portalurbano\/#organization\"},\"articleSection\":[\"Ciudad\",\"Destacadas 2\"],\"inLanguage\":\"es\"},{\"@type\":\"WebPage\",\"@id\":\"https:\/\/experienciadevida.com.ar\/portalurbano\/el-municipio-repavimentara-calles-de-los-barrios-lujan-e-independencia\/\",\"url\":\"https:\/\/experienciadevida.com.ar\/portalurbano\/el-municipio-repavimentara-calles-de-los-barrios-lujan-e-independencia\/\",\"name\":\"El Municipio repavimentar\u00e1 calles de los barrios Luj\u00e1n e Independencia\",\"isPartOf\":{\"@id\":\"https:\/\/experienciadevida.com.ar\/portalurbano\/#website\"},\"datePublished\":\"2021-07-30T17:11:09+00:00\",\"dateModified\":\"2021-07-30T17:17:35+00:00\",\"description\":\"El Municipio repavimentar\u00e1 calles de los barrios Luj\u00e1n e Independencia, en la ma\u00f1ana de este viernes se realiz\u00f3 la apertura de la licitaci\u00f3n\",\"breadcrumb\":{\"@id\":\"https:\/\/experienciadevida.com.ar\/portalurbano\/el-municipio-repavimentara-calles-de-los-barrios-lujan-e-independencia\/#breadcrumb\"},\"inLanguage\":\"es\",\"potentialAction\":[{\"@type\":\"ReadAction\",\"target\":[\"https:\/\/experienciadevida.com.ar\/portalurbano\/el-municipio-repavimentara-calles-de-los-barrios-lujan-e-independencia\/\"]}]},{\"@type\":\"BreadcrumbList\",\"@id\":\"https:\/\/experienciadevida.com.ar\/portalurbano\/el-municipio-repavimentara-calles-de-los-barrios-lujan-e-independencia\/#breadcrumb\",\"itemListElement\":[{\"@type\":\"ListItem\",\"position\":1,\"name\":\"Portada\",\"item\":\"https:\/\/experienciadevida.com.ar\/portalurbano\/\"},{\"@type\":\"ListItem\",\"position\":2,\"name\":\"El Municipio repavimentar\u00e1 calles de los barrios Luj\u00e1n e Independencia\"}]},{\"@type\":\"WebSite\",\"@id\":\"https:\/\/experienciadevida.com.ar\/portalurbano\/#website\",\"url\":\"https:\/\/experienciadevida.com.ar\/portalurbano\/\",\"name\":\"\",\"description\":\"\",\"publisher\":{\"@id\":\"https:\/\/experienciadevida.com.ar\/portalurbano\/#organization\"},\"potentialAction\":[{\"@type\":\"SearchAction\",\"target\":{\"@type\":\"EntryPoint\",\"urlTemplate\":\"https:\/\/experienciadevida.com.ar\/portalurbano\/?s={search_term_string}\"},\"query-input\":\"required name=search_term_string\"}],\"inLanguage\":\"es\"},{\"@type\":\"Organization\",\"@id\":\"https:\/\/experienciadevida.com.ar\/portalurbano\/#organization\",\"name\":\"Portal Urbano\",\"url\":\"https:\/\/experienciadevida.com.ar\/portalurbano\/\",\"logo\":{\"@type\":\"ImageObject\",\"inLanguage\":\"es\",\"@id\":\"https:\/\/experienciadevida.com.ar\/portalurbano\/#\/schema\/logo\/image\/\",\"url\":\"https:\/\/experienciadevida.com.ar\/portalurbano\/wp-content\/uploads\/2019\/09\/Logo-Original.png\",\"contentUrl\":\"https:\/\/experienciadevida.com.ar\/portalurbano\/wp-content\/uploads\/2019\/09\/Logo-Original.png\",\"width\":2236,\"height\":1216,\"caption\":\"Portal Urbano\"},\"image\":{\"@id\":\"https:\/\/experienciadevida.com.ar\/portalurbano\/#\/schema\/logo\/image\/\"},\"sameAs\":[\"https:\/\/www.facebook.com\/Portal-Urbano-171542830093757\/\",\"https:\/\/twitter.com\/portalurbanook\",\"https:\/\/www.instagram.com\/_portalurbano\/\",\"https:\/\/www.youtube.com\/channel\/UCXhagIfszH8KxFiOok79zbA?view_as=subscriber\"]},{\"@type\":\"Person\",\"@id\":\"https:\/\/experienciadevida.com.ar\/portalurbano\/#\/schema\/person\/02dd326b1c4b056e9cc972486934a3a7\",\"name\":\"admpu17wp\",\"image\":{\"@type\":\"ImageObject\",\"inLanguage\":\"es\",\"@id\":\"https:\/\/experienciadevida.com.ar\/portalurbano\/#\/schema\/person\/image\/\",\"url\":\"https:\/\/secure.gravatar.com\/avatar\/830d4c57adaae6630765e449a6908047?s=96&d=mm&r=g\",\"contentUrl\":\"https:\/\/secure.gravatar.com\/avatar\/830d4c57adaae6630765e449a6908047?s=96&d=mm&r=g\",\"caption\":\"admpu17wp\"}}]}<\/script>\n<!-- \/ Yoast SEO plugin. -->","yoast_head_json":{"title":"El Municipio repavimentar\u00e1 calles de los barrios Luj\u00e1n e Independencia","description":"El Municipio repavimentar\u00e1 calles de los barrios Luj\u00e1n e Independencia, en la ma\u00f1ana de este viernes se realiz\u00f3 la apertura de la licitaci\u00f3n","robots":{"index":"index","follow":"follow","max-snippet":"max-snippet:-1","max-image-preview":"max-image-preview:large","max-video-preview":"max-video-preview:-1"},"canonical":"https:\/\/experienciadevida.com.ar\/portalurbano\/el-municipio-repavimentara-calles-de-los-barrios-lujan-e-independencia\/","og_locale":"es_ES","og_type":"article","og_title":"El Municipio repavimentar\u00e1 calles de los barrios Luj\u00e1n e Independencia","og_description":"El Municipio repavimentar\u00e1 calles de los barrios Luj\u00e1n e Independencia, en la ma\u00f1ana de este viernes se realiz\u00f3 la apertura de la licitaci\u00f3n","og_url":"https:\/\/experienciadevida.com.ar\/portalurbano\/el-municipio-repavimentara-calles-de-los-barrios-lujan-e-independencia\/","article_publisher":"https:\/\/www.facebook.com\/Portal-Urbano-171542830093757\/","article_published_time":"2021-07-30T17:11:09+00:00","article_modified_time":"2021-07-30T17:17:35+00:00","og_image":[{"width":1024,"height":683,"url":"https:\/\/experienciadevida.com.ar\/portalurbano\/wp-content\/uploads\/2021\/07\/El-Municipio-repavimentara-calles-de.jpg","type":"image\/jpeg"}],"author":"admpu17wp","twitter_card":"summary_large_image","twitter_creator":"@portalurbanook","twitter_site":"@portalurbanook","twitter_misc":{"Escrito por":"admpu17wp","Tiempo de lectura":"2 minutos"},"schema":{"@context":"https:\/\/schema.org","@graph":[{"@type":"Article","@id":"https:\/\/experienciadevida.com.ar\/portalurbano\/el-municipio-repavimentara-calles-de-los-barrios-lujan-e-independencia\/#article","isPartOf":{"@id":"https:\/\/experienciadevida.com.ar\/portalurbano\/el-municipio-repavimentara-calles-de-los-barrios-lujan-e-independencia\/"},"author":{"name":"admpu17wp","@id":"https:\/\/experienciadevida.com.ar\/portalurbano\/#\/schema\/person\/02dd326b1c4b056e9cc972486934a3a7"},"headline":"El Municipio repavimentar\u00e1 calles de los barrios Luj\u00e1n e Independencia","datePublished":"2021-07-30T17:11:09+00:00","dateModified":"2021-07-30T17:17:35+00:00","mainEntityOfPage":{"@id":"https:\/\/experienciadevida.com.ar\/portalurbano\/el-municipio-repavimentara-calles-de-los-barrios-lujan-e-independencia\/"},"wordCount":254,"publisher":{"@id":"https:\/\/experienciadevida.com.ar\/portalurbano\/#organization"},"articleSection":["Ciudad","Destacadas 2"],"inLanguage":"es"},{"@type":"WebPage","@id":"https:\/\/experienciadevida.com.ar\/portalurbano\/el-municipio-repavimentara-calles-de-los-barrios-lujan-e-independencia\/","url":"https:\/\/experienciadevida.com.ar\/portalurbano\/el-municipio-repavimentara-calles-de-los-barrios-lujan-e-independencia\/","name":"El Municipio repavimentar\u00e1 calles de los barrios Luj\u00e1n e Independencia","isPartOf":{"@id":"https:\/\/experienciadevida.com.ar\/portalurbano\/#website"},"datePublished":"2021-07-30T17:11:09+00:00","dateModified":"2021-07-30T17:17:35+00:00","description":"El Municipio repavimentar\u00e1 calles de los barrios Luj\u00e1n e Independencia, en la ma\u00f1ana de este viernes se realiz\u00f3 la apertura de la licitaci\u00f3n","breadcrumb":{"@id":"https:\/\/experienciadevida.com.ar\/portalurbano\/el-municipio-repavimentara-calles-de-los-barrios-lujan-e-independencia\/#breadcrumb"},"inLanguage":"es","potentialAction":[{"@type":"ReadAction","target":["https:\/\/experienciadevida.com.ar\/portalurbano\/el-municipio-repavimentara-calles-de-los-barrios-lujan-e-independencia\/"]}]},{"@type":"BreadcrumbList","@id":"https:\/\/experienciadevida.com.ar\/portalurbano\/el-municipio-repavimentara-calles-de-los-barrios-lujan-e-independencia\/#breadcrumb","itemListElement":[{"@type":"ListItem","position":1,"name":"Portada","item":"https:\/\/experienciadevida.com.ar\/portalurbano\/"},{"@type":"ListItem","position":2,"name":"El Municipio repavimentar\u00e1 calles de los barrios Luj\u00e1n e Independencia"}]},{"@type":"WebSite","@id":"https:\/\/experienciadevida.com.ar\/portalurbano\/#website","url":"https:\/\/experienciadevida.com.ar\/portalurbano\/","name":"","description":"","publisher":{"@id":"https:\/\/experienciadevida.com.ar\/portalurbano\/#organization"},"potentialAction":[{"@type":"SearchAction","target":{"@type":"EntryPoint","urlTemplate":"https:\/\/experienciadevida.com.ar\/portalurbano\/?s={search_term_string}"},"query-input":"required name=search_term_string"}],"inLanguage":"es"},{"@type":"Organization","@id":"https:\/\/experienciadevida.com.ar\/portalurbano\/#organization","name":"Portal Urbano","url":"https:\/\/experienciadevida.com.ar\/portalurbano\/","logo":{"@type":"ImageObject","inLanguage":"es","@id":"https:\/\/experienciadevida.com.ar\/portalurbano\/#\/schema\/logo\/image\/","url":"https:\/\/experienciadevida.com.ar\/portalurbano\/wp-content\/uploads\/2019\/09\/Logo-Original.png","contentUrl":"https:\/\/experienciadevida.com.ar\/portalurbano\/wp-content\/uploads\/2019\/09\/Logo-Original.png","width":2236,"height":1216,"caption":"Portal Urbano"},"image":{"@id":"https:\/\/experienciadevida.com.ar\/portalurbano\/#\/schema\/logo\/image\/"},"sameAs":["https:\/\/www.facebook.com\/Portal-Urbano-171542830093757\/","https:\/\/twitter.com\/portalurbanook","https:\/\/www.instagram.com\/_portalurbano\/","https:\/\/www.youtube.com\/channel\/UCXhagIfszH8KxFiOok79zbA?view_as=subscriber"]},{"@type":"Person","@id":"https:\/\/experienciadevida.com.ar\/portalurbano\/#\/schema\/person\/02dd326b1c4b056e9cc972486934a3a7","name":"admpu17wp","image":{"@type":"ImageObject","inLanguage":"es","@id":"https:\/\/experienciadevida.com.ar\/portalurbano\/#\/schema\/person\/image\/","url":"https:\/\/secure.gravatar.com\/avatar\/830d4c57adaae6630765e449a6908047?s=96&d=mm&r=g","contentUrl":"https:\/\/secure.gravatar.com\/avatar\/830d4c57adaae6630765e449a6908047?s=96&d=mm&r=g","caption":"admpu17wp"}}]}},"featured_image_urls":{"full":["https:\/\/experienciadevida.com.ar\/portalurbano\/wp-content\/uploads\/2021\/07\/El-Municipio-repavimentara-calles-de.jpg",1024,683,false],"thumbnail":["https:\/\/experienciadevida.com.ar\/portalurbano\/wp-content\/uploads\/2021\/07\/El-Municipio-repavimentara-calles-de-150x150.jpg",150,150,true],"medium":["https:\/\/experienciadevida.com.ar\/portalurbano\/wp-content\/uploads\/2021\/07\/El-Municipio-repavimentara-calles-de-300x200.jpg",300,200,true],"medium_large":["https:\/\/experienciadevida.com.ar\/portalurbano\/wp-content\/uploads\/2021\/07\/El-Municipio-repavimentara-calles-de-768x512.jpg",640,427,true],"large":["https:\/\/experienciadevida.com.ar\/portalurbano\/wp-content\/uploads\/2021\/07\/El-Municipio-repavimentara-calles-de.jpg",640,427,false],"ug_big":["https:\/\/experienciadevida.com.ar\/portalurbano\/wp-content\/uploads\/2021\/07\/El-Municipio-repavimentara-calles-de-768x512.jpg",768,512,true],"1536x1536":["https:\/\/experienciadevida.com.ar\/portalurbano\/wp-content\/uploads\/2021\/07\/El-Municipio-repavimentara-calles-de.jpg",1024,683,false],"2048x2048":["https:\/\/experienciadevida.com.ar\/portalurbano\/wp-content\/uploads\/2021\/07\/El-Municipio-repavimentara-calles-de.jpg",1024,683,false],"newsever-slider-full":["https:\/\/experienciadevida.com.ar\/portalurbano\/wp-content\/uploads\/2021\/07\/El-Municipio-repavimentara-calles-de.jpg",1024,683,false],"newsever-featured":["https:\/\/experienciadevida.com.ar\/portalurbano\/wp-content\/uploads\/2021\/07\/El-Municipio-repavimentara-calles-de.jpg",1024,683,false],"newsever-medium":["https:\/\/experienciadevida.com.ar\/portalurbano\/wp-content\/uploads\/2021\/07\/El-Municipio-repavimentara-calles-de.jpg",712,475,false],"web-stories-poster-portrait":["https:\/\/experienciadevida.com.ar\/portalurbano\/wp-content\/uploads\/2021\/07\/El-Municipio-repavimentara-calles-de.jpg",640,427,false],"web-stories-publisher-logo":["https:\/\/experienciadevida.com.ar\/portalurbano\/wp-content\/uploads\/2021\/07\/El-Municipio-repavimentara-calles-de.jpg",96,64,false],"web-stories-thumbnail":["https:\/\/experienciadevida.com.ar\/portalurbano\/wp-content\/uploads\/2021\/07\/El-Municipio-repavimentara-calles-de.jpg",150,100,false]},"author_info":{"display_name":"admpu17wp","author_link":"https:\/\/experienciadevida.com.ar\/portalurbano\/author\/admpu17wp\/"},"category_info":"<a href=\"https:\/\/experienciadevida.com.ar\/portalurbano\/category\/ciudad\/\" rel=\"category tag\">Ciudad<\/a> <a href=\"https:\/\/experienciadevida.com.ar\/portalurbano\/category\/destacadas-2\/\" rel=\"category tag\">Destacadas 2<\/a>","tag_info":"Destacadas 2","comment_count":"0","amp_enabled":true,"_links":{"self":[{"href":"https:\/\/experienciadevida.com.ar\/portalurbano\/wp-json\/wp\/v2\/posts\/148996"}],"collection":[{"href":"https:\/\/experienciadevida.com.ar\/portalurbano\/wp-json\/wp\/v2\/posts"}],"about":[{"href":"https:\/\/experienciadevida.com.ar\/portalurbano\/wp-json\/wp\/v2\/types\/post"}],"author":[{"embeddable":true,"href":"https:\/\/experienciadevida.com.ar\/portalurbano\/wp-json\/wp\/v2\/users\/1"}],"replies":[{"embeddable":true,"href":"https:\/\/experienciadevida.com.ar\/portalurbano\/wp-json\/wp\/v2\/comments?post=148996"}],"version-history":[{"count":3,"href":"https:\/\/experienciadevida.com.ar\/portalurbano\/wp-json\/wp\/v2\/posts\/148996\/revisions"}],"predecessor-version":[{"id":149003,"href":"https:\/\/experienciadevida.com.ar\/portalurbano\/wp-json\/wp\/v2\/posts\/148996\/revisions\/149003"}],"wp:featuredmedia":[{"embeddable":true,"href":"https:\/\/experienciadevida.com.ar\/portalurbano\/wp-json\/wp\/v2\/media\/148997"}],"wp:attachment":[{"href":"https:\/\/experienciadevida.com.ar\/portalurbano\/wp-json\/wp\/v2\/media?parent=148996"}],"wp:term":[{"taxonomy":"category","embeddable":true,"href":"https:\/\/experienciadevida.com.ar\/portalurbano\/wp-json\/wp\/v2\/categories?post=148996"},{"taxonomy":"post_tag","embeddable":true,"href":"https:\/\/experienciadevida.com.ar\/portalurbano\/wp-json\/wp\/v2\/tags?post=148996"}],"curies":[{"name":"wp","href":"https:\/\/api.w.org\/{rel}","templated":true}]}}