{"id":148978,"date":"2021-07-30T12:21:13","date_gmt":"2021-07-30T15:21:13","guid":{"rendered":"https:\/\/experienciadevida.com.ar\/portalurbano\/?p=148978"},"modified":"2021-07-30T12:24:27","modified_gmt":"2021-07-30T15:24:27","slug":"integrantes-del-consejo-de-administracion-de-coopelectric-visitaron-la-s-de-fomento-del-b-aoma","status":"publish","type":"post","link":"https:\/\/experienciadevida.com.ar\/portalurbano\/integrantes-del-consejo-de-administracion-de-coopelectric-visitaron-la-s-de-fomento-del-b-aoma\/","title":{"rendered":"Integrantes del Consejo de Administraci\u00f3n de Coopelectric visitaron la S.de Fomento del B AOMA"},"content":{"rendered":"<p>Integrantes del Consejo de Administraci\u00f3n de Coopelectric visitaron la S.de Fomento del B AOMA y mantuvieron un encuentro con las autoridades de su nueva Comisi\u00f3n Directiva.<\/p>\n<p>Desde Coopelectric participaron el presidente del Consejo de Administraci\u00f3n Dr. Ignacio <a href=\"https:\/\/www.facebook.com\/alfredoignacio.aramburu\">Aramburu<\/a>, el prosecretario Oscar Angeletti, el consejero Jose Mor\u00e1n y el gerente de Distribuci\u00f3n de Energ\u00eda El\u00e9ctrica Ing. Claudio N\u00e1poli; y por la Sociedad de Fomento estuvieron su presidente Mauricio Navarro, el vicepresidente Carlos Campagne, la secretaria Candela Orsatti, el reconocido fomentista Walter \u201cPano\u201d Vega que tras una vasta trayectoria al frente de la entidad dej\u00f3 la presidencia para continuar trabajando por los vecinos como vocal, la segunda vocal Josefina Pe\u00f1a y la revisora de cuentas Yanina Elbey.<\/p>\n<p>La reuni\u00f3n tuvo lugar en la sede de la Sociedad de Fomento ubicada en Teniente Coronel Barcal\u00e1 entre General Paz y Coronel Su\u00e1rez, cumpliendo de<br \/>\nforma estricta con las normas de bioseguridad recomendadas ante la situaci\u00f3n sanitaria.<\/p>\n<p>El presidente del Consejo de Administraci\u00f3n de Coopelectric Ignacio Aramburu hizo un recorrido por los servicios que brinda la Cooperativa y sobre el trabajo realizado desde que se inici\u00f3 la pandemia para garantizar la prestaci\u00f3n de los servicios esenciales.<\/p>\n<p>Uno de los temas que result\u00f3 de mayor inter\u00e9s fue el servicio de Alumbrado P\u00fablico y en ese sentido el Ing. N\u00e1poli explic\u00f3 que \u201cla Cooperativa tiene la<br \/>\nresponsabilidad de operar y mantener el Alumbrado por lo que de manera constante se trabaja en la reparaci\u00f3n o el recambio de luminarias apagadas\u201d.<\/p>\n<p>Integrantes del Consejo de Administraci\u00f3n y personal t\u00e9cnico de Coopelectric visitaron la Sociedad de Fomento Carlos Von Bernard en el barrio AOMA tambi\u00e9n se refirieron a la reparaci\u00f3n de luminarias realizadas en el barrio AOMA y al igual que en otras oportunidades destac\u00f3 la importancia de formalizar los reclamos t\u00e9cnicos a trav\u00e9s de las v\u00edas de comunicaci\u00f3n que brinda Coopelectric para posibilitar su trazabilidad mediante el n\u00famero de reclamo otorgado.<\/p>\n<p>Los fomentistas brindaron informaci\u00f3n sobre el importante trabajo que llevan a cabo desde la entidad, las demandas y proyectos que surgen desde el barrio en pos de mejorar la calidad de vida de los vecinos, sobre las actividades que est\u00e1n planificadas para celebrar el D\u00eda del Ni\u00f1o en el mes de agosto y al mismo tiempo resaltaron la importancia de la obra que se est\u00e1 llevando a cabo para el nuevo edificio del Jard\u00edn de Infantes N\u00b0 928 del barrio AOMA.<\/p>\n<p>Sobre la visita realizada, el consejero de Coopelectric Jose \u201cPepe\u201d Mor\u00e1n expres\u00f3, \u201cnos une un v\u00ednculo muy estrecho con la Sociedad de Fomento Carlos Von Bernard, siempre nos hemos puesto a disposici\u00f3n de Pano &#8211; Vega &#8211; y todos los integrantes de la Comisi\u00f3n para atender reclamos o consultas sobre los servicios y para trabajar institucionalmente, lo que sin dudas redunda en un beneficio para los vecinos del barrio AOMA\u201d.<\/p>\n<p>Finalmente, el presidente del Consejo de Administraci\u00f3n Ignacio Aramburu agreg\u00f3 \u201ces fundamental el contacto con todas las entidades intermedias que representan a los asociados de los diferentes barrios y localidades del Partido, porque en cada oportunidad se abordan cuestiones vinculadas a los<br \/>\nservicios que luego se trasladan a acciones concretas. Es realmente gratificante saber que los valores y principios cooperativos se ponen al<br \/>\nservicio de la comunidad\u201d.<\/p>\n<p><a href=\"https:\/\/experienciadevida.com.ar\/portalurbano\/integrantes-del-consejo-de-administracion-de-coopelectric-visitaron-la-s-de-fomento-del-b-aoma\/integrantes-del-consejo\/\" rel=\"attachment wp-att-148983\"><img decoding=\"async\" class=\"alignnone size-large wp-image-148983\" src=\"https:\/\/experienciadevida.com.ar\/portalurbano\/wp-content\/uploads\/2021\/07\/Integrantes-del-Consejo-1024x576.jpeg\" alt=\"Integrantes del Consejo \" width=\"900\" height=\"506\" srcset=\"https:\/\/experienciadevida.com.ar\/portalurbano\/wp-content\/uploads\/2021\/07\/Integrantes-del-Consejo-1024x576.jpeg 1024w, https:\/\/experienciadevida.com.ar\/portalurbano\/wp-content\/uploads\/2021\/07\/Integrantes-del-Consejo-300x169.jpeg 300w, https:\/\/experienciadevida.com.ar\/portalurbano\/wp-content\/uploads\/2021\/07\/Integrantes-del-Consejo-768x432.jpeg 768w, https:\/\/experienciadevida.com.ar\/portalurbano\/wp-content\/uploads\/2021\/07\/Integrantes-del-Consejo.jpeg 1280w\" sizes=\"(max-width: 900px) 100vw, 900px\" \/><\/a><\/p>\n","protected":false},"excerpt":{"rendered":"<p>Integrantes del Consejo de Administraci\u00f3n de Coopelectric visitaron la S.de Fomento del B AOMA y&#8230;<\/p>\n","protected":false},"author":1,"featured_media":148979,"comment_status":"closed","ping_status":"closed","sticky":false,"template":"","format":"standard","meta":{"content-type":""},"categories":[27,64],"tags":[],"nelio_content":{"isAutoShareEnabled":false,"autoShareEndMode":"default","automationSources":{"useContentSentences":true,"useSocialTemplates":true,"useCustomSentences":false,"customSentences":[]},"followers":[1],"suggestedReferences":[],"includedReferences":[],"efiUrl":"","efiAlt":"","highlights":[]},"yoast_head":"<!-- This site is optimized with the Yoast SEO plugin v20.7 - https:\/\/yoast.com\/wordpress\/plugins\/seo\/ -->\n<title>Integrantes del consejo de administraci\u00f3n visitaron la S. de Fomento<\/title>\n<meta name=\"description\" content=\"Integrantes del Consejo de Administraci\u00f3n de Coopelectric visitaron la S.de Fomento del B AOMA y mantuvieron un encuentro con las autoridades\" \/>\n<meta name=\"robots\" content=\"index, follow, max-snippet:-1, max-image-preview:large, max-video-preview:-1\" \/>\n<link rel=\"canonical\" href=\"https:\/\/experienciadevida.com.ar\/portalurbano\/integrantes-del-consejo-de-administracion-de-coopelectric-visitaron-la-s-de-fomento-del-b-aoma\/\" \/>\n<meta property=\"og:locale\" content=\"es_ES\" \/>\n<meta property=\"og:type\" content=\"article\" \/>\n<meta property=\"og:title\" content=\"Integrantes del consejo de administraci\u00f3n visitaron la S. de Fomento\" \/>\n<meta property=\"og:description\" content=\"Integrantes del Consejo de Administraci\u00f3n de Coopelectric visitaron la S.de Fomento del B AOMA y mantuvieron un encuentro con las autoridades\" \/>\n<meta property=\"og:url\" content=\"https:\/\/experienciadevida.com.ar\/portalurbano\/integrantes-del-consejo-de-administracion-de-coopelectric-visitaron-la-s-de-fomento-del-b-aoma\/\" \/>\n<meta property=\"article:publisher\" content=\"https:\/\/www.facebook.com\/Portal-Urbano-171542830093757\/\" \/>\n<meta property=\"article:published_time\" content=\"2021-07-30T15:21:13+00:00\" \/>\n<meta property=\"article:modified_time\" content=\"2021-07-30T15:24:27+00:00\" \/>\n<meta property=\"og:image\" content=\"https:\/\/experienciadevida.com.ar\/portalurbano\/wp-content\/uploads\/2021\/07\/Integrantes-del-Consejo-de-Administracion.jpeg\" \/>\n\t<meta property=\"og:image:width\" content=\"1280\" \/>\n\t<meta property=\"og:image:height\" content=\"720\" \/>\n\t<meta property=\"og:image:type\" content=\"image\/jpeg\" \/>\n<meta name=\"author\" content=\"admpu17wp\" \/>\n<meta name=\"twitter:card\" content=\"summary_large_image\" \/>\n<meta name=\"twitter:creator\" content=\"@portalurbanook\" \/>\n<meta name=\"twitter:site\" content=\"@portalurbanook\" \/>\n<meta name=\"twitter:label1\" content=\"Escrito por\" \/>\n\t<meta name=\"twitter:data1\" content=\"admpu17wp\" \/>\n\t<meta name=\"twitter:label2\" content=\"Tiempo de lectura\" \/>\n\t<meta name=\"twitter:data2\" content=\"3 minutos\" \/>\n<script type=\"application\/ld+json\" class=\"yoast-schema-graph\">{\"@context\":\"https:\/\/schema.org\",\"@graph\":[{\"@type\":\"Article\",\"@id\":\"https:\/\/experienciadevida.com.ar\/portalurbano\/integrantes-del-consejo-de-administracion-de-coopelectric-visitaron-la-s-de-fomento-del-b-aoma\/#article\",\"isPartOf\":{\"@id\":\"https:\/\/experienciadevida.com.ar\/portalurbano\/integrantes-del-consejo-de-administracion-de-coopelectric-visitaron-la-s-de-fomento-del-b-aoma\/\"},\"author\":{\"name\":\"admpu17wp\",\"@id\":\"https:\/\/experienciadevida.com.ar\/portalurbano\/#\/schema\/person\/02dd326b1c4b056e9cc972486934a3a7\"},\"headline\":\"Integrantes del Consejo de Administraci\u00f3n de Coopelectric visitaron la S.de Fomento del B AOMA\",\"datePublished\":\"2021-07-30T15:21:13+00:00\",\"dateModified\":\"2021-07-30T15:24:27+00:00\",\"mainEntityOfPage\":{\"@id\":\"https:\/\/experienciadevida.com.ar\/portalurbano\/integrantes-del-consejo-de-administracion-de-coopelectric-visitaron-la-s-de-fomento-del-b-aoma\/\"},\"wordCount\":584,\"publisher\":{\"@id\":\"https:\/\/experienciadevida.com.ar\/portalurbano\/#organization\"},\"articleSection\":[\"Ciudad\",\"Destacadas 2\"],\"inLanguage\":\"es\"},{\"@type\":\"WebPage\",\"@id\":\"https:\/\/experienciadevida.com.ar\/portalurbano\/integrantes-del-consejo-de-administracion-de-coopelectric-visitaron-la-s-de-fomento-del-b-aoma\/\",\"url\":\"https:\/\/experienciadevida.com.ar\/portalurbano\/integrantes-del-consejo-de-administracion-de-coopelectric-visitaron-la-s-de-fomento-del-b-aoma\/\",\"name\":\"Integrantes del consejo de administraci\u00f3n visitaron la S. de Fomento\",\"isPartOf\":{\"@id\":\"https:\/\/experienciadevida.com.ar\/portalurbano\/#website\"},\"datePublished\":\"2021-07-30T15:21:13+00:00\",\"dateModified\":\"2021-07-30T15:24:27+00:00\",\"description\":\"Integrantes del Consejo de Administraci\u00f3n de Coopelectric visitaron la S.de Fomento del B AOMA y mantuvieron un encuentro con las autoridades\",\"breadcrumb\":{\"@id\":\"https:\/\/experienciadevida.com.ar\/portalurbano\/integrantes-del-consejo-de-administracion-de-coopelectric-visitaron-la-s-de-fomento-del-b-aoma\/#breadcrumb\"},\"inLanguage\":\"es\",\"potentialAction\":[{\"@type\":\"ReadAction\",\"target\":[\"https:\/\/experienciadevida.com.ar\/portalurbano\/integrantes-del-consejo-de-administracion-de-coopelectric-visitaron-la-s-de-fomento-del-b-aoma\/\"]}]},{\"@type\":\"BreadcrumbList\",\"@id\":\"https:\/\/experienciadevida.com.ar\/portalurbano\/integrantes-del-consejo-de-administracion-de-coopelectric-visitaron-la-s-de-fomento-del-b-aoma\/#breadcrumb\",\"itemListElement\":[{\"@type\":\"ListItem\",\"position\":1,\"name\":\"Portada\",\"item\":\"https:\/\/experienciadevida.com.ar\/portalurbano\/\"},{\"@type\":\"ListItem\",\"position\":2,\"name\":\"Integrantes del Consejo de Administraci\u00f3n de Coopelectric visitaron la S.de Fomento del B AOMA\"}]},{\"@type\":\"WebSite\",\"@id\":\"https:\/\/experienciadevida.com.ar\/portalurbano\/#website\",\"url\":\"https:\/\/experienciadevida.com.ar\/portalurbano\/\",\"name\":\"\",\"description\":\"\",\"publisher\":{\"@id\":\"https:\/\/experienciadevida.com.ar\/portalurbano\/#organization\"},\"potentialAction\":[{\"@type\":\"SearchAction\",\"target\":{\"@type\":\"EntryPoint\",\"urlTemplate\":\"https:\/\/experienciadevida.com.ar\/portalurbano\/?s={search_term_string}\"},\"query-input\":\"required name=search_term_string\"}],\"inLanguage\":\"es\"},{\"@type\":\"Organization\",\"@id\":\"https:\/\/experienciadevida.com.ar\/portalurbano\/#organization\",\"name\":\"Portal Urbano\",\"url\":\"https:\/\/experienciadevida.com.ar\/portalurbano\/\",\"logo\":{\"@type\":\"ImageObject\",\"inLanguage\":\"es\",\"@id\":\"https:\/\/experienciadevida.com.ar\/portalurbano\/#\/schema\/logo\/image\/\",\"url\":\"https:\/\/experienciadevida.com.ar\/portalurbano\/wp-content\/uploads\/2019\/09\/Logo-Original.png\",\"contentUrl\":\"https:\/\/experienciadevida.com.ar\/portalurbano\/wp-content\/uploads\/2019\/09\/Logo-Original.png\",\"width\":2236,\"height\":1216,\"caption\":\"Portal Urbano\"},\"image\":{\"@id\":\"https:\/\/experienciadevida.com.ar\/portalurbano\/#\/schema\/logo\/image\/\"},\"sameAs\":[\"https:\/\/www.facebook.com\/Portal-Urbano-171542830093757\/\",\"https:\/\/twitter.com\/portalurbanook\",\"https:\/\/www.instagram.com\/_portalurbano\/\",\"https:\/\/www.youtube.com\/channel\/UCXhagIfszH8KxFiOok79zbA?view_as=subscriber\"]},{\"@type\":\"Person\",\"@id\":\"https:\/\/experienciadevida.com.ar\/portalurbano\/#\/schema\/person\/02dd326b1c4b056e9cc972486934a3a7\",\"name\":\"admpu17wp\",\"image\":{\"@type\":\"ImageObject\",\"inLanguage\":\"es\",\"@id\":\"https:\/\/experienciadevida.com.ar\/portalurbano\/#\/schema\/person\/image\/\",\"url\":\"https:\/\/secure.gravatar.com\/avatar\/830d4c57adaae6630765e449a6908047?s=96&d=mm&r=g\",\"contentUrl\":\"https:\/\/secure.gravatar.com\/avatar\/830d4c57adaae6630765e449a6908047?s=96&d=mm&r=g\",\"caption\":\"admpu17wp\"}}]}<\/script>\n<!-- \/ Yoast SEO plugin. -->","yoast_head_json":{"title":"Integrantes del consejo de administraci\u00f3n visitaron la S. de Fomento","description":"Integrantes del Consejo de Administraci\u00f3n de Coopelectric visitaron la S.de Fomento del B AOMA y mantuvieron un encuentro con las autoridades","robots":{"index":"index","follow":"follow","max-snippet":"max-snippet:-1","max-image-preview":"max-image-preview:large","max-video-preview":"max-video-preview:-1"},"canonical":"https:\/\/experienciadevida.com.ar\/portalurbano\/integrantes-del-consejo-de-administracion-de-coopelectric-visitaron-la-s-de-fomento-del-b-aoma\/","og_locale":"es_ES","og_type":"article","og_title":"Integrantes del consejo de administraci\u00f3n visitaron la S. de Fomento","og_description":"Integrantes del Consejo de Administraci\u00f3n de Coopelectric visitaron la S.de Fomento del B AOMA y mantuvieron un encuentro con las autoridades","og_url":"https:\/\/experienciadevida.com.ar\/portalurbano\/integrantes-del-consejo-de-administracion-de-coopelectric-visitaron-la-s-de-fomento-del-b-aoma\/","article_publisher":"https:\/\/www.facebook.com\/Portal-Urbano-171542830093757\/","article_published_time":"2021-07-30T15:21:13+00:00","article_modified_time":"2021-07-30T15:24:27+00:00","og_image":[{"width":1280,"height":720,"url":"https:\/\/experienciadevida.com.ar\/portalurbano\/wp-content\/uploads\/2021\/07\/Integrantes-del-Consejo-de-Administracion.jpeg","type":"image\/jpeg"}],"author":"admpu17wp","twitter_card":"summary_large_image","twitter_creator":"@portalurbanook","twitter_site":"@portalurbanook","twitter_misc":{"Escrito por":"admpu17wp","Tiempo de lectura":"3 minutos"},"schema":{"@context":"https:\/\/schema.org","@graph":[{"@type":"Article","@id":"https:\/\/experienciadevida.com.ar\/portalurbano\/integrantes-del-consejo-de-administracion-de-coopelectric-visitaron-la-s-de-fomento-del-b-aoma\/#article","isPartOf":{"@id":"https:\/\/experienciadevida.com.ar\/portalurbano\/integrantes-del-consejo-de-administracion-de-coopelectric-visitaron-la-s-de-fomento-del-b-aoma\/"},"author":{"name":"admpu17wp","@id":"https:\/\/experienciadevida.com.ar\/portalurbano\/#\/schema\/person\/02dd326b1c4b056e9cc972486934a3a7"},"headline":"Integrantes del Consejo de Administraci\u00f3n de Coopelectric visitaron la S.de Fomento del B AOMA","datePublished":"2021-07-30T15:21:13+00:00","dateModified":"2021-07-30T15:24:27+00:00","mainEntityOfPage":{"@id":"https:\/\/experienciadevida.com.ar\/portalurbano\/integrantes-del-consejo-de-administracion-de-coopelectric-visitaron-la-s-de-fomento-del-b-aoma\/"},"wordCount":584,"publisher":{"@id":"https:\/\/experienciadevida.com.ar\/portalurbano\/#organization"},"articleSection":["Ciudad","Destacadas 2"],"inLanguage":"es"},{"@type":"WebPage","@id":"https:\/\/experienciadevida.com.ar\/portalurbano\/integrantes-del-consejo-de-administracion-de-coopelectric-visitaron-la-s-de-fomento-del-b-aoma\/","url":"https:\/\/experienciadevida.com.ar\/portalurbano\/integrantes-del-consejo-de-administracion-de-coopelectric-visitaron-la-s-de-fomento-del-b-aoma\/","name":"Integrantes del consejo de administraci\u00f3n visitaron la S. de Fomento","isPartOf":{"@id":"https:\/\/experienciadevida.com.ar\/portalurbano\/#website"},"datePublished":"2021-07-30T15:21:13+00:00","dateModified":"2021-07-30T15:24:27+00:00","description":"Integrantes del Consejo de Administraci\u00f3n de Coopelectric visitaron la S.de Fomento del B AOMA y mantuvieron un encuentro con las autoridades","breadcrumb":{"@id":"https:\/\/experienciadevida.com.ar\/portalurbano\/integrantes-del-consejo-de-administracion-de-coopelectric-visitaron-la-s-de-fomento-del-b-aoma\/#breadcrumb"},"inLanguage":"es","potentialAction":[{"@type":"ReadAction","target":["https:\/\/experienciadevida.com.ar\/portalurbano\/integrantes-del-consejo-de-administracion-de-coopelectric-visitaron-la-s-de-fomento-del-b-aoma\/"]}]},{"@type":"BreadcrumbList","@id":"https:\/\/experienciadevida.com.ar\/portalurbano\/integrantes-del-consejo-de-administracion-de-coopelectric-visitaron-la-s-de-fomento-del-b-aoma\/#breadcrumb","itemListElement":[{"@type":"ListItem","position":1,"name":"Portada","item":"https:\/\/experienciadevida.com.ar\/portalurbano\/"},{"@type":"ListItem","position":2,"name":"Integrantes del Consejo de Administraci\u00f3n de Coopelectric visitaron la S.de Fomento del B AOMA"}]},{"@type":"WebSite","@id":"https:\/\/experienciadevida.com.ar\/portalurbano\/#website","url":"https:\/\/experienciadevida.com.ar\/portalurbano\/","name":"","description":"","publisher":{"@id":"https:\/\/experienciadevida.com.ar\/portalurbano\/#organization"},"potentialAction":[{"@type":"SearchAction","target":{"@type":"EntryPoint","urlTemplate":"https:\/\/experienciadevida.com.ar\/portalurbano\/?s={search_term_string}"},"query-input":"required name=search_term_string"}],"inLanguage":"es"},{"@type":"Organization","@id":"https:\/\/experienciadevida.com.ar\/portalurbano\/#organization","name":"Portal Urbano","url":"https:\/\/experienciadevida.com.ar\/portalurbano\/","logo":{"@type":"ImageObject","inLanguage":"es","@id":"https:\/\/experienciadevida.com.ar\/portalurbano\/#\/schema\/logo\/image\/","url":"https:\/\/experienciadevida.com.ar\/portalurbano\/wp-content\/uploads\/2019\/09\/Logo-Original.png","contentUrl":"https:\/\/experienciadevida.com.ar\/portalurbano\/wp-content\/uploads\/2019\/09\/Logo-Original.png","width":2236,"height":1216,"caption":"Portal Urbano"},"image":{"@id":"https:\/\/experienciadevida.com.ar\/portalurbano\/#\/schema\/logo\/image\/"},"sameAs":["https:\/\/www.facebook.com\/Portal-Urbano-171542830093757\/","https:\/\/twitter.com\/portalurbanook","https:\/\/www.instagram.com\/_portalurbano\/","https:\/\/www.youtube.com\/channel\/UCXhagIfszH8KxFiOok79zbA?view_as=subscriber"]},{"@type":"Person","@id":"https:\/\/experienciadevida.com.ar\/portalurbano\/#\/schema\/person\/02dd326b1c4b056e9cc972486934a3a7","name":"admpu17wp","image":{"@type":"ImageObject","inLanguage":"es","@id":"https:\/\/experienciadevida.com.ar\/portalurbano\/#\/schema\/person\/image\/","url":"https:\/\/secure.gravatar.com\/avatar\/830d4c57adaae6630765e449a6908047?s=96&d=mm&r=g","contentUrl":"https:\/\/secure.gravatar.com\/avatar\/830d4c57adaae6630765e449a6908047?s=96&d=mm&r=g","caption":"admpu17wp"}}]}},"featured_image_urls":{"full":["https:\/\/experienciadevida.com.ar\/portalurbano\/wp-content\/uploads\/2021\/07\/Integrantes-del-Consejo-de-Administracion.jpeg",1280,720,false],"thumbnail":["https:\/\/experienciadevida.com.ar\/portalurbano\/wp-content\/uploads\/2021\/07\/Integrantes-del-Consejo-de-Administracion-150x150.jpeg",150,150,true],"medium":["https:\/\/experienciadevida.com.ar\/portalurbano\/wp-content\/uploads\/2021\/07\/Integrantes-del-Consejo-de-Administracion-300x169.jpeg",300,169,true],"medium_large":["https:\/\/experienciadevida.com.ar\/portalurbano\/wp-content\/uploads\/2021\/07\/Integrantes-del-Consejo-de-Administracion-768x432.jpeg",640,360,true],"large":["https:\/\/experienciadevida.com.ar\/portalurbano\/wp-content\/uploads\/2021\/07\/Integrantes-del-Consejo-de-Administracion-1024x576.jpeg",640,360,true],"ug_big":["https:\/\/experienciadevida.com.ar\/portalurbano\/wp-content\/uploads\/2021\/07\/Integrantes-del-Consejo-de-Administracion-768x432.jpeg",768,432,true],"1536x1536":["https:\/\/experienciadevida.com.ar\/portalurbano\/wp-content\/uploads\/2021\/07\/Integrantes-del-Consejo-de-Administracion.jpeg",1280,720,false],"2048x2048":["https:\/\/experienciadevida.com.ar\/portalurbano\/wp-content\/uploads\/2021\/07\/Integrantes-del-Consejo-de-Administracion.jpeg",1280,720,false],"newsever-slider-full":["https:\/\/experienciadevida.com.ar\/portalurbano\/wp-content\/uploads\/2021\/07\/Integrantes-del-Consejo-de-Administracion.jpeg",1280,720,false],"newsever-featured":["https:\/\/experienciadevida.com.ar\/portalurbano\/wp-content\/uploads\/2021\/07\/Integrantes-del-Consejo-de-Administracion.jpeg",1024,576,false],"newsever-medium":["https:\/\/experienciadevida.com.ar\/portalurbano\/wp-content\/uploads\/2021\/07\/Integrantes-del-Consejo-de-Administracion.jpeg",720,405,false],"web-stories-poster-portrait":["https:\/\/experienciadevida.com.ar\/portalurbano\/wp-content\/uploads\/2021\/07\/Integrantes-del-Consejo-de-Administracion.jpeg",640,360,false],"web-stories-publisher-logo":["https:\/\/experienciadevida.com.ar\/portalurbano\/wp-content\/uploads\/2021\/07\/Integrantes-del-Consejo-de-Administracion.jpeg",96,54,false],"web-stories-thumbnail":["https:\/\/experienciadevida.com.ar\/portalurbano\/wp-content\/uploads\/2021\/07\/Integrantes-del-Consejo-de-Administracion.jpeg",150,84,false]},"author_info":{"display_name":"admpu17wp","author_link":"https:\/\/experienciadevida.com.ar\/portalurbano\/author\/admpu17wp\/"},"category_info":"<a href=\"https:\/\/experienciadevida.com.ar\/portalurbano\/category\/ciudad\/\" rel=\"category tag\">Ciudad<\/a> <a href=\"https:\/\/experienciadevida.com.ar\/portalurbano\/category\/destacadas-2\/\" rel=\"category tag\">Destacadas 2<\/a>","tag_info":"Destacadas 2","comment_count":"0","amp_enabled":true,"_links":{"self":[{"href":"https:\/\/experienciadevida.com.ar\/portalurbano\/wp-json\/wp\/v2\/posts\/148978"}],"collection":[{"href":"https:\/\/experienciadevida.com.ar\/portalurbano\/wp-json\/wp\/v2\/posts"}],"about":[{"href":"https:\/\/experienciadevida.com.ar\/portalurbano\/wp-json\/wp\/v2\/types\/post"}],"author":[{"embeddable":true,"href":"https:\/\/experienciadevida.com.ar\/portalurbano\/wp-json\/wp\/v2\/users\/1"}],"replies":[{"embeddable":true,"href":"https:\/\/experienciadevida.com.ar\/portalurbano\/wp-json\/wp\/v2\/comments?post=148978"}],"version-history":[{"count":4,"href":"https:\/\/experienciadevida.com.ar\/portalurbano\/wp-json\/wp\/v2\/posts\/148978\/revisions"}],"predecessor-version":[{"id":148984,"href":"https:\/\/experienciadevida.com.ar\/portalurbano\/wp-json\/wp\/v2\/posts\/148978\/revisions\/148984"}],"wp:featuredmedia":[{"embeddable":true,"href":"https:\/\/experienciadevida.com.ar\/portalurbano\/wp-json\/wp\/v2\/media\/148979"}],"wp:attachment":[{"href":"https:\/\/experienciadevida.com.ar\/portalurbano\/wp-json\/wp\/v2\/media?parent=148978"}],"wp:term":[{"taxonomy":"category","embeddable":true,"href":"https:\/\/experienciadevida.com.ar\/portalurbano\/wp-json\/wp\/v2\/categories?post=148978"},{"taxonomy":"post_tag","embeddable":true,"href":"https:\/\/experienciadevida.com.ar\/portalurbano\/wp-json\/wp\/v2\/tags?post=148978"}],"curies":[{"name":"wp","href":"https:\/\/api.w.org\/{rel}","templated":true}]}}