{"id":148970,"date":"2021-07-30T10:20:24","date_gmt":"2021-07-30T13:20:24","guid":{"rendered":"https:\/\/experienciadevida.com.ar\/portalurbano\/?p=148970"},"modified":"2021-07-30T10:22:48","modified_gmt":"2021-07-30T13:22:48","slug":"la-basura-no-vuelve-sola-es-parte-de-tu-equipaje","status":"publish","type":"post","link":"https:\/\/experienciadevida.com.ar\/portalurbano\/la-basura-no-vuelve-sola-es-parte-de-tu-equipaje\/","title":{"rendered":"\u201cLa basura no vuelve sola, es parte de tu equipaje\u201d"},"content":{"rendered":"<p>\u201cLa basura no vuelve sola, es parte de tu equipaje\u201d el bioparque \u201cLa <a href=\"https:\/\/www.facebook.com\/bioparquelamaximaoficial\">M\u00e1xima<\/a>\u201d, a trav\u00e9s del Departamento de Educaci\u00f3n Formal y No Formal de Integraci\u00f3n Comunitaria, desarrolla una campa\u00f1a de concientizaci\u00f3n y participaci\u00f3n comunitaria en limpieza de los ambientes naturales. Para ello se convoca a participar a instituciones, ONGs, grupos ambientalistas, ciudadanos y otros actores sociales de Olavarr\u00eda.<\/p>\n<p>En contexto de pandemia, muchos espacios naturales de Olavarr\u00eda fueron poco visitados. Recientemente vuelven progresivamente a ser espacio de encuentro, sobre todo de pescadores, visitantes, caminantes y corredores de nuestro Partido. El regreso de las actividades recreativas en espacios naturales traen aparejado un problema para los ecosistemas, dada la perturbaci\u00f3n y acumulaci\u00f3n de residuos.<\/p>\n<p>Muchas acciones de limpieza son llevadas adelante por diferentes grupos sociales, tales como Plogging Serrano, Remada Verde, Guardianes de la Naturaleza, Guardianes Ecol\u00f3gicos, La Yegua Karp, entre otros, en diferentes espacios naturales.<\/p>\n<p>\u201cLa basura no vuelve sola, es parte de tu equipaje\u201d, En muchos de estos lugares no existe la recolecci\u00f3n de residuos, lo que provoca la acumulaci\u00f3n de basura en los ecosistemas, ya que tarda muchos a\u00f1os en degradarse.<\/p>\n<p>En ello se fundamenta la iniciativa \u201cLa basura no vuelve sola, es parte de tu equipaje\u201d, mediante la cual se intenta fomentar, educar y concientizar sobre el impacto que generamos en los ambientes naturales; al tiempo que incentiva a la participaci\u00f3n individual o colectiva.<\/p>\n<p>El objetivo es lograr que, al visitar espacios naturales en Olavarr\u00eda y en cualquier otro lugar, cada persona pueda juntar los residuos que all\u00ed se encuentran, y compartir estas acciones en las redes sociales de Reservas Naturales de Olavarr\u00eda.<\/p>\n<p>Bajo el lema \u201cHoy mejor que ayer, ma\u00f1ana mejor que hoy\u201d se pretende generar un cambio de h\u00e1bitos en nuestros comportamientos ciudadanos en los espacios naturales.<\/p>\n<p>&nbsp;<\/p>\n<p>\u00bfC\u00f3mo participar de la campa\u00f1a?<\/p>\n<p>\u2013 Integrantes de instituciones pueden sumar el logo de la misma para adherir al flyer de la campa\u00f1a y compartir el material en las redes sociales.<\/p>\n<p>\u2013 Se puede participar en forma personal o grupal, limpiando el metro cuadrado del espacio natural visitado, juntando los residuos que otros tiraron y no retiraron.<\/p>\n<p>\u2013 Se puede compartir las acciones realizadas en el Instagram de Reservas Naturales de Olavarr\u00eda o Bioparque \u201cLa M\u00e1xima\u201d.<\/p>\n<p>\u2013 Participar de las jornadas de voluntariado en los entornos naturales.<\/p>\n<p>&nbsp;<\/p>\n","protected":false},"excerpt":{"rendered":"<p>\u201cLa basura no vuelve sola, es parte de tu equipaje\u201d el bioparque \u201cLa M\u00e1xima\u201d, a&#8230;<\/p>\n","protected":false},"author":1,"featured_media":148971,"comment_status":"closed","ping_status":"closed","sticky":false,"template":"","format":"standard","meta":{"content-type":""},"categories":[27,64],"tags":[],"nelio_content":{"isAutoShareEnabled":false,"autoShareEndMode":"default","automationSources":{"useContentSentences":true,"useSocialTemplates":true,"useCustomSentences":false,"customSentences":[]},"followers":[1],"suggestedReferences":[],"includedReferences":[],"efiUrl":"","efiAlt":"","highlights":[]},"yoast_head":"<!-- This site is optimized with the Yoast SEO plugin v20.7 - https:\/\/yoast.com\/wordpress\/plugins\/seo\/ -->\n<title>&quot;La basura no vuelve sola, es parte de tu equipaje&quot;<\/title>\n<meta name=\"description\" content=\"\u201cLa basura no vuelve sola, es parte de tu equipaje\u201d el bioparque \u201cLa M\u00e1xima\u201d, desarrolla una campa\u00f1a de concientizaci\u00f3n comunitaria\" \/>\n<meta name=\"robots\" content=\"index, follow, max-snippet:-1, max-image-preview:large, max-video-preview:-1\" \/>\n<link rel=\"canonical\" href=\"https:\/\/experienciadevida.com.ar\/portalurbano\/la-basura-no-vuelve-sola-es-parte-de-tu-equipaje\/\" \/>\n<meta property=\"og:locale\" content=\"es_ES\" \/>\n<meta property=\"og:type\" content=\"article\" \/>\n<meta property=\"og:title\" content=\"&quot;La basura no vuelve sola, es parte de tu equipaje&quot;\" \/>\n<meta property=\"og:description\" content=\"\u201cLa basura no vuelve sola, es parte de tu equipaje\u201d el bioparque \u201cLa M\u00e1xima\u201d, desarrolla una campa\u00f1a de concientizaci\u00f3n comunitaria\" \/>\n<meta property=\"og:url\" content=\"https:\/\/experienciadevida.com.ar\/portalurbano\/la-basura-no-vuelve-sola-es-parte-de-tu-equipaje\/\" \/>\n<meta property=\"article:publisher\" content=\"https:\/\/www.facebook.com\/Portal-Urbano-171542830093757\/\" \/>\n<meta property=\"article:published_time\" content=\"2021-07-30T13:20:24+00:00\" \/>\n<meta property=\"article:modified_time\" content=\"2021-07-30T13:22:48+00:00\" \/>\n<meta property=\"og:image\" content=\"https:\/\/experienciadevida.com.ar\/portalurbano\/wp-content\/uploads\/2021\/07\/La-basura-no-vuelve-sola.jpg\" \/>\n\t<meta property=\"og:image:width\" content=\"960\" \/>\n\t<meta property=\"og:image:height\" content=\"540\" \/>\n\t<meta property=\"og:image:type\" content=\"image\/jpeg\" \/>\n<meta name=\"author\" content=\"admpu17wp\" \/>\n<meta name=\"twitter:card\" content=\"summary_large_image\" \/>\n<meta name=\"twitter:creator\" content=\"@portalurbanook\" \/>\n<meta name=\"twitter:site\" content=\"@portalurbanook\" \/>\n<meta name=\"twitter:label1\" content=\"Escrito por\" \/>\n\t<meta name=\"twitter:data1\" content=\"admpu17wp\" \/>\n\t<meta name=\"twitter:label2\" content=\"Tiempo de lectura\" \/>\n\t<meta name=\"twitter:data2\" content=\"2 minutos\" \/>\n<script type=\"application\/ld+json\" class=\"yoast-schema-graph\">{\"@context\":\"https:\/\/schema.org\",\"@graph\":[{\"@type\":\"Article\",\"@id\":\"https:\/\/experienciadevida.com.ar\/portalurbano\/la-basura-no-vuelve-sola-es-parte-de-tu-equipaje\/#article\",\"isPartOf\":{\"@id\":\"https:\/\/experienciadevida.com.ar\/portalurbano\/la-basura-no-vuelve-sola-es-parte-de-tu-equipaje\/\"},\"author\":{\"name\":\"admpu17wp\",\"@id\":\"https:\/\/experienciadevida.com.ar\/portalurbano\/#\/schema\/person\/02dd326b1c4b056e9cc972486934a3a7\"},\"headline\":\"\u201cLa basura no vuelve sola, es parte de tu equipaje\u201d\",\"datePublished\":\"2021-07-30T13:20:24+00:00\",\"dateModified\":\"2021-07-30T13:22:48+00:00\",\"mainEntityOfPage\":{\"@id\":\"https:\/\/experienciadevida.com.ar\/portalurbano\/la-basura-no-vuelve-sola-es-parte-de-tu-equipaje\/\"},\"wordCount\":412,\"publisher\":{\"@id\":\"https:\/\/experienciadevida.com.ar\/portalurbano\/#organization\"},\"articleSection\":[\"Ciudad\",\"Destacadas 2\"],\"inLanguage\":\"es\"},{\"@type\":\"WebPage\",\"@id\":\"https:\/\/experienciadevida.com.ar\/portalurbano\/la-basura-no-vuelve-sola-es-parte-de-tu-equipaje\/\",\"url\":\"https:\/\/experienciadevida.com.ar\/portalurbano\/la-basura-no-vuelve-sola-es-parte-de-tu-equipaje\/\",\"name\":\"\\\"La basura no vuelve sola, es parte de tu equipaje\\\"\",\"isPartOf\":{\"@id\":\"https:\/\/experienciadevida.com.ar\/portalurbano\/#website\"},\"datePublished\":\"2021-07-30T13:20:24+00:00\",\"dateModified\":\"2021-07-30T13:22:48+00:00\",\"description\":\"\u201cLa basura no vuelve sola, es parte de tu equipaje\u201d el bioparque \u201cLa M\u00e1xima\u201d, desarrolla una campa\u00f1a de concientizaci\u00f3n comunitaria\",\"breadcrumb\":{\"@id\":\"https:\/\/experienciadevida.com.ar\/portalurbano\/la-basura-no-vuelve-sola-es-parte-de-tu-equipaje\/#breadcrumb\"},\"inLanguage\":\"es\",\"potentialAction\":[{\"@type\":\"ReadAction\",\"target\":[\"https:\/\/experienciadevida.com.ar\/portalurbano\/la-basura-no-vuelve-sola-es-parte-de-tu-equipaje\/\"]}]},{\"@type\":\"BreadcrumbList\",\"@id\":\"https:\/\/experienciadevida.com.ar\/portalurbano\/la-basura-no-vuelve-sola-es-parte-de-tu-equipaje\/#breadcrumb\",\"itemListElement\":[{\"@type\":\"ListItem\",\"position\":1,\"name\":\"Portada\",\"item\":\"https:\/\/experienciadevida.com.ar\/portalurbano\/\"},{\"@type\":\"ListItem\",\"position\":2,\"name\":\"\u201cLa basura no vuelve sola, es parte de tu equipaje\u201d\"}]},{\"@type\":\"WebSite\",\"@id\":\"https:\/\/experienciadevida.com.ar\/portalurbano\/#website\",\"url\":\"https:\/\/experienciadevida.com.ar\/portalurbano\/\",\"name\":\"\",\"description\":\"\",\"publisher\":{\"@id\":\"https:\/\/experienciadevida.com.ar\/portalurbano\/#organization\"},\"potentialAction\":[{\"@type\":\"SearchAction\",\"target\":{\"@type\":\"EntryPoint\",\"urlTemplate\":\"https:\/\/experienciadevida.com.ar\/portalurbano\/?s={search_term_string}\"},\"query-input\":\"required name=search_term_string\"}],\"inLanguage\":\"es\"},{\"@type\":\"Organization\",\"@id\":\"https:\/\/experienciadevida.com.ar\/portalurbano\/#organization\",\"name\":\"Portal Urbano\",\"url\":\"https:\/\/experienciadevida.com.ar\/portalurbano\/\",\"logo\":{\"@type\":\"ImageObject\",\"inLanguage\":\"es\",\"@id\":\"https:\/\/experienciadevida.com.ar\/portalurbano\/#\/schema\/logo\/image\/\",\"url\":\"https:\/\/experienciadevida.com.ar\/portalurbano\/wp-content\/uploads\/2019\/09\/Logo-Original.png\",\"contentUrl\":\"https:\/\/experienciadevida.com.ar\/portalurbano\/wp-content\/uploads\/2019\/09\/Logo-Original.png\",\"width\":2236,\"height\":1216,\"caption\":\"Portal Urbano\"},\"image\":{\"@id\":\"https:\/\/experienciadevida.com.ar\/portalurbano\/#\/schema\/logo\/image\/\"},\"sameAs\":[\"https:\/\/www.facebook.com\/Portal-Urbano-171542830093757\/\",\"https:\/\/twitter.com\/portalurbanook\",\"https:\/\/www.instagram.com\/_portalurbano\/\",\"https:\/\/www.youtube.com\/channel\/UCXhagIfszH8KxFiOok79zbA?view_as=subscriber\"]},{\"@type\":\"Person\",\"@id\":\"https:\/\/experienciadevida.com.ar\/portalurbano\/#\/schema\/person\/02dd326b1c4b056e9cc972486934a3a7\",\"name\":\"admpu17wp\",\"image\":{\"@type\":\"ImageObject\",\"inLanguage\":\"es\",\"@id\":\"https:\/\/experienciadevida.com.ar\/portalurbano\/#\/schema\/person\/image\/\",\"url\":\"https:\/\/secure.gravatar.com\/avatar\/830d4c57adaae6630765e449a6908047?s=96&d=mm&r=g\",\"contentUrl\":\"https:\/\/secure.gravatar.com\/avatar\/830d4c57adaae6630765e449a6908047?s=96&d=mm&r=g\",\"caption\":\"admpu17wp\"}}]}<\/script>\n<!-- \/ Yoast SEO plugin. -->","yoast_head_json":{"title":"\"La basura no vuelve sola, es parte de tu equipaje\"","description":"\u201cLa basura no vuelve sola, es parte de tu equipaje\u201d el bioparque \u201cLa M\u00e1xima\u201d, desarrolla una campa\u00f1a de concientizaci\u00f3n comunitaria","robots":{"index":"index","follow":"follow","max-snippet":"max-snippet:-1","max-image-preview":"max-image-preview:large","max-video-preview":"max-video-preview:-1"},"canonical":"https:\/\/experienciadevida.com.ar\/portalurbano\/la-basura-no-vuelve-sola-es-parte-de-tu-equipaje\/","og_locale":"es_ES","og_type":"article","og_title":"\"La basura no vuelve sola, es parte de tu equipaje\"","og_description":"\u201cLa basura no vuelve sola, es parte de tu equipaje\u201d el bioparque \u201cLa M\u00e1xima\u201d, desarrolla una campa\u00f1a de concientizaci\u00f3n comunitaria","og_url":"https:\/\/experienciadevida.com.ar\/portalurbano\/la-basura-no-vuelve-sola-es-parte-de-tu-equipaje\/","article_publisher":"https:\/\/www.facebook.com\/Portal-Urbano-171542830093757\/","article_published_time":"2021-07-30T13:20:24+00:00","article_modified_time":"2021-07-30T13:22:48+00:00","og_image":[{"width":960,"height":540,"url":"https:\/\/experienciadevida.com.ar\/portalurbano\/wp-content\/uploads\/2021\/07\/La-basura-no-vuelve-sola.jpg","type":"image\/jpeg"}],"author":"admpu17wp","twitter_card":"summary_large_image","twitter_creator":"@portalurbanook","twitter_site":"@portalurbanook","twitter_misc":{"Escrito por":"admpu17wp","Tiempo de lectura":"2 minutos"},"schema":{"@context":"https:\/\/schema.org","@graph":[{"@type":"Article","@id":"https:\/\/experienciadevida.com.ar\/portalurbano\/la-basura-no-vuelve-sola-es-parte-de-tu-equipaje\/#article","isPartOf":{"@id":"https:\/\/experienciadevida.com.ar\/portalurbano\/la-basura-no-vuelve-sola-es-parte-de-tu-equipaje\/"},"author":{"name":"admpu17wp","@id":"https:\/\/experienciadevida.com.ar\/portalurbano\/#\/schema\/person\/02dd326b1c4b056e9cc972486934a3a7"},"headline":"\u201cLa basura no vuelve sola, es parte de tu equipaje\u201d","datePublished":"2021-07-30T13:20:24+00:00","dateModified":"2021-07-30T13:22:48+00:00","mainEntityOfPage":{"@id":"https:\/\/experienciadevida.com.ar\/portalurbano\/la-basura-no-vuelve-sola-es-parte-de-tu-equipaje\/"},"wordCount":412,"publisher":{"@id":"https:\/\/experienciadevida.com.ar\/portalurbano\/#organization"},"articleSection":["Ciudad","Destacadas 2"],"inLanguage":"es"},{"@type":"WebPage","@id":"https:\/\/experienciadevida.com.ar\/portalurbano\/la-basura-no-vuelve-sola-es-parte-de-tu-equipaje\/","url":"https:\/\/experienciadevida.com.ar\/portalurbano\/la-basura-no-vuelve-sola-es-parte-de-tu-equipaje\/","name":"\"La basura no vuelve sola, es parte de tu equipaje\"","isPartOf":{"@id":"https:\/\/experienciadevida.com.ar\/portalurbano\/#website"},"datePublished":"2021-07-30T13:20:24+00:00","dateModified":"2021-07-30T13:22:48+00:00","description":"\u201cLa basura no vuelve sola, es parte de tu equipaje\u201d el bioparque \u201cLa M\u00e1xima\u201d, desarrolla una campa\u00f1a de concientizaci\u00f3n comunitaria","breadcrumb":{"@id":"https:\/\/experienciadevida.com.ar\/portalurbano\/la-basura-no-vuelve-sola-es-parte-de-tu-equipaje\/#breadcrumb"},"inLanguage":"es","potentialAction":[{"@type":"ReadAction","target":["https:\/\/experienciadevida.com.ar\/portalurbano\/la-basura-no-vuelve-sola-es-parte-de-tu-equipaje\/"]}]},{"@type":"BreadcrumbList","@id":"https:\/\/experienciadevida.com.ar\/portalurbano\/la-basura-no-vuelve-sola-es-parte-de-tu-equipaje\/#breadcrumb","itemListElement":[{"@type":"ListItem","position":1,"name":"Portada","item":"https:\/\/experienciadevida.com.ar\/portalurbano\/"},{"@type":"ListItem","position":2,"name":"\u201cLa basura no vuelve sola, es parte de tu equipaje\u201d"}]},{"@type":"WebSite","@id":"https:\/\/experienciadevida.com.ar\/portalurbano\/#website","url":"https:\/\/experienciadevida.com.ar\/portalurbano\/","name":"","description":"","publisher":{"@id":"https:\/\/experienciadevida.com.ar\/portalurbano\/#organization"},"potentialAction":[{"@type":"SearchAction","target":{"@type":"EntryPoint","urlTemplate":"https:\/\/experienciadevida.com.ar\/portalurbano\/?s={search_term_string}"},"query-input":"required name=search_term_string"}],"inLanguage":"es"},{"@type":"Organization","@id":"https:\/\/experienciadevida.com.ar\/portalurbano\/#organization","name":"Portal Urbano","url":"https:\/\/experienciadevida.com.ar\/portalurbano\/","logo":{"@type":"ImageObject","inLanguage":"es","@id":"https:\/\/experienciadevida.com.ar\/portalurbano\/#\/schema\/logo\/image\/","url":"https:\/\/experienciadevida.com.ar\/portalurbano\/wp-content\/uploads\/2019\/09\/Logo-Original.png","contentUrl":"https:\/\/experienciadevida.com.ar\/portalurbano\/wp-content\/uploads\/2019\/09\/Logo-Original.png","width":2236,"height":1216,"caption":"Portal Urbano"},"image":{"@id":"https:\/\/experienciadevida.com.ar\/portalurbano\/#\/schema\/logo\/image\/"},"sameAs":["https:\/\/www.facebook.com\/Portal-Urbano-171542830093757\/","https:\/\/twitter.com\/portalurbanook","https:\/\/www.instagram.com\/_portalurbano\/","https:\/\/www.youtube.com\/channel\/UCXhagIfszH8KxFiOok79zbA?view_as=subscriber"]},{"@type":"Person","@id":"https:\/\/experienciadevida.com.ar\/portalurbano\/#\/schema\/person\/02dd326b1c4b056e9cc972486934a3a7","name":"admpu17wp","image":{"@type":"ImageObject","inLanguage":"es","@id":"https:\/\/experienciadevida.com.ar\/portalurbano\/#\/schema\/person\/image\/","url":"https:\/\/secure.gravatar.com\/avatar\/830d4c57adaae6630765e449a6908047?s=96&d=mm&r=g","contentUrl":"https:\/\/secure.gravatar.com\/avatar\/830d4c57adaae6630765e449a6908047?s=96&d=mm&r=g","caption":"admpu17wp"}}]}},"featured_image_urls":{"full":["https:\/\/experienciadevida.com.ar\/portalurbano\/wp-content\/uploads\/2021\/07\/La-basura-no-vuelve-sola.jpg",960,540,false],"thumbnail":["https:\/\/experienciadevida.com.ar\/portalurbano\/wp-content\/uploads\/2021\/07\/La-basura-no-vuelve-sola-150x150.jpg",150,150,true],"medium":["https:\/\/experienciadevida.com.ar\/portalurbano\/wp-content\/uploads\/2021\/07\/La-basura-no-vuelve-sola-300x169.jpg",300,169,true],"medium_large":["https:\/\/experienciadevida.com.ar\/portalurbano\/wp-content\/uploads\/2021\/07\/La-basura-no-vuelve-sola-768x432.jpg",640,360,true],"large":["https:\/\/experienciadevida.com.ar\/portalurbano\/wp-content\/uploads\/2021\/07\/La-basura-no-vuelve-sola.jpg",640,360,false],"ug_big":["https:\/\/experienciadevida.com.ar\/portalurbano\/wp-content\/uploads\/2021\/07\/La-basura-no-vuelve-sola-768x432.jpg",768,432,true],"1536x1536":["https:\/\/experienciadevida.com.ar\/portalurbano\/wp-content\/uploads\/2021\/07\/La-basura-no-vuelve-sola.jpg",960,540,false],"2048x2048":["https:\/\/experienciadevida.com.ar\/portalurbano\/wp-content\/uploads\/2021\/07\/La-basura-no-vuelve-sola.jpg",960,540,false],"newsever-slider-full":["https:\/\/experienciadevida.com.ar\/portalurbano\/wp-content\/uploads\/2021\/07\/La-basura-no-vuelve-sola.jpg",960,540,false],"newsever-featured":["https:\/\/experienciadevida.com.ar\/portalurbano\/wp-content\/uploads\/2021\/07\/La-basura-no-vuelve-sola.jpg",960,540,false],"newsever-medium":["https:\/\/experienciadevida.com.ar\/portalurbano\/wp-content\/uploads\/2021\/07\/La-basura-no-vuelve-sola.jpg",720,405,false],"web-stories-poster-portrait":["https:\/\/experienciadevida.com.ar\/portalurbano\/wp-content\/uploads\/2021\/07\/La-basura-no-vuelve-sola.jpg",640,360,false],"web-stories-publisher-logo":["https:\/\/experienciadevida.com.ar\/portalurbano\/wp-content\/uploads\/2021\/07\/La-basura-no-vuelve-sola.jpg",96,54,false],"web-stories-thumbnail":["https:\/\/experienciadevida.com.ar\/portalurbano\/wp-content\/uploads\/2021\/07\/La-basura-no-vuelve-sola.jpg",150,84,false]},"author_info":{"display_name":"admpu17wp","author_link":"https:\/\/experienciadevida.com.ar\/portalurbano\/author\/admpu17wp\/"},"category_info":"<a href=\"https:\/\/experienciadevida.com.ar\/portalurbano\/category\/ciudad\/\" rel=\"category tag\">Ciudad<\/a> <a href=\"https:\/\/experienciadevida.com.ar\/portalurbano\/category\/destacadas-2\/\" rel=\"category tag\">Destacadas 2<\/a>","tag_info":"Destacadas 2","comment_count":"0","amp_enabled":true,"_links":{"self":[{"href":"https:\/\/experienciadevida.com.ar\/portalurbano\/wp-json\/wp\/v2\/posts\/148970"}],"collection":[{"href":"https:\/\/experienciadevida.com.ar\/portalurbano\/wp-json\/wp\/v2\/posts"}],"about":[{"href":"https:\/\/experienciadevida.com.ar\/portalurbano\/wp-json\/wp\/v2\/types\/post"}],"author":[{"embeddable":true,"href":"https:\/\/experienciadevida.com.ar\/portalurbano\/wp-json\/wp\/v2\/users\/1"}],"replies":[{"embeddable":true,"href":"https:\/\/experienciadevida.com.ar\/portalurbano\/wp-json\/wp\/v2\/comments?post=148970"}],"version-history":[{"count":2,"href":"https:\/\/experienciadevida.com.ar\/portalurbano\/wp-json\/wp\/v2\/posts\/148970\/revisions"}],"predecessor-version":[{"id":148973,"href":"https:\/\/experienciadevida.com.ar\/portalurbano\/wp-json\/wp\/v2\/posts\/148970\/revisions\/148973"}],"wp:featuredmedia":[{"embeddable":true,"href":"https:\/\/experienciadevida.com.ar\/portalurbano\/wp-json\/wp\/v2\/media\/148971"}],"wp:attachment":[{"href":"https:\/\/experienciadevida.com.ar\/portalurbano\/wp-json\/wp\/v2\/media?parent=148970"}],"wp:term":[{"taxonomy":"category","embeddable":true,"href":"https:\/\/experienciadevida.com.ar\/portalurbano\/wp-json\/wp\/v2\/categories?post=148970"},{"taxonomy":"post_tag","embeddable":true,"href":"https:\/\/experienciadevida.com.ar\/portalurbano\/wp-json\/wp\/v2\/tags?post=148970"}],"curies":[{"name":"wp","href":"https:\/\/api.w.org\/{rel}","templated":true}]}}