{"id":148854,"date":"2021-07-29T10:10:54","date_gmt":"2021-07-29T13:10:54","guid":{"rendered":"https:\/\/experienciadevida.com.ar\/portalurbano\/?p=148854"},"modified":"2021-07-29T10:32:10","modified_gmt":"2021-07-29T13:32:10","slug":"advierten-bajas-temperaturas-para-este-jueves-y-viernes","status":"publish","type":"post","link":"https:\/\/experienciadevida.com.ar\/portalurbano\/advierten-bajas-temperaturas-para-este-jueves-y-viernes\/","title":{"rendered":"Advierten bajas temperaturas para este  jueves y viernes"},"content":{"rendered":"<p>Advierten bajas temperaturas para este jueves y viernes, as\u00ed lo informaron desde el Servicio Meteorol\u00f3gico local.<\/p>\n<p>La m\u00ednima estimada ser\u00e1 de -3\u00b0C\u00a0 y Olavarr\u00eda se encuentra en alerta violeta que significa bajas temperaturas.<\/p>\n<p>El \u00e1rea ser\u00e1 afectada por bajas temperaturas, por debajo de valores normales. Se espera que las temperaturas m\u00ednimas est\u00e9n entre -6\u00b0 y 6\u00b0C mientras que la temperatura m\u00e1xima rondar\u00e1 en los 10 y 17\u00b0C.<\/p>\n<p>Para este jueves se espera una m\u00e1xima de 12 y una m\u00ednima de -3 con un cielo soleado, mientras que el viernes la m\u00e1xima ser\u00e1 de 14 y la minima de 1 y el cielo soleado.<\/p>\n<p>El fin de semana seguir\u00e1 con las mismas temperaturas.<\/p>\n<p><strong>15 recomendaciones para enfrentar bajas temperaturas:<\/strong><\/p>\n<p>Cubrirse con varias prendas, no solo te calientan mejor que una ropa gruesa, sino que podr\u00e1s acondicionarte de acuerdo al lugar donde te encuentres.<\/p>\n<p>Evita utilizar doble media porque se bloquea la circulaci\u00f3n; utiliza de lana.<\/p>\n<p>Prot\u00e9gete el rostro, la cabeza, manos y orejas.<\/p>\n<p>Toma l\u00edquidos calientes para que mantengas tu temperatura corporal.<\/p>\n<p>Come frutas y verduras ricas en vitamina C como la naranja, el lim\u00f3n, la guayaba, fresas, ciruelas, pimientos, br\u00f3coli, entre otras.<\/p>\n<p>Bebe mucha agua, preferiblemente al tiempo, mantener la hidrataci\u00f3n corporal permite que el cuerpo regule mejor su temperatura.<\/p>\n<p>Al salir de un lugar caliente c\u00fabrete boca y nariz.<\/p>\n<p>Evita los cambios frecuentes de temperatura de lugares donde te encuentres con aire acondicionado a espacios a la intemperie.<\/p>\n<p>Utiliza la calefacci\u00f3n en forma moderada para que los cambios de temperatura con el exterior no sean muy bruscos.<\/p>\n<p>En caso de usar alg\u00fan calefactor, horno o chimenea mant\u00e9n una ventilaci\u00f3n adecuada para evitar intoxicaciones por mon\u00f3xido de carbono.<\/p>\n<p>Evita el uso de anafres o braseros dentro de lugares cerrados.<\/p>\n<p>Presta atenci\u00f3n especial a ni\u00f1as y ni\u00f1os menores de 5 a\u00f1os y a personas adultas mayores.<\/p>\n<p>Apoya a personas en situaci\u00f3n de calle que necesitan abrigo y atenci\u00f3n ante las bajas temperaturas.<\/p>\n<p>Protege a tus mascotas ya que estas tambi\u00e9n son susceptibles al fr\u00edo.<\/p>\n<p>En momentos extremadamente fr\u00edos y\/o con vientos fuertes, limita la cantidad de tiempo al aire libre, ya que las exposiciones prolongadas al aire fr\u00edo hacen que se esfuerce m\u00e1s el coraz\u00f3n o la presi\u00f3n arterial suba demasiado.<\/p>\n","protected":false},"excerpt":{"rendered":"<p>Advierten bajas temperaturas para este jueves y viernes, as\u00ed lo informaron desde el Servicio Meteorol\u00f3gico&#8230;<\/p>\n","protected":false},"author":1,"featured_media":148070,"comment_status":"closed","ping_status":"closed","sticky":false,"template":"","format":"standard","meta":{"content-type":""},"categories":[27,64],"tags":[],"nelio_content":{"isAutoShareEnabled":false,"autoShareEndMode":"default","automationSources":{"useContentSentences":true,"useSocialTemplates":true,"useCustomSentences":false,"customSentences":[]},"followers":[1],"suggestedReferences":[],"includedReferences":[],"efiUrl":"","efiAlt":"","highlights":[]},"yoast_head":"<!-- This site is optimized with the Yoast SEO plugin v20.7 - https:\/\/yoast.com\/wordpress\/plugins\/seo\/ -->\n<title>Advierten bajas temperaturas para este jueves y viernes -<\/title>\n<meta name=\"robots\" content=\"index, follow, max-snippet:-1, max-image-preview:large, max-video-preview:-1\" \/>\n<link rel=\"canonical\" href=\"https:\/\/experienciadevida.com.ar\/portalurbano\/advierten-bajas-temperaturas-para-este-jueves-y-viernes\/\" \/>\n<meta property=\"og:locale\" content=\"es_ES\" \/>\n<meta property=\"og:type\" content=\"article\" \/>\n<meta property=\"og:title\" content=\"Advierten bajas temperaturas para este jueves y viernes -\" \/>\n<meta property=\"og:description\" content=\"Advierten bajas temperaturas para este jueves y viernes, as\u00ed lo informaron desde el Servicio Meteorol\u00f3gico...\" \/>\n<meta property=\"og:url\" content=\"https:\/\/experienciadevida.com.ar\/portalurbano\/advierten-bajas-temperaturas-para-este-jueves-y-viernes\/\" \/>\n<meta property=\"article:publisher\" content=\"https:\/\/www.facebook.com\/Portal-Urbano-171542830093757\/\" \/>\n<meta property=\"article:published_time\" content=\"2021-07-29T13:10:54+00:00\" \/>\n<meta property=\"article:modified_time\" content=\"2021-07-29T13:32:10+00:00\" \/>\n<meta property=\"og:image\" content=\"https:\/\/experienciadevida.com.ar\/portalurbano\/wp-content\/uploads\/2021\/07\/Nuestra-ciudad-transita-el-dia.jpg\" \/>\n\t<meta property=\"og:image:width\" content=\"1040\" \/>\n\t<meta property=\"og:image:height\" content=\"780\" \/>\n\t<meta property=\"og:image:type\" content=\"image\/jpeg\" \/>\n<meta name=\"author\" content=\"admpu17wp\" \/>\n<meta name=\"twitter:card\" content=\"summary_large_image\" \/>\n<meta name=\"twitter:creator\" content=\"@portalurbanook\" \/>\n<meta name=\"twitter:site\" content=\"@portalurbanook\" \/>\n<meta name=\"twitter:label1\" content=\"Escrito por\" \/>\n\t<meta name=\"twitter:data1\" content=\"admpu17wp\" \/>\n\t<meta name=\"twitter:label2\" content=\"Tiempo de lectura\" \/>\n\t<meta name=\"twitter:data2\" content=\"2 minutos\" \/>\n<script type=\"application\/ld+json\" class=\"yoast-schema-graph\">{\"@context\":\"https:\/\/schema.org\",\"@graph\":[{\"@type\":\"Article\",\"@id\":\"https:\/\/experienciadevida.com.ar\/portalurbano\/advierten-bajas-temperaturas-para-este-jueves-y-viernes\/#article\",\"isPartOf\":{\"@id\":\"https:\/\/experienciadevida.com.ar\/portalurbano\/advierten-bajas-temperaturas-para-este-jueves-y-viernes\/\"},\"author\":{\"name\":\"admpu17wp\",\"@id\":\"https:\/\/experienciadevida.com.ar\/portalurbano\/#\/schema\/person\/02dd326b1c4b056e9cc972486934a3a7\"},\"headline\":\"Advierten bajas temperaturas para este jueves y viernes\",\"datePublished\":\"2021-07-29T13:10:54+00:00\",\"dateModified\":\"2021-07-29T13:32:10+00:00\",\"mainEntityOfPage\":{\"@id\":\"https:\/\/experienciadevida.com.ar\/portalurbano\/advierten-bajas-temperaturas-para-este-jueves-y-viernes\/\"},\"wordCount\":409,\"publisher\":{\"@id\":\"https:\/\/experienciadevida.com.ar\/portalurbano\/#organization\"},\"articleSection\":[\"Ciudad\",\"Destacadas 2\"],\"inLanguage\":\"es\"},{\"@type\":\"WebPage\",\"@id\":\"https:\/\/experienciadevida.com.ar\/portalurbano\/advierten-bajas-temperaturas-para-este-jueves-y-viernes\/\",\"url\":\"https:\/\/experienciadevida.com.ar\/portalurbano\/advierten-bajas-temperaturas-para-este-jueves-y-viernes\/\",\"name\":\"Advierten bajas temperaturas para este jueves y viernes -\",\"isPartOf\":{\"@id\":\"https:\/\/experienciadevida.com.ar\/portalurbano\/#website\"},\"datePublished\":\"2021-07-29T13:10:54+00:00\",\"dateModified\":\"2021-07-29T13:32:10+00:00\",\"breadcrumb\":{\"@id\":\"https:\/\/experienciadevida.com.ar\/portalurbano\/advierten-bajas-temperaturas-para-este-jueves-y-viernes\/#breadcrumb\"},\"inLanguage\":\"es\",\"potentialAction\":[{\"@type\":\"ReadAction\",\"target\":[\"https:\/\/experienciadevida.com.ar\/portalurbano\/advierten-bajas-temperaturas-para-este-jueves-y-viernes\/\"]}]},{\"@type\":\"BreadcrumbList\",\"@id\":\"https:\/\/experienciadevida.com.ar\/portalurbano\/advierten-bajas-temperaturas-para-este-jueves-y-viernes\/#breadcrumb\",\"itemListElement\":[{\"@type\":\"ListItem\",\"position\":1,\"name\":\"Portada\",\"item\":\"https:\/\/experienciadevida.com.ar\/portalurbano\/\"},{\"@type\":\"ListItem\",\"position\":2,\"name\":\"Advierten bajas temperaturas para este jueves y viernes\"}]},{\"@type\":\"WebSite\",\"@id\":\"https:\/\/experienciadevida.com.ar\/portalurbano\/#website\",\"url\":\"https:\/\/experienciadevida.com.ar\/portalurbano\/\",\"name\":\"\",\"description\":\"\",\"publisher\":{\"@id\":\"https:\/\/experienciadevida.com.ar\/portalurbano\/#organization\"},\"potentialAction\":[{\"@type\":\"SearchAction\",\"target\":{\"@type\":\"EntryPoint\",\"urlTemplate\":\"https:\/\/experienciadevida.com.ar\/portalurbano\/?s={search_term_string}\"},\"query-input\":\"required name=search_term_string\"}],\"inLanguage\":\"es\"},{\"@type\":\"Organization\",\"@id\":\"https:\/\/experienciadevida.com.ar\/portalurbano\/#organization\",\"name\":\"Portal Urbano\",\"url\":\"https:\/\/experienciadevida.com.ar\/portalurbano\/\",\"logo\":{\"@type\":\"ImageObject\",\"inLanguage\":\"es\",\"@id\":\"https:\/\/experienciadevida.com.ar\/portalurbano\/#\/schema\/logo\/image\/\",\"url\":\"https:\/\/experienciadevida.com.ar\/portalurbano\/wp-content\/uploads\/2019\/09\/Logo-Original.png\",\"contentUrl\":\"https:\/\/experienciadevida.com.ar\/portalurbano\/wp-content\/uploads\/2019\/09\/Logo-Original.png\",\"width\":2236,\"height\":1216,\"caption\":\"Portal Urbano\"},\"image\":{\"@id\":\"https:\/\/experienciadevida.com.ar\/portalurbano\/#\/schema\/logo\/image\/\"},\"sameAs\":[\"https:\/\/www.facebook.com\/Portal-Urbano-171542830093757\/\",\"https:\/\/twitter.com\/portalurbanook\",\"https:\/\/www.instagram.com\/_portalurbano\/\",\"https:\/\/www.youtube.com\/channel\/UCXhagIfszH8KxFiOok79zbA?view_as=subscriber\"]},{\"@type\":\"Person\",\"@id\":\"https:\/\/experienciadevida.com.ar\/portalurbano\/#\/schema\/person\/02dd326b1c4b056e9cc972486934a3a7\",\"name\":\"admpu17wp\",\"image\":{\"@type\":\"ImageObject\",\"inLanguage\":\"es\",\"@id\":\"https:\/\/experienciadevida.com.ar\/portalurbano\/#\/schema\/person\/image\/\",\"url\":\"https:\/\/secure.gravatar.com\/avatar\/830d4c57adaae6630765e449a6908047?s=96&d=mm&r=g\",\"contentUrl\":\"https:\/\/secure.gravatar.com\/avatar\/830d4c57adaae6630765e449a6908047?s=96&d=mm&r=g\",\"caption\":\"admpu17wp\"}}]}<\/script>\n<!-- \/ Yoast SEO plugin. -->","yoast_head_json":{"title":"Advierten bajas temperaturas para este jueves y viernes -","robots":{"index":"index","follow":"follow","max-snippet":"max-snippet:-1","max-image-preview":"max-image-preview:large","max-video-preview":"max-video-preview:-1"},"canonical":"https:\/\/experienciadevida.com.ar\/portalurbano\/advierten-bajas-temperaturas-para-este-jueves-y-viernes\/","og_locale":"es_ES","og_type":"article","og_title":"Advierten bajas temperaturas para este jueves y viernes -","og_description":"Advierten bajas temperaturas para este jueves y viernes, as\u00ed lo informaron desde el Servicio Meteorol\u00f3gico...","og_url":"https:\/\/experienciadevida.com.ar\/portalurbano\/advierten-bajas-temperaturas-para-este-jueves-y-viernes\/","article_publisher":"https:\/\/www.facebook.com\/Portal-Urbano-171542830093757\/","article_published_time":"2021-07-29T13:10:54+00:00","article_modified_time":"2021-07-29T13:32:10+00:00","og_image":[{"width":1040,"height":780,"url":"https:\/\/experienciadevida.com.ar\/portalurbano\/wp-content\/uploads\/2021\/07\/Nuestra-ciudad-transita-el-dia.jpg","type":"image\/jpeg"}],"author":"admpu17wp","twitter_card":"summary_large_image","twitter_creator":"@portalurbanook","twitter_site":"@portalurbanook","twitter_misc":{"Escrito por":"admpu17wp","Tiempo de lectura":"2 minutos"},"schema":{"@context":"https:\/\/schema.org","@graph":[{"@type":"Article","@id":"https:\/\/experienciadevida.com.ar\/portalurbano\/advierten-bajas-temperaturas-para-este-jueves-y-viernes\/#article","isPartOf":{"@id":"https:\/\/experienciadevida.com.ar\/portalurbano\/advierten-bajas-temperaturas-para-este-jueves-y-viernes\/"},"author":{"name":"admpu17wp","@id":"https:\/\/experienciadevida.com.ar\/portalurbano\/#\/schema\/person\/02dd326b1c4b056e9cc972486934a3a7"},"headline":"Advierten bajas temperaturas para este jueves y viernes","datePublished":"2021-07-29T13:10:54+00:00","dateModified":"2021-07-29T13:32:10+00:00","mainEntityOfPage":{"@id":"https:\/\/experienciadevida.com.ar\/portalurbano\/advierten-bajas-temperaturas-para-este-jueves-y-viernes\/"},"wordCount":409,"publisher":{"@id":"https:\/\/experienciadevida.com.ar\/portalurbano\/#organization"},"articleSection":["Ciudad","Destacadas 2"],"inLanguage":"es"},{"@type":"WebPage","@id":"https:\/\/experienciadevida.com.ar\/portalurbano\/advierten-bajas-temperaturas-para-este-jueves-y-viernes\/","url":"https:\/\/experienciadevida.com.ar\/portalurbano\/advierten-bajas-temperaturas-para-este-jueves-y-viernes\/","name":"Advierten bajas temperaturas para este jueves y viernes -","isPartOf":{"@id":"https:\/\/experienciadevida.com.ar\/portalurbano\/#website"},"datePublished":"2021-07-29T13:10:54+00:00","dateModified":"2021-07-29T13:32:10+00:00","breadcrumb":{"@id":"https:\/\/experienciadevida.com.ar\/portalurbano\/advierten-bajas-temperaturas-para-este-jueves-y-viernes\/#breadcrumb"},"inLanguage":"es","potentialAction":[{"@type":"ReadAction","target":["https:\/\/experienciadevida.com.ar\/portalurbano\/advierten-bajas-temperaturas-para-este-jueves-y-viernes\/"]}]},{"@type":"BreadcrumbList","@id":"https:\/\/experienciadevida.com.ar\/portalurbano\/advierten-bajas-temperaturas-para-este-jueves-y-viernes\/#breadcrumb","itemListElement":[{"@type":"ListItem","position":1,"name":"Portada","item":"https:\/\/experienciadevida.com.ar\/portalurbano\/"},{"@type":"ListItem","position":2,"name":"Advierten bajas temperaturas para este jueves y viernes"}]},{"@type":"WebSite","@id":"https:\/\/experienciadevida.com.ar\/portalurbano\/#website","url":"https:\/\/experienciadevida.com.ar\/portalurbano\/","name":"","description":"","publisher":{"@id":"https:\/\/experienciadevida.com.ar\/portalurbano\/#organization"},"potentialAction":[{"@type":"SearchAction","target":{"@type":"EntryPoint","urlTemplate":"https:\/\/experienciadevida.com.ar\/portalurbano\/?s={search_term_string}"},"query-input":"required name=search_term_string"}],"inLanguage":"es"},{"@type":"Organization","@id":"https:\/\/experienciadevida.com.ar\/portalurbano\/#organization","name":"Portal Urbano","url":"https:\/\/experienciadevida.com.ar\/portalurbano\/","logo":{"@type":"ImageObject","inLanguage":"es","@id":"https:\/\/experienciadevida.com.ar\/portalurbano\/#\/schema\/logo\/image\/","url":"https:\/\/experienciadevida.com.ar\/portalurbano\/wp-content\/uploads\/2019\/09\/Logo-Original.png","contentUrl":"https:\/\/experienciadevida.com.ar\/portalurbano\/wp-content\/uploads\/2019\/09\/Logo-Original.png","width":2236,"height":1216,"caption":"Portal Urbano"},"image":{"@id":"https:\/\/experienciadevida.com.ar\/portalurbano\/#\/schema\/logo\/image\/"},"sameAs":["https:\/\/www.facebook.com\/Portal-Urbano-171542830093757\/","https:\/\/twitter.com\/portalurbanook","https:\/\/www.instagram.com\/_portalurbano\/","https:\/\/www.youtube.com\/channel\/UCXhagIfszH8KxFiOok79zbA?view_as=subscriber"]},{"@type":"Person","@id":"https:\/\/experienciadevida.com.ar\/portalurbano\/#\/schema\/person\/02dd326b1c4b056e9cc972486934a3a7","name":"admpu17wp","image":{"@type":"ImageObject","inLanguage":"es","@id":"https:\/\/experienciadevida.com.ar\/portalurbano\/#\/schema\/person\/image\/","url":"https:\/\/secure.gravatar.com\/avatar\/830d4c57adaae6630765e449a6908047?s=96&d=mm&r=g","contentUrl":"https:\/\/secure.gravatar.com\/avatar\/830d4c57adaae6630765e449a6908047?s=96&d=mm&r=g","caption":"admpu17wp"}}]}},"featured_image_urls":{"full":["https:\/\/experienciadevida.com.ar\/portalurbano\/wp-content\/uploads\/2021\/07\/Nuestra-ciudad-transita-el-dia.jpg",1040,780,false],"thumbnail":["https:\/\/experienciadevida.com.ar\/portalurbano\/wp-content\/uploads\/2021\/07\/Nuestra-ciudad-transita-el-dia-150x150.jpg",150,150,true],"medium":["https:\/\/experienciadevida.com.ar\/portalurbano\/wp-content\/uploads\/2021\/07\/Nuestra-ciudad-transita-el-dia-300x225.jpg",300,225,true],"medium_large":["https:\/\/experienciadevida.com.ar\/portalurbano\/wp-content\/uploads\/2021\/07\/Nuestra-ciudad-transita-el-dia-768x576.jpg",640,480,true],"large":["https:\/\/experienciadevida.com.ar\/portalurbano\/wp-content\/uploads\/2021\/07\/Nuestra-ciudad-transita-el-dia-1024x768.jpg",640,480,true],"ug_big":["https:\/\/experienciadevida.com.ar\/portalurbano\/wp-content\/uploads\/2021\/07\/Nuestra-ciudad-transita-el-dia-768x576.jpg",768,576,true],"1536x1536":["https:\/\/experienciadevida.com.ar\/portalurbano\/wp-content\/uploads\/2021\/07\/Nuestra-ciudad-transita-el-dia.jpg",1040,780,false],"2048x2048":["https:\/\/experienciadevida.com.ar\/portalurbano\/wp-content\/uploads\/2021\/07\/Nuestra-ciudad-transita-el-dia.jpg",1040,780,false],"newsever-slider-full":["https:\/\/experienciadevida.com.ar\/portalurbano\/wp-content\/uploads\/2021\/07\/Nuestra-ciudad-transita-el-dia.jpg",1040,780,false],"newsever-featured":["https:\/\/experienciadevida.com.ar\/portalurbano\/wp-content\/uploads\/2021\/07\/Nuestra-ciudad-transita-el-dia.jpg",1024,768,false],"newsever-medium":["https:\/\/experienciadevida.com.ar\/portalurbano\/wp-content\/uploads\/2021\/07\/Nuestra-ciudad-transita-el-dia.jpg",633,475,false],"web-stories-poster-portrait":["https:\/\/experienciadevida.com.ar\/portalurbano\/wp-content\/uploads\/2021\/07\/Nuestra-ciudad-transita-el-dia.jpg",640,480,false],"web-stories-publisher-logo":["https:\/\/experienciadevida.com.ar\/portalurbano\/wp-content\/uploads\/2021\/07\/Nuestra-ciudad-transita-el-dia.jpg",96,72,false],"web-stories-thumbnail":["https:\/\/experienciadevida.com.ar\/portalurbano\/wp-content\/uploads\/2021\/07\/Nuestra-ciudad-transita-el-dia.jpg",150,113,false]},"author_info":{"display_name":"admpu17wp","author_link":"https:\/\/experienciadevida.com.ar\/portalurbano\/author\/admpu17wp\/"},"category_info":"<a href=\"https:\/\/experienciadevida.com.ar\/portalurbano\/category\/ciudad\/\" rel=\"category tag\">Ciudad<\/a> <a href=\"https:\/\/experienciadevida.com.ar\/portalurbano\/category\/destacadas-2\/\" rel=\"category tag\">Destacadas 2<\/a>","tag_info":"Destacadas 2","comment_count":"0","amp_enabled":true,"_links":{"self":[{"href":"https:\/\/experienciadevida.com.ar\/portalurbano\/wp-json\/wp\/v2\/posts\/148854"}],"collection":[{"href":"https:\/\/experienciadevida.com.ar\/portalurbano\/wp-json\/wp\/v2\/posts"}],"about":[{"href":"https:\/\/experienciadevida.com.ar\/portalurbano\/wp-json\/wp\/v2\/types\/post"}],"author":[{"embeddable":true,"href":"https:\/\/experienciadevida.com.ar\/portalurbano\/wp-json\/wp\/v2\/users\/1"}],"replies":[{"embeddable":true,"href":"https:\/\/experienciadevida.com.ar\/portalurbano\/wp-json\/wp\/v2\/comments?post=148854"}],"version-history":[{"count":5,"href":"https:\/\/experienciadevida.com.ar\/portalurbano\/wp-json\/wp\/v2\/posts\/148854\/revisions"}],"predecessor-version":[{"id":148859,"href":"https:\/\/experienciadevida.com.ar\/portalurbano\/wp-json\/wp\/v2\/posts\/148854\/revisions\/148859"}],"wp:featuredmedia":[{"embeddable":true,"href":"https:\/\/experienciadevida.com.ar\/portalurbano\/wp-json\/wp\/v2\/media\/148070"}],"wp:attachment":[{"href":"https:\/\/experienciadevida.com.ar\/portalurbano\/wp-json\/wp\/v2\/media?parent=148854"}],"wp:term":[{"taxonomy":"category","embeddable":true,"href":"https:\/\/experienciadevida.com.ar\/portalurbano\/wp-json\/wp\/v2\/categories?post=148854"},{"taxonomy":"post_tag","embeddable":true,"href":"https:\/\/experienciadevida.com.ar\/portalurbano\/wp-json\/wp\/v2\/tags?post=148854"}],"curies":[{"name":"wp","href":"https:\/\/api.w.org\/{rel}","templated":true}]}}