{"id":148729,"date":"2021-07-27T17:28:22","date_gmt":"2021-07-27T20:28:22","guid":{"rendered":"https:\/\/experienciadevida.com.ar\/portalurbano\/?p=148729"},"modified":"2021-07-27T17:35:18","modified_gmt":"2021-07-27T20:35:18","slug":"wesner-junto-a-luciano-scattolini-anunciaron-la-construccion-de-162-viviendas-para-olavarria","status":"publish","type":"post","link":"https:\/\/experienciadevida.com.ar\/portalurbano\/wesner-junto-a-luciano-scattolini-anunciaron-la-construccion-de-162-viviendas-para-olavarria\/","title":{"rendered":"Wesner junto a Luciano Scattolini anunciaron la construcci\u00f3n de  162 viviendas para Olavarr\u00eda"},"content":{"rendered":"<p>Wesner junto a Luciano Scattolini anunciaron la construcci\u00f3n de 162 viviendas para Olavarr\u00eda, esta ma\u00f1ana mantuvo un encuentro con el Secretario de Desarrollo Territorial y director de PROCREAR, junto a el Subsecretario de Miner\u00eda Federico Aguilera, Alejandro Santill\u00e1n de AOMA y Miguel Santell\u00e1n del CECO, donde se llev\u00f3 a cabo la firma del convenio marco para la asignaci\u00f3n de 162 cr\u00e9ditos de la l\u00ednea construcci\u00f3n para afiliados de los sindicatos.<\/p>\n<p>Se trata de un convenio hist\u00f3rico a partir del cual los afiliados de ambos sindicatos van a ser beneficiarios de 162 cr\u00e9ditos Procrear para la construcci\u00f3n de su propia vivienda en 48 lotes gestionados por AOMA y 114 por el CECO. Son los primeros dos sindicatos del pa\u00eds que firman este modelo de acuerdo directo.<\/p>\n<p><a href=\"https:\/\/www.facebook.com\/Maximiliano-Wesner-112197630546124\">Wesner<\/a> junto a Luciano Scattolini anunciaron la construcci\u00f3n de 162 viviendas para Olavarr\u00eda, Al respecto el Secretario de Desarrollo Territorial y director de Procrear sostuvo: \u201cEs un orgullo poder arrancar con dos gremios tan significativos en la regi\u00f3n centro de la provincia\u201d.<\/p>\n<p>Por su parte Maximiliano Wesner, quien ya hab\u00eda anunciado la construcci\u00f3n de 97 viviendas a principio de mes, indic\u00f3: \u201cHay que destacar que en Olavarr\u00eda se entregaron 313 cr\u00e9ditos de la l\u00ednea Construcci\u00f3n, 97 de la l\u00ednea lote con servicio y m\u00e1s estos 162 cr\u00e9ditos hipotecarios para AOMA y CECO son m\u00e1s de 550 cr\u00e9ditos hipotecarios entregados. Tengo la sensaci\u00f3n de estar dando la mejor noticia del a\u00f1o, Olavarr\u00eda necesita de este tipo de anuncios, vamos a devolver la esperanza a los vecinos\u201d.<\/p>\n","protected":false},"excerpt":{"rendered":"<p>Wesner junto a Luciano Scattolini anunciaron la construcci\u00f3n de 162 viviendas para Olavarr\u00eda, esta ma\u00f1ana&#8230;<\/p>\n","protected":false},"author":1,"featured_media":148730,"comment_status":"closed","ping_status":"closed","sticky":false,"template":"","format":"standard","meta":{"content-type":""},"categories":[27,64],"tags":[],"nelio_content":{"isAutoShareEnabled":false,"autoShareEndMode":"default","automationSources":{"useContentSentences":true,"useSocialTemplates":true,"useCustomSentences":false,"customSentences":[]},"followers":[1],"suggestedReferences":[],"includedReferences":[],"efiUrl":"","efiAlt":"","highlights":[]},"yoast_head":"<!-- This site is optimized with the Yoast SEO plugin v20.7 - https:\/\/yoast.com\/wordpress\/plugins\/seo\/ -->\n<title>Wesner junto a Luciano Scattolini anunciaron construcci\u00f3n de viviendas<\/title>\n<meta name=\"description\" content=\"Wesner junto a Luciano Scattolini anunciaron la construcci\u00f3n de 162 viviendas para Olavarr\u00eda ufe en la jornada de este martes a la ma\u00f1ana\" \/>\n<meta name=\"robots\" content=\"index, follow, max-snippet:-1, max-image-preview:large, max-video-preview:-1\" \/>\n<link rel=\"canonical\" href=\"https:\/\/experienciadevida.com.ar\/portalurbano\/wesner-junto-a-luciano-scattolini-anunciaron-la-construccion-de-162-viviendas-para-olavarria\/\" \/>\n<meta property=\"og:locale\" content=\"es_ES\" \/>\n<meta property=\"og:type\" content=\"article\" \/>\n<meta property=\"og:title\" content=\"Wesner junto a Luciano Scattolini anunciaron construcci\u00f3n de viviendas\" \/>\n<meta property=\"og:description\" content=\"Wesner junto a Luciano Scattolini anunciaron la construcci\u00f3n de 162 viviendas para Olavarr\u00eda ufe en la jornada de este martes a la ma\u00f1ana\" \/>\n<meta property=\"og:url\" content=\"https:\/\/experienciadevida.com.ar\/portalurbano\/wesner-junto-a-luciano-scattolini-anunciaron-la-construccion-de-162-viviendas-para-olavarria\/\" \/>\n<meta property=\"article:publisher\" content=\"https:\/\/www.facebook.com\/Portal-Urbano-171542830093757\/\" \/>\n<meta property=\"article:published_time\" content=\"2021-07-27T20:28:22+00:00\" \/>\n<meta property=\"article:modified_time\" content=\"2021-07-27T20:35:18+00:00\" \/>\n<meta property=\"og:image\" content=\"https:\/\/experienciadevida.com.ar\/portalurbano\/wp-content\/uploads\/2021\/07\/Wesner-junto-a-Luciano-Scattolini.jpg\" \/>\n\t<meta property=\"og:image:width\" content=\"1280\" \/>\n\t<meta property=\"og:image:height\" content=\"807\" \/>\n\t<meta property=\"og:image:type\" content=\"image\/jpeg\" \/>\n<meta name=\"author\" content=\"admpu17wp\" \/>\n<meta name=\"twitter:card\" content=\"summary_large_image\" \/>\n<meta name=\"twitter:creator\" content=\"@portalurbanook\" \/>\n<meta name=\"twitter:site\" content=\"@portalurbanook\" \/>\n<meta name=\"twitter:label1\" content=\"Escrito por\" \/>\n\t<meta name=\"twitter:data1\" content=\"admpu17wp\" \/>\n\t<meta name=\"twitter:label2\" content=\"Tiempo de lectura\" \/>\n\t<meta name=\"twitter:data2\" content=\"2 minutos\" \/>\n<script type=\"application\/ld+json\" class=\"yoast-schema-graph\">{\"@context\":\"https:\/\/schema.org\",\"@graph\":[{\"@type\":\"Article\",\"@id\":\"https:\/\/experienciadevida.com.ar\/portalurbano\/wesner-junto-a-luciano-scattolini-anunciaron-la-construccion-de-162-viviendas-para-olavarria\/#article\",\"isPartOf\":{\"@id\":\"https:\/\/experienciadevida.com.ar\/portalurbano\/wesner-junto-a-luciano-scattolini-anunciaron-la-construccion-de-162-viviendas-para-olavarria\/\"},\"author\":{\"name\":\"admpu17wp\",\"@id\":\"https:\/\/experienciadevida.com.ar\/portalurbano\/#\/schema\/person\/02dd326b1c4b056e9cc972486934a3a7\"},\"headline\":\"Wesner junto a Luciano Scattolini anunciaron la construcci\u00f3n de 162 viviendas para Olavarr\u00eda\",\"datePublished\":\"2021-07-27T20:28:22+00:00\",\"dateModified\":\"2021-07-27T20:35:18+00:00\",\"mainEntityOfPage\":{\"@id\":\"https:\/\/experienciadevida.com.ar\/portalurbano\/wesner-junto-a-luciano-scattolini-anunciaron-la-construccion-de-162-viviendas-para-olavarria\/\"},\"wordCount\":284,\"publisher\":{\"@id\":\"https:\/\/experienciadevida.com.ar\/portalurbano\/#organization\"},\"articleSection\":[\"Ciudad\",\"Destacadas 2\"],\"inLanguage\":\"es\"},{\"@type\":\"WebPage\",\"@id\":\"https:\/\/experienciadevida.com.ar\/portalurbano\/wesner-junto-a-luciano-scattolini-anunciaron-la-construccion-de-162-viviendas-para-olavarria\/\",\"url\":\"https:\/\/experienciadevida.com.ar\/portalurbano\/wesner-junto-a-luciano-scattolini-anunciaron-la-construccion-de-162-viviendas-para-olavarria\/\",\"name\":\"Wesner junto a Luciano Scattolini anunciaron construcci\u00f3n de viviendas\",\"isPartOf\":{\"@id\":\"https:\/\/experienciadevida.com.ar\/portalurbano\/#website\"},\"datePublished\":\"2021-07-27T20:28:22+00:00\",\"dateModified\":\"2021-07-27T20:35:18+00:00\",\"description\":\"Wesner junto a Luciano Scattolini anunciaron la construcci\u00f3n de 162 viviendas para Olavarr\u00eda ufe en la jornada de este martes a la ma\u00f1ana\",\"breadcrumb\":{\"@id\":\"https:\/\/experienciadevida.com.ar\/portalurbano\/wesner-junto-a-luciano-scattolini-anunciaron-la-construccion-de-162-viviendas-para-olavarria\/#breadcrumb\"},\"inLanguage\":\"es\",\"potentialAction\":[{\"@type\":\"ReadAction\",\"target\":[\"https:\/\/experienciadevida.com.ar\/portalurbano\/wesner-junto-a-luciano-scattolini-anunciaron-la-construccion-de-162-viviendas-para-olavarria\/\"]}]},{\"@type\":\"BreadcrumbList\",\"@id\":\"https:\/\/experienciadevida.com.ar\/portalurbano\/wesner-junto-a-luciano-scattolini-anunciaron-la-construccion-de-162-viviendas-para-olavarria\/#breadcrumb\",\"itemListElement\":[{\"@type\":\"ListItem\",\"position\":1,\"name\":\"Portada\",\"item\":\"https:\/\/experienciadevida.com.ar\/portalurbano\/\"},{\"@type\":\"ListItem\",\"position\":2,\"name\":\"Wesner junto a Luciano Scattolini anunciaron la construcci\u00f3n de 162 viviendas para Olavarr\u00eda\"}]},{\"@type\":\"WebSite\",\"@id\":\"https:\/\/experienciadevida.com.ar\/portalurbano\/#website\",\"url\":\"https:\/\/experienciadevida.com.ar\/portalurbano\/\",\"name\":\"\",\"description\":\"\",\"publisher\":{\"@id\":\"https:\/\/experienciadevida.com.ar\/portalurbano\/#organization\"},\"potentialAction\":[{\"@type\":\"SearchAction\",\"target\":{\"@type\":\"EntryPoint\",\"urlTemplate\":\"https:\/\/experienciadevida.com.ar\/portalurbano\/?s={search_term_string}\"},\"query-input\":\"required name=search_term_string\"}],\"inLanguage\":\"es\"},{\"@type\":\"Organization\",\"@id\":\"https:\/\/experienciadevida.com.ar\/portalurbano\/#organization\",\"name\":\"Portal Urbano\",\"url\":\"https:\/\/experienciadevida.com.ar\/portalurbano\/\",\"logo\":{\"@type\":\"ImageObject\",\"inLanguage\":\"es\",\"@id\":\"https:\/\/experienciadevida.com.ar\/portalurbano\/#\/schema\/logo\/image\/\",\"url\":\"https:\/\/experienciadevida.com.ar\/portalurbano\/wp-content\/uploads\/2019\/09\/Logo-Original.png\",\"contentUrl\":\"https:\/\/experienciadevida.com.ar\/portalurbano\/wp-content\/uploads\/2019\/09\/Logo-Original.png\",\"width\":2236,\"height\":1216,\"caption\":\"Portal Urbano\"},\"image\":{\"@id\":\"https:\/\/experienciadevida.com.ar\/portalurbano\/#\/schema\/logo\/image\/\"},\"sameAs\":[\"https:\/\/www.facebook.com\/Portal-Urbano-171542830093757\/\",\"https:\/\/twitter.com\/portalurbanook\",\"https:\/\/www.instagram.com\/_portalurbano\/\",\"https:\/\/www.youtube.com\/channel\/UCXhagIfszH8KxFiOok79zbA?view_as=subscriber\"]},{\"@type\":\"Person\",\"@id\":\"https:\/\/experienciadevida.com.ar\/portalurbano\/#\/schema\/person\/02dd326b1c4b056e9cc972486934a3a7\",\"name\":\"admpu17wp\",\"image\":{\"@type\":\"ImageObject\",\"inLanguage\":\"es\",\"@id\":\"https:\/\/experienciadevida.com.ar\/portalurbano\/#\/schema\/person\/image\/\",\"url\":\"https:\/\/secure.gravatar.com\/avatar\/830d4c57adaae6630765e449a6908047?s=96&d=mm&r=g\",\"contentUrl\":\"https:\/\/secure.gravatar.com\/avatar\/830d4c57adaae6630765e449a6908047?s=96&d=mm&r=g\",\"caption\":\"admpu17wp\"}}]}<\/script>\n<!-- \/ Yoast SEO plugin. -->","yoast_head_json":{"title":"Wesner junto a Luciano Scattolini anunciaron construcci\u00f3n de viviendas","description":"Wesner junto a Luciano Scattolini anunciaron la construcci\u00f3n de 162 viviendas para Olavarr\u00eda ufe en la jornada de este martes a la ma\u00f1ana","robots":{"index":"index","follow":"follow","max-snippet":"max-snippet:-1","max-image-preview":"max-image-preview:large","max-video-preview":"max-video-preview:-1"},"canonical":"https:\/\/experienciadevida.com.ar\/portalurbano\/wesner-junto-a-luciano-scattolini-anunciaron-la-construccion-de-162-viviendas-para-olavarria\/","og_locale":"es_ES","og_type":"article","og_title":"Wesner junto a Luciano Scattolini anunciaron construcci\u00f3n de viviendas","og_description":"Wesner junto a Luciano Scattolini anunciaron la construcci\u00f3n de 162 viviendas para Olavarr\u00eda ufe en la jornada de este martes a la ma\u00f1ana","og_url":"https:\/\/experienciadevida.com.ar\/portalurbano\/wesner-junto-a-luciano-scattolini-anunciaron-la-construccion-de-162-viviendas-para-olavarria\/","article_publisher":"https:\/\/www.facebook.com\/Portal-Urbano-171542830093757\/","article_published_time":"2021-07-27T20:28:22+00:00","article_modified_time":"2021-07-27T20:35:18+00:00","og_image":[{"width":1280,"height":807,"url":"https:\/\/experienciadevida.com.ar\/portalurbano\/wp-content\/uploads\/2021\/07\/Wesner-junto-a-Luciano-Scattolini.jpg","type":"image\/jpeg"}],"author":"admpu17wp","twitter_card":"summary_large_image","twitter_creator":"@portalurbanook","twitter_site":"@portalurbanook","twitter_misc":{"Escrito por":"admpu17wp","Tiempo de lectura":"2 minutos"},"schema":{"@context":"https:\/\/schema.org","@graph":[{"@type":"Article","@id":"https:\/\/experienciadevida.com.ar\/portalurbano\/wesner-junto-a-luciano-scattolini-anunciaron-la-construccion-de-162-viviendas-para-olavarria\/#article","isPartOf":{"@id":"https:\/\/experienciadevida.com.ar\/portalurbano\/wesner-junto-a-luciano-scattolini-anunciaron-la-construccion-de-162-viviendas-para-olavarria\/"},"author":{"name":"admpu17wp","@id":"https:\/\/experienciadevida.com.ar\/portalurbano\/#\/schema\/person\/02dd326b1c4b056e9cc972486934a3a7"},"headline":"Wesner junto a Luciano Scattolini anunciaron la construcci\u00f3n de 162 viviendas para Olavarr\u00eda","datePublished":"2021-07-27T20:28:22+00:00","dateModified":"2021-07-27T20:35:18+00:00","mainEntityOfPage":{"@id":"https:\/\/experienciadevida.com.ar\/portalurbano\/wesner-junto-a-luciano-scattolini-anunciaron-la-construccion-de-162-viviendas-para-olavarria\/"},"wordCount":284,"publisher":{"@id":"https:\/\/experienciadevida.com.ar\/portalurbano\/#organization"},"articleSection":["Ciudad","Destacadas 2"],"inLanguage":"es"},{"@type":"WebPage","@id":"https:\/\/experienciadevida.com.ar\/portalurbano\/wesner-junto-a-luciano-scattolini-anunciaron-la-construccion-de-162-viviendas-para-olavarria\/","url":"https:\/\/experienciadevida.com.ar\/portalurbano\/wesner-junto-a-luciano-scattolini-anunciaron-la-construccion-de-162-viviendas-para-olavarria\/","name":"Wesner junto a Luciano Scattolini anunciaron construcci\u00f3n de viviendas","isPartOf":{"@id":"https:\/\/experienciadevida.com.ar\/portalurbano\/#website"},"datePublished":"2021-07-27T20:28:22+00:00","dateModified":"2021-07-27T20:35:18+00:00","description":"Wesner junto a Luciano Scattolini anunciaron la construcci\u00f3n de 162 viviendas para Olavarr\u00eda ufe en la jornada de este martes a la ma\u00f1ana","breadcrumb":{"@id":"https:\/\/experienciadevida.com.ar\/portalurbano\/wesner-junto-a-luciano-scattolini-anunciaron-la-construccion-de-162-viviendas-para-olavarria\/#breadcrumb"},"inLanguage":"es","potentialAction":[{"@type":"ReadAction","target":["https:\/\/experienciadevida.com.ar\/portalurbano\/wesner-junto-a-luciano-scattolini-anunciaron-la-construccion-de-162-viviendas-para-olavarria\/"]}]},{"@type":"BreadcrumbList","@id":"https:\/\/experienciadevida.com.ar\/portalurbano\/wesner-junto-a-luciano-scattolini-anunciaron-la-construccion-de-162-viviendas-para-olavarria\/#breadcrumb","itemListElement":[{"@type":"ListItem","position":1,"name":"Portada","item":"https:\/\/experienciadevida.com.ar\/portalurbano\/"},{"@type":"ListItem","position":2,"name":"Wesner junto a Luciano Scattolini anunciaron la construcci\u00f3n de 162 viviendas para Olavarr\u00eda"}]},{"@type":"WebSite","@id":"https:\/\/experienciadevida.com.ar\/portalurbano\/#website","url":"https:\/\/experienciadevida.com.ar\/portalurbano\/","name":"","description":"","publisher":{"@id":"https:\/\/experienciadevida.com.ar\/portalurbano\/#organization"},"potentialAction":[{"@type":"SearchAction","target":{"@type":"EntryPoint","urlTemplate":"https:\/\/experienciadevida.com.ar\/portalurbano\/?s={search_term_string}"},"query-input":"required name=search_term_string"}],"inLanguage":"es"},{"@type":"Organization","@id":"https:\/\/experienciadevida.com.ar\/portalurbano\/#organization","name":"Portal Urbano","url":"https:\/\/experienciadevida.com.ar\/portalurbano\/","logo":{"@type":"ImageObject","inLanguage":"es","@id":"https:\/\/experienciadevida.com.ar\/portalurbano\/#\/schema\/logo\/image\/","url":"https:\/\/experienciadevida.com.ar\/portalurbano\/wp-content\/uploads\/2019\/09\/Logo-Original.png","contentUrl":"https:\/\/experienciadevida.com.ar\/portalurbano\/wp-content\/uploads\/2019\/09\/Logo-Original.png","width":2236,"height":1216,"caption":"Portal Urbano"},"image":{"@id":"https:\/\/experienciadevida.com.ar\/portalurbano\/#\/schema\/logo\/image\/"},"sameAs":["https:\/\/www.facebook.com\/Portal-Urbano-171542830093757\/","https:\/\/twitter.com\/portalurbanook","https:\/\/www.instagram.com\/_portalurbano\/","https:\/\/www.youtube.com\/channel\/UCXhagIfszH8KxFiOok79zbA?view_as=subscriber"]},{"@type":"Person","@id":"https:\/\/experienciadevida.com.ar\/portalurbano\/#\/schema\/person\/02dd326b1c4b056e9cc972486934a3a7","name":"admpu17wp","image":{"@type":"ImageObject","inLanguage":"es","@id":"https:\/\/experienciadevida.com.ar\/portalurbano\/#\/schema\/person\/image\/","url":"https:\/\/secure.gravatar.com\/avatar\/830d4c57adaae6630765e449a6908047?s=96&d=mm&r=g","contentUrl":"https:\/\/secure.gravatar.com\/avatar\/830d4c57adaae6630765e449a6908047?s=96&d=mm&r=g","caption":"admpu17wp"}}]}},"featured_image_urls":{"full":["https:\/\/experienciadevida.com.ar\/portalurbano\/wp-content\/uploads\/2021\/07\/Wesner-junto-a-Luciano-Scattolini.jpg",1280,807,false],"thumbnail":["https:\/\/experienciadevida.com.ar\/portalurbano\/wp-content\/uploads\/2021\/07\/Wesner-junto-a-Luciano-Scattolini-150x150.jpg",150,150,true],"medium":["https:\/\/experienciadevida.com.ar\/portalurbano\/wp-content\/uploads\/2021\/07\/Wesner-junto-a-Luciano-Scattolini-300x189.jpg",300,189,true],"medium_large":["https:\/\/experienciadevida.com.ar\/portalurbano\/wp-content\/uploads\/2021\/07\/Wesner-junto-a-Luciano-Scattolini-768x484.jpg",640,403,true],"large":["https:\/\/experienciadevida.com.ar\/portalurbano\/wp-content\/uploads\/2021\/07\/Wesner-junto-a-Luciano-Scattolini-1024x646.jpg",640,404,true],"ug_big":["https:\/\/experienciadevida.com.ar\/portalurbano\/wp-content\/uploads\/2021\/07\/Wesner-junto-a-Luciano-Scattolini-768x484.jpg",768,484,true],"1536x1536":["https:\/\/experienciadevida.com.ar\/portalurbano\/wp-content\/uploads\/2021\/07\/Wesner-junto-a-Luciano-Scattolini.jpg",1280,807,false],"2048x2048":["https:\/\/experienciadevida.com.ar\/portalurbano\/wp-content\/uploads\/2021\/07\/Wesner-junto-a-Luciano-Scattolini.jpg",1280,807,false],"newsever-slider-full":["https:\/\/experienciadevida.com.ar\/portalurbano\/wp-content\/uploads\/2021\/07\/Wesner-junto-a-Luciano-Scattolini.jpg",1280,807,false],"newsever-featured":["https:\/\/experienciadevida.com.ar\/portalurbano\/wp-content\/uploads\/2021\/07\/Wesner-junto-a-Luciano-Scattolini.jpg",1024,646,false],"newsever-medium":["https:\/\/experienciadevida.com.ar\/portalurbano\/wp-content\/uploads\/2021\/07\/Wesner-junto-a-Luciano-Scattolini.jpg",720,454,false],"web-stories-poster-portrait":["https:\/\/experienciadevida.com.ar\/portalurbano\/wp-content\/uploads\/2021\/07\/Wesner-junto-a-Luciano-Scattolini.jpg",640,404,false],"web-stories-publisher-logo":["https:\/\/experienciadevida.com.ar\/portalurbano\/wp-content\/uploads\/2021\/07\/Wesner-junto-a-Luciano-Scattolini.jpg",96,61,false],"web-stories-thumbnail":["https:\/\/experienciadevida.com.ar\/portalurbano\/wp-content\/uploads\/2021\/07\/Wesner-junto-a-Luciano-Scattolini.jpg",150,95,false]},"author_info":{"display_name":"admpu17wp","author_link":"https:\/\/experienciadevida.com.ar\/portalurbano\/author\/admpu17wp\/"},"category_info":"<a href=\"https:\/\/experienciadevida.com.ar\/portalurbano\/category\/ciudad\/\" rel=\"category tag\">Ciudad<\/a> <a href=\"https:\/\/experienciadevida.com.ar\/portalurbano\/category\/destacadas-2\/\" rel=\"category tag\">Destacadas 2<\/a>","tag_info":"Destacadas 2","comment_count":"0","amp_enabled":true,"_links":{"self":[{"href":"https:\/\/experienciadevida.com.ar\/portalurbano\/wp-json\/wp\/v2\/posts\/148729"}],"collection":[{"href":"https:\/\/experienciadevida.com.ar\/portalurbano\/wp-json\/wp\/v2\/posts"}],"about":[{"href":"https:\/\/experienciadevida.com.ar\/portalurbano\/wp-json\/wp\/v2\/types\/post"}],"author":[{"embeddable":true,"href":"https:\/\/experienciadevida.com.ar\/portalurbano\/wp-json\/wp\/v2\/users\/1"}],"replies":[{"embeddable":true,"href":"https:\/\/experienciadevida.com.ar\/portalurbano\/wp-json\/wp\/v2\/comments?post=148729"}],"version-history":[{"count":3,"href":"https:\/\/experienciadevida.com.ar\/portalurbano\/wp-json\/wp\/v2\/posts\/148729\/revisions"}],"predecessor-version":[{"id":148733,"href":"https:\/\/experienciadevida.com.ar\/portalurbano\/wp-json\/wp\/v2\/posts\/148729\/revisions\/148733"}],"wp:featuredmedia":[{"embeddable":true,"href":"https:\/\/experienciadevida.com.ar\/portalurbano\/wp-json\/wp\/v2\/media\/148730"}],"wp:attachment":[{"href":"https:\/\/experienciadevida.com.ar\/portalurbano\/wp-json\/wp\/v2\/media?parent=148729"}],"wp:term":[{"taxonomy":"category","embeddable":true,"href":"https:\/\/experienciadevida.com.ar\/portalurbano\/wp-json\/wp\/v2\/categories?post=148729"},{"taxonomy":"post_tag","embeddable":true,"href":"https:\/\/experienciadevida.com.ar\/portalurbano\/wp-json\/wp\/v2\/tags?post=148729"}],"curies":[{"name":"wp","href":"https:\/\/api.w.org\/{rel}","templated":true}]}}