{"id":148723,"date":"2021-07-27T16:45:10","date_gmt":"2021-07-27T19:45:10","guid":{"rendered":"https:\/\/experienciadevida.com.ar\/portalurbano\/?p=148723"},"modified":"2021-07-27T17:26:14","modified_gmt":"2021-07-27T20:26:14","slug":"anunciaron-obras-de-ampliacion-para-el-tendido-de-fibra-optica","status":"publish","type":"post","link":"https:\/\/experienciadevida.com.ar\/portalurbano\/anunciaron-obras-de-ampliacion-para-el-tendido-de-fibra-optica\/","title":{"rendered":"Anunciaron obras de ampliaci\u00f3n para el tendido de fibra \u00f3ptica"},"content":{"rendered":"<p>Anunciaron obras de ampliaci\u00f3n para el tendido de fibra \u00f3ptica, al mediod\u00eda de este martes, en la sede de la delegaci\u00f3n de Coopelectric de Hinojo, el intendente Ezequiel <a href=\"https:\/\/www.facebook.com\/galliezequiel\">Galli<\/a> particip\u00f3 del acto en el que anunciaron el inicio de obras para el tendido de fibra \u00f3ptica en la localidad.<\/p>\n<p>Estuvieron presentes el presidente del Concejo Deliberante Bruno <a href=\"https:\/\/www.instagram.com\/brunocenizo\/?hl=es-la\">Cenizo<\/a>, el secretario de Desarrollo Humano y Calidad de Vida de la Municipalidad Diego <a href=\"https:\/\/www.facebook.com\/diegorobbiani\">Robbiani<\/a>, el presidente de Infracom Olavarr\u00eda Pablo Bressano, el presidente del Consejo de Administraci\u00f3n de Coopelectric Ignacio <a href=\"https:\/\/www.facebook.com\/alfredoignacio.aramburu\">Aramburu<\/a> y el delegado municipal del Consejo de Administraci\u00f3n de la firma Carlos Coscia.<\/p>\n<p>Anunciaron obras de ampliaci\u00f3n para el tendido de fibra \u00f3ptica, \u201cEs una gran noticia para la localidad de Hinojo. Hace unos dos a\u00f1os aproximadamente Pablo me vino a ver y me coment\u00f3 sus intenciones de empezar a invertir en Olavarr\u00eda, en un momento complejo para la Argentina\u201d, sostuvo Galli.<\/p>\n<p>\u201cCelebro este tipo de inversiones, porque genera empleo genuino y es lo que queremos para nuestro pa\u00eds\u201d, afirm\u00f3.<\/p>\n<p>\u201cDesde un primer momento nos pusimos a disposici\u00f3n, desde el equipo de la Municipalidad para trabajar en conjunto y poder lograr lo que ya est\u00e1 logrando en Olavarr\u00eda, que es el avance de la fibra en diferentes barrios de la ciudad, con la intenci\u00f3n de llegar a todo el casco urbano, con una inversi\u00f3n muy importante\u201d, resalt\u00f3.<\/p>\n<p>\u201cPablo me coment\u00f3 que ten\u00eda la idea de empezar a trabajar con el mismo esquema para la localidad de Hinojo, donde sab\u00edamos que la conectividad no era de lo mejor, por una cuesti\u00f3n de distancia, de falta de fibra \u00f3ptica\u201d, agreg\u00f3.<\/p>\n<p>\u201cCreemos que le va a dar un cambio important\u00edsimo en este momento donde lo digital avanza cada d\u00eda un poco m\u00e1s, va a mejorar la calidad de vida de los vecinos, no s\u00f3lo para el trabajo, sino para la conectividad de los chicos, en el marco de la educaci\u00f3n virtual. Mucha gente que est\u00e1 estudiando y que se ha venido a Olavarr\u00eda, le permitir\u00e1 seguir trabajando o estudiando de manera virtual\u201d, se\u00f1al\u00f3 el Intendente.<\/p>\n<p>\u201cEs una gran noticia para la localidad y no tengo dudas de que Infracom va a seguir invirtiendo en distintos puntos de la ciudad, porque tiene un gran compromiso con todo el Partido de Olavarr\u00eda y eso los pone en una situaci\u00f3n de seguir trabajando en equipo y de poder lograr que cada vecino tenga la mejor conectividad, en esta era de lo digital\u201d, cerr\u00f3 Galli.<\/p>\n<p>La inversi\u00f3n total en obras de ampliaci\u00f3n de fibra \u00f3ptica asciende a los 5 millones de d\u00f3lares, incluyendo los barrios Luj\u00e1n, Pueblo Nuevo, centro y la localidad de Hinojo.<\/p>\n<p>El servicio tendr\u00e1 100 megas de bajada y 100 de subida, con una tarifa accesible para los usuarios.<\/p>\n<p><a href=\"https:\/\/experienciadevida.com.ar\/portalurbano\/anunciaron-obras-de-ampliacion-para-el-tendido-de-fibra-optica\/anunciaron-obras-de-ampliacion\/\" rel=\"attachment wp-att-148726\"><img decoding=\"async\" class=\"alignnone size-large wp-image-148726\" src=\"https:\/\/experienciadevida.com.ar\/portalurbano\/wp-content\/uploads\/2021\/07\/Anunciaron-obras-de-ampliacion-1024x684.jpg\" alt=\"Anunciaron obras de ampliaci\u00f3n\" width=\"900\" height=\"601\" \/><\/a><\/p>\n","protected":false},"excerpt":{"rendered":"<p>Anunciaron obras de ampliaci\u00f3n para el tendido de fibra \u00f3ptica, al mediod\u00eda de este martes,&#8230;<\/p>\n","protected":false},"author":1,"featured_media":-148723,"comment_status":"closed","ping_status":"closed","sticky":false,"template":"","format":"standard","meta":{"content-type":""},"categories":[27,64],"tags":[],"nelio_content":{"isAutoShareEnabled":false,"autoShareEndMode":"default","automationSources":{"useContentSentences":true,"useSocialTemplates":true,"useCustomSentences":false,"customSentences":[]},"followers":[1],"suggestedReferences":[],"includedReferences":["https:\/\/www.instagram.com\/brunocenizo\/?hl=es-la"],"efiUrl":"","efiAlt":"","highlights":[]},"yoast_head":"<!-- This site is optimized with the Yoast SEO plugin v20.7 - https:\/\/yoast.com\/wordpress\/plugins\/seo\/ -->\n<title>Anunciaron obras de ampliaci\u00f3n para el tendido de fibra \u00f3ptica<\/title>\n<meta name=\"description\" content=\"Anunciaron obras de ampliaci\u00f3n para el tendido de fibra \u00f3ptica, al mediod\u00eda de este martes, en la sede de Coopelectric delegaci\u00f3n.\" \/>\n<meta name=\"robots\" content=\"index, follow, max-snippet:-1, max-image-preview:large, max-video-preview:-1\" \/>\n<link rel=\"canonical\" href=\"https:\/\/experienciadevida.com.ar\/portalurbano\/anunciaron-obras-de-ampliacion-para-el-tendido-de-fibra-optica\/\" \/>\n<meta property=\"og:locale\" content=\"es_ES\" \/>\n<meta property=\"og:type\" content=\"article\" \/>\n<meta property=\"og:title\" content=\"Anunciaron obras de ampliaci\u00f3n para el tendido de fibra \u00f3ptica\" \/>\n<meta property=\"og:description\" content=\"Anunciaron obras de ampliaci\u00f3n para el tendido de fibra \u00f3ptica, al mediod\u00eda de este martes, en la sede de Coopelectric delegaci\u00f3n.\" \/>\n<meta property=\"og:url\" content=\"https:\/\/experienciadevida.com.ar\/portalurbano\/anunciaron-obras-de-ampliacion-para-el-tendido-de-fibra-optica\/\" \/>\n<meta property=\"article:publisher\" content=\"https:\/\/www.facebook.com\/Portal-Urbano-171542830093757\/\" \/>\n<meta property=\"article:published_time\" content=\"2021-07-27T19:45:10+00:00\" \/>\n<meta property=\"article:modified_time\" content=\"2021-07-27T20:26:14+00:00\" \/>\n<meta name=\"author\" content=\"admpu17wp\" \/>\n<meta name=\"twitter:card\" content=\"summary_large_image\" \/>\n<meta name=\"twitter:image\" content=\"https:\/\/experienciadevida.com.ar\/portalurbano\/wp-content\/uploads\/2021\/07\/Anunciaron-obras-de-ampliacion-1024x684.jpg\" \/>\n<meta name=\"twitter:creator\" content=\"@portalurbanook\" \/>\n<meta name=\"twitter:site\" content=\"@portalurbanook\" \/>\n<meta name=\"twitter:label1\" content=\"Escrito por\" \/>\n\t<meta name=\"twitter:data1\" content=\"admpu17wp\" \/>\n\t<meta name=\"twitter:label2\" content=\"Tiempo de lectura\" \/>\n\t<meta name=\"twitter:data2\" content=\"3 minutos\" \/>\n<script type=\"application\/ld+json\" class=\"yoast-schema-graph\">{\"@context\":\"https:\/\/schema.org\",\"@graph\":[{\"@type\":\"Article\",\"@id\":\"https:\/\/experienciadevida.com.ar\/portalurbano\/anunciaron-obras-de-ampliacion-para-el-tendido-de-fibra-optica\/#article\",\"isPartOf\":{\"@id\":\"https:\/\/experienciadevida.com.ar\/portalurbano\/anunciaron-obras-de-ampliacion-para-el-tendido-de-fibra-optica\/\"},\"author\":{\"name\":\"admpu17wp\",\"@id\":\"https:\/\/experienciadevida.com.ar\/portalurbano\/#\/schema\/person\/02dd326b1c4b056e9cc972486934a3a7\"},\"headline\":\"Anunciaron obras de ampliaci\u00f3n para el tendido de fibra \u00f3ptica\",\"datePublished\":\"2021-07-27T19:45:10+00:00\",\"dateModified\":\"2021-07-27T20:26:14+00:00\",\"mainEntityOfPage\":{\"@id\":\"https:\/\/experienciadevida.com.ar\/portalurbano\/anunciaron-obras-de-ampliacion-para-el-tendido-de-fibra-optica\/\"},\"wordCount\":492,\"publisher\":{\"@id\":\"https:\/\/experienciadevida.com.ar\/portalurbano\/#organization\"},\"articleSection\":[\"Ciudad\",\"Destacadas 2\"],\"inLanguage\":\"es\"},{\"@type\":\"WebPage\",\"@id\":\"https:\/\/experienciadevida.com.ar\/portalurbano\/anunciaron-obras-de-ampliacion-para-el-tendido-de-fibra-optica\/\",\"url\":\"https:\/\/experienciadevida.com.ar\/portalurbano\/anunciaron-obras-de-ampliacion-para-el-tendido-de-fibra-optica\/\",\"name\":\"Anunciaron obras de ampliaci\u00f3n para el tendido de fibra \u00f3ptica\",\"isPartOf\":{\"@id\":\"https:\/\/experienciadevida.com.ar\/portalurbano\/#website\"},\"datePublished\":\"2021-07-27T19:45:10+00:00\",\"dateModified\":\"2021-07-27T20:26:14+00:00\",\"description\":\"Anunciaron obras de ampliaci\u00f3n para el tendido de fibra \u00f3ptica, al mediod\u00eda de este martes, en la sede de Coopelectric delegaci\u00f3n.\",\"breadcrumb\":{\"@id\":\"https:\/\/experienciadevida.com.ar\/portalurbano\/anunciaron-obras-de-ampliacion-para-el-tendido-de-fibra-optica\/#breadcrumb\"},\"inLanguage\":\"es\",\"potentialAction\":[{\"@type\":\"ReadAction\",\"target\":[\"https:\/\/experienciadevida.com.ar\/portalurbano\/anunciaron-obras-de-ampliacion-para-el-tendido-de-fibra-optica\/\"]}]},{\"@type\":\"BreadcrumbList\",\"@id\":\"https:\/\/experienciadevida.com.ar\/portalurbano\/anunciaron-obras-de-ampliacion-para-el-tendido-de-fibra-optica\/#breadcrumb\",\"itemListElement\":[{\"@type\":\"ListItem\",\"position\":1,\"name\":\"Portada\",\"item\":\"https:\/\/experienciadevida.com.ar\/portalurbano\/\"},{\"@type\":\"ListItem\",\"position\":2,\"name\":\"Anunciaron obras de ampliaci\u00f3n para el tendido de fibra \u00f3ptica\"}]},{\"@type\":\"WebSite\",\"@id\":\"https:\/\/experienciadevida.com.ar\/portalurbano\/#website\",\"url\":\"https:\/\/experienciadevida.com.ar\/portalurbano\/\",\"name\":\"\",\"description\":\"\",\"publisher\":{\"@id\":\"https:\/\/experienciadevida.com.ar\/portalurbano\/#organization\"},\"potentialAction\":[{\"@type\":\"SearchAction\",\"target\":{\"@type\":\"EntryPoint\",\"urlTemplate\":\"https:\/\/experienciadevida.com.ar\/portalurbano\/?s={search_term_string}\"},\"query-input\":\"required name=search_term_string\"}],\"inLanguage\":\"es\"},{\"@type\":\"Organization\",\"@id\":\"https:\/\/experienciadevida.com.ar\/portalurbano\/#organization\",\"name\":\"Portal Urbano\",\"url\":\"https:\/\/experienciadevida.com.ar\/portalurbano\/\",\"logo\":{\"@type\":\"ImageObject\",\"inLanguage\":\"es\",\"@id\":\"https:\/\/experienciadevida.com.ar\/portalurbano\/#\/schema\/logo\/image\/\",\"url\":\"https:\/\/experienciadevida.com.ar\/portalurbano\/wp-content\/uploads\/2019\/09\/Logo-Original.png\",\"contentUrl\":\"https:\/\/experienciadevida.com.ar\/portalurbano\/wp-content\/uploads\/2019\/09\/Logo-Original.png\",\"width\":2236,\"height\":1216,\"caption\":\"Portal Urbano\"},\"image\":{\"@id\":\"https:\/\/experienciadevida.com.ar\/portalurbano\/#\/schema\/logo\/image\/\"},\"sameAs\":[\"https:\/\/www.facebook.com\/Portal-Urbano-171542830093757\/\",\"https:\/\/twitter.com\/portalurbanook\",\"https:\/\/www.instagram.com\/_portalurbano\/\",\"https:\/\/www.youtube.com\/channel\/UCXhagIfszH8KxFiOok79zbA?view_as=subscriber\"]},{\"@type\":\"Person\",\"@id\":\"https:\/\/experienciadevida.com.ar\/portalurbano\/#\/schema\/person\/02dd326b1c4b056e9cc972486934a3a7\",\"name\":\"admpu17wp\",\"image\":{\"@type\":\"ImageObject\",\"inLanguage\":\"es\",\"@id\":\"https:\/\/experienciadevida.com.ar\/portalurbano\/#\/schema\/person\/image\/\",\"url\":\"https:\/\/secure.gravatar.com\/avatar\/830d4c57adaae6630765e449a6908047?s=96&d=mm&r=g\",\"contentUrl\":\"https:\/\/secure.gravatar.com\/avatar\/830d4c57adaae6630765e449a6908047?s=96&d=mm&r=g\",\"caption\":\"admpu17wp\"}}]}<\/script>\n<!-- \/ Yoast SEO plugin. -->","yoast_head_json":{"title":"Anunciaron obras de ampliaci\u00f3n para el tendido de fibra \u00f3ptica","description":"Anunciaron obras de ampliaci\u00f3n para el tendido de fibra \u00f3ptica, al mediod\u00eda de este martes, en la sede de Coopelectric delegaci\u00f3n.","robots":{"index":"index","follow":"follow","max-snippet":"max-snippet:-1","max-image-preview":"max-image-preview:large","max-video-preview":"max-video-preview:-1"},"canonical":"https:\/\/experienciadevida.com.ar\/portalurbano\/anunciaron-obras-de-ampliacion-para-el-tendido-de-fibra-optica\/","og_locale":"es_ES","og_type":"article","og_title":"Anunciaron obras de ampliaci\u00f3n para el tendido de fibra \u00f3ptica","og_description":"Anunciaron obras de ampliaci\u00f3n para el tendido de fibra \u00f3ptica, al mediod\u00eda de este martes, en la sede de Coopelectric delegaci\u00f3n.","og_url":"https:\/\/experienciadevida.com.ar\/portalurbano\/anunciaron-obras-de-ampliacion-para-el-tendido-de-fibra-optica\/","article_publisher":"https:\/\/www.facebook.com\/Portal-Urbano-171542830093757\/","article_published_time":"2021-07-27T19:45:10+00:00","article_modified_time":"2021-07-27T20:26:14+00:00","author":"admpu17wp","twitter_card":"summary_large_image","twitter_image":"https:\/\/experienciadevida.com.ar\/portalurbano\/wp-content\/uploads\/2021\/07\/Anunciaron-obras-de-ampliacion-1024x684.jpg","twitter_creator":"@portalurbanook","twitter_site":"@portalurbanook","twitter_misc":{"Escrito por":"admpu17wp","Tiempo de lectura":"3 minutos"},"schema":{"@context":"https:\/\/schema.org","@graph":[{"@type":"Article","@id":"https:\/\/experienciadevida.com.ar\/portalurbano\/anunciaron-obras-de-ampliacion-para-el-tendido-de-fibra-optica\/#article","isPartOf":{"@id":"https:\/\/experienciadevida.com.ar\/portalurbano\/anunciaron-obras-de-ampliacion-para-el-tendido-de-fibra-optica\/"},"author":{"name":"admpu17wp","@id":"https:\/\/experienciadevida.com.ar\/portalurbano\/#\/schema\/person\/02dd326b1c4b056e9cc972486934a3a7"},"headline":"Anunciaron obras de ampliaci\u00f3n para el tendido de fibra \u00f3ptica","datePublished":"2021-07-27T19:45:10+00:00","dateModified":"2021-07-27T20:26:14+00:00","mainEntityOfPage":{"@id":"https:\/\/experienciadevida.com.ar\/portalurbano\/anunciaron-obras-de-ampliacion-para-el-tendido-de-fibra-optica\/"},"wordCount":492,"publisher":{"@id":"https:\/\/experienciadevida.com.ar\/portalurbano\/#organization"},"articleSection":["Ciudad","Destacadas 2"],"inLanguage":"es"},{"@type":"WebPage","@id":"https:\/\/experienciadevida.com.ar\/portalurbano\/anunciaron-obras-de-ampliacion-para-el-tendido-de-fibra-optica\/","url":"https:\/\/experienciadevida.com.ar\/portalurbano\/anunciaron-obras-de-ampliacion-para-el-tendido-de-fibra-optica\/","name":"Anunciaron obras de ampliaci\u00f3n para el tendido de fibra \u00f3ptica","isPartOf":{"@id":"https:\/\/experienciadevida.com.ar\/portalurbano\/#website"},"datePublished":"2021-07-27T19:45:10+00:00","dateModified":"2021-07-27T20:26:14+00:00","description":"Anunciaron obras de ampliaci\u00f3n para el tendido de fibra \u00f3ptica, al mediod\u00eda de este martes, en la sede de Coopelectric delegaci\u00f3n.","breadcrumb":{"@id":"https:\/\/experienciadevida.com.ar\/portalurbano\/anunciaron-obras-de-ampliacion-para-el-tendido-de-fibra-optica\/#breadcrumb"},"inLanguage":"es","potentialAction":[{"@type":"ReadAction","target":["https:\/\/experienciadevida.com.ar\/portalurbano\/anunciaron-obras-de-ampliacion-para-el-tendido-de-fibra-optica\/"]}]},{"@type":"BreadcrumbList","@id":"https:\/\/experienciadevida.com.ar\/portalurbano\/anunciaron-obras-de-ampliacion-para-el-tendido-de-fibra-optica\/#breadcrumb","itemListElement":[{"@type":"ListItem","position":1,"name":"Portada","item":"https:\/\/experienciadevida.com.ar\/portalurbano\/"},{"@type":"ListItem","position":2,"name":"Anunciaron obras de ampliaci\u00f3n para el tendido de fibra \u00f3ptica"}]},{"@type":"WebSite","@id":"https:\/\/experienciadevida.com.ar\/portalurbano\/#website","url":"https:\/\/experienciadevida.com.ar\/portalurbano\/","name":"","description":"","publisher":{"@id":"https:\/\/experienciadevida.com.ar\/portalurbano\/#organization"},"potentialAction":[{"@type":"SearchAction","target":{"@type":"EntryPoint","urlTemplate":"https:\/\/experienciadevida.com.ar\/portalurbano\/?s={search_term_string}"},"query-input":"required name=search_term_string"}],"inLanguage":"es"},{"@type":"Organization","@id":"https:\/\/experienciadevida.com.ar\/portalurbano\/#organization","name":"Portal Urbano","url":"https:\/\/experienciadevida.com.ar\/portalurbano\/","logo":{"@type":"ImageObject","inLanguage":"es","@id":"https:\/\/experienciadevida.com.ar\/portalurbano\/#\/schema\/logo\/image\/","url":"https:\/\/experienciadevida.com.ar\/portalurbano\/wp-content\/uploads\/2019\/09\/Logo-Original.png","contentUrl":"https:\/\/experienciadevida.com.ar\/portalurbano\/wp-content\/uploads\/2019\/09\/Logo-Original.png","width":2236,"height":1216,"caption":"Portal Urbano"},"image":{"@id":"https:\/\/experienciadevida.com.ar\/portalurbano\/#\/schema\/logo\/image\/"},"sameAs":["https:\/\/www.facebook.com\/Portal-Urbano-171542830093757\/","https:\/\/twitter.com\/portalurbanook","https:\/\/www.instagram.com\/_portalurbano\/","https:\/\/www.youtube.com\/channel\/UCXhagIfszH8KxFiOok79zbA?view_as=subscriber"]},{"@type":"Person","@id":"https:\/\/experienciadevida.com.ar\/portalurbano\/#\/schema\/person\/02dd326b1c4b056e9cc972486934a3a7","name":"admpu17wp","image":{"@type":"ImageObject","inLanguage":"es","@id":"https:\/\/experienciadevida.com.ar\/portalurbano\/#\/schema\/person\/image\/","url":"https:\/\/secure.gravatar.com\/avatar\/830d4c57adaae6630765e449a6908047?s=96&d=mm&r=g","contentUrl":"https:\/\/secure.gravatar.com\/avatar\/830d4c57adaae6630765e449a6908047?s=96&d=mm&r=g","caption":"admpu17wp"}}]}},"featured_image_urls":{"full":["https:\/\/experienciadevida.com.ar\/portalurbano\/wp-content\/uploads\/2021\/07\/Anunciaron-obras-de-ampliacion-1024x684.jpg",1920,1080,false],"thumbnail":["https:\/\/experienciadevida.com.ar\/portalurbano\/wp-content\/uploads\/2021\/07\/Anunciaron-obras-de-ampliacion-1024x684.jpg",150,150,true],"medium":["https:\/\/experienciadevida.com.ar\/portalurbano\/wp-content\/uploads\/2021\/07\/Anunciaron-obras-de-ampliacion-1024x684.jpg",300,169,true],"medium_large":["https:\/\/experienciadevida.com.ar\/portalurbano\/wp-content\/uploads\/2021\/07\/Anunciaron-obras-de-ampliacion-1024x684.jpg",640,360,true],"large":["https:\/\/experienciadevida.com.ar\/portalurbano\/wp-content\/uploads\/2021\/07\/Anunciaron-obras-de-ampliacion-1024x684.jpg",640,360,true],"ug_big":["https:\/\/experienciadevida.com.ar\/portalurbano\/wp-content\/uploads\/2021\/07\/Anunciaron-obras-de-ampliacion-1024x684.jpg",768,432,true],"1536x1536":["https:\/\/experienciadevida.com.ar\/portalurbano\/wp-content\/uploads\/2021\/07\/Anunciaron-obras-de-ampliacion-1024x684.jpg",1536,864,true],"2048x2048":["https:\/\/experienciadevida.com.ar\/portalurbano\/wp-content\/uploads\/2021\/07\/Anunciaron-obras-de-ampliacion-1024x684.jpg",1920,1080,false],"newsever-slider-full":["https:\/\/experienciadevida.com.ar\/portalurbano\/wp-content\/uploads\/2021\/07\/Anunciaron-obras-de-ampliacion-1024x684.jpg",1280,845,true],"newsever-featured":["https:\/\/experienciadevida.com.ar\/portalurbano\/wp-content\/uploads\/2021\/07\/Anunciaron-obras-de-ampliacion-1024x684.jpg",1024,576,true],"newsever-medium":["https:\/\/experienciadevida.com.ar\/portalurbano\/wp-content\/uploads\/2021\/07\/Anunciaron-obras-de-ampliacion-1024x684.jpg",720,475,true],"web-stories-poster-portrait":["https:\/\/experienciadevida.com.ar\/portalurbano\/wp-content\/uploads\/2021\/07\/Anunciaron-obras-de-ampliacion-1024x684.jpg",640,853,true],"web-stories-publisher-logo":["https:\/\/experienciadevida.com.ar\/portalurbano\/wp-content\/uploads\/2021\/07\/Anunciaron-obras-de-ampliacion-1024x684.jpg",96,96,true],"web-stories-thumbnail":["https:\/\/experienciadevida.com.ar\/portalurbano\/wp-content\/uploads\/2021\/07\/Anunciaron-obras-de-ampliacion-1024x684.jpg",150,84,true]},"author_info":{"display_name":"admpu17wp","author_link":"https:\/\/experienciadevida.com.ar\/portalurbano\/author\/admpu17wp\/"},"category_info":"<a href=\"https:\/\/experienciadevida.com.ar\/portalurbano\/category\/ciudad\/\" rel=\"category tag\">Ciudad<\/a> <a href=\"https:\/\/experienciadevida.com.ar\/portalurbano\/category\/destacadas-2\/\" rel=\"category tag\">Destacadas 2<\/a>","tag_info":"Destacadas 2","comment_count":"0","amp_enabled":true,"_links":{"self":[{"href":"https:\/\/experienciadevida.com.ar\/portalurbano\/wp-json\/wp\/v2\/posts\/148723"}],"collection":[{"href":"https:\/\/experienciadevida.com.ar\/portalurbano\/wp-json\/wp\/v2\/posts"}],"about":[{"href":"https:\/\/experienciadevida.com.ar\/portalurbano\/wp-json\/wp\/v2\/types\/post"}],"author":[{"embeddable":true,"href":"https:\/\/experienciadevida.com.ar\/portalurbano\/wp-json\/wp\/v2\/users\/1"}],"replies":[{"embeddable":true,"href":"https:\/\/experienciadevida.com.ar\/portalurbano\/wp-json\/wp\/v2\/comments?post=148723"}],"version-history":[{"count":3,"href":"https:\/\/experienciadevida.com.ar\/portalurbano\/wp-json\/wp\/v2\/posts\/148723\/revisions"}],"predecessor-version":[{"id":148728,"href":"https:\/\/experienciadevida.com.ar\/portalurbano\/wp-json\/wp\/v2\/posts\/148723\/revisions\/148728"}],"wp:featuredmedia":[{"embeddable":true,"href":"https:\/\/experienciadevida.com.ar\/portalurbano\/wp-json\/"}],"wp:attachment":[{"href":"https:\/\/experienciadevida.com.ar\/portalurbano\/wp-json\/wp\/v2\/media?parent=148723"}],"wp:term":[{"taxonomy":"category","embeddable":true,"href":"https:\/\/experienciadevida.com.ar\/portalurbano\/wp-json\/wp\/v2\/categories?post=148723"},{"taxonomy":"post_tag","embeddable":true,"href":"https:\/\/experienciadevida.com.ar\/portalurbano\/wp-json\/wp\/v2\/tags?post=148723"}],"curies":[{"name":"wp","href":"https:\/\/api.w.org\/{rel}","templated":true}]}}