{"id":148679,"date":"2021-07-27T10:05:33","date_gmt":"2021-07-27T13:05:33","guid":{"rendered":"https:\/\/experienciadevida.com.ar\/portalurbano\/?p=148679"},"modified":"2021-07-27T10:07:38","modified_gmt":"2021-07-27T13:07:38","slug":"olavarria-nuevamente-en-el-podio-del-indice-de-datos-abiertos","status":"publish","type":"post","link":"https:\/\/experienciadevida.com.ar\/portalurbano\/olavarria-nuevamente-en-el-podio-del-indice-de-datos-abiertos\/","title":{"rendered":"Olavarr\u00eda nuevamente en el podio del \u00cdndice de Datos Abiertos"},"content":{"rendered":"<p>Olavarr\u00eda nuevamente en el podio del \u00cdndice de Datos Abiertos, el <a href=\"https:\/\/www.facebook.com\/municipiodeolavarria\">Municipio del Partido de Olavarr\u00eda<\/a> mantiene por tercer a\u00f1o consecutivo el tercer puesto en el \u00cdndice de Datos Abiertos de Ciudades Argentinas. Dicho \u00edndice presenta, desde el a\u00f1o 2016, el estado actual de la liberaci\u00f3n de datos en formato abierto en los municipios del pa\u00eds.<\/p>\n<p>Es realizado por la Open Knowledge Foundation o Fundaci\u00f3n Conocimiento Abierto (organizaci\u00f3n global sin fines de lucro), que tiene como misi\u00f3n hacer realidad el valor de los datos abiertos para la sociedad.<\/p>\n<p>Desde el a\u00f1o 2018 el Municipio ingres\u00f3 a dicho ranking, encontr\u00e1ndose en su primera participaci\u00f3n entre los 10 primeros, para pasar en el a\u00f1o 2019 a ocupar el tercer puesto, lugar que ha podido mantener ininterrumpidamente hasta la actualidad.<\/p>\n<p>Olavarr\u00eda nuevamente en el podio del \u00edndice de datos abiertos, con la premisa de que el ejercicio del derecho de acceso a la informaci\u00f3n p\u00fablica fortalece la participaci\u00f3n ciudadana, las pol\u00edticas p\u00fablicas, la gesti\u00f3n y por ende la gobernabilidad democr\u00e1tica, se logr\u00f3 mantener el avance en el camino de la apertura de datos.<\/p>\n<p>Desde el equipo de la Subsecretar\u00eda de Modernizaci\u00f3n -perteneciente a la Secretar\u00eda de Desarrollo Econ\u00f3mico- \u00e1rea encargada de la recopilaci\u00f3n y publicaci\u00f3n de los datos a nivel local, destacaron que \u201ca pesar de haber transitado este \u00faltimo tiempo las dificultades propias de la emergencia sanitaria, todas las \u00e1reas comprometidas con la publicaci\u00f3n de datos (tanto municipales como las organizaciones intermedias) nunca dejaron de cumplir. Esto hace que la edici\u00f3n del presente a\u00f1o tenga un plus de valor, ya que permite evidenciar el compromiso asumido por el Gobierno Municipal hace ya cuatro a\u00f1os\u201d.<\/p>\n<p>\u201cEste es un nuevo hito que se suma al camino transitado desde el lanzamiento del Portal de Gobierno Abierto en el 2017, momento desde el cual no se ha dejado de trabajar en la publicaci\u00f3n de datos de inter\u00e9s, datos p\u00fablicos que se pueden utilizar libremente, reutilizar y distribuir por cualquier persona, datos que permiten aumentar la participaci\u00f3n ciudadana a trav\u00e9s del conocimiento de la informaci\u00f3n que genera el Municipio y mejorar los servicios p\u00fablicos mediante la toma de decisiones basadas en datos concretos\u201d, concluyeron.<\/p>\n<p>&nbsp;<\/p>\n","protected":false},"excerpt":{"rendered":"<p>Olavarr\u00eda nuevamente en el podio del \u00cdndice de Datos Abiertos, el Municipio del Partido de&#8230;<\/p>\n","protected":false},"author":1,"featured_media":148680,"comment_status":"closed","ping_status":"closed","sticky":false,"template":"","format":"standard","meta":{"content-type":""},"categories":[27,64],"tags":[],"nelio_content":{"isAutoShareEnabled":false,"autoShareEndMode":"default","automationSources":{"useContentSentences":true,"useSocialTemplates":true,"useCustomSentences":false,"customSentences":[]},"followers":[1],"suggestedReferences":[],"includedReferences":[],"efiUrl":"","efiAlt":"","highlights":[]},"yoast_head":"<!-- This site is optimized with the Yoast SEO plugin v20.7 - https:\/\/yoast.com\/wordpress\/plugins\/seo\/ -->\n<title>Olavarr\u00eda nuevamente en el podio del \u00edndice de datos abiertos<\/title>\n<meta name=\"description\" content=\"Olavarr\u00eda nuevamente en el podio del \u00cdndice de Datos Abiertos, el Municipio del Partido mantiene por tercer a\u00f1o consecutivo el tercer puesto\" \/>\n<meta name=\"robots\" content=\"index, follow, max-snippet:-1, max-image-preview:large, max-video-preview:-1\" \/>\n<link rel=\"canonical\" href=\"https:\/\/experienciadevida.com.ar\/portalurbano\/olavarria-nuevamente-en-el-podio-del-indice-de-datos-abiertos\/\" \/>\n<meta property=\"og:locale\" content=\"es_ES\" \/>\n<meta property=\"og:type\" content=\"article\" \/>\n<meta property=\"og:title\" content=\"Olavarr\u00eda nuevamente en el podio del \u00edndice de datos abiertos\" \/>\n<meta property=\"og:description\" content=\"Olavarr\u00eda nuevamente en el podio del \u00cdndice de Datos Abiertos, el Municipio del Partido mantiene por tercer a\u00f1o consecutivo el tercer puesto\" \/>\n<meta property=\"og:url\" content=\"https:\/\/experienciadevida.com.ar\/portalurbano\/olavarria-nuevamente-en-el-podio-del-indice-de-datos-abiertos\/\" \/>\n<meta property=\"article:publisher\" content=\"https:\/\/www.facebook.com\/Portal-Urbano-171542830093757\/\" \/>\n<meta property=\"article:published_time\" content=\"2021-07-27T13:05:33+00:00\" \/>\n<meta property=\"article:modified_time\" content=\"2021-07-27T13:07:38+00:00\" \/>\n<meta property=\"og:image\" content=\"https:\/\/experienciadevida.com.ar\/portalurbano\/wp-content\/uploads\/2021\/07\/Olavarria-nuevamente-en-el-podio.jpg\" \/>\n\t<meta property=\"og:image:width\" content=\"1024\" \/>\n\t<meta property=\"og:image:height\" content=\"683\" \/>\n\t<meta property=\"og:image:type\" content=\"image\/jpeg\" \/>\n<meta name=\"author\" content=\"admpu17wp\" \/>\n<meta name=\"twitter:card\" content=\"summary_large_image\" \/>\n<meta name=\"twitter:creator\" content=\"@portalurbanook\" \/>\n<meta name=\"twitter:site\" content=\"@portalurbanook\" \/>\n<meta name=\"twitter:label1\" content=\"Escrito por\" \/>\n\t<meta name=\"twitter:data1\" content=\"admpu17wp\" \/>\n\t<meta name=\"twitter:label2\" content=\"Tiempo de lectura\" \/>\n\t<meta name=\"twitter:data2\" content=\"2 minutos\" \/>\n<script type=\"application\/ld+json\" class=\"yoast-schema-graph\">{\"@context\":\"https:\/\/schema.org\",\"@graph\":[{\"@type\":\"Article\",\"@id\":\"https:\/\/experienciadevida.com.ar\/portalurbano\/olavarria-nuevamente-en-el-podio-del-indice-de-datos-abiertos\/#article\",\"isPartOf\":{\"@id\":\"https:\/\/experienciadevida.com.ar\/portalurbano\/olavarria-nuevamente-en-el-podio-del-indice-de-datos-abiertos\/\"},\"author\":{\"name\":\"admpu17wp\",\"@id\":\"https:\/\/experienciadevida.com.ar\/portalurbano\/#\/schema\/person\/02dd326b1c4b056e9cc972486934a3a7\"},\"headline\":\"Olavarr\u00eda nuevamente en el podio del \u00cdndice de Datos Abiertos\",\"datePublished\":\"2021-07-27T13:05:33+00:00\",\"dateModified\":\"2021-07-27T13:07:38+00:00\",\"mainEntityOfPage\":{\"@id\":\"https:\/\/experienciadevida.com.ar\/portalurbano\/olavarria-nuevamente-en-el-podio-del-indice-de-datos-abiertos\/\"},\"wordCount\":402,\"publisher\":{\"@id\":\"https:\/\/experienciadevida.com.ar\/portalurbano\/#organization\"},\"articleSection\":[\"Ciudad\",\"Destacadas 2\"],\"inLanguage\":\"es\"},{\"@type\":\"WebPage\",\"@id\":\"https:\/\/experienciadevida.com.ar\/portalurbano\/olavarria-nuevamente-en-el-podio-del-indice-de-datos-abiertos\/\",\"url\":\"https:\/\/experienciadevida.com.ar\/portalurbano\/olavarria-nuevamente-en-el-podio-del-indice-de-datos-abiertos\/\",\"name\":\"Olavarr\u00eda nuevamente en el podio del \u00edndice de datos abiertos\",\"isPartOf\":{\"@id\":\"https:\/\/experienciadevida.com.ar\/portalurbano\/#website\"},\"datePublished\":\"2021-07-27T13:05:33+00:00\",\"dateModified\":\"2021-07-27T13:07:38+00:00\",\"description\":\"Olavarr\u00eda nuevamente en el podio del \u00cdndice de Datos Abiertos, el Municipio del Partido mantiene por tercer a\u00f1o consecutivo el tercer puesto\",\"breadcrumb\":{\"@id\":\"https:\/\/experienciadevida.com.ar\/portalurbano\/olavarria-nuevamente-en-el-podio-del-indice-de-datos-abiertos\/#breadcrumb\"},\"inLanguage\":\"es\",\"potentialAction\":[{\"@type\":\"ReadAction\",\"target\":[\"https:\/\/experienciadevida.com.ar\/portalurbano\/olavarria-nuevamente-en-el-podio-del-indice-de-datos-abiertos\/\"]}]},{\"@type\":\"BreadcrumbList\",\"@id\":\"https:\/\/experienciadevida.com.ar\/portalurbano\/olavarria-nuevamente-en-el-podio-del-indice-de-datos-abiertos\/#breadcrumb\",\"itemListElement\":[{\"@type\":\"ListItem\",\"position\":1,\"name\":\"Portada\",\"item\":\"https:\/\/experienciadevida.com.ar\/portalurbano\/\"},{\"@type\":\"ListItem\",\"position\":2,\"name\":\"Olavarr\u00eda nuevamente en el podio del \u00cdndice de Datos Abiertos\"}]},{\"@type\":\"WebSite\",\"@id\":\"https:\/\/experienciadevida.com.ar\/portalurbano\/#website\",\"url\":\"https:\/\/experienciadevida.com.ar\/portalurbano\/\",\"name\":\"\",\"description\":\"\",\"publisher\":{\"@id\":\"https:\/\/experienciadevida.com.ar\/portalurbano\/#organization\"},\"potentialAction\":[{\"@type\":\"SearchAction\",\"target\":{\"@type\":\"EntryPoint\",\"urlTemplate\":\"https:\/\/experienciadevida.com.ar\/portalurbano\/?s={search_term_string}\"},\"query-input\":\"required name=search_term_string\"}],\"inLanguage\":\"es\"},{\"@type\":\"Organization\",\"@id\":\"https:\/\/experienciadevida.com.ar\/portalurbano\/#organization\",\"name\":\"Portal Urbano\",\"url\":\"https:\/\/experienciadevida.com.ar\/portalurbano\/\",\"logo\":{\"@type\":\"ImageObject\",\"inLanguage\":\"es\",\"@id\":\"https:\/\/experienciadevida.com.ar\/portalurbano\/#\/schema\/logo\/image\/\",\"url\":\"https:\/\/experienciadevida.com.ar\/portalurbano\/wp-content\/uploads\/2019\/09\/Logo-Original.png\",\"contentUrl\":\"https:\/\/experienciadevida.com.ar\/portalurbano\/wp-content\/uploads\/2019\/09\/Logo-Original.png\",\"width\":2236,\"height\":1216,\"caption\":\"Portal Urbano\"},\"image\":{\"@id\":\"https:\/\/experienciadevida.com.ar\/portalurbano\/#\/schema\/logo\/image\/\"},\"sameAs\":[\"https:\/\/www.facebook.com\/Portal-Urbano-171542830093757\/\",\"https:\/\/twitter.com\/portalurbanook\",\"https:\/\/www.instagram.com\/_portalurbano\/\",\"https:\/\/www.youtube.com\/channel\/UCXhagIfszH8KxFiOok79zbA?view_as=subscriber\"]},{\"@type\":\"Person\",\"@id\":\"https:\/\/experienciadevida.com.ar\/portalurbano\/#\/schema\/person\/02dd326b1c4b056e9cc972486934a3a7\",\"name\":\"admpu17wp\",\"image\":{\"@type\":\"ImageObject\",\"inLanguage\":\"es\",\"@id\":\"https:\/\/experienciadevida.com.ar\/portalurbano\/#\/schema\/person\/image\/\",\"url\":\"https:\/\/secure.gravatar.com\/avatar\/830d4c57adaae6630765e449a6908047?s=96&d=mm&r=g\",\"contentUrl\":\"https:\/\/secure.gravatar.com\/avatar\/830d4c57adaae6630765e449a6908047?s=96&d=mm&r=g\",\"caption\":\"admpu17wp\"}}]}<\/script>\n<!-- \/ Yoast SEO plugin. -->","yoast_head_json":{"title":"Olavarr\u00eda nuevamente en el podio del \u00edndice de datos abiertos","description":"Olavarr\u00eda nuevamente en el podio del \u00cdndice de Datos Abiertos, el Municipio del Partido mantiene por tercer a\u00f1o consecutivo el tercer puesto","robots":{"index":"index","follow":"follow","max-snippet":"max-snippet:-1","max-image-preview":"max-image-preview:large","max-video-preview":"max-video-preview:-1"},"canonical":"https:\/\/experienciadevida.com.ar\/portalurbano\/olavarria-nuevamente-en-el-podio-del-indice-de-datos-abiertos\/","og_locale":"es_ES","og_type":"article","og_title":"Olavarr\u00eda nuevamente en el podio del \u00edndice de datos abiertos","og_description":"Olavarr\u00eda nuevamente en el podio del \u00cdndice de Datos Abiertos, el Municipio del Partido mantiene por tercer a\u00f1o consecutivo el tercer puesto","og_url":"https:\/\/experienciadevida.com.ar\/portalurbano\/olavarria-nuevamente-en-el-podio-del-indice-de-datos-abiertos\/","article_publisher":"https:\/\/www.facebook.com\/Portal-Urbano-171542830093757\/","article_published_time":"2021-07-27T13:05:33+00:00","article_modified_time":"2021-07-27T13:07:38+00:00","og_image":[{"width":1024,"height":683,"url":"https:\/\/experienciadevida.com.ar\/portalurbano\/wp-content\/uploads\/2021\/07\/Olavarria-nuevamente-en-el-podio.jpg","type":"image\/jpeg"}],"author":"admpu17wp","twitter_card":"summary_large_image","twitter_creator":"@portalurbanook","twitter_site":"@portalurbanook","twitter_misc":{"Escrito por":"admpu17wp","Tiempo de lectura":"2 minutos"},"schema":{"@context":"https:\/\/schema.org","@graph":[{"@type":"Article","@id":"https:\/\/experienciadevida.com.ar\/portalurbano\/olavarria-nuevamente-en-el-podio-del-indice-de-datos-abiertos\/#article","isPartOf":{"@id":"https:\/\/experienciadevida.com.ar\/portalurbano\/olavarria-nuevamente-en-el-podio-del-indice-de-datos-abiertos\/"},"author":{"name":"admpu17wp","@id":"https:\/\/experienciadevida.com.ar\/portalurbano\/#\/schema\/person\/02dd326b1c4b056e9cc972486934a3a7"},"headline":"Olavarr\u00eda nuevamente en el podio del \u00cdndice de Datos Abiertos","datePublished":"2021-07-27T13:05:33+00:00","dateModified":"2021-07-27T13:07:38+00:00","mainEntityOfPage":{"@id":"https:\/\/experienciadevida.com.ar\/portalurbano\/olavarria-nuevamente-en-el-podio-del-indice-de-datos-abiertos\/"},"wordCount":402,"publisher":{"@id":"https:\/\/experienciadevida.com.ar\/portalurbano\/#organization"},"articleSection":["Ciudad","Destacadas 2"],"inLanguage":"es"},{"@type":"WebPage","@id":"https:\/\/experienciadevida.com.ar\/portalurbano\/olavarria-nuevamente-en-el-podio-del-indice-de-datos-abiertos\/","url":"https:\/\/experienciadevida.com.ar\/portalurbano\/olavarria-nuevamente-en-el-podio-del-indice-de-datos-abiertos\/","name":"Olavarr\u00eda nuevamente en el podio del \u00edndice de datos abiertos","isPartOf":{"@id":"https:\/\/experienciadevida.com.ar\/portalurbano\/#website"},"datePublished":"2021-07-27T13:05:33+00:00","dateModified":"2021-07-27T13:07:38+00:00","description":"Olavarr\u00eda nuevamente en el podio del \u00cdndice de Datos Abiertos, el Municipio del Partido mantiene por tercer a\u00f1o consecutivo el tercer puesto","breadcrumb":{"@id":"https:\/\/experienciadevida.com.ar\/portalurbano\/olavarria-nuevamente-en-el-podio-del-indice-de-datos-abiertos\/#breadcrumb"},"inLanguage":"es","potentialAction":[{"@type":"ReadAction","target":["https:\/\/experienciadevida.com.ar\/portalurbano\/olavarria-nuevamente-en-el-podio-del-indice-de-datos-abiertos\/"]}]},{"@type":"BreadcrumbList","@id":"https:\/\/experienciadevida.com.ar\/portalurbano\/olavarria-nuevamente-en-el-podio-del-indice-de-datos-abiertos\/#breadcrumb","itemListElement":[{"@type":"ListItem","position":1,"name":"Portada","item":"https:\/\/experienciadevida.com.ar\/portalurbano\/"},{"@type":"ListItem","position":2,"name":"Olavarr\u00eda nuevamente en el podio del \u00cdndice de Datos Abiertos"}]},{"@type":"WebSite","@id":"https:\/\/experienciadevida.com.ar\/portalurbano\/#website","url":"https:\/\/experienciadevida.com.ar\/portalurbano\/","name":"","description":"","publisher":{"@id":"https:\/\/experienciadevida.com.ar\/portalurbano\/#organization"},"potentialAction":[{"@type":"SearchAction","target":{"@type":"EntryPoint","urlTemplate":"https:\/\/experienciadevida.com.ar\/portalurbano\/?s={search_term_string}"},"query-input":"required name=search_term_string"}],"inLanguage":"es"},{"@type":"Organization","@id":"https:\/\/experienciadevida.com.ar\/portalurbano\/#organization","name":"Portal Urbano","url":"https:\/\/experienciadevida.com.ar\/portalurbano\/","logo":{"@type":"ImageObject","inLanguage":"es","@id":"https:\/\/experienciadevida.com.ar\/portalurbano\/#\/schema\/logo\/image\/","url":"https:\/\/experienciadevida.com.ar\/portalurbano\/wp-content\/uploads\/2019\/09\/Logo-Original.png","contentUrl":"https:\/\/experienciadevida.com.ar\/portalurbano\/wp-content\/uploads\/2019\/09\/Logo-Original.png","width":2236,"height":1216,"caption":"Portal Urbano"},"image":{"@id":"https:\/\/experienciadevida.com.ar\/portalurbano\/#\/schema\/logo\/image\/"},"sameAs":["https:\/\/www.facebook.com\/Portal-Urbano-171542830093757\/","https:\/\/twitter.com\/portalurbanook","https:\/\/www.instagram.com\/_portalurbano\/","https:\/\/www.youtube.com\/channel\/UCXhagIfszH8KxFiOok79zbA?view_as=subscriber"]},{"@type":"Person","@id":"https:\/\/experienciadevida.com.ar\/portalurbano\/#\/schema\/person\/02dd326b1c4b056e9cc972486934a3a7","name":"admpu17wp","image":{"@type":"ImageObject","inLanguage":"es","@id":"https:\/\/experienciadevida.com.ar\/portalurbano\/#\/schema\/person\/image\/","url":"https:\/\/secure.gravatar.com\/avatar\/830d4c57adaae6630765e449a6908047?s=96&d=mm&r=g","contentUrl":"https:\/\/secure.gravatar.com\/avatar\/830d4c57adaae6630765e449a6908047?s=96&d=mm&r=g","caption":"admpu17wp"}}]}},"featured_image_urls":{"full":["https:\/\/experienciadevida.com.ar\/portalurbano\/wp-content\/uploads\/2021\/07\/Olavarria-nuevamente-en-el-podio.jpg",1024,683,false],"thumbnail":["https:\/\/experienciadevida.com.ar\/portalurbano\/wp-content\/uploads\/2021\/07\/Olavarria-nuevamente-en-el-podio-150x150.jpg",150,150,true],"medium":["https:\/\/experienciadevida.com.ar\/portalurbano\/wp-content\/uploads\/2021\/07\/Olavarria-nuevamente-en-el-podio-300x200.jpg",300,200,true],"medium_large":["https:\/\/experienciadevida.com.ar\/portalurbano\/wp-content\/uploads\/2021\/07\/Olavarria-nuevamente-en-el-podio-768x512.jpg",640,427,true],"large":["https:\/\/experienciadevida.com.ar\/portalurbano\/wp-content\/uploads\/2021\/07\/Olavarria-nuevamente-en-el-podio.jpg",640,427,false],"ug_big":["https:\/\/experienciadevida.com.ar\/portalurbano\/wp-content\/uploads\/2021\/07\/Olavarria-nuevamente-en-el-podio-768x512.jpg",768,512,true],"1536x1536":["https:\/\/experienciadevida.com.ar\/portalurbano\/wp-content\/uploads\/2021\/07\/Olavarria-nuevamente-en-el-podio.jpg",1024,683,false],"2048x2048":["https:\/\/experienciadevida.com.ar\/portalurbano\/wp-content\/uploads\/2021\/07\/Olavarria-nuevamente-en-el-podio.jpg",1024,683,false],"newsever-slider-full":["https:\/\/experienciadevida.com.ar\/portalurbano\/wp-content\/uploads\/2021\/07\/Olavarria-nuevamente-en-el-podio.jpg",1024,683,false],"newsever-featured":["https:\/\/experienciadevida.com.ar\/portalurbano\/wp-content\/uploads\/2021\/07\/Olavarria-nuevamente-en-el-podio.jpg",1024,683,false],"newsever-medium":["https:\/\/experienciadevida.com.ar\/portalurbano\/wp-content\/uploads\/2021\/07\/Olavarria-nuevamente-en-el-podio.jpg",712,475,false],"web-stories-poster-portrait":["https:\/\/experienciadevida.com.ar\/portalurbano\/wp-content\/uploads\/2021\/07\/Olavarria-nuevamente-en-el-podio.jpg",640,427,false],"web-stories-publisher-logo":["https:\/\/experienciadevida.com.ar\/portalurbano\/wp-content\/uploads\/2021\/07\/Olavarria-nuevamente-en-el-podio.jpg",96,64,false],"web-stories-thumbnail":["https:\/\/experienciadevida.com.ar\/portalurbano\/wp-content\/uploads\/2021\/07\/Olavarria-nuevamente-en-el-podio.jpg",150,100,false]},"author_info":{"display_name":"admpu17wp","author_link":"https:\/\/experienciadevida.com.ar\/portalurbano\/author\/admpu17wp\/"},"category_info":"<a href=\"https:\/\/experienciadevida.com.ar\/portalurbano\/category\/ciudad\/\" rel=\"category tag\">Ciudad<\/a> <a href=\"https:\/\/experienciadevida.com.ar\/portalurbano\/category\/destacadas-2\/\" rel=\"category tag\">Destacadas 2<\/a>","tag_info":"Destacadas 2","comment_count":"0","amp_enabled":true,"_links":{"self":[{"href":"https:\/\/experienciadevida.com.ar\/portalurbano\/wp-json\/wp\/v2\/posts\/148679"}],"collection":[{"href":"https:\/\/experienciadevida.com.ar\/portalurbano\/wp-json\/wp\/v2\/posts"}],"about":[{"href":"https:\/\/experienciadevida.com.ar\/portalurbano\/wp-json\/wp\/v2\/types\/post"}],"author":[{"embeddable":true,"href":"https:\/\/experienciadevida.com.ar\/portalurbano\/wp-json\/wp\/v2\/users\/1"}],"replies":[{"embeddable":true,"href":"https:\/\/experienciadevida.com.ar\/portalurbano\/wp-json\/wp\/v2\/comments?post=148679"}],"version-history":[{"count":3,"href":"https:\/\/experienciadevida.com.ar\/portalurbano\/wp-json\/wp\/v2\/posts\/148679\/revisions"}],"predecessor-version":[{"id":148683,"href":"https:\/\/experienciadevida.com.ar\/portalurbano\/wp-json\/wp\/v2\/posts\/148679\/revisions\/148683"}],"wp:featuredmedia":[{"embeddable":true,"href":"https:\/\/experienciadevida.com.ar\/portalurbano\/wp-json\/wp\/v2\/media\/148680"}],"wp:attachment":[{"href":"https:\/\/experienciadevida.com.ar\/portalurbano\/wp-json\/wp\/v2\/media?parent=148679"}],"wp:term":[{"taxonomy":"category","embeddable":true,"href":"https:\/\/experienciadevida.com.ar\/portalurbano\/wp-json\/wp\/v2\/categories?post=148679"},{"taxonomy":"post_tag","embeddable":true,"href":"https:\/\/experienciadevida.com.ar\/portalurbano\/wp-json\/wp\/v2\/tags?post=148679"}],"curies":[{"name":"wp","href":"https:\/\/api.w.org\/{rel}","templated":true}]}}