{"id":148636,"date":"2021-07-26T13:08:17","date_gmt":"2021-07-26T16:08:17","guid":{"rendered":"https:\/\/experienciadevida.com.ar\/portalurbano\/?p=148636"},"modified":"2021-07-26T13:08:50","modified_gmt":"2021-07-26T16:08:50","slug":"comenzo-la-primera-etapa-de-pavimentacion-en-el-sip-los-fresnos","status":"publish","type":"post","link":"https:\/\/experienciadevida.com.ar\/portalurbano\/comenzo-la-primera-etapa-de-pavimentacion-en-el-sip-los-fresnos\/","title":{"rendered":"Comenz\u00f3 la primera etapa de pavimentaci\u00f3n en el SIP \u201cLos Fresnos\u201d"},"content":{"rendered":"<p>Comenz\u00f3 la primera etapa de pavimentaci\u00f3n en el SIP \u201cLos Fresnos\u201d, en la ma\u00f1ana de este lunes, el intendente Ezequiel <a href=\"https:\/\/www.facebook.com\/galliezequiel\">Galli<\/a> encabez\u00f3 una recorrida por el Sector Industrial Planificado \u201cLos Fresnos\u201d, donde se inici\u00f3 recientemente la primera etapa de pavimentaci\u00f3n, con una inversi\u00f3n que asciende a los 8.933.600 pesos.<\/p>\n<p>Durante la visita, el Intendente estuvo acompa\u00f1ado por el Presidente del Concejo Deliberante Bruno <a href=\"https:\/\/www.instagram.com\/brunocenizo\/?hl=es\">Cenizo<\/a> y el secretario de Desarrollo Humano y Calidad de Vida Diego <a href=\"https:\/\/www.facebook.com\/diegorobbiani\">Robbiani<\/a>.<\/p>\n<p>Al respecto, Ezequiel Galli destac\u00f3 la obra y dijo: \u201ces una de las obras m\u00e1s importantes que estamos realizando porque este sector es clave para el desarrollo industrial de nuestro Partido\u201d.<\/p>\n<p>Comenz\u00f3 la primera etapa de pavimentaci\u00f3n en el SIP Los Fresnos\u201cTenemos una econom\u00eda muy diversificada y ponemos mucha atenci\u00f3n en la industria porque es un sector que genera mucha mano de obra genuina y calificada que dinamiza el consumo local\u201d, agreg\u00f3.<\/p>\n<p>\u201cLos Fresnos\u201d se encuentra ubicado en la intersecci\u00f3n de Ruta Provincial N\u00ba 51 y Avenida Avellaneda. Posee una extensi\u00f3n de 200 hect\u00e1reas, que permitir\u00e1 albergar la creciente demanda de radicaci\u00f3n de nuevas empresas que eligen invertir en Olavarr\u00eda.<\/p>\n<p>En materia industrial, nuestro Partido presenta caracter\u00edsticas de infraestructura que brinda al inversor una ventaja y una competitividad superlativas. Su ubicaci\u00f3n geogr\u00e1fica y la expansi\u00f3n de una red de servicios incorporados en la planificaci\u00f3n de procesos productivos, potencian la implementaci\u00f3n de un nodo de desarrollo log\u00edstico con car\u00e1cter regional, que act\u00faa como enlace con accesos nacionales e internacionales.<\/p>\n<p>En dicho contexto, es fundamental lograr la instalaci\u00f3n de empresas en el marco de una pol\u00edtica de ordenamiento territorial, que permita promover el desarrollo local, expandir y consolidar la estructura productiva, a trav\u00e9s del establecimiento planificado de \u00e1reas industriales.<\/p>\n<p>Previo a la pavimentaci\u00f3n, desde la gesti\u00f3n municipal se llevaron adelante diferentes obras para dotar de infraestructura el Sector Industrial Planificado \u201cLos Fresnos\u201d, que consistieron en apertura de calles, electricidad, agua y gas.<\/p>\n<p>Las calles a pavimentar ser\u00e1n de 7,50 metros de ancho y permitir\u00e1n que industriales que han adquirido lotes en el sector puedan comenzar a instalar sus industrias.<\/p>\n<p>T\u00e9cnicamente, el paquete estructural del pavimento estar\u00e1 constituido por una base de tosca compactada, sobre la que se realizar\u00e1 un suelo cemento de 0,18 metros de espesor, para posteriormente construir el pavimento de hormig\u00f3n simple de 0,23 metros de espesor. Se encuentra prevista, adem\u00e1s la construcci\u00f3n de banquinas de 3 metros de ancho.<\/p>\n<p><a href=\"https:\/\/experienciadevida.com.ar\/portalurbano\/comenzo-la-primera-etapa-de-pavimentacion-en-el-sip-los-fresnos\/comenzo-la-primera\/\" rel=\"attachment wp-att-148638\"><img decoding=\"async\" class=\"alignnone size-large wp-image-148638\" src=\"https:\/\/experienciadevida.com.ar\/portalurbano\/wp-content\/uploads\/2021\/07\/Comenzo-la-primera-1024x684.jpg\" alt=\"Comenz\u00f3 la primera \" width=\"900\" height=\"601\" \/><\/a><\/p>\n<p><a href=\"https:\/\/experienciadevida.com.ar\/portalurbano\/comenzo-la-primera-etapa-de-pavimentacion-en-el-sip-los-fresnos\/etapa-2\/\" rel=\"attachment wp-att-148639\"><img decoding=\"async\" class=\"alignnone size-large wp-image-148639\" src=\"https:\/\/experienciadevida.com.ar\/portalurbano\/wp-content\/uploads\/2021\/07\/etapa-1024x684.jpg\" alt=\"etapa \" width=\"900\" height=\"601\" \/><\/a><\/p>\n<p><a href=\"https:\/\/experienciadevida.com.ar\/portalurbano\/comenzo-la-primera-etapa-de-pavimentacion-en-el-sip-los-fresnos\/comenzo-2\/\" rel=\"attachment wp-att-148640\"><img decoding=\"async\" class=\"alignnone size-large wp-image-148640\" src=\"https:\/\/experienciadevida.com.ar\/portalurbano\/wp-content\/uploads\/2021\/07\/Comenzo-1024x684.jpg\" alt=\"comenz\u00f3\" width=\"900\" height=\"601\" \/><\/a><\/p>\n","protected":false},"excerpt":{"rendered":"<p>Comenz\u00f3 la primera etapa de pavimentaci\u00f3n en el SIP \u201cLos Fresnos\u201d, en la ma\u00f1ana de&#8230;<\/p>\n","protected":false},"author":1,"featured_media":148637,"comment_status":"closed","ping_status":"closed","sticky":false,"template":"","format":"standard","meta":{"content-type":""},"categories":[27,64],"tags":[],"nelio_content":{"isAutoShareEnabled":false,"autoShareEndMode":"default","automationSources":{"useContentSentences":true,"useSocialTemplates":true,"useCustomSentences":false,"customSentences":[]},"followers":[1],"suggestedReferences":[],"includedReferences":["https:\/\/www.instagram.com\/brunocenizo\/?hl=es"],"efiUrl":"","efiAlt":"","highlights":[]},"yoast_head":"<!-- This site is optimized with the Yoast SEO plugin v20.7 - https:\/\/yoast.com\/wordpress\/plugins\/seo\/ -->\n<title>Comenz\u00f3 la primera etapa de pavimentaci\u00f3n en el SIP los fresnos<\/title>\n<meta name=\"description\" content=\"Comenz\u00f3 la primera etapa de pavimentaci\u00f3n en el SIP \u201cLos Fresnos\u201d, en la ma\u00f1ana de este lunes, Galli recorri\u00f3 las obras junto con Cenizo\" \/>\n<meta name=\"robots\" content=\"index, follow, max-snippet:-1, max-image-preview:large, max-video-preview:-1\" \/>\n<link rel=\"canonical\" href=\"https:\/\/experienciadevida.com.ar\/portalurbano\/comenzo-la-primera-etapa-de-pavimentacion-en-el-sip-los-fresnos\/\" \/>\n<meta property=\"og:locale\" content=\"es_ES\" \/>\n<meta property=\"og:type\" content=\"article\" \/>\n<meta property=\"og:title\" content=\"Comenz\u00f3 la primera etapa de pavimentaci\u00f3n en el SIP los fresnos\" \/>\n<meta property=\"og:description\" content=\"Comenz\u00f3 la primera etapa de pavimentaci\u00f3n en el SIP \u201cLos Fresnos\u201d, en la ma\u00f1ana de este lunes, Galli recorri\u00f3 las obras junto con Cenizo\" \/>\n<meta property=\"og:url\" content=\"https:\/\/experienciadevida.com.ar\/portalurbano\/comenzo-la-primera-etapa-de-pavimentacion-en-el-sip-los-fresnos\/\" \/>\n<meta property=\"article:publisher\" content=\"https:\/\/www.facebook.com\/Portal-Urbano-171542830093757\/\" \/>\n<meta property=\"article:published_time\" content=\"2021-07-26T16:08:17+00:00\" \/>\n<meta property=\"article:modified_time\" content=\"2021-07-26T16:08:50+00:00\" \/>\n<meta property=\"og:image\" content=\"https:\/\/experienciadevida.com.ar\/portalurbano\/wp-content\/uploads\/2021\/07\/Comenzo-la-primera-etapa-de-e1627315462557.jpg\" \/>\n\t<meta property=\"og:image:width\" content=\"765\" \/>\n\t<meta property=\"og:image:height\" content=\"511\" \/>\n\t<meta property=\"og:image:type\" content=\"image\/jpeg\" \/>\n<meta name=\"author\" content=\"admpu17wp\" \/>\n<meta name=\"twitter:card\" content=\"summary_large_image\" \/>\n<meta name=\"twitter:creator\" content=\"@portalurbanook\" \/>\n<meta name=\"twitter:site\" content=\"@portalurbanook\" \/>\n<meta name=\"twitter:label1\" content=\"Escrito por\" \/>\n\t<meta name=\"twitter:data1\" content=\"admpu17wp\" \/>\n\t<meta name=\"twitter:label2\" content=\"Tiempo de lectura\" \/>\n\t<meta name=\"twitter:data2\" content=\"3 minutos\" \/>\n<script type=\"application\/ld+json\" class=\"yoast-schema-graph\">{\"@context\":\"https:\/\/schema.org\",\"@graph\":[{\"@type\":\"Article\",\"@id\":\"https:\/\/experienciadevida.com.ar\/portalurbano\/comenzo-la-primera-etapa-de-pavimentacion-en-el-sip-los-fresnos\/#article\",\"isPartOf\":{\"@id\":\"https:\/\/experienciadevida.com.ar\/portalurbano\/comenzo-la-primera-etapa-de-pavimentacion-en-el-sip-los-fresnos\/\"},\"author\":{\"name\":\"admpu17wp\",\"@id\":\"https:\/\/experienciadevida.com.ar\/portalurbano\/#\/schema\/person\/02dd326b1c4b056e9cc972486934a3a7\"},\"headline\":\"Comenz\u00f3 la primera etapa de pavimentaci\u00f3n en el SIP \u201cLos Fresnos\u201d\",\"datePublished\":\"2021-07-26T16:08:17+00:00\",\"dateModified\":\"2021-07-26T16:08:50+00:00\",\"mainEntityOfPage\":{\"@id\":\"https:\/\/experienciadevida.com.ar\/portalurbano\/comenzo-la-primera-etapa-de-pavimentacion-en-el-sip-los-fresnos\/\"},\"wordCount\":436,\"publisher\":{\"@id\":\"https:\/\/experienciadevida.com.ar\/portalurbano\/#organization\"},\"articleSection\":[\"Ciudad\",\"Destacadas 2\"],\"inLanguage\":\"es\"},{\"@type\":\"WebPage\",\"@id\":\"https:\/\/experienciadevida.com.ar\/portalurbano\/comenzo-la-primera-etapa-de-pavimentacion-en-el-sip-los-fresnos\/\",\"url\":\"https:\/\/experienciadevida.com.ar\/portalurbano\/comenzo-la-primera-etapa-de-pavimentacion-en-el-sip-los-fresnos\/\",\"name\":\"Comenz\u00f3 la primera etapa de pavimentaci\u00f3n en el SIP los fresnos\",\"isPartOf\":{\"@id\":\"https:\/\/experienciadevida.com.ar\/portalurbano\/#website\"},\"datePublished\":\"2021-07-26T16:08:17+00:00\",\"dateModified\":\"2021-07-26T16:08:50+00:00\",\"description\":\"Comenz\u00f3 la primera etapa de pavimentaci\u00f3n en el SIP \u201cLos Fresnos\u201d, en la ma\u00f1ana de este lunes, Galli recorri\u00f3 las obras junto con Cenizo\",\"breadcrumb\":{\"@id\":\"https:\/\/experienciadevida.com.ar\/portalurbano\/comenzo-la-primera-etapa-de-pavimentacion-en-el-sip-los-fresnos\/#breadcrumb\"},\"inLanguage\":\"es\",\"potentialAction\":[{\"@type\":\"ReadAction\",\"target\":[\"https:\/\/experienciadevida.com.ar\/portalurbano\/comenzo-la-primera-etapa-de-pavimentacion-en-el-sip-los-fresnos\/\"]}]},{\"@type\":\"BreadcrumbList\",\"@id\":\"https:\/\/experienciadevida.com.ar\/portalurbano\/comenzo-la-primera-etapa-de-pavimentacion-en-el-sip-los-fresnos\/#breadcrumb\",\"itemListElement\":[{\"@type\":\"ListItem\",\"position\":1,\"name\":\"Portada\",\"item\":\"https:\/\/experienciadevida.com.ar\/portalurbano\/\"},{\"@type\":\"ListItem\",\"position\":2,\"name\":\"Comenz\u00f3 la primera etapa de pavimentaci\u00f3n en el SIP \u201cLos Fresnos\u201d\"}]},{\"@type\":\"WebSite\",\"@id\":\"https:\/\/experienciadevida.com.ar\/portalurbano\/#website\",\"url\":\"https:\/\/experienciadevida.com.ar\/portalurbano\/\",\"name\":\"\",\"description\":\"\",\"publisher\":{\"@id\":\"https:\/\/experienciadevida.com.ar\/portalurbano\/#organization\"},\"potentialAction\":[{\"@type\":\"SearchAction\",\"target\":{\"@type\":\"EntryPoint\",\"urlTemplate\":\"https:\/\/experienciadevida.com.ar\/portalurbano\/?s={search_term_string}\"},\"query-input\":\"required name=search_term_string\"}],\"inLanguage\":\"es\"},{\"@type\":\"Organization\",\"@id\":\"https:\/\/experienciadevida.com.ar\/portalurbano\/#organization\",\"name\":\"Portal Urbano\",\"url\":\"https:\/\/experienciadevida.com.ar\/portalurbano\/\",\"logo\":{\"@type\":\"ImageObject\",\"inLanguage\":\"es\",\"@id\":\"https:\/\/experienciadevida.com.ar\/portalurbano\/#\/schema\/logo\/image\/\",\"url\":\"https:\/\/experienciadevida.com.ar\/portalurbano\/wp-content\/uploads\/2019\/09\/Logo-Original.png\",\"contentUrl\":\"https:\/\/experienciadevida.com.ar\/portalurbano\/wp-content\/uploads\/2019\/09\/Logo-Original.png\",\"width\":2236,\"height\":1216,\"caption\":\"Portal Urbano\"},\"image\":{\"@id\":\"https:\/\/experienciadevida.com.ar\/portalurbano\/#\/schema\/logo\/image\/\"},\"sameAs\":[\"https:\/\/www.facebook.com\/Portal-Urbano-171542830093757\/\",\"https:\/\/twitter.com\/portalurbanook\",\"https:\/\/www.instagram.com\/_portalurbano\/\",\"https:\/\/www.youtube.com\/channel\/UCXhagIfszH8KxFiOok79zbA?view_as=subscriber\"]},{\"@type\":\"Person\",\"@id\":\"https:\/\/experienciadevida.com.ar\/portalurbano\/#\/schema\/person\/02dd326b1c4b056e9cc972486934a3a7\",\"name\":\"admpu17wp\",\"image\":{\"@type\":\"ImageObject\",\"inLanguage\":\"es\",\"@id\":\"https:\/\/experienciadevida.com.ar\/portalurbano\/#\/schema\/person\/image\/\",\"url\":\"https:\/\/secure.gravatar.com\/avatar\/830d4c57adaae6630765e449a6908047?s=96&d=mm&r=g\",\"contentUrl\":\"https:\/\/secure.gravatar.com\/avatar\/830d4c57adaae6630765e449a6908047?s=96&d=mm&r=g\",\"caption\":\"admpu17wp\"}}]}<\/script>\n<!-- \/ Yoast SEO plugin. -->","yoast_head_json":{"title":"Comenz\u00f3 la primera etapa de pavimentaci\u00f3n en el SIP los fresnos","description":"Comenz\u00f3 la primera etapa de pavimentaci\u00f3n en el SIP \u201cLos Fresnos\u201d, en la ma\u00f1ana de este lunes, Galli recorri\u00f3 las obras junto con Cenizo","robots":{"index":"index","follow":"follow","max-snippet":"max-snippet:-1","max-image-preview":"max-image-preview:large","max-video-preview":"max-video-preview:-1"},"canonical":"https:\/\/experienciadevida.com.ar\/portalurbano\/comenzo-la-primera-etapa-de-pavimentacion-en-el-sip-los-fresnos\/","og_locale":"es_ES","og_type":"article","og_title":"Comenz\u00f3 la primera etapa de pavimentaci\u00f3n en el SIP los fresnos","og_description":"Comenz\u00f3 la primera etapa de pavimentaci\u00f3n en el SIP \u201cLos Fresnos\u201d, en la ma\u00f1ana de este lunes, Galli recorri\u00f3 las obras junto con Cenizo","og_url":"https:\/\/experienciadevida.com.ar\/portalurbano\/comenzo-la-primera-etapa-de-pavimentacion-en-el-sip-los-fresnos\/","article_publisher":"https:\/\/www.facebook.com\/Portal-Urbano-171542830093757\/","article_published_time":"2021-07-26T16:08:17+00:00","article_modified_time":"2021-07-26T16:08:50+00:00","og_image":[{"width":765,"height":511,"url":"https:\/\/experienciadevida.com.ar\/portalurbano\/wp-content\/uploads\/2021\/07\/Comenzo-la-primera-etapa-de-e1627315462557.jpg","type":"image\/jpeg"}],"author":"admpu17wp","twitter_card":"summary_large_image","twitter_creator":"@portalurbanook","twitter_site":"@portalurbanook","twitter_misc":{"Escrito por":"admpu17wp","Tiempo de lectura":"3 minutos"},"schema":{"@context":"https:\/\/schema.org","@graph":[{"@type":"Article","@id":"https:\/\/experienciadevida.com.ar\/portalurbano\/comenzo-la-primera-etapa-de-pavimentacion-en-el-sip-los-fresnos\/#article","isPartOf":{"@id":"https:\/\/experienciadevida.com.ar\/portalurbano\/comenzo-la-primera-etapa-de-pavimentacion-en-el-sip-los-fresnos\/"},"author":{"name":"admpu17wp","@id":"https:\/\/experienciadevida.com.ar\/portalurbano\/#\/schema\/person\/02dd326b1c4b056e9cc972486934a3a7"},"headline":"Comenz\u00f3 la primera etapa de pavimentaci\u00f3n en el SIP \u201cLos Fresnos\u201d","datePublished":"2021-07-26T16:08:17+00:00","dateModified":"2021-07-26T16:08:50+00:00","mainEntityOfPage":{"@id":"https:\/\/experienciadevida.com.ar\/portalurbano\/comenzo-la-primera-etapa-de-pavimentacion-en-el-sip-los-fresnos\/"},"wordCount":436,"publisher":{"@id":"https:\/\/experienciadevida.com.ar\/portalurbano\/#organization"},"articleSection":["Ciudad","Destacadas 2"],"inLanguage":"es"},{"@type":"WebPage","@id":"https:\/\/experienciadevida.com.ar\/portalurbano\/comenzo-la-primera-etapa-de-pavimentacion-en-el-sip-los-fresnos\/","url":"https:\/\/experienciadevida.com.ar\/portalurbano\/comenzo-la-primera-etapa-de-pavimentacion-en-el-sip-los-fresnos\/","name":"Comenz\u00f3 la primera etapa de pavimentaci\u00f3n en el SIP los fresnos","isPartOf":{"@id":"https:\/\/experienciadevida.com.ar\/portalurbano\/#website"},"datePublished":"2021-07-26T16:08:17+00:00","dateModified":"2021-07-26T16:08:50+00:00","description":"Comenz\u00f3 la primera etapa de pavimentaci\u00f3n en el SIP \u201cLos Fresnos\u201d, en la ma\u00f1ana de este lunes, Galli recorri\u00f3 las obras junto con Cenizo","breadcrumb":{"@id":"https:\/\/experienciadevida.com.ar\/portalurbano\/comenzo-la-primera-etapa-de-pavimentacion-en-el-sip-los-fresnos\/#breadcrumb"},"inLanguage":"es","potentialAction":[{"@type":"ReadAction","target":["https:\/\/experienciadevida.com.ar\/portalurbano\/comenzo-la-primera-etapa-de-pavimentacion-en-el-sip-los-fresnos\/"]}]},{"@type":"BreadcrumbList","@id":"https:\/\/experienciadevida.com.ar\/portalurbano\/comenzo-la-primera-etapa-de-pavimentacion-en-el-sip-los-fresnos\/#breadcrumb","itemListElement":[{"@type":"ListItem","position":1,"name":"Portada","item":"https:\/\/experienciadevida.com.ar\/portalurbano\/"},{"@type":"ListItem","position":2,"name":"Comenz\u00f3 la primera etapa de pavimentaci\u00f3n en el SIP \u201cLos Fresnos\u201d"}]},{"@type":"WebSite","@id":"https:\/\/experienciadevida.com.ar\/portalurbano\/#website","url":"https:\/\/experienciadevida.com.ar\/portalurbano\/","name":"","description":"","publisher":{"@id":"https:\/\/experienciadevida.com.ar\/portalurbano\/#organization"},"potentialAction":[{"@type":"SearchAction","target":{"@type":"EntryPoint","urlTemplate":"https:\/\/experienciadevida.com.ar\/portalurbano\/?s={search_term_string}"},"query-input":"required name=search_term_string"}],"inLanguage":"es"},{"@type":"Organization","@id":"https:\/\/experienciadevida.com.ar\/portalurbano\/#organization","name":"Portal Urbano","url":"https:\/\/experienciadevida.com.ar\/portalurbano\/","logo":{"@type":"ImageObject","inLanguage":"es","@id":"https:\/\/experienciadevida.com.ar\/portalurbano\/#\/schema\/logo\/image\/","url":"https:\/\/experienciadevida.com.ar\/portalurbano\/wp-content\/uploads\/2019\/09\/Logo-Original.png","contentUrl":"https:\/\/experienciadevida.com.ar\/portalurbano\/wp-content\/uploads\/2019\/09\/Logo-Original.png","width":2236,"height":1216,"caption":"Portal Urbano"},"image":{"@id":"https:\/\/experienciadevida.com.ar\/portalurbano\/#\/schema\/logo\/image\/"},"sameAs":["https:\/\/www.facebook.com\/Portal-Urbano-171542830093757\/","https:\/\/twitter.com\/portalurbanook","https:\/\/www.instagram.com\/_portalurbano\/","https:\/\/www.youtube.com\/channel\/UCXhagIfszH8KxFiOok79zbA?view_as=subscriber"]},{"@type":"Person","@id":"https:\/\/experienciadevida.com.ar\/portalurbano\/#\/schema\/person\/02dd326b1c4b056e9cc972486934a3a7","name":"admpu17wp","image":{"@type":"ImageObject","inLanguage":"es","@id":"https:\/\/experienciadevida.com.ar\/portalurbano\/#\/schema\/person\/image\/","url":"https:\/\/secure.gravatar.com\/avatar\/830d4c57adaae6630765e449a6908047?s=96&d=mm&r=g","contentUrl":"https:\/\/secure.gravatar.com\/avatar\/830d4c57adaae6630765e449a6908047?s=96&d=mm&r=g","caption":"admpu17wp"}}]}},"featured_image_urls":{"full":["https:\/\/experienciadevida.com.ar\/portalurbano\/wp-content\/uploads\/2021\/07\/Comenzo-la-primera-etapa-de-e1627315462557.jpg",765,511,false],"thumbnail":["https:\/\/experienciadevida.com.ar\/portalurbano\/wp-content\/uploads\/2021\/07\/Comenzo-la-primera-etapa-de-150x150.jpg",150,150,true],"medium":["https:\/\/experienciadevida.com.ar\/portalurbano\/wp-content\/uploads\/2021\/07\/Comenzo-la-primera-etapa-de-300x201.jpg",300,201,true],"medium_large":["https:\/\/experienciadevida.com.ar\/portalurbano\/wp-content\/uploads\/2021\/07\/Comenzo-la-primera-etapa-de-768x513.jpg",640,428,true],"large":["https:\/\/experienciadevida.com.ar\/portalurbano\/wp-content\/uploads\/2021\/07\/Comenzo-la-primera-etapa-de-1024x684.jpg",640,428,true],"ug_big":["https:\/\/experienciadevida.com.ar\/portalurbano\/wp-content\/uploads\/2021\/07\/Comenzo-la-primera-etapa-de-768x513.jpg",768,513,true],"1536x1536":["https:\/\/experienciadevida.com.ar\/portalurbano\/wp-content\/uploads\/2021\/07\/Comenzo-la-primera-etapa-de-1536x1027.jpg",1536,1027,true],"2048x2048":["https:\/\/experienciadevida.com.ar\/portalurbano\/wp-content\/uploads\/2021\/07\/Comenzo-la-primera-etapa-de-2048x1369.jpg",2048,1369,true],"newsever-slider-full":["https:\/\/experienciadevida.com.ar\/portalurbano\/wp-content\/uploads\/2021\/07\/Comenzo-la-primera-etapa-de-e1627315462557.jpg",765,511,false],"newsever-featured":["https:\/\/experienciadevida.com.ar\/portalurbano\/wp-content\/uploads\/2021\/07\/Comenzo-la-primera-etapa-de-e1627315462557.jpg",765,511,false],"newsever-medium":["https:\/\/experienciadevida.com.ar\/portalurbano\/wp-content\/uploads\/2021\/07\/Comenzo-la-primera-etapa-de-e1627315462557.jpg",711,475,false],"web-stories-poster-portrait":["https:\/\/experienciadevida.com.ar\/portalurbano\/wp-content\/uploads\/2021\/07\/Comenzo-la-primera-etapa-de-e1627315462557.jpg",640,428,false],"web-stories-publisher-logo":["https:\/\/experienciadevida.com.ar\/portalurbano\/wp-content\/uploads\/2021\/07\/Comenzo-la-primera-etapa-de-e1627315462557.jpg",96,64,false],"web-stories-thumbnail":["https:\/\/experienciadevida.com.ar\/portalurbano\/wp-content\/uploads\/2021\/07\/Comenzo-la-primera-etapa-de-e1627315462557.jpg",150,100,false]},"author_info":{"display_name":"admpu17wp","author_link":"https:\/\/experienciadevida.com.ar\/portalurbano\/author\/admpu17wp\/"},"category_info":"<a href=\"https:\/\/experienciadevida.com.ar\/portalurbano\/category\/ciudad\/\" rel=\"category tag\">Ciudad<\/a> <a href=\"https:\/\/experienciadevida.com.ar\/portalurbano\/category\/destacadas-2\/\" rel=\"category tag\">Destacadas 2<\/a>","tag_info":"Destacadas 2","comment_count":"0","amp_enabled":true,"_links":{"self":[{"href":"https:\/\/experienciadevida.com.ar\/portalurbano\/wp-json\/wp\/v2\/posts\/148636"}],"collection":[{"href":"https:\/\/experienciadevida.com.ar\/portalurbano\/wp-json\/wp\/v2\/posts"}],"about":[{"href":"https:\/\/experienciadevida.com.ar\/portalurbano\/wp-json\/wp\/v2\/types\/post"}],"author":[{"embeddable":true,"href":"https:\/\/experienciadevida.com.ar\/portalurbano\/wp-json\/wp\/v2\/users\/1"}],"replies":[{"embeddable":true,"href":"https:\/\/experienciadevida.com.ar\/portalurbano\/wp-json\/wp\/v2\/comments?post=148636"}],"version-history":[{"count":2,"href":"https:\/\/experienciadevida.com.ar\/portalurbano\/wp-json\/wp\/v2\/posts\/148636\/revisions"}],"predecessor-version":[{"id":148643,"href":"https:\/\/experienciadevida.com.ar\/portalurbano\/wp-json\/wp\/v2\/posts\/148636\/revisions\/148643"}],"wp:featuredmedia":[{"embeddable":true,"href":"https:\/\/experienciadevida.com.ar\/portalurbano\/wp-json\/wp\/v2\/media\/148637"}],"wp:attachment":[{"href":"https:\/\/experienciadevida.com.ar\/portalurbano\/wp-json\/wp\/v2\/media?parent=148636"}],"wp:term":[{"taxonomy":"category","embeddable":true,"href":"https:\/\/experienciadevida.com.ar\/portalurbano\/wp-json\/wp\/v2\/categories?post=148636"},{"taxonomy":"post_tag","embeddable":true,"href":"https:\/\/experienciadevida.com.ar\/portalurbano\/wp-json\/wp\/v2\/tags?post=148636"}],"curies":[{"name":"wp","href":"https:\/\/api.w.org\/{rel}","templated":true}]}}