{"id":148609,"date":"2021-07-26T09:52:22","date_gmt":"2021-07-26T12:52:22","guid":{"rendered":"https:\/\/experienciadevida.com.ar\/portalurbano\/?p=148609"},"modified":"2021-07-26T10:11:55","modified_gmt":"2021-07-26T13:11:55","slug":"convocan-a-una-marcha-el-viernes-para-pedir-justicia","status":"publish","type":"post","link":"https:\/\/experienciadevida.com.ar\/portalurbano\/convocan-a-una-marcha-el-viernes-para-pedir-justicia\/","title":{"rendered":"Convocan a una marcha el viernes para pedir justicia"},"content":{"rendered":"<p>Convocan a una marcha el viernes para pedir justicia, invitan a familiares a\u00a0 juntarse el pr\u00f3ximo viernes a partir de las 11hs en el Paseo Jes\u00fas\u00a0 Mend\u00eda, ser\u00e1 en paralelo con la marcha que se har\u00e1 frente al Congreso de la Naci\u00f3n de la agrupaci\u00f3n &#8220;matanza duele&#8221;.<\/p>\n<p>&#8220;La injusticia no dura para siempre&#8221; mencionan en la convocatoria, tambi\u00e9n pedir\u00e1n justicia por Enzo Marconi.<\/p>\n<p>Su <a href=\"https:\/\/www.facebook.com\/yesica.salguero.1\">mam\u00e1<\/a> expres\u00f3 &#8220;a 17 meses del homicidio doloso de Enzo Marconi sigo exigiendo justicia y que el asesino pague por el homicidio de mi hijo\u00a0 y lo metan preso. Enzo siempre est\u00e1 presente en m\u00ed, en su familia, su pap\u00e1, hermanos abuelos y t\u00edos&#8221;.<\/p>\n<p>Convocan a una marcha el viernes para pedir justicia&#8221;Tambi\u00e9n me queda decir que sigue faltando seguridad en mi barrio, no tienen protecci\u00f3n de la polic\u00eda. Destruyen departamentos para poder usurparlos y nadie hace nada, sigue habiendo m\u00e1s inseguridad en mi barrio y ojal\u00e1 eso tambi\u00e9n se pueda mejorar&#8221;.<\/p>\n<p>Al finalizar remarc\u00f3 &#8220;Enzo presente en nuestros corazones&#8221;.<\/p>\n<p>Minutos antes de la movilizaci\u00f3n volver\u00e1n a colocar el cartel en el puente de la Avenida Col\u00f3n y Pringles.<\/p>\n","protected":false},"excerpt":{"rendered":"<p>Convocan a una marcha el viernes para pedir justicia, invitan a familiares a\u00a0 juntarse el&#8230;<\/p>\n","protected":false},"author":1,"featured_media":132031,"comment_status":"closed","ping_status":"closed","sticky":false,"template":"","format":"standard","meta":{"content-type":""},"categories":[27,64],"tags":[],"nelio_content":{"isAutoShareEnabled":false,"autoShareEndMode":"default","automationSources":{"useContentSentences":true,"useSocialTemplates":true,"useCustomSentences":false,"customSentences":[]},"followers":[1],"suggestedReferences":[],"includedReferences":[],"efiUrl":"","efiAlt":"","highlights":[]},"yoast_head":"<!-- This site is optimized with the Yoast SEO plugin v20.7 - https:\/\/yoast.com\/wordpress\/plugins\/seo\/ -->\n<title>Convocan a una marcha el viernes para pedir justicia<\/title>\n<meta name=\"description\" content=\"Convocan a una marcha el viernes para pedir justicia, invitan a familiares a\u00a0 juntarse el pr\u00f3ximo viernes a partir de las 11hs\" \/>\n<meta name=\"robots\" content=\"index, follow, max-snippet:-1, max-image-preview:large, max-video-preview:-1\" \/>\n<link rel=\"canonical\" href=\"https:\/\/experienciadevida.com.ar\/portalurbano\/convocan-a-una-marcha-el-viernes-para-pedir-justicia\/\" \/>\n<meta property=\"og:locale\" content=\"es_ES\" \/>\n<meta property=\"og:type\" content=\"article\" \/>\n<meta property=\"og:title\" content=\"Convocan a una marcha el viernes para pedir justicia\" \/>\n<meta property=\"og:description\" content=\"Convocan a una marcha el viernes para pedir justicia, invitan a familiares a\u00a0 juntarse el pr\u00f3ximo viernes a partir de las 11hs\" \/>\n<meta property=\"og:url\" content=\"https:\/\/experienciadevida.com.ar\/portalurbano\/convocan-a-una-marcha-el-viernes-para-pedir-justicia\/\" \/>\n<meta property=\"article:publisher\" content=\"https:\/\/www.facebook.com\/Portal-Urbano-171542830093757\/\" \/>\n<meta property=\"article:published_time\" content=\"2021-07-26T12:52:22+00:00\" \/>\n<meta property=\"article:modified_time\" content=\"2021-07-26T13:11:55+00:00\" \/>\n<meta property=\"og:image\" content=\"https:\/\/experienciadevida.com.ar\/portalurbano\/wp-content\/uploads\/2021\/01\/Enzo-Marconi9.jpg\" \/>\n\t<meta property=\"og:image:width\" content=\"765\" \/>\n\t<meta property=\"og:image:height\" content=\"486\" \/>\n\t<meta property=\"og:image:type\" content=\"image\/jpeg\" \/>\n<meta name=\"author\" content=\"admpu17wp\" \/>\n<meta name=\"twitter:card\" content=\"summary_large_image\" \/>\n<meta name=\"twitter:creator\" content=\"@portalurbanook\" \/>\n<meta name=\"twitter:site\" content=\"@portalurbanook\" \/>\n<meta name=\"twitter:label1\" content=\"Escrito por\" \/>\n\t<meta name=\"twitter:data1\" content=\"admpu17wp\" \/>\n\t<meta name=\"twitter:label2\" content=\"Tiempo de lectura\" \/>\n\t<meta name=\"twitter:data2\" content=\"1 minuto\" \/>\n<script type=\"application\/ld+json\" class=\"yoast-schema-graph\">{\"@context\":\"https:\/\/schema.org\",\"@graph\":[{\"@type\":\"Article\",\"@id\":\"https:\/\/experienciadevida.com.ar\/portalurbano\/convocan-a-una-marcha-el-viernes-para-pedir-justicia\/#article\",\"isPartOf\":{\"@id\":\"https:\/\/experienciadevida.com.ar\/portalurbano\/convocan-a-una-marcha-el-viernes-para-pedir-justicia\/\"},\"author\":{\"name\":\"admpu17wp\",\"@id\":\"https:\/\/experienciadevida.com.ar\/portalurbano\/#\/schema\/person\/02dd326b1c4b056e9cc972486934a3a7\"},\"headline\":\"Convocan a una marcha el viernes para pedir justicia\",\"datePublished\":\"2021-07-26T12:52:22+00:00\",\"dateModified\":\"2021-07-26T13:11:55+00:00\",\"mainEntityOfPage\":{\"@id\":\"https:\/\/experienciadevida.com.ar\/portalurbano\/convocan-a-una-marcha-el-viernes-para-pedir-justicia\/\"},\"wordCount\":208,\"publisher\":{\"@id\":\"https:\/\/experienciadevida.com.ar\/portalurbano\/#organization\"},\"articleSection\":[\"Ciudad\",\"Destacadas 2\"],\"inLanguage\":\"es\"},{\"@type\":\"WebPage\",\"@id\":\"https:\/\/experienciadevida.com.ar\/portalurbano\/convocan-a-una-marcha-el-viernes-para-pedir-justicia\/\",\"url\":\"https:\/\/experienciadevida.com.ar\/portalurbano\/convocan-a-una-marcha-el-viernes-para-pedir-justicia\/\",\"name\":\"Convocan a una marcha el viernes para pedir justicia\",\"isPartOf\":{\"@id\":\"https:\/\/experienciadevida.com.ar\/portalurbano\/#website\"},\"datePublished\":\"2021-07-26T12:52:22+00:00\",\"dateModified\":\"2021-07-26T13:11:55+00:00\",\"description\":\"Convocan a una marcha el viernes para pedir justicia, invitan a familiares a\u00a0 juntarse el pr\u00f3ximo viernes a partir de las 11hs\",\"breadcrumb\":{\"@id\":\"https:\/\/experienciadevida.com.ar\/portalurbano\/convocan-a-una-marcha-el-viernes-para-pedir-justicia\/#breadcrumb\"},\"inLanguage\":\"es\",\"potentialAction\":[{\"@type\":\"ReadAction\",\"target\":[\"https:\/\/experienciadevida.com.ar\/portalurbano\/convocan-a-una-marcha-el-viernes-para-pedir-justicia\/\"]}]},{\"@type\":\"BreadcrumbList\",\"@id\":\"https:\/\/experienciadevida.com.ar\/portalurbano\/convocan-a-una-marcha-el-viernes-para-pedir-justicia\/#breadcrumb\",\"itemListElement\":[{\"@type\":\"ListItem\",\"position\":1,\"name\":\"Portada\",\"item\":\"https:\/\/experienciadevida.com.ar\/portalurbano\/\"},{\"@type\":\"ListItem\",\"position\":2,\"name\":\"Convocan a una marcha el viernes para pedir justicia\"}]},{\"@type\":\"WebSite\",\"@id\":\"https:\/\/experienciadevida.com.ar\/portalurbano\/#website\",\"url\":\"https:\/\/experienciadevida.com.ar\/portalurbano\/\",\"name\":\"\",\"description\":\"\",\"publisher\":{\"@id\":\"https:\/\/experienciadevida.com.ar\/portalurbano\/#organization\"},\"potentialAction\":[{\"@type\":\"SearchAction\",\"target\":{\"@type\":\"EntryPoint\",\"urlTemplate\":\"https:\/\/experienciadevida.com.ar\/portalurbano\/?s={search_term_string}\"},\"query-input\":\"required name=search_term_string\"}],\"inLanguage\":\"es\"},{\"@type\":\"Organization\",\"@id\":\"https:\/\/experienciadevida.com.ar\/portalurbano\/#organization\",\"name\":\"Portal Urbano\",\"url\":\"https:\/\/experienciadevida.com.ar\/portalurbano\/\",\"logo\":{\"@type\":\"ImageObject\",\"inLanguage\":\"es\",\"@id\":\"https:\/\/experienciadevida.com.ar\/portalurbano\/#\/schema\/logo\/image\/\",\"url\":\"https:\/\/experienciadevida.com.ar\/portalurbano\/wp-content\/uploads\/2019\/09\/Logo-Original.png\",\"contentUrl\":\"https:\/\/experienciadevida.com.ar\/portalurbano\/wp-content\/uploads\/2019\/09\/Logo-Original.png\",\"width\":2236,\"height\":1216,\"caption\":\"Portal Urbano\"},\"image\":{\"@id\":\"https:\/\/experienciadevida.com.ar\/portalurbano\/#\/schema\/logo\/image\/\"},\"sameAs\":[\"https:\/\/www.facebook.com\/Portal-Urbano-171542830093757\/\",\"https:\/\/twitter.com\/portalurbanook\",\"https:\/\/www.instagram.com\/_portalurbano\/\",\"https:\/\/www.youtube.com\/channel\/UCXhagIfszH8KxFiOok79zbA?view_as=subscriber\"]},{\"@type\":\"Person\",\"@id\":\"https:\/\/experienciadevida.com.ar\/portalurbano\/#\/schema\/person\/02dd326b1c4b056e9cc972486934a3a7\",\"name\":\"admpu17wp\",\"image\":{\"@type\":\"ImageObject\",\"inLanguage\":\"es\",\"@id\":\"https:\/\/experienciadevida.com.ar\/portalurbano\/#\/schema\/person\/image\/\",\"url\":\"https:\/\/secure.gravatar.com\/avatar\/830d4c57adaae6630765e449a6908047?s=96&d=mm&r=g\",\"contentUrl\":\"https:\/\/secure.gravatar.com\/avatar\/830d4c57adaae6630765e449a6908047?s=96&d=mm&r=g\",\"caption\":\"admpu17wp\"}}]}<\/script>\n<!-- \/ Yoast SEO plugin. -->","yoast_head_json":{"title":"Convocan a una marcha el viernes para pedir justicia","description":"Convocan a una marcha el viernes para pedir justicia, invitan a familiares a\u00a0 juntarse el pr\u00f3ximo viernes a partir de las 11hs","robots":{"index":"index","follow":"follow","max-snippet":"max-snippet:-1","max-image-preview":"max-image-preview:large","max-video-preview":"max-video-preview:-1"},"canonical":"https:\/\/experienciadevida.com.ar\/portalurbano\/convocan-a-una-marcha-el-viernes-para-pedir-justicia\/","og_locale":"es_ES","og_type":"article","og_title":"Convocan a una marcha el viernes para pedir justicia","og_description":"Convocan a una marcha el viernes para pedir justicia, invitan a familiares a\u00a0 juntarse el pr\u00f3ximo viernes a partir de las 11hs","og_url":"https:\/\/experienciadevida.com.ar\/portalurbano\/convocan-a-una-marcha-el-viernes-para-pedir-justicia\/","article_publisher":"https:\/\/www.facebook.com\/Portal-Urbano-171542830093757\/","article_published_time":"2021-07-26T12:52:22+00:00","article_modified_time":"2021-07-26T13:11:55+00:00","og_image":[{"width":765,"height":486,"url":"https:\/\/experienciadevida.com.ar\/portalurbano\/wp-content\/uploads\/2021\/01\/Enzo-Marconi9.jpg","type":"image\/jpeg"}],"author":"admpu17wp","twitter_card":"summary_large_image","twitter_creator":"@portalurbanook","twitter_site":"@portalurbanook","twitter_misc":{"Escrito por":"admpu17wp","Tiempo de lectura":"1 minuto"},"schema":{"@context":"https:\/\/schema.org","@graph":[{"@type":"Article","@id":"https:\/\/experienciadevida.com.ar\/portalurbano\/convocan-a-una-marcha-el-viernes-para-pedir-justicia\/#article","isPartOf":{"@id":"https:\/\/experienciadevida.com.ar\/portalurbano\/convocan-a-una-marcha-el-viernes-para-pedir-justicia\/"},"author":{"name":"admpu17wp","@id":"https:\/\/experienciadevida.com.ar\/portalurbano\/#\/schema\/person\/02dd326b1c4b056e9cc972486934a3a7"},"headline":"Convocan a una marcha el viernes para pedir justicia","datePublished":"2021-07-26T12:52:22+00:00","dateModified":"2021-07-26T13:11:55+00:00","mainEntityOfPage":{"@id":"https:\/\/experienciadevida.com.ar\/portalurbano\/convocan-a-una-marcha-el-viernes-para-pedir-justicia\/"},"wordCount":208,"publisher":{"@id":"https:\/\/experienciadevida.com.ar\/portalurbano\/#organization"},"articleSection":["Ciudad","Destacadas 2"],"inLanguage":"es"},{"@type":"WebPage","@id":"https:\/\/experienciadevida.com.ar\/portalurbano\/convocan-a-una-marcha-el-viernes-para-pedir-justicia\/","url":"https:\/\/experienciadevida.com.ar\/portalurbano\/convocan-a-una-marcha-el-viernes-para-pedir-justicia\/","name":"Convocan a una marcha el viernes para pedir justicia","isPartOf":{"@id":"https:\/\/experienciadevida.com.ar\/portalurbano\/#website"},"datePublished":"2021-07-26T12:52:22+00:00","dateModified":"2021-07-26T13:11:55+00:00","description":"Convocan a una marcha el viernes para pedir justicia, invitan a familiares a\u00a0 juntarse el pr\u00f3ximo viernes a partir de las 11hs","breadcrumb":{"@id":"https:\/\/experienciadevida.com.ar\/portalurbano\/convocan-a-una-marcha-el-viernes-para-pedir-justicia\/#breadcrumb"},"inLanguage":"es","potentialAction":[{"@type":"ReadAction","target":["https:\/\/experienciadevida.com.ar\/portalurbano\/convocan-a-una-marcha-el-viernes-para-pedir-justicia\/"]}]},{"@type":"BreadcrumbList","@id":"https:\/\/experienciadevida.com.ar\/portalurbano\/convocan-a-una-marcha-el-viernes-para-pedir-justicia\/#breadcrumb","itemListElement":[{"@type":"ListItem","position":1,"name":"Portada","item":"https:\/\/experienciadevida.com.ar\/portalurbano\/"},{"@type":"ListItem","position":2,"name":"Convocan a una marcha el viernes para pedir justicia"}]},{"@type":"WebSite","@id":"https:\/\/experienciadevida.com.ar\/portalurbano\/#website","url":"https:\/\/experienciadevida.com.ar\/portalurbano\/","name":"","description":"","publisher":{"@id":"https:\/\/experienciadevida.com.ar\/portalurbano\/#organization"},"potentialAction":[{"@type":"SearchAction","target":{"@type":"EntryPoint","urlTemplate":"https:\/\/experienciadevida.com.ar\/portalurbano\/?s={search_term_string}"},"query-input":"required name=search_term_string"}],"inLanguage":"es"},{"@type":"Organization","@id":"https:\/\/experienciadevida.com.ar\/portalurbano\/#organization","name":"Portal Urbano","url":"https:\/\/experienciadevida.com.ar\/portalurbano\/","logo":{"@type":"ImageObject","inLanguage":"es","@id":"https:\/\/experienciadevida.com.ar\/portalurbano\/#\/schema\/logo\/image\/","url":"https:\/\/experienciadevida.com.ar\/portalurbano\/wp-content\/uploads\/2019\/09\/Logo-Original.png","contentUrl":"https:\/\/experienciadevida.com.ar\/portalurbano\/wp-content\/uploads\/2019\/09\/Logo-Original.png","width":2236,"height":1216,"caption":"Portal Urbano"},"image":{"@id":"https:\/\/experienciadevida.com.ar\/portalurbano\/#\/schema\/logo\/image\/"},"sameAs":["https:\/\/www.facebook.com\/Portal-Urbano-171542830093757\/","https:\/\/twitter.com\/portalurbanook","https:\/\/www.instagram.com\/_portalurbano\/","https:\/\/www.youtube.com\/channel\/UCXhagIfszH8KxFiOok79zbA?view_as=subscriber"]},{"@type":"Person","@id":"https:\/\/experienciadevida.com.ar\/portalurbano\/#\/schema\/person\/02dd326b1c4b056e9cc972486934a3a7","name":"admpu17wp","image":{"@type":"ImageObject","inLanguage":"es","@id":"https:\/\/experienciadevida.com.ar\/portalurbano\/#\/schema\/person\/image\/","url":"https:\/\/secure.gravatar.com\/avatar\/830d4c57adaae6630765e449a6908047?s=96&d=mm&r=g","contentUrl":"https:\/\/secure.gravatar.com\/avatar\/830d4c57adaae6630765e449a6908047?s=96&d=mm&r=g","caption":"admpu17wp"}}]}},"featured_image_urls":{"full":["https:\/\/experienciadevida.com.ar\/portalurbano\/wp-content\/uploads\/2021\/01\/Enzo-Marconi9.jpg",765,486,false],"thumbnail":["https:\/\/experienciadevida.com.ar\/portalurbano\/wp-content\/uploads\/2021\/01\/Enzo-Marconi9-150x150.jpg",150,150,true],"medium":["https:\/\/experienciadevida.com.ar\/portalurbano\/wp-content\/uploads\/2021\/01\/Enzo-Marconi9-300x191.jpg",300,191,true],"medium_large":["https:\/\/experienciadevida.com.ar\/portalurbano\/wp-content\/uploads\/2021\/01\/Enzo-Marconi9.jpg",640,407,false],"large":["https:\/\/experienciadevida.com.ar\/portalurbano\/wp-content\/uploads\/2021\/01\/Enzo-Marconi9.jpg",640,407,false],"ug_big":["https:\/\/experienciadevida.com.ar\/portalurbano\/wp-content\/uploads\/2021\/01\/Enzo-Marconi9.jpg",765,486,false],"1536x1536":["https:\/\/experienciadevida.com.ar\/portalurbano\/wp-content\/uploads\/2021\/01\/Enzo-Marconi9.jpg",765,486,false],"2048x2048":["https:\/\/experienciadevida.com.ar\/portalurbano\/wp-content\/uploads\/2021\/01\/Enzo-Marconi9.jpg",765,486,false],"newsever-slider-full":["https:\/\/experienciadevida.com.ar\/portalurbano\/wp-content\/uploads\/2021\/01\/Enzo-Marconi9.jpg",765,486,false],"newsever-featured":["https:\/\/experienciadevida.com.ar\/portalurbano\/wp-content\/uploads\/2021\/01\/Enzo-Marconi9.jpg",765,486,false],"newsever-medium":["https:\/\/experienciadevida.com.ar\/portalurbano\/wp-content\/uploads\/2021\/01\/Enzo-Marconi9.jpg",720,457,false],"web-stories-poster-portrait":["https:\/\/experienciadevida.com.ar\/portalurbano\/wp-content\/uploads\/2021\/01\/Enzo-Marconi9.jpg",640,407,false],"web-stories-publisher-logo":["https:\/\/experienciadevida.com.ar\/portalurbano\/wp-content\/uploads\/2021\/01\/Enzo-Marconi9.jpg",96,61,false],"web-stories-thumbnail":["https:\/\/experienciadevida.com.ar\/portalurbano\/wp-content\/uploads\/2021\/01\/Enzo-Marconi9.jpg",150,95,false]},"author_info":{"display_name":"admpu17wp","author_link":"https:\/\/experienciadevida.com.ar\/portalurbano\/author\/admpu17wp\/"},"category_info":"<a href=\"https:\/\/experienciadevida.com.ar\/portalurbano\/category\/ciudad\/\" rel=\"category tag\">Ciudad<\/a> <a href=\"https:\/\/experienciadevida.com.ar\/portalurbano\/category\/destacadas-2\/\" rel=\"category tag\">Destacadas 2<\/a>","tag_info":"Destacadas 2","comment_count":"0","amp_enabled":true,"_links":{"self":[{"href":"https:\/\/experienciadevida.com.ar\/portalurbano\/wp-json\/wp\/v2\/posts\/148609"}],"collection":[{"href":"https:\/\/experienciadevida.com.ar\/portalurbano\/wp-json\/wp\/v2\/posts"}],"about":[{"href":"https:\/\/experienciadevida.com.ar\/portalurbano\/wp-json\/wp\/v2\/types\/post"}],"author":[{"embeddable":true,"href":"https:\/\/experienciadevida.com.ar\/portalurbano\/wp-json\/wp\/v2\/users\/1"}],"replies":[{"embeddable":true,"href":"https:\/\/experienciadevida.com.ar\/portalurbano\/wp-json\/wp\/v2\/comments?post=148609"}],"version-history":[{"count":2,"href":"https:\/\/experienciadevida.com.ar\/portalurbano\/wp-json\/wp\/v2\/posts\/148609\/revisions"}],"predecessor-version":[{"id":148611,"href":"https:\/\/experienciadevida.com.ar\/portalurbano\/wp-json\/wp\/v2\/posts\/148609\/revisions\/148611"}],"wp:featuredmedia":[{"embeddable":true,"href":"https:\/\/experienciadevida.com.ar\/portalurbano\/wp-json\/wp\/v2\/media\/132031"}],"wp:attachment":[{"href":"https:\/\/experienciadevida.com.ar\/portalurbano\/wp-json\/wp\/v2\/media?parent=148609"}],"wp:term":[{"taxonomy":"category","embeddable":true,"href":"https:\/\/experienciadevida.com.ar\/portalurbano\/wp-json\/wp\/v2\/categories?post=148609"},{"taxonomy":"post_tag","embeddable":true,"href":"https:\/\/experienciadevida.com.ar\/portalurbano\/wp-json\/wp\/v2\/tags?post=148609"}],"curies":[{"name":"wp","href":"https:\/\/api.w.org\/{rel}","templated":true}]}}