{"id":148460,"date":"2021-07-24T17:47:45","date_gmt":"2021-07-24T20:47:45","guid":{"rendered":"https:\/\/experienciadevida.com.ar\/portalurbano\/?p=148460"},"modified":"2021-07-24T17:57:25","modified_gmt":"2021-07-24T20:57:25","slug":"ezequiel-galli-presento-su-lista-de-concejales-y-consejeros-escolares","status":"publish","type":"post","link":"https:\/\/experienciadevida.com.ar\/portalurbano\/ezequiel-galli-presento-su-lista-de-concejales-y-consejeros-escolares\/","title":{"rendered":"Ezequiel Galli present\u00f3 su lista de concejales y consejeros escolares"},"content":{"rendered":"<p>Ezequiel Galli present\u00f3 su lista de concejales y consejeros escolares, Bruno Cenizo encabezar\u00e1 la lista que competir\u00e1 el pr\u00f3ximo 12 de septiembre.<\/p>\n<p>En la ma\u00f1ana de este s\u00e1bado el intendente Ezequiel Galli present\u00f3 la lista de precandidatos a concejales y consejeros escolares para las elecciones Primarias Abiertas Simult\u00e1neas y Obligatorias (PASO) del pr\u00f3ximo 12 de septiembre.<\/p>\n<p>En sentido, el propio Galli destac\u00f3 el compromiso de todos los integrantes de la lista y expres\u00f3: \u201chemos logrado conformar una muy buena lista con integraci\u00f3n de diversos sectores pol\u00edticos y de la sociedad civil\u201d.<\/p>\n<p>\u201cNuestro compromiso con los vecinos es permanente y todos los que hoy me acompa\u00f1an expresan a la perfecci\u00f3n este v\u00ednculo que hemos conformado con la sociedad del Partido de Olavarr\u00eda\u201d, agreg\u00f3.<\/p>\n<p>Adem\u00e1s, el jefe comunal olavarriense dijo: \u201cestamos confiados que vamos a hacer una excelente elecci\u00f3n en Olavarr\u00eda, en la secci\u00f3n y en la Provincia. Tenemos en Diego Santilli a un excelente candidato que le va a devolver la<br \/>\nesperanza a los bonaerenses\u201d.<\/p>\n<p>\u201cDebemos hacer una campa\u00f1a responsable, sin agresiones y defendiendo los valores que siempre tuvimos: la defensa de las instituciones, la libertad de expresi\u00f3n, la independencia de la justicia y el trabajo como motor de crecimiento\u201d, a\u00f1adi\u00f3.<\/p>\n<p>Ezequiel Galli present\u00f3 su lista de concejales y consejeros escolares, la lista que competir\u00e1 en Olavarr\u00eda el 12 de septiembre:<\/p>\n<p>Concejales Titulares:<\/p>\n<p>1- Bruno Cenizo<\/p>\n<p>2- Mar\u00eda Jos\u00e9 Gonz\u00e1lez<\/p>\n<p>3- Carlos Coscia<\/p>\n<p>4- Miriam Mosescu<\/p>\n<p>5- Javier Fr\u00edas<\/p>\n<p>6- Ver\u00f3nica Fitipaldi<\/p>\n<p>7- Juan Rivero<\/p>\n<p>8- Laura Sequeira<\/p>\n<p>9- Emanuel Capurro<\/p>\n<p>10- Paola Ragnoli<\/p>\n<p>Concejales Suplentes:<\/p>\n<p>1- Gabriel Requena<\/p>\n<p>2- Daniela De Martino<\/p>\n<p>3- Ezequiel Ram\u00edrez<\/p>\n<p>4- Pilar Ciardelli<\/p>\n<p>5- Marcelo Aramburu<\/p>\n<p>6- Liliana Bustos<\/p>\n<p>Consejeros Escolares titulares:<\/p>\n<p>1- Gustavo Nu\u00f1ez<\/p>\n<p>2- Andrea Rivas<\/p>\n<p>3- Mauro Carusso<\/p>\n<p>4- Melina Torre<\/p>\n<p>Consejeros escolares suplentes:<\/p>\n<p>1- Mauricio Correge<\/p>\n<p>2- Nadia Feoli<\/p>\n<p>3- Flavio Maldonado<\/p>\n<p>4- Graciela Ramongassie<\/p>\n<p><a href=\"https:\/\/experienciadevida.com.ar\/portalurbano\/ezequiel-galli-presento-su-lista-de-concejales-y-consejeros-escolares\/ezequiel-galli-presento-2\/\" rel=\"attachment wp-att-148464\"><img decoding=\"async\" class=\"alignnone size-large wp-image-148464\" src=\"https:\/\/experienciadevida.com.ar\/portalurbano\/wp-content\/uploads\/2021\/07\/Ezequiel-Galli-presento-1024x766.jpeg\" alt=\"Ezequiel Galli present\u00f3\" width=\"900\" height=\"673\" srcset=\"https:\/\/experienciadevida.com.ar\/portalurbano\/wp-content\/uploads\/2021\/07\/Ezequiel-Galli-presento-1024x766.jpeg 1024w, https:\/\/experienciadevida.com.ar\/portalurbano\/wp-content\/uploads\/2021\/07\/Ezequiel-Galli-presento-300x225.jpeg 300w, https:\/\/experienciadevida.com.ar\/portalurbano\/wp-content\/uploads\/2021\/07\/Ezequiel-Galli-presento-768x575.jpeg 768w, https:\/\/experienciadevida.com.ar\/portalurbano\/wp-content\/uploads\/2021\/07\/Ezequiel-Galli-presento.jpeg 1280w\" sizes=\"(max-width: 900px) 100vw, 900px\" \/><\/a><\/p>\n<p><a href=\"https:\/\/experienciadevida.com.ar\/portalurbano\/ezequiel-galli-presento-su-lista-de-concejales-y-consejeros-escolares\/su-lista\/\" rel=\"attachment wp-att-148465\"><img decoding=\"async\" class=\"alignnone size-large wp-image-148465\" src=\"https:\/\/experienciadevida.com.ar\/portalurbano\/wp-content\/uploads\/2021\/07\/su-lista-1024x766.jpeg\" alt=\"su lista\" width=\"900\" height=\"673\" srcset=\"https:\/\/experienciadevida.com.ar\/portalurbano\/wp-content\/uploads\/2021\/07\/su-lista-1024x766.jpeg 1024w, https:\/\/experienciadevida.com.ar\/portalurbano\/wp-content\/uploads\/2021\/07\/su-lista-300x225.jpeg 300w, https:\/\/experienciadevida.com.ar\/portalurbano\/wp-content\/uploads\/2021\/07\/su-lista-768x575.jpeg 768w, https:\/\/experienciadevida.com.ar\/portalurbano\/wp-content\/uploads\/2021\/07\/su-lista.jpeg 1280w\" sizes=\"(max-width: 900px) 100vw, 900px\" \/><\/a><\/p>\n","protected":false},"excerpt":{"rendered":"<p>Ezequiel Galli present\u00f3 su lista de concejales y consejeros escolares, Bruno Cenizo encabezar\u00e1 la lista&#8230;<\/p>\n","protected":false},"author":1,"featured_media":148461,"comment_status":"closed","ping_status":"closed","sticky":false,"template":"","format":"standard","meta":{"content-type":""},"categories":[64,43],"tags":[],"nelio_content":{"isAutoShareEnabled":false,"autoShareEndMode":"default","automationSources":{"useContentSentences":true,"useSocialTemplates":true,"useCustomSentences":false,"customSentences":[]},"followers":[1],"suggestedReferences":[],"includedReferences":[],"efiUrl":"","efiAlt":"","highlights":[]},"yoast_head":"<!-- This site is optimized with the Yoast SEO plugin v20.7 - https:\/\/yoast.com\/wordpress\/plugins\/seo\/ -->\n<title>Ezequiel Galli present\u00f3 su lista de concejales y consejeros escolares<\/title>\n<meta name=\"description\" content=\"Ezequiel Galli present\u00f3 su lista de concejales y consejeros escolares, Bruno Cenizo encabezar\u00e1 la lista que competir\u00e1 en septiembre\" \/>\n<meta name=\"robots\" content=\"index, follow, max-snippet:-1, max-image-preview:large, max-video-preview:-1\" \/>\n<link rel=\"canonical\" href=\"https:\/\/experienciadevida.com.ar\/portalurbano\/ezequiel-galli-presento-su-lista-de-concejales-y-consejeros-escolares\/\" \/>\n<meta property=\"og:locale\" content=\"es_ES\" \/>\n<meta property=\"og:type\" content=\"article\" \/>\n<meta property=\"og:title\" content=\"Ezequiel Galli present\u00f3 su lista de concejales y consejeros escolares\" \/>\n<meta property=\"og:description\" content=\"Ezequiel Galli present\u00f3 su lista de concejales y consejeros escolares, Bruno Cenizo encabezar\u00e1 la lista que competir\u00e1 en septiembre\" \/>\n<meta property=\"og:url\" content=\"https:\/\/experienciadevida.com.ar\/portalurbano\/ezequiel-galli-presento-su-lista-de-concejales-y-consejeros-escolares\/\" \/>\n<meta property=\"article:publisher\" content=\"https:\/\/www.facebook.com\/Portal-Urbano-171542830093757\/\" \/>\n<meta property=\"article:published_time\" content=\"2021-07-24T20:47:45+00:00\" \/>\n<meta property=\"article:modified_time\" content=\"2021-07-24T20:57:25+00:00\" \/>\n<meta property=\"og:image\" content=\"https:\/\/experienciadevida.com.ar\/portalurbano\/wp-content\/uploads\/2021\/07\/Ezequiel-Galli-presento-su-lista.jpeg\" \/>\n\t<meta property=\"og:image:width\" content=\"1280\" \/>\n\t<meta property=\"og:image:height\" content=\"719\" \/>\n\t<meta property=\"og:image:type\" content=\"image\/jpeg\" \/>\n<meta name=\"author\" content=\"admpu17wp\" \/>\n<meta name=\"twitter:card\" content=\"summary_large_image\" \/>\n<meta name=\"twitter:creator\" content=\"@portalurbanook\" \/>\n<meta name=\"twitter:site\" content=\"@portalurbanook\" \/>\n<meta name=\"twitter:label1\" content=\"Escrito por\" \/>\n\t<meta name=\"twitter:data1\" content=\"admpu17wp\" \/>\n\t<meta name=\"twitter:label2\" content=\"Tiempo de lectura\" \/>\n\t<meta name=\"twitter:data2\" content=\"2 minutos\" \/>\n<script type=\"application\/ld+json\" class=\"yoast-schema-graph\">{\"@context\":\"https:\/\/schema.org\",\"@graph\":[{\"@type\":\"Article\",\"@id\":\"https:\/\/experienciadevida.com.ar\/portalurbano\/ezequiel-galli-presento-su-lista-de-concejales-y-consejeros-escolares\/#article\",\"isPartOf\":{\"@id\":\"https:\/\/experienciadevida.com.ar\/portalurbano\/ezequiel-galli-presento-su-lista-de-concejales-y-consejeros-escolares\/\"},\"author\":{\"name\":\"admpu17wp\",\"@id\":\"https:\/\/experienciadevida.com.ar\/portalurbano\/#\/schema\/person\/02dd326b1c4b056e9cc972486934a3a7\"},\"headline\":\"Ezequiel Galli present\u00f3 su lista de concejales y consejeros escolares\",\"datePublished\":\"2021-07-24T20:47:45+00:00\",\"dateModified\":\"2021-07-24T20:57:25+00:00\",\"mainEntityOfPage\":{\"@id\":\"https:\/\/experienciadevida.com.ar\/portalurbano\/ezequiel-galli-presento-su-lista-de-concejales-y-consejeros-escolares\/\"},\"wordCount\":336,\"publisher\":{\"@id\":\"https:\/\/experienciadevida.com.ar\/portalurbano\/#organization\"},\"articleSection\":[\"Destacadas 2\",\"Pol\u00edtica\"],\"inLanguage\":\"es\"},{\"@type\":\"WebPage\",\"@id\":\"https:\/\/experienciadevida.com.ar\/portalurbano\/ezequiel-galli-presento-su-lista-de-concejales-y-consejeros-escolares\/\",\"url\":\"https:\/\/experienciadevida.com.ar\/portalurbano\/ezequiel-galli-presento-su-lista-de-concejales-y-consejeros-escolares\/\",\"name\":\"Ezequiel Galli present\u00f3 su lista de concejales y consejeros escolares\",\"isPartOf\":{\"@id\":\"https:\/\/experienciadevida.com.ar\/portalurbano\/#website\"},\"datePublished\":\"2021-07-24T20:47:45+00:00\",\"dateModified\":\"2021-07-24T20:57:25+00:00\",\"description\":\"Ezequiel Galli present\u00f3 su lista de concejales y consejeros escolares, Bruno Cenizo encabezar\u00e1 la lista que competir\u00e1 en septiembre\",\"breadcrumb\":{\"@id\":\"https:\/\/experienciadevida.com.ar\/portalurbano\/ezequiel-galli-presento-su-lista-de-concejales-y-consejeros-escolares\/#breadcrumb\"},\"inLanguage\":\"es\",\"potentialAction\":[{\"@type\":\"ReadAction\",\"target\":[\"https:\/\/experienciadevida.com.ar\/portalurbano\/ezequiel-galli-presento-su-lista-de-concejales-y-consejeros-escolares\/\"]}]},{\"@type\":\"BreadcrumbList\",\"@id\":\"https:\/\/experienciadevida.com.ar\/portalurbano\/ezequiel-galli-presento-su-lista-de-concejales-y-consejeros-escolares\/#breadcrumb\",\"itemListElement\":[{\"@type\":\"ListItem\",\"position\":1,\"name\":\"Portada\",\"item\":\"https:\/\/experienciadevida.com.ar\/portalurbano\/\"},{\"@type\":\"ListItem\",\"position\":2,\"name\":\"Ezequiel Galli present\u00f3 su lista de concejales y consejeros escolares\"}]},{\"@type\":\"WebSite\",\"@id\":\"https:\/\/experienciadevida.com.ar\/portalurbano\/#website\",\"url\":\"https:\/\/experienciadevida.com.ar\/portalurbano\/\",\"name\":\"\",\"description\":\"\",\"publisher\":{\"@id\":\"https:\/\/experienciadevida.com.ar\/portalurbano\/#organization\"},\"potentialAction\":[{\"@type\":\"SearchAction\",\"target\":{\"@type\":\"EntryPoint\",\"urlTemplate\":\"https:\/\/experienciadevida.com.ar\/portalurbano\/?s={search_term_string}\"},\"query-input\":\"required name=search_term_string\"}],\"inLanguage\":\"es\"},{\"@type\":\"Organization\",\"@id\":\"https:\/\/experienciadevida.com.ar\/portalurbano\/#organization\",\"name\":\"Portal Urbano\",\"url\":\"https:\/\/experienciadevida.com.ar\/portalurbano\/\",\"logo\":{\"@type\":\"ImageObject\",\"inLanguage\":\"es\",\"@id\":\"https:\/\/experienciadevida.com.ar\/portalurbano\/#\/schema\/logo\/image\/\",\"url\":\"https:\/\/experienciadevida.com.ar\/portalurbano\/wp-content\/uploads\/2019\/09\/Logo-Original.png\",\"contentUrl\":\"https:\/\/experienciadevida.com.ar\/portalurbano\/wp-content\/uploads\/2019\/09\/Logo-Original.png\",\"width\":2236,\"height\":1216,\"caption\":\"Portal Urbano\"},\"image\":{\"@id\":\"https:\/\/experienciadevida.com.ar\/portalurbano\/#\/schema\/logo\/image\/\"},\"sameAs\":[\"https:\/\/www.facebook.com\/Portal-Urbano-171542830093757\/\",\"https:\/\/twitter.com\/portalurbanook\",\"https:\/\/www.instagram.com\/_portalurbano\/\",\"https:\/\/www.youtube.com\/channel\/UCXhagIfszH8KxFiOok79zbA?view_as=subscriber\"]},{\"@type\":\"Person\",\"@id\":\"https:\/\/experienciadevida.com.ar\/portalurbano\/#\/schema\/person\/02dd326b1c4b056e9cc972486934a3a7\",\"name\":\"admpu17wp\",\"image\":{\"@type\":\"ImageObject\",\"inLanguage\":\"es\",\"@id\":\"https:\/\/experienciadevida.com.ar\/portalurbano\/#\/schema\/person\/image\/\",\"url\":\"https:\/\/secure.gravatar.com\/avatar\/830d4c57adaae6630765e449a6908047?s=96&d=mm&r=g\",\"contentUrl\":\"https:\/\/secure.gravatar.com\/avatar\/830d4c57adaae6630765e449a6908047?s=96&d=mm&r=g\",\"caption\":\"admpu17wp\"}}]}<\/script>\n<!-- \/ Yoast SEO plugin. -->","yoast_head_json":{"title":"Ezequiel Galli present\u00f3 su lista de concejales y consejeros escolares","description":"Ezequiel Galli present\u00f3 su lista de concejales y consejeros escolares, Bruno Cenizo encabezar\u00e1 la lista que competir\u00e1 en septiembre","robots":{"index":"index","follow":"follow","max-snippet":"max-snippet:-1","max-image-preview":"max-image-preview:large","max-video-preview":"max-video-preview:-1"},"canonical":"https:\/\/experienciadevida.com.ar\/portalurbano\/ezequiel-galli-presento-su-lista-de-concejales-y-consejeros-escolares\/","og_locale":"es_ES","og_type":"article","og_title":"Ezequiel Galli present\u00f3 su lista de concejales y consejeros escolares","og_description":"Ezequiel Galli present\u00f3 su lista de concejales y consejeros escolares, Bruno Cenizo encabezar\u00e1 la lista que competir\u00e1 en septiembre","og_url":"https:\/\/experienciadevida.com.ar\/portalurbano\/ezequiel-galli-presento-su-lista-de-concejales-y-consejeros-escolares\/","article_publisher":"https:\/\/www.facebook.com\/Portal-Urbano-171542830093757\/","article_published_time":"2021-07-24T20:47:45+00:00","article_modified_time":"2021-07-24T20:57:25+00:00","og_image":[{"width":1280,"height":719,"url":"https:\/\/experienciadevida.com.ar\/portalurbano\/wp-content\/uploads\/2021\/07\/Ezequiel-Galli-presento-su-lista.jpeg","type":"image\/jpeg"}],"author":"admpu17wp","twitter_card":"summary_large_image","twitter_creator":"@portalurbanook","twitter_site":"@portalurbanook","twitter_misc":{"Escrito por":"admpu17wp","Tiempo de lectura":"2 minutos"},"schema":{"@context":"https:\/\/schema.org","@graph":[{"@type":"Article","@id":"https:\/\/experienciadevida.com.ar\/portalurbano\/ezequiel-galli-presento-su-lista-de-concejales-y-consejeros-escolares\/#article","isPartOf":{"@id":"https:\/\/experienciadevida.com.ar\/portalurbano\/ezequiel-galli-presento-su-lista-de-concejales-y-consejeros-escolares\/"},"author":{"name":"admpu17wp","@id":"https:\/\/experienciadevida.com.ar\/portalurbano\/#\/schema\/person\/02dd326b1c4b056e9cc972486934a3a7"},"headline":"Ezequiel Galli present\u00f3 su lista de concejales y consejeros escolares","datePublished":"2021-07-24T20:47:45+00:00","dateModified":"2021-07-24T20:57:25+00:00","mainEntityOfPage":{"@id":"https:\/\/experienciadevida.com.ar\/portalurbano\/ezequiel-galli-presento-su-lista-de-concejales-y-consejeros-escolares\/"},"wordCount":336,"publisher":{"@id":"https:\/\/experienciadevida.com.ar\/portalurbano\/#organization"},"articleSection":["Destacadas 2","Pol\u00edtica"],"inLanguage":"es"},{"@type":"WebPage","@id":"https:\/\/experienciadevida.com.ar\/portalurbano\/ezequiel-galli-presento-su-lista-de-concejales-y-consejeros-escolares\/","url":"https:\/\/experienciadevida.com.ar\/portalurbano\/ezequiel-galli-presento-su-lista-de-concejales-y-consejeros-escolares\/","name":"Ezequiel Galli present\u00f3 su lista de concejales y consejeros escolares","isPartOf":{"@id":"https:\/\/experienciadevida.com.ar\/portalurbano\/#website"},"datePublished":"2021-07-24T20:47:45+00:00","dateModified":"2021-07-24T20:57:25+00:00","description":"Ezequiel Galli present\u00f3 su lista de concejales y consejeros escolares, Bruno Cenizo encabezar\u00e1 la lista que competir\u00e1 en septiembre","breadcrumb":{"@id":"https:\/\/experienciadevida.com.ar\/portalurbano\/ezequiel-galli-presento-su-lista-de-concejales-y-consejeros-escolares\/#breadcrumb"},"inLanguage":"es","potentialAction":[{"@type":"ReadAction","target":["https:\/\/experienciadevida.com.ar\/portalurbano\/ezequiel-galli-presento-su-lista-de-concejales-y-consejeros-escolares\/"]}]},{"@type":"BreadcrumbList","@id":"https:\/\/experienciadevida.com.ar\/portalurbano\/ezequiel-galli-presento-su-lista-de-concejales-y-consejeros-escolares\/#breadcrumb","itemListElement":[{"@type":"ListItem","position":1,"name":"Portada","item":"https:\/\/experienciadevida.com.ar\/portalurbano\/"},{"@type":"ListItem","position":2,"name":"Ezequiel Galli present\u00f3 su lista de concejales y consejeros escolares"}]},{"@type":"WebSite","@id":"https:\/\/experienciadevida.com.ar\/portalurbano\/#website","url":"https:\/\/experienciadevida.com.ar\/portalurbano\/","name":"","description":"","publisher":{"@id":"https:\/\/experienciadevida.com.ar\/portalurbano\/#organization"},"potentialAction":[{"@type":"SearchAction","target":{"@type":"EntryPoint","urlTemplate":"https:\/\/experienciadevida.com.ar\/portalurbano\/?s={search_term_string}"},"query-input":"required name=search_term_string"}],"inLanguage":"es"},{"@type":"Organization","@id":"https:\/\/experienciadevida.com.ar\/portalurbano\/#organization","name":"Portal Urbano","url":"https:\/\/experienciadevida.com.ar\/portalurbano\/","logo":{"@type":"ImageObject","inLanguage":"es","@id":"https:\/\/experienciadevida.com.ar\/portalurbano\/#\/schema\/logo\/image\/","url":"https:\/\/experienciadevida.com.ar\/portalurbano\/wp-content\/uploads\/2019\/09\/Logo-Original.png","contentUrl":"https:\/\/experienciadevida.com.ar\/portalurbano\/wp-content\/uploads\/2019\/09\/Logo-Original.png","width":2236,"height":1216,"caption":"Portal Urbano"},"image":{"@id":"https:\/\/experienciadevida.com.ar\/portalurbano\/#\/schema\/logo\/image\/"},"sameAs":["https:\/\/www.facebook.com\/Portal-Urbano-171542830093757\/","https:\/\/twitter.com\/portalurbanook","https:\/\/www.instagram.com\/_portalurbano\/","https:\/\/www.youtube.com\/channel\/UCXhagIfszH8KxFiOok79zbA?view_as=subscriber"]},{"@type":"Person","@id":"https:\/\/experienciadevida.com.ar\/portalurbano\/#\/schema\/person\/02dd326b1c4b056e9cc972486934a3a7","name":"admpu17wp","image":{"@type":"ImageObject","inLanguage":"es","@id":"https:\/\/experienciadevida.com.ar\/portalurbano\/#\/schema\/person\/image\/","url":"https:\/\/secure.gravatar.com\/avatar\/830d4c57adaae6630765e449a6908047?s=96&d=mm&r=g","contentUrl":"https:\/\/secure.gravatar.com\/avatar\/830d4c57adaae6630765e449a6908047?s=96&d=mm&r=g","caption":"admpu17wp"}}]}},"featured_image_urls":{"full":["https:\/\/experienciadevida.com.ar\/portalurbano\/wp-content\/uploads\/2021\/07\/Ezequiel-Galli-presento-su-lista.jpeg",1280,719,false],"thumbnail":["https:\/\/experienciadevida.com.ar\/portalurbano\/wp-content\/uploads\/2021\/07\/Ezequiel-Galli-presento-su-lista-150x150.jpeg",150,150,true],"medium":["https:\/\/experienciadevida.com.ar\/portalurbano\/wp-content\/uploads\/2021\/07\/Ezequiel-Galli-presento-su-lista-300x169.jpeg",300,169,true],"medium_large":["https:\/\/experienciadevida.com.ar\/portalurbano\/wp-content\/uploads\/2021\/07\/Ezequiel-Galli-presento-su-lista-768x431.jpeg",640,359,true],"large":["https:\/\/experienciadevida.com.ar\/portalurbano\/wp-content\/uploads\/2021\/07\/Ezequiel-Galli-presento-su-lista-1024x575.jpeg",640,359,true],"ug_big":["https:\/\/experienciadevida.com.ar\/portalurbano\/wp-content\/uploads\/2021\/07\/Ezequiel-Galli-presento-su-lista-768x431.jpeg",768,431,true],"1536x1536":["https:\/\/experienciadevida.com.ar\/portalurbano\/wp-content\/uploads\/2021\/07\/Ezequiel-Galli-presento-su-lista.jpeg",1280,719,false],"2048x2048":["https:\/\/experienciadevida.com.ar\/portalurbano\/wp-content\/uploads\/2021\/07\/Ezequiel-Galli-presento-su-lista.jpeg",1280,719,false],"newsever-slider-full":["https:\/\/experienciadevida.com.ar\/portalurbano\/wp-content\/uploads\/2021\/07\/Ezequiel-Galli-presento-su-lista.jpeg",1280,719,false],"newsever-featured":["https:\/\/experienciadevida.com.ar\/portalurbano\/wp-content\/uploads\/2021\/07\/Ezequiel-Galli-presento-su-lista.jpeg",1024,575,false],"newsever-medium":["https:\/\/experienciadevida.com.ar\/portalurbano\/wp-content\/uploads\/2021\/07\/Ezequiel-Galli-presento-su-lista.jpeg",720,404,false],"web-stories-poster-portrait":["https:\/\/experienciadevida.com.ar\/portalurbano\/wp-content\/uploads\/2021\/07\/Ezequiel-Galli-presento-su-lista.jpeg",640,360,false],"web-stories-publisher-logo":["https:\/\/experienciadevida.com.ar\/portalurbano\/wp-content\/uploads\/2021\/07\/Ezequiel-Galli-presento-su-lista.jpeg",96,54,false],"web-stories-thumbnail":["https:\/\/experienciadevida.com.ar\/portalurbano\/wp-content\/uploads\/2021\/07\/Ezequiel-Galli-presento-su-lista.jpeg",150,84,false]},"author_info":{"display_name":"admpu17wp","author_link":"https:\/\/experienciadevida.com.ar\/portalurbano\/author\/admpu17wp\/"},"category_info":"<a href=\"https:\/\/experienciadevida.com.ar\/portalurbano\/category\/destacadas-2\/\" rel=\"category tag\">Destacadas 2<\/a> <a href=\"https:\/\/experienciadevida.com.ar\/portalurbano\/category\/politica\/\" rel=\"category tag\">Pol\u00edtica<\/a>","tag_info":"Pol\u00edtica","comment_count":"0","amp_enabled":true,"_links":{"self":[{"href":"https:\/\/experienciadevida.com.ar\/portalurbano\/wp-json\/wp\/v2\/posts\/148460"}],"collection":[{"href":"https:\/\/experienciadevida.com.ar\/portalurbano\/wp-json\/wp\/v2\/posts"}],"about":[{"href":"https:\/\/experienciadevida.com.ar\/portalurbano\/wp-json\/wp\/v2\/types\/post"}],"author":[{"embeddable":true,"href":"https:\/\/experienciadevida.com.ar\/portalurbano\/wp-json\/wp\/v2\/users\/1"}],"replies":[{"embeddable":true,"href":"https:\/\/experienciadevida.com.ar\/portalurbano\/wp-json\/wp\/v2\/comments?post=148460"}],"version-history":[{"count":3,"href":"https:\/\/experienciadevida.com.ar\/portalurbano\/wp-json\/wp\/v2\/posts\/148460\/revisions"}],"predecessor-version":[{"id":148466,"href":"https:\/\/experienciadevida.com.ar\/portalurbano\/wp-json\/wp\/v2\/posts\/148460\/revisions\/148466"}],"wp:featuredmedia":[{"embeddable":true,"href":"https:\/\/experienciadevida.com.ar\/portalurbano\/wp-json\/wp\/v2\/media\/148461"}],"wp:attachment":[{"href":"https:\/\/experienciadevida.com.ar\/portalurbano\/wp-json\/wp\/v2\/media?parent=148460"}],"wp:term":[{"taxonomy":"category","embeddable":true,"href":"https:\/\/experienciadevida.com.ar\/portalurbano\/wp-json\/wp\/v2\/categories?post=148460"},{"taxonomy":"post_tag","embeddable":true,"href":"https:\/\/experienciadevida.com.ar\/portalurbano\/wp-json\/wp\/v2\/tags?post=148460"}],"curies":[{"name":"wp","href":"https:\/\/api.w.org\/{rel}","templated":true}]}}