{"id":148433,"date":"2021-07-23T18:21:05","date_gmt":"2021-07-23T21:21:05","guid":{"rendered":"https:\/\/experienciadevida.com.ar\/portalurbano\/?p=148433"},"modified":"2021-07-23T18:29:03","modified_gmt":"2021-07-23T21:29:03","slug":"es-un-orgullo-representar-nuevamente-este-espacio-politico","status":"publish","type":"post","link":"https:\/\/experienciadevida.com.ar\/portalurbano\/es-un-orgullo-representar-nuevamente-este-espacio-politico\/","title":{"rendered":"\u201cEs un orgullo representar nuevamente este espacio pol\u00edtico\u201d"},"content":{"rendered":"<p>\u201cEs un orgullo representar nuevamente este espacio pol\u00edtico\u201d, el Presidente del HCD, Bruno <a href=\"https:\/\/www.instagram.com\/brunocenizo\/?hl=es-la\">Cenizo<\/a>, agradeci\u00f3 el apoyo del <a href=\"https:\/\/www.facebook.com\/galliezequiel\">Intendente<\/a> y su equipo tras ser confirmado como cabeza de lista de precandidatos a concejales por el oficialismo local.<\/p>\n<p>Ya confirmado como primer precandidato a concejal por el oficialismo local, el presidente del Honorable Concejo Deliberante Bruno Cenizo agradeci\u00f3 la confianza que le dio el intendente Ezequiel Galli y su equipo de trabajo para participar de una nueva elecci\u00f3n legislativa.<\/p>\n<p>Cenizo buscar\u00e1 renovar su banca tras haber llegado al \u00f3rgano legislativo en la contienda electoral del a\u00f1o 2017.<\/p>\n<p>Al respecto indic\u00f3 que \u201ces un compromiso muy grande representar al espacio pol\u00edtico y responder a las demandas de la sociedad olavarriense desde el Concejo Deliberante\u201d.<\/p>\n<p>\u201cCreo que en estos 3 a\u00f1os y medio que llevo como concejal y presidente del Cuerpo, se ha logrado trabajar de una manera \u00e1gil y din\u00e1mica, y adapt\u00e1ndose a la pandemia que a todos nos toca atravesar\u201d.<\/p>\n<p>\u201cEs un orgullo representar nuevamente este espacio pol\u00edtico\u201d, dijo el Presidente del HCD Bruno Cenizo, de cara a las PASO a celebrarse en el mes de septiembre, en la ma\u00f1ana de este viernes Cenizo firm\u00f3 las planillas que lo llevan como cabeza de lista del espacio encabezado por el Jefe Comunal.<\/p>\n<p>Por otra parte, Cenizo ya se encuentra planificando y definiendo la agenda con los principales temas con los cuales se abordar\u00e1 la campa\u00f1a electoral.<\/p>\n","protected":false},"excerpt":{"rendered":"<p>\u201cEs un orgullo representar nuevamente este espacio pol\u00edtico\u201d, el Presidente del HCD, Bruno Cenizo, agradeci\u00f3&#8230;<\/p>\n","protected":false},"author":1,"featured_media":148434,"comment_status":"closed","ping_status":"closed","sticky":false,"template":"","format":"standard","meta":{"content-type":""},"categories":[27,64],"tags":[],"nelio_content":{"isAutoShareEnabled":false,"autoShareEndMode":"default","automationSources":{"useContentSentences":true,"useSocialTemplates":true,"useCustomSentences":false,"customSentences":[]},"followers":[1],"suggestedReferences":[],"includedReferences":[],"efiUrl":"","efiAlt":"","highlights":[]},"yoast_head":"<!-- This site is optimized with the Yoast SEO plugin v20.7 - https:\/\/yoast.com\/wordpress\/plugins\/seo\/ -->\n<title>&quot;Es un orgullo representar nuevamente este espacio pol\u00edtico&quot;<\/title>\n<meta name=\"description\" content=\"\u201cEs un orgullo representar nuevamente este espacio pol\u00edtico\u201d, el Presidente del HCD, Bruno Cenizo agradeci\u00f3 el apoyo del Intendente\" \/>\n<meta name=\"robots\" content=\"index, follow, max-snippet:-1, max-image-preview:large, max-video-preview:-1\" \/>\n<link rel=\"canonical\" href=\"https:\/\/experienciadevida.com.ar\/portalurbano\/es-un-orgullo-representar-nuevamente-este-espacio-politico\/\" \/>\n<meta property=\"og:locale\" content=\"es_ES\" \/>\n<meta property=\"og:type\" content=\"article\" \/>\n<meta property=\"og:title\" content=\"&quot;Es un orgullo representar nuevamente este espacio pol\u00edtico&quot;\" \/>\n<meta property=\"og:description\" content=\"\u201cEs un orgullo representar nuevamente este espacio pol\u00edtico\u201d, el Presidente del HCD, Bruno Cenizo agradeci\u00f3 el apoyo del Intendente\" \/>\n<meta property=\"og:url\" content=\"https:\/\/experienciadevida.com.ar\/portalurbano\/es-un-orgullo-representar-nuevamente-este-espacio-politico\/\" \/>\n<meta property=\"article:publisher\" content=\"https:\/\/www.facebook.com\/Portal-Urbano-171542830093757\/\" \/>\n<meta property=\"article:published_time\" content=\"2021-07-23T21:21:05+00:00\" \/>\n<meta property=\"article:modified_time\" content=\"2021-07-23T21:29:03+00:00\" \/>\n<meta property=\"og:image\" content=\"https:\/\/experienciadevida.com.ar\/portalurbano\/wp-content\/uploads\/2021\/07\/Es-un-orgullo-representar-nuevamente.jpeg\" \/>\n\t<meta property=\"og:image:width\" content=\"765\" \/>\n\t<meta property=\"og:image:height\" content=\"510\" \/>\n\t<meta property=\"og:image:type\" content=\"image\/jpeg\" \/>\n<meta name=\"author\" content=\"admpu17wp\" \/>\n<meta name=\"twitter:card\" content=\"summary_large_image\" \/>\n<meta name=\"twitter:creator\" content=\"@portalurbanook\" \/>\n<meta name=\"twitter:site\" content=\"@portalurbanook\" \/>\n<meta name=\"twitter:label1\" content=\"Escrito por\" \/>\n\t<meta name=\"twitter:data1\" content=\"admpu17wp\" \/>\n\t<meta name=\"twitter:label2\" content=\"Tiempo de lectura\" \/>\n\t<meta name=\"twitter:data2\" content=\"2 minutos\" \/>\n<script type=\"application\/ld+json\" class=\"yoast-schema-graph\">{\"@context\":\"https:\/\/schema.org\",\"@graph\":[{\"@type\":\"Article\",\"@id\":\"https:\/\/experienciadevida.com.ar\/portalurbano\/es-un-orgullo-representar-nuevamente-este-espacio-politico\/#article\",\"isPartOf\":{\"@id\":\"https:\/\/experienciadevida.com.ar\/portalurbano\/es-un-orgullo-representar-nuevamente-este-espacio-politico\/\"},\"author\":{\"name\":\"admpu17wp\",\"@id\":\"https:\/\/experienciadevida.com.ar\/portalurbano\/#\/schema\/person\/02dd326b1c4b056e9cc972486934a3a7\"},\"headline\":\"\u201cEs un orgullo representar nuevamente este espacio pol\u00edtico\u201d\",\"datePublished\":\"2021-07-23T21:21:05+00:00\",\"dateModified\":\"2021-07-23T21:29:03+00:00\",\"mainEntityOfPage\":{\"@id\":\"https:\/\/experienciadevida.com.ar\/portalurbano\/es-un-orgullo-representar-nuevamente-este-espacio-politico\/\"},\"wordCount\":251,\"publisher\":{\"@id\":\"https:\/\/experienciadevida.com.ar\/portalurbano\/#organization\"},\"articleSection\":[\"Ciudad\",\"Destacadas 2\"],\"inLanguage\":\"es\"},{\"@type\":\"WebPage\",\"@id\":\"https:\/\/experienciadevida.com.ar\/portalurbano\/es-un-orgullo-representar-nuevamente-este-espacio-politico\/\",\"url\":\"https:\/\/experienciadevida.com.ar\/portalurbano\/es-un-orgullo-representar-nuevamente-este-espacio-politico\/\",\"name\":\"\\\"Es un orgullo representar nuevamente este espacio pol\u00edtico\\\"\",\"isPartOf\":{\"@id\":\"https:\/\/experienciadevida.com.ar\/portalurbano\/#website\"},\"datePublished\":\"2021-07-23T21:21:05+00:00\",\"dateModified\":\"2021-07-23T21:29:03+00:00\",\"description\":\"\u201cEs un orgullo representar nuevamente este espacio pol\u00edtico\u201d, el Presidente del HCD, Bruno Cenizo agradeci\u00f3 el apoyo del Intendente\",\"breadcrumb\":{\"@id\":\"https:\/\/experienciadevida.com.ar\/portalurbano\/es-un-orgullo-representar-nuevamente-este-espacio-politico\/#breadcrumb\"},\"inLanguage\":\"es\",\"potentialAction\":[{\"@type\":\"ReadAction\",\"target\":[\"https:\/\/experienciadevida.com.ar\/portalurbano\/es-un-orgullo-representar-nuevamente-este-espacio-politico\/\"]}]},{\"@type\":\"BreadcrumbList\",\"@id\":\"https:\/\/experienciadevida.com.ar\/portalurbano\/es-un-orgullo-representar-nuevamente-este-espacio-politico\/#breadcrumb\",\"itemListElement\":[{\"@type\":\"ListItem\",\"position\":1,\"name\":\"Portada\",\"item\":\"https:\/\/experienciadevida.com.ar\/portalurbano\/\"},{\"@type\":\"ListItem\",\"position\":2,\"name\":\"\u201cEs un orgullo representar nuevamente este espacio pol\u00edtico\u201d\"}]},{\"@type\":\"WebSite\",\"@id\":\"https:\/\/experienciadevida.com.ar\/portalurbano\/#website\",\"url\":\"https:\/\/experienciadevida.com.ar\/portalurbano\/\",\"name\":\"\",\"description\":\"\",\"publisher\":{\"@id\":\"https:\/\/experienciadevida.com.ar\/portalurbano\/#organization\"},\"potentialAction\":[{\"@type\":\"SearchAction\",\"target\":{\"@type\":\"EntryPoint\",\"urlTemplate\":\"https:\/\/experienciadevida.com.ar\/portalurbano\/?s={search_term_string}\"},\"query-input\":\"required name=search_term_string\"}],\"inLanguage\":\"es\"},{\"@type\":\"Organization\",\"@id\":\"https:\/\/experienciadevida.com.ar\/portalurbano\/#organization\",\"name\":\"Portal Urbano\",\"url\":\"https:\/\/experienciadevida.com.ar\/portalurbano\/\",\"logo\":{\"@type\":\"ImageObject\",\"inLanguage\":\"es\",\"@id\":\"https:\/\/experienciadevida.com.ar\/portalurbano\/#\/schema\/logo\/image\/\",\"url\":\"https:\/\/experienciadevida.com.ar\/portalurbano\/wp-content\/uploads\/2019\/09\/Logo-Original.png\",\"contentUrl\":\"https:\/\/experienciadevida.com.ar\/portalurbano\/wp-content\/uploads\/2019\/09\/Logo-Original.png\",\"width\":2236,\"height\":1216,\"caption\":\"Portal Urbano\"},\"image\":{\"@id\":\"https:\/\/experienciadevida.com.ar\/portalurbano\/#\/schema\/logo\/image\/\"},\"sameAs\":[\"https:\/\/www.facebook.com\/Portal-Urbano-171542830093757\/\",\"https:\/\/twitter.com\/portalurbanook\",\"https:\/\/www.instagram.com\/_portalurbano\/\",\"https:\/\/www.youtube.com\/channel\/UCXhagIfszH8KxFiOok79zbA?view_as=subscriber\"]},{\"@type\":\"Person\",\"@id\":\"https:\/\/experienciadevida.com.ar\/portalurbano\/#\/schema\/person\/02dd326b1c4b056e9cc972486934a3a7\",\"name\":\"admpu17wp\",\"image\":{\"@type\":\"ImageObject\",\"inLanguage\":\"es\",\"@id\":\"https:\/\/experienciadevida.com.ar\/portalurbano\/#\/schema\/person\/image\/\",\"url\":\"https:\/\/secure.gravatar.com\/avatar\/830d4c57adaae6630765e449a6908047?s=96&d=mm&r=g\",\"contentUrl\":\"https:\/\/secure.gravatar.com\/avatar\/830d4c57adaae6630765e449a6908047?s=96&d=mm&r=g\",\"caption\":\"admpu17wp\"}}]}<\/script>\n<!-- \/ Yoast SEO plugin. -->","yoast_head_json":{"title":"\"Es un orgullo representar nuevamente este espacio pol\u00edtico\"","description":"\u201cEs un orgullo representar nuevamente este espacio pol\u00edtico\u201d, el Presidente del HCD, Bruno Cenizo agradeci\u00f3 el apoyo del Intendente","robots":{"index":"index","follow":"follow","max-snippet":"max-snippet:-1","max-image-preview":"max-image-preview:large","max-video-preview":"max-video-preview:-1"},"canonical":"https:\/\/experienciadevida.com.ar\/portalurbano\/es-un-orgullo-representar-nuevamente-este-espacio-politico\/","og_locale":"es_ES","og_type":"article","og_title":"\"Es un orgullo representar nuevamente este espacio pol\u00edtico\"","og_description":"\u201cEs un orgullo representar nuevamente este espacio pol\u00edtico\u201d, el Presidente del HCD, Bruno Cenizo agradeci\u00f3 el apoyo del Intendente","og_url":"https:\/\/experienciadevida.com.ar\/portalurbano\/es-un-orgullo-representar-nuevamente-este-espacio-politico\/","article_publisher":"https:\/\/www.facebook.com\/Portal-Urbano-171542830093757\/","article_published_time":"2021-07-23T21:21:05+00:00","article_modified_time":"2021-07-23T21:29:03+00:00","og_image":[{"width":765,"height":510,"url":"https:\/\/experienciadevida.com.ar\/portalurbano\/wp-content\/uploads\/2021\/07\/Es-un-orgullo-representar-nuevamente.jpeg","type":"image\/jpeg"}],"author":"admpu17wp","twitter_card":"summary_large_image","twitter_creator":"@portalurbanook","twitter_site":"@portalurbanook","twitter_misc":{"Escrito por":"admpu17wp","Tiempo de lectura":"2 minutos"},"schema":{"@context":"https:\/\/schema.org","@graph":[{"@type":"Article","@id":"https:\/\/experienciadevida.com.ar\/portalurbano\/es-un-orgullo-representar-nuevamente-este-espacio-politico\/#article","isPartOf":{"@id":"https:\/\/experienciadevida.com.ar\/portalurbano\/es-un-orgullo-representar-nuevamente-este-espacio-politico\/"},"author":{"name":"admpu17wp","@id":"https:\/\/experienciadevida.com.ar\/portalurbano\/#\/schema\/person\/02dd326b1c4b056e9cc972486934a3a7"},"headline":"\u201cEs un orgullo representar nuevamente este espacio pol\u00edtico\u201d","datePublished":"2021-07-23T21:21:05+00:00","dateModified":"2021-07-23T21:29:03+00:00","mainEntityOfPage":{"@id":"https:\/\/experienciadevida.com.ar\/portalurbano\/es-un-orgullo-representar-nuevamente-este-espacio-politico\/"},"wordCount":251,"publisher":{"@id":"https:\/\/experienciadevida.com.ar\/portalurbano\/#organization"},"articleSection":["Ciudad","Destacadas 2"],"inLanguage":"es"},{"@type":"WebPage","@id":"https:\/\/experienciadevida.com.ar\/portalurbano\/es-un-orgullo-representar-nuevamente-este-espacio-politico\/","url":"https:\/\/experienciadevida.com.ar\/portalurbano\/es-un-orgullo-representar-nuevamente-este-espacio-politico\/","name":"\"Es un orgullo representar nuevamente este espacio pol\u00edtico\"","isPartOf":{"@id":"https:\/\/experienciadevida.com.ar\/portalurbano\/#website"},"datePublished":"2021-07-23T21:21:05+00:00","dateModified":"2021-07-23T21:29:03+00:00","description":"\u201cEs un orgullo representar nuevamente este espacio pol\u00edtico\u201d, el Presidente del HCD, Bruno Cenizo agradeci\u00f3 el apoyo del Intendente","breadcrumb":{"@id":"https:\/\/experienciadevida.com.ar\/portalurbano\/es-un-orgullo-representar-nuevamente-este-espacio-politico\/#breadcrumb"},"inLanguage":"es","potentialAction":[{"@type":"ReadAction","target":["https:\/\/experienciadevida.com.ar\/portalurbano\/es-un-orgullo-representar-nuevamente-este-espacio-politico\/"]}]},{"@type":"BreadcrumbList","@id":"https:\/\/experienciadevida.com.ar\/portalurbano\/es-un-orgullo-representar-nuevamente-este-espacio-politico\/#breadcrumb","itemListElement":[{"@type":"ListItem","position":1,"name":"Portada","item":"https:\/\/experienciadevida.com.ar\/portalurbano\/"},{"@type":"ListItem","position":2,"name":"\u201cEs un orgullo representar nuevamente este espacio pol\u00edtico\u201d"}]},{"@type":"WebSite","@id":"https:\/\/experienciadevida.com.ar\/portalurbano\/#website","url":"https:\/\/experienciadevida.com.ar\/portalurbano\/","name":"","description":"","publisher":{"@id":"https:\/\/experienciadevida.com.ar\/portalurbano\/#organization"},"potentialAction":[{"@type":"SearchAction","target":{"@type":"EntryPoint","urlTemplate":"https:\/\/experienciadevida.com.ar\/portalurbano\/?s={search_term_string}"},"query-input":"required name=search_term_string"}],"inLanguage":"es"},{"@type":"Organization","@id":"https:\/\/experienciadevida.com.ar\/portalurbano\/#organization","name":"Portal Urbano","url":"https:\/\/experienciadevida.com.ar\/portalurbano\/","logo":{"@type":"ImageObject","inLanguage":"es","@id":"https:\/\/experienciadevida.com.ar\/portalurbano\/#\/schema\/logo\/image\/","url":"https:\/\/experienciadevida.com.ar\/portalurbano\/wp-content\/uploads\/2019\/09\/Logo-Original.png","contentUrl":"https:\/\/experienciadevida.com.ar\/portalurbano\/wp-content\/uploads\/2019\/09\/Logo-Original.png","width":2236,"height":1216,"caption":"Portal Urbano"},"image":{"@id":"https:\/\/experienciadevida.com.ar\/portalurbano\/#\/schema\/logo\/image\/"},"sameAs":["https:\/\/www.facebook.com\/Portal-Urbano-171542830093757\/","https:\/\/twitter.com\/portalurbanook","https:\/\/www.instagram.com\/_portalurbano\/","https:\/\/www.youtube.com\/channel\/UCXhagIfszH8KxFiOok79zbA?view_as=subscriber"]},{"@type":"Person","@id":"https:\/\/experienciadevida.com.ar\/portalurbano\/#\/schema\/person\/02dd326b1c4b056e9cc972486934a3a7","name":"admpu17wp","image":{"@type":"ImageObject","inLanguage":"es","@id":"https:\/\/experienciadevida.com.ar\/portalurbano\/#\/schema\/person\/image\/","url":"https:\/\/secure.gravatar.com\/avatar\/830d4c57adaae6630765e449a6908047?s=96&d=mm&r=g","contentUrl":"https:\/\/secure.gravatar.com\/avatar\/830d4c57adaae6630765e449a6908047?s=96&d=mm&r=g","caption":"admpu17wp"}}]}},"featured_image_urls":{"full":["https:\/\/experienciadevida.com.ar\/portalurbano\/wp-content\/uploads\/2021\/07\/Es-un-orgullo-representar-nuevamente.jpeg",765,510,false],"thumbnail":["https:\/\/experienciadevida.com.ar\/portalurbano\/wp-content\/uploads\/2021\/07\/Es-un-orgullo-representar-nuevamente-150x150.jpeg",150,150,true],"medium":["https:\/\/experienciadevida.com.ar\/portalurbano\/wp-content\/uploads\/2021\/07\/Es-un-orgullo-representar-nuevamente-300x200.jpeg",300,200,true],"medium_large":["https:\/\/experienciadevida.com.ar\/portalurbano\/wp-content\/uploads\/2021\/07\/Es-un-orgullo-representar-nuevamente.jpeg",640,427,false],"large":["https:\/\/experienciadevida.com.ar\/portalurbano\/wp-content\/uploads\/2021\/07\/Es-un-orgullo-representar-nuevamente.jpeg",640,427,false],"ug_big":["https:\/\/experienciadevida.com.ar\/portalurbano\/wp-content\/uploads\/2021\/07\/Es-un-orgullo-representar-nuevamente.jpeg",765,510,false],"1536x1536":["https:\/\/experienciadevida.com.ar\/portalurbano\/wp-content\/uploads\/2021\/07\/Es-un-orgullo-representar-nuevamente.jpeg",765,510,false],"2048x2048":["https:\/\/experienciadevida.com.ar\/portalurbano\/wp-content\/uploads\/2021\/07\/Es-un-orgullo-representar-nuevamente.jpeg",765,510,false],"newsever-slider-full":["https:\/\/experienciadevida.com.ar\/portalurbano\/wp-content\/uploads\/2021\/07\/Es-un-orgullo-representar-nuevamente.jpeg",765,510,false],"newsever-featured":["https:\/\/experienciadevida.com.ar\/portalurbano\/wp-content\/uploads\/2021\/07\/Es-un-orgullo-representar-nuevamente.jpeg",765,510,false],"newsever-medium":["https:\/\/experienciadevida.com.ar\/portalurbano\/wp-content\/uploads\/2021\/07\/Es-un-orgullo-representar-nuevamente.jpeg",713,475,false],"web-stories-poster-portrait":["https:\/\/experienciadevida.com.ar\/portalurbano\/wp-content\/uploads\/2021\/07\/Es-un-orgullo-representar-nuevamente.jpeg",640,427,false],"web-stories-publisher-logo":["https:\/\/experienciadevida.com.ar\/portalurbano\/wp-content\/uploads\/2021\/07\/Es-un-orgullo-representar-nuevamente.jpeg",96,64,false],"web-stories-thumbnail":["https:\/\/experienciadevida.com.ar\/portalurbano\/wp-content\/uploads\/2021\/07\/Es-un-orgullo-representar-nuevamente.jpeg",150,100,false]},"author_info":{"display_name":"admpu17wp","author_link":"https:\/\/experienciadevida.com.ar\/portalurbano\/author\/admpu17wp\/"},"category_info":"<a href=\"https:\/\/experienciadevida.com.ar\/portalurbano\/category\/ciudad\/\" rel=\"category tag\">Ciudad<\/a> <a href=\"https:\/\/experienciadevida.com.ar\/portalurbano\/category\/destacadas-2\/\" rel=\"category tag\">Destacadas 2<\/a>","tag_info":"Destacadas 2","comment_count":"0","amp_enabled":true,"_links":{"self":[{"href":"https:\/\/experienciadevida.com.ar\/portalurbano\/wp-json\/wp\/v2\/posts\/148433"}],"collection":[{"href":"https:\/\/experienciadevida.com.ar\/portalurbano\/wp-json\/wp\/v2\/posts"}],"about":[{"href":"https:\/\/experienciadevida.com.ar\/portalurbano\/wp-json\/wp\/v2\/types\/post"}],"author":[{"embeddable":true,"href":"https:\/\/experienciadevida.com.ar\/portalurbano\/wp-json\/wp\/v2\/users\/1"}],"replies":[{"embeddable":true,"href":"https:\/\/experienciadevida.com.ar\/portalurbano\/wp-json\/wp\/v2\/comments?post=148433"}],"version-history":[{"count":3,"href":"https:\/\/experienciadevida.com.ar\/portalurbano\/wp-json\/wp\/v2\/posts\/148433\/revisions"}],"predecessor-version":[{"id":148437,"href":"https:\/\/experienciadevida.com.ar\/portalurbano\/wp-json\/wp\/v2\/posts\/148433\/revisions\/148437"}],"wp:featuredmedia":[{"embeddable":true,"href":"https:\/\/experienciadevida.com.ar\/portalurbano\/wp-json\/wp\/v2\/media\/148434"}],"wp:attachment":[{"href":"https:\/\/experienciadevida.com.ar\/portalurbano\/wp-json\/wp\/v2\/media?parent=148433"}],"wp:term":[{"taxonomy":"category","embeddable":true,"href":"https:\/\/experienciadevida.com.ar\/portalurbano\/wp-json\/wp\/v2\/categories?post=148433"},{"taxonomy":"post_tag","embeddable":true,"href":"https:\/\/experienciadevida.com.ar\/portalurbano\/wp-json\/wp\/v2\/tags?post=148433"}],"curies":[{"name":"wp","href":"https:\/\/api.w.org\/{rel}","templated":true}]}}