{"id":148403,"date":"2021-07-23T15:27:06","date_gmt":"2021-07-23T18:27:06","guid":{"rendered":"https:\/\/experienciadevida.com.ar\/portalurbano\/?p=148403"},"modified":"2021-07-23T15:30:21","modified_gmt":"2021-07-23T18:30:21","slug":"este-viernes-el-renaper-realiza-un-operativo-de-documentacion-en-el-barrio-villa-magdalena","status":"publish","type":"post","link":"https:\/\/experienciadevida.com.ar\/portalurbano\/este-viernes-el-renaper-realiza-un-operativo-de-documentacion-en-el-barrio-villa-magdalena\/","title":{"rendered":"Este viernes el RENAPER realiza un operativo de documentaci\u00f3n en el barrio Villa Magdalena"},"content":{"rendered":"<p>Este viernes el RENAPER realiza un operativo de documentaci\u00f3n en el barrio Villa Magdalena, el Registro Nacional de las personas est\u00e1 en la plazoleta del barrio (Av. Eva Per\u00f3n al 2800).<\/p>\n<p>Se podr\u00e1n Tramitar DNIs, pasaportes y certificados de pre-identificaci\u00f3n.<\/p>\n<p>Este viernes el RENAPER realiza un operativo de documentaci\u00f3n el Barrio Villa Magdalena, Por disposici\u00f3n del Ministerio del Interior, el Registro Nacional de las Personas desarrollar\u00e1 un operativo de documentaci\u00f3n en nuestro distrito. En el mismo se podr\u00e1n tramitar DNIs, pasaportes y certificados de pre-identificaci\u00f3n.<\/p>\n<p>El operativo atender\u00e1 de 9 a 16 horas, los puestos del RENAPER funcionar\u00e1n el viernes 23 de julio en la plazoleta del barrio Villa Magdalena ubicada en Av. Eva Per\u00f3n al 2800. La atenci\u00f3n ser\u00e1 por orden de llegada y se emitir\u00e1n 200 turnos m\u00e1ximo.<\/p>\n<p><a href=\"https:\/\/experienciadevida.com.ar\/portalurbano\/este-viernes-el-renaper-realiza-un-operativo-de-documentacion-en-el-barrio-villa-magdalena\/este-viernes-2\/\" rel=\"attachment wp-att-148409\"><img decoding=\"async\" class=\"alignnone size-full wp-image-148409\" src=\"https:\/\/experienciadevida.com.ar\/portalurbano\/wp-content\/uploads\/2021\/07\/Este-viernes.jpg\" alt=\"Este viernes\" width=\"765\" height=\"344\" srcset=\"https:\/\/experienciadevida.com.ar\/portalurbano\/wp-content\/uploads\/2021\/07\/Este-viernes.jpg 765w, https:\/\/experienciadevida.com.ar\/portalurbano\/wp-content\/uploads\/2021\/07\/Este-viernes-300x135.jpg 300w\" sizes=\"(max-width: 765px) 100vw, 765px\" \/><\/a><\/p>\n","protected":false},"excerpt":{"rendered":"<p>Este viernes el RENAPER realiza un operativo de documentaci\u00f3n en el barrio Villa Magdalena, el&#8230;<\/p>\n","protected":false},"author":1,"featured_media":148404,"comment_status":"closed","ping_status":"closed","sticky":false,"template":"","format":"standard","meta":{"content-type":""},"categories":[27,64],"tags":[],"nelio_content":{"isAutoShareEnabled":false,"autoShareEndMode":"default","automationSources":{"useContentSentences":true,"useSocialTemplates":true,"useCustomSentences":false,"customSentences":[]},"followers":[1],"suggestedReferences":[],"includedReferences":[],"efiUrl":"","efiAlt":"","highlights":[]},"yoast_head":"<!-- This site is optimized with the Yoast SEO plugin v20.7 - https:\/\/yoast.com\/wordpress\/plugins\/seo\/ -->\n<title>Este viernes el RENPAER realiza un operativo de documentaci\u00f3n<\/title>\n<meta name=\"description\" content=\"Este viernes el RENAPER realiza un operativo de documentaci\u00f3n en el barrio Villa Magdalena, en la plazoleta del barrio\" \/>\n<meta name=\"robots\" content=\"index, follow, max-snippet:-1, max-image-preview:large, max-video-preview:-1\" \/>\n<link rel=\"canonical\" href=\"https:\/\/experienciadevida.com.ar\/portalurbano\/este-viernes-el-renaper-realiza-un-operativo-de-documentacion-en-el-barrio-villa-magdalena\/\" \/>\n<meta property=\"og:locale\" content=\"es_ES\" \/>\n<meta property=\"og:type\" content=\"article\" \/>\n<meta property=\"og:title\" content=\"Este viernes el RENPAER realiza un operativo de documentaci\u00f3n\" \/>\n<meta property=\"og:description\" content=\"Este viernes el RENAPER realiza un operativo de documentaci\u00f3n en el barrio Villa Magdalena, en la plazoleta del barrio\" \/>\n<meta property=\"og:url\" content=\"https:\/\/experienciadevida.com.ar\/portalurbano\/este-viernes-el-renaper-realiza-un-operativo-de-documentacion-en-el-barrio-villa-magdalena\/\" \/>\n<meta property=\"article:publisher\" content=\"https:\/\/www.facebook.com\/Portal-Urbano-171542830093757\/\" \/>\n<meta property=\"article:published_time\" content=\"2021-07-23T18:27:06+00:00\" \/>\n<meta property=\"article:modified_time\" content=\"2021-07-23T18:30:21+00:00\" \/>\n<meta property=\"og:image\" content=\"https:\/\/experienciadevida.com.ar\/portalurbano\/wp-content\/uploads\/2021\/07\/Este-viernes-el-RENAPER-realiza.jpg\" \/>\n\t<meta property=\"og:image:width\" content=\"765\" \/>\n\t<meta property=\"og:image:height\" content=\"437\" \/>\n\t<meta property=\"og:image:type\" content=\"image\/jpeg\" \/>\n<meta name=\"author\" content=\"admpu17wp\" \/>\n<meta name=\"twitter:card\" content=\"summary_large_image\" \/>\n<meta name=\"twitter:creator\" content=\"@portalurbanook\" \/>\n<meta name=\"twitter:site\" content=\"@portalurbanook\" \/>\n<meta name=\"twitter:label1\" content=\"Escrito por\" \/>\n\t<meta name=\"twitter:data1\" content=\"admpu17wp\" \/>\n\t<meta name=\"twitter:label2\" content=\"Tiempo de lectura\" \/>\n\t<meta name=\"twitter:data2\" content=\"1 minuto\" \/>\n<script type=\"application\/ld+json\" class=\"yoast-schema-graph\">{\"@context\":\"https:\/\/schema.org\",\"@graph\":[{\"@type\":\"Article\",\"@id\":\"https:\/\/experienciadevida.com.ar\/portalurbano\/este-viernes-el-renaper-realiza-un-operativo-de-documentacion-en-el-barrio-villa-magdalena\/#article\",\"isPartOf\":{\"@id\":\"https:\/\/experienciadevida.com.ar\/portalurbano\/este-viernes-el-renaper-realiza-un-operativo-de-documentacion-en-el-barrio-villa-magdalena\/\"},\"author\":{\"name\":\"admpu17wp\",\"@id\":\"https:\/\/experienciadevida.com.ar\/portalurbano\/#\/schema\/person\/02dd326b1c4b056e9cc972486934a3a7\"},\"headline\":\"Este viernes el RENAPER realiza un operativo de documentaci\u00f3n en el barrio Villa Magdalena\",\"datePublished\":\"2021-07-23T18:27:06+00:00\",\"dateModified\":\"2021-07-23T18:30:21+00:00\",\"mainEntityOfPage\":{\"@id\":\"https:\/\/experienciadevida.com.ar\/portalurbano\/este-viernes-el-renaper-realiza-un-operativo-de-documentacion-en-el-barrio-villa-magdalena\/\"},\"wordCount\":153,\"publisher\":{\"@id\":\"https:\/\/experienciadevida.com.ar\/portalurbano\/#organization\"},\"articleSection\":[\"Ciudad\",\"Destacadas 2\"],\"inLanguage\":\"es\"},{\"@type\":\"WebPage\",\"@id\":\"https:\/\/experienciadevida.com.ar\/portalurbano\/este-viernes-el-renaper-realiza-un-operativo-de-documentacion-en-el-barrio-villa-magdalena\/\",\"url\":\"https:\/\/experienciadevida.com.ar\/portalurbano\/este-viernes-el-renaper-realiza-un-operativo-de-documentacion-en-el-barrio-villa-magdalena\/\",\"name\":\"Este viernes el RENPAER realiza un operativo de documentaci\u00f3n\",\"isPartOf\":{\"@id\":\"https:\/\/experienciadevida.com.ar\/portalurbano\/#website\"},\"datePublished\":\"2021-07-23T18:27:06+00:00\",\"dateModified\":\"2021-07-23T18:30:21+00:00\",\"description\":\"Este viernes el RENAPER realiza un operativo de documentaci\u00f3n en el barrio Villa Magdalena, en la plazoleta del barrio\",\"breadcrumb\":{\"@id\":\"https:\/\/experienciadevida.com.ar\/portalurbano\/este-viernes-el-renaper-realiza-un-operativo-de-documentacion-en-el-barrio-villa-magdalena\/#breadcrumb\"},\"inLanguage\":\"es\",\"potentialAction\":[{\"@type\":\"ReadAction\",\"target\":[\"https:\/\/experienciadevida.com.ar\/portalurbano\/este-viernes-el-renaper-realiza-un-operativo-de-documentacion-en-el-barrio-villa-magdalena\/\"]}]},{\"@type\":\"BreadcrumbList\",\"@id\":\"https:\/\/experienciadevida.com.ar\/portalurbano\/este-viernes-el-renaper-realiza-un-operativo-de-documentacion-en-el-barrio-villa-magdalena\/#breadcrumb\",\"itemListElement\":[{\"@type\":\"ListItem\",\"position\":1,\"name\":\"Portada\",\"item\":\"https:\/\/experienciadevida.com.ar\/portalurbano\/\"},{\"@type\":\"ListItem\",\"position\":2,\"name\":\"Este viernes el RENAPER realiza un operativo de documentaci\u00f3n en el barrio Villa Magdalena\"}]},{\"@type\":\"WebSite\",\"@id\":\"https:\/\/experienciadevida.com.ar\/portalurbano\/#website\",\"url\":\"https:\/\/experienciadevida.com.ar\/portalurbano\/\",\"name\":\"\",\"description\":\"\",\"publisher\":{\"@id\":\"https:\/\/experienciadevida.com.ar\/portalurbano\/#organization\"},\"potentialAction\":[{\"@type\":\"SearchAction\",\"target\":{\"@type\":\"EntryPoint\",\"urlTemplate\":\"https:\/\/experienciadevida.com.ar\/portalurbano\/?s={search_term_string}\"},\"query-input\":\"required name=search_term_string\"}],\"inLanguage\":\"es\"},{\"@type\":\"Organization\",\"@id\":\"https:\/\/experienciadevida.com.ar\/portalurbano\/#organization\",\"name\":\"Portal Urbano\",\"url\":\"https:\/\/experienciadevida.com.ar\/portalurbano\/\",\"logo\":{\"@type\":\"ImageObject\",\"inLanguage\":\"es\",\"@id\":\"https:\/\/experienciadevida.com.ar\/portalurbano\/#\/schema\/logo\/image\/\",\"url\":\"https:\/\/experienciadevida.com.ar\/portalurbano\/wp-content\/uploads\/2019\/09\/Logo-Original.png\",\"contentUrl\":\"https:\/\/experienciadevida.com.ar\/portalurbano\/wp-content\/uploads\/2019\/09\/Logo-Original.png\",\"width\":2236,\"height\":1216,\"caption\":\"Portal Urbano\"},\"image\":{\"@id\":\"https:\/\/experienciadevida.com.ar\/portalurbano\/#\/schema\/logo\/image\/\"},\"sameAs\":[\"https:\/\/www.facebook.com\/Portal-Urbano-171542830093757\/\",\"https:\/\/twitter.com\/portalurbanook\",\"https:\/\/www.instagram.com\/_portalurbano\/\",\"https:\/\/www.youtube.com\/channel\/UCXhagIfszH8KxFiOok79zbA?view_as=subscriber\"]},{\"@type\":\"Person\",\"@id\":\"https:\/\/experienciadevida.com.ar\/portalurbano\/#\/schema\/person\/02dd326b1c4b056e9cc972486934a3a7\",\"name\":\"admpu17wp\",\"image\":{\"@type\":\"ImageObject\",\"inLanguage\":\"es\",\"@id\":\"https:\/\/experienciadevida.com.ar\/portalurbano\/#\/schema\/person\/image\/\",\"url\":\"https:\/\/secure.gravatar.com\/avatar\/830d4c57adaae6630765e449a6908047?s=96&d=mm&r=g\",\"contentUrl\":\"https:\/\/secure.gravatar.com\/avatar\/830d4c57adaae6630765e449a6908047?s=96&d=mm&r=g\",\"caption\":\"admpu17wp\"}}]}<\/script>\n<!-- \/ Yoast SEO plugin. -->","yoast_head_json":{"title":"Este viernes el RENPAER realiza un operativo de documentaci\u00f3n","description":"Este viernes el RENAPER realiza un operativo de documentaci\u00f3n en el barrio Villa Magdalena, en la plazoleta del barrio","robots":{"index":"index","follow":"follow","max-snippet":"max-snippet:-1","max-image-preview":"max-image-preview:large","max-video-preview":"max-video-preview:-1"},"canonical":"https:\/\/experienciadevida.com.ar\/portalurbano\/este-viernes-el-renaper-realiza-un-operativo-de-documentacion-en-el-barrio-villa-magdalena\/","og_locale":"es_ES","og_type":"article","og_title":"Este viernes el RENPAER realiza un operativo de documentaci\u00f3n","og_description":"Este viernes el RENAPER realiza un operativo de documentaci\u00f3n en el barrio Villa Magdalena, en la plazoleta del barrio","og_url":"https:\/\/experienciadevida.com.ar\/portalurbano\/este-viernes-el-renaper-realiza-un-operativo-de-documentacion-en-el-barrio-villa-magdalena\/","article_publisher":"https:\/\/www.facebook.com\/Portal-Urbano-171542830093757\/","article_published_time":"2021-07-23T18:27:06+00:00","article_modified_time":"2021-07-23T18:30:21+00:00","og_image":[{"width":765,"height":437,"url":"https:\/\/experienciadevida.com.ar\/portalurbano\/wp-content\/uploads\/2021\/07\/Este-viernes-el-RENAPER-realiza.jpg","type":"image\/jpeg"}],"author":"admpu17wp","twitter_card":"summary_large_image","twitter_creator":"@portalurbanook","twitter_site":"@portalurbanook","twitter_misc":{"Escrito por":"admpu17wp","Tiempo de lectura":"1 minuto"},"schema":{"@context":"https:\/\/schema.org","@graph":[{"@type":"Article","@id":"https:\/\/experienciadevida.com.ar\/portalurbano\/este-viernes-el-renaper-realiza-un-operativo-de-documentacion-en-el-barrio-villa-magdalena\/#article","isPartOf":{"@id":"https:\/\/experienciadevida.com.ar\/portalurbano\/este-viernes-el-renaper-realiza-un-operativo-de-documentacion-en-el-barrio-villa-magdalena\/"},"author":{"name":"admpu17wp","@id":"https:\/\/experienciadevida.com.ar\/portalurbano\/#\/schema\/person\/02dd326b1c4b056e9cc972486934a3a7"},"headline":"Este viernes el RENAPER realiza un operativo de documentaci\u00f3n en el barrio Villa Magdalena","datePublished":"2021-07-23T18:27:06+00:00","dateModified":"2021-07-23T18:30:21+00:00","mainEntityOfPage":{"@id":"https:\/\/experienciadevida.com.ar\/portalurbano\/este-viernes-el-renaper-realiza-un-operativo-de-documentacion-en-el-barrio-villa-magdalena\/"},"wordCount":153,"publisher":{"@id":"https:\/\/experienciadevida.com.ar\/portalurbano\/#organization"},"articleSection":["Ciudad","Destacadas 2"],"inLanguage":"es"},{"@type":"WebPage","@id":"https:\/\/experienciadevida.com.ar\/portalurbano\/este-viernes-el-renaper-realiza-un-operativo-de-documentacion-en-el-barrio-villa-magdalena\/","url":"https:\/\/experienciadevida.com.ar\/portalurbano\/este-viernes-el-renaper-realiza-un-operativo-de-documentacion-en-el-barrio-villa-magdalena\/","name":"Este viernes el RENPAER realiza un operativo de documentaci\u00f3n","isPartOf":{"@id":"https:\/\/experienciadevida.com.ar\/portalurbano\/#website"},"datePublished":"2021-07-23T18:27:06+00:00","dateModified":"2021-07-23T18:30:21+00:00","description":"Este viernes el RENAPER realiza un operativo de documentaci\u00f3n en el barrio Villa Magdalena, en la plazoleta del barrio","breadcrumb":{"@id":"https:\/\/experienciadevida.com.ar\/portalurbano\/este-viernes-el-renaper-realiza-un-operativo-de-documentacion-en-el-barrio-villa-magdalena\/#breadcrumb"},"inLanguage":"es","potentialAction":[{"@type":"ReadAction","target":["https:\/\/experienciadevida.com.ar\/portalurbano\/este-viernes-el-renaper-realiza-un-operativo-de-documentacion-en-el-barrio-villa-magdalena\/"]}]},{"@type":"BreadcrumbList","@id":"https:\/\/experienciadevida.com.ar\/portalurbano\/este-viernes-el-renaper-realiza-un-operativo-de-documentacion-en-el-barrio-villa-magdalena\/#breadcrumb","itemListElement":[{"@type":"ListItem","position":1,"name":"Portada","item":"https:\/\/experienciadevida.com.ar\/portalurbano\/"},{"@type":"ListItem","position":2,"name":"Este viernes el RENAPER realiza un operativo de documentaci\u00f3n en el barrio Villa Magdalena"}]},{"@type":"WebSite","@id":"https:\/\/experienciadevida.com.ar\/portalurbano\/#website","url":"https:\/\/experienciadevida.com.ar\/portalurbano\/","name":"","description":"","publisher":{"@id":"https:\/\/experienciadevida.com.ar\/portalurbano\/#organization"},"potentialAction":[{"@type":"SearchAction","target":{"@type":"EntryPoint","urlTemplate":"https:\/\/experienciadevida.com.ar\/portalurbano\/?s={search_term_string}"},"query-input":"required name=search_term_string"}],"inLanguage":"es"},{"@type":"Organization","@id":"https:\/\/experienciadevida.com.ar\/portalurbano\/#organization","name":"Portal Urbano","url":"https:\/\/experienciadevida.com.ar\/portalurbano\/","logo":{"@type":"ImageObject","inLanguage":"es","@id":"https:\/\/experienciadevida.com.ar\/portalurbano\/#\/schema\/logo\/image\/","url":"https:\/\/experienciadevida.com.ar\/portalurbano\/wp-content\/uploads\/2019\/09\/Logo-Original.png","contentUrl":"https:\/\/experienciadevida.com.ar\/portalurbano\/wp-content\/uploads\/2019\/09\/Logo-Original.png","width":2236,"height":1216,"caption":"Portal Urbano"},"image":{"@id":"https:\/\/experienciadevida.com.ar\/portalurbano\/#\/schema\/logo\/image\/"},"sameAs":["https:\/\/www.facebook.com\/Portal-Urbano-171542830093757\/","https:\/\/twitter.com\/portalurbanook","https:\/\/www.instagram.com\/_portalurbano\/","https:\/\/www.youtube.com\/channel\/UCXhagIfszH8KxFiOok79zbA?view_as=subscriber"]},{"@type":"Person","@id":"https:\/\/experienciadevida.com.ar\/portalurbano\/#\/schema\/person\/02dd326b1c4b056e9cc972486934a3a7","name":"admpu17wp","image":{"@type":"ImageObject","inLanguage":"es","@id":"https:\/\/experienciadevida.com.ar\/portalurbano\/#\/schema\/person\/image\/","url":"https:\/\/secure.gravatar.com\/avatar\/830d4c57adaae6630765e449a6908047?s=96&d=mm&r=g","contentUrl":"https:\/\/secure.gravatar.com\/avatar\/830d4c57adaae6630765e449a6908047?s=96&d=mm&r=g","caption":"admpu17wp"}}]}},"featured_image_urls":{"full":["https:\/\/experienciadevida.com.ar\/portalurbano\/wp-content\/uploads\/2021\/07\/Este-viernes-el-RENAPER-realiza.jpg",765,437,false],"thumbnail":["https:\/\/experienciadevida.com.ar\/portalurbano\/wp-content\/uploads\/2021\/07\/Este-viernes-el-RENAPER-realiza-150x150.jpg",150,150,true],"medium":["https:\/\/experienciadevida.com.ar\/portalurbano\/wp-content\/uploads\/2021\/07\/Este-viernes-el-RENAPER-realiza-300x171.jpg",300,171,true],"medium_large":["https:\/\/experienciadevida.com.ar\/portalurbano\/wp-content\/uploads\/2021\/07\/Este-viernes-el-RENAPER-realiza.jpg",640,366,false],"large":["https:\/\/experienciadevida.com.ar\/portalurbano\/wp-content\/uploads\/2021\/07\/Este-viernes-el-RENAPER-realiza.jpg",640,366,false],"ug_big":["https:\/\/experienciadevida.com.ar\/portalurbano\/wp-content\/uploads\/2021\/07\/Este-viernes-el-RENAPER-realiza.jpg",765,437,false],"1536x1536":["https:\/\/experienciadevida.com.ar\/portalurbano\/wp-content\/uploads\/2021\/07\/Este-viernes-el-RENAPER-realiza.jpg",765,437,false],"2048x2048":["https:\/\/experienciadevida.com.ar\/portalurbano\/wp-content\/uploads\/2021\/07\/Este-viernes-el-RENAPER-realiza.jpg",765,437,false],"newsever-slider-full":["https:\/\/experienciadevida.com.ar\/portalurbano\/wp-content\/uploads\/2021\/07\/Este-viernes-el-RENAPER-realiza.jpg",765,437,false],"newsever-featured":["https:\/\/experienciadevida.com.ar\/portalurbano\/wp-content\/uploads\/2021\/07\/Este-viernes-el-RENAPER-realiza.jpg",765,437,false],"newsever-medium":["https:\/\/experienciadevida.com.ar\/portalurbano\/wp-content\/uploads\/2021\/07\/Este-viernes-el-RENAPER-realiza.jpg",720,411,false],"web-stories-poster-portrait":["https:\/\/experienciadevida.com.ar\/portalurbano\/wp-content\/uploads\/2021\/07\/Este-viernes-el-RENAPER-realiza.jpg",640,366,false],"web-stories-publisher-logo":["https:\/\/experienciadevida.com.ar\/portalurbano\/wp-content\/uploads\/2021\/07\/Este-viernes-el-RENAPER-realiza.jpg",96,55,false],"web-stories-thumbnail":["https:\/\/experienciadevida.com.ar\/portalurbano\/wp-content\/uploads\/2021\/07\/Este-viernes-el-RENAPER-realiza.jpg",150,86,false]},"author_info":{"display_name":"admpu17wp","author_link":"https:\/\/experienciadevida.com.ar\/portalurbano\/author\/admpu17wp\/"},"category_info":"<a href=\"https:\/\/experienciadevida.com.ar\/portalurbano\/category\/ciudad\/\" rel=\"category tag\">Ciudad<\/a> <a href=\"https:\/\/experienciadevida.com.ar\/portalurbano\/category\/destacadas-2\/\" rel=\"category tag\">Destacadas 2<\/a>","tag_info":"Destacadas 2","comment_count":"0","amp_enabled":true,"_links":{"self":[{"href":"https:\/\/experienciadevida.com.ar\/portalurbano\/wp-json\/wp\/v2\/posts\/148403"}],"collection":[{"href":"https:\/\/experienciadevida.com.ar\/portalurbano\/wp-json\/wp\/v2\/posts"}],"about":[{"href":"https:\/\/experienciadevida.com.ar\/portalurbano\/wp-json\/wp\/v2\/types\/post"}],"author":[{"embeddable":true,"href":"https:\/\/experienciadevida.com.ar\/portalurbano\/wp-json\/wp\/v2\/users\/1"}],"replies":[{"embeddable":true,"href":"https:\/\/experienciadevida.com.ar\/portalurbano\/wp-json\/wp\/v2\/comments?post=148403"}],"version-history":[{"count":4,"href":"https:\/\/experienciadevida.com.ar\/portalurbano\/wp-json\/wp\/v2\/posts\/148403\/revisions"}],"predecessor-version":[{"id":148410,"href":"https:\/\/experienciadevida.com.ar\/portalurbano\/wp-json\/wp\/v2\/posts\/148403\/revisions\/148410"}],"wp:featuredmedia":[{"embeddable":true,"href":"https:\/\/experienciadevida.com.ar\/portalurbano\/wp-json\/wp\/v2\/media\/148404"}],"wp:attachment":[{"href":"https:\/\/experienciadevida.com.ar\/portalurbano\/wp-json\/wp\/v2\/media?parent=148403"}],"wp:term":[{"taxonomy":"category","embeddable":true,"href":"https:\/\/experienciadevida.com.ar\/portalurbano\/wp-json\/wp\/v2\/categories?post=148403"},{"taxonomy":"post_tag","embeddable":true,"href":"https:\/\/experienciadevida.com.ar\/portalurbano\/wp-json\/wp\/v2\/tags?post=148403"}],"curies":[{"name":"wp","href":"https:\/\/api.w.org\/{rel}","templated":true}]}}