{"id":148343,"date":"2021-07-23T10:36:00","date_gmt":"2021-07-23T13:36:00","guid":{"rendered":"https:\/\/experienciadevida.com.ar\/portalurbano\/?p=148343"},"modified":"2021-07-23T10:38:33","modified_gmt":"2021-07-23T13:38:33","slug":"aumento-de-tasas-es-a-todas-luces-excesivo","status":"publish","type":"post","link":"https:\/\/experienciadevida.com.ar\/portalurbano\/aumento-de-tasas-es-a-todas-luces-excesivo\/","title":{"rendered":"Aumento de tasas: &#8220;Es a todas luces excesivo&#8221;"},"content":{"rendered":"<p>Aumento de tasas: &#8220;Es a todas luces excesivo&#8221;, as\u00ed lo dijo Ubaldo Garc\u00eda en declaraciones radiales, expuso su pensamiento luego del aumento del 25,3 % en las tasas dispuesto por el Ejecutivo. Se\u00f1al\u00f3 que la situaci\u00f3n actual, con lo que significa la pandemia que ha golpeado a todos y en 2021 que comienza a reactivarse no se puede permitir esta automaticidad de aumentos.<\/p>\n<p>Una persona en el 2020 pagaba por Servicios Urbanos en Zona 2 $682 y hoy con este aumento va a superar los $1750 porque a lo que dice el decreto hay que sumarle lo de seguridad ciudadana y adem\u00e1s ser\u00e1 retroactivo.<\/p>\n<p>Hay un problema de fondo, donde hace a\u00f1os, el Concejo Deliberante otorg\u00f3 la facultad al intendente a aplicar dos aumentos. En 2013 no se notaba, pero en 2015, cuando la inflaci\u00f3n empez\u00f3 a dispararse, se siente mucho. Por lo tanto, consider\u00f3 que debe volver a tratarse este tema en el deliberativo<\/p>\n<p>El Concejal Garc\u00eda, estim\u00f3 que el Ejecutivo har\u00e1 una utilizaci\u00f3n de recursos en funci\u00f3n de una campa\u00f1a.<\/p>\n<p>Aumento de tasas &#8220;la gacetilla es un poco el posicionamiento del <a href=\"https:\/\/www.facebook.com\/FrenteDeTodosOlavarria\">Frente de Todos<\/a>, en este caso el an\u00e1lisis lo represento yo pero pero es la posici\u00f3n del interbloque en cuanto a este anuncio por decreto de un aumento del 25.3% creemos que es a todas luces excesivo como venimos diciendo permanentemente cuando se habla de aumentos, la situaci\u00f3n actual de lo que ha significado y sigue significando la pandemia es muy delicado, la mayor\u00eda de las familias, los trabajadores, los comercios que han vivido momentos muy dif\u00edcil de la pandemia y en el tema econ\u00f3mico no ha sido la excepci\u00f3n ha sido un golpe tras otro en el 2020 por lo tanto en el 2021 que es un a\u00f1o que empieza realmente a reactivarse no podemos permitir esta automaticidad de aumentos que vienen siendo reiteradas desde el a\u00f1o 2020 hasta la fecha. En plena pandemia hubo un aumento del 36% m\u00e1s el 25% de ahorro&#8221;.<\/p>\n<p>&#8220;En enero del 2020 en zona 2 pagaban 682$ despu\u00e9s de este aumento vamos a estar pagando 1750$ porque a lo que dice el decreto hay que agregar el 10% de protecci\u00f3n ciudadana\u00a0 por lo tanto la boleta va a quedar en ese n\u00famero, agravado a que en el primer mes se hace retroactivo julio por lo tanto los vecinos van a estar pagando m\u00e1s de 2 mil pesos por servicios urbanos, creemos que es excesivo. El anuncio se dio a partir de la paritaria y uno considera que dadas las paritarias que es justificable para todos los trabajadores municipales surge el aumento pero en realidad las tasas municipales deber\u00edan cobrarse en funci\u00f3n al costo que tenga la prestaci\u00f3n del servicio para algo es una tasa y no en funci\u00f3n a gastos que el Municipio tiene de personal\u00a0 o alg\u00fan otro tipo de gasto que tengan&#8221;.<\/p>\n<p>Aumento de tasas &#8220;el HCD por ordenanza deleg\u00f3 la facultad en el ejecutivo de otorgar dos aumentos anuales en funci\u00f3n al IPC al \u00edndice del precio al consumidor, en su momento en el a\u00f1o 2013-2014 cuando la inflaci\u00f3n no era un tema tan candente por ahi no se notaba pero a partir del 2015 donde la inflaci\u00f3n empez\u00f3 a dispararse esta delegaci\u00f3n que ha hecho el concejo se nota mucho, porque el aumento se da dos veces al a\u00f1o, en julio y diciembre. Creemos que el concejo debe recuperar esa facultad y discutirlo los aumentos, debemos volver sobre el tema que la facultad sea de los concejales, hay aumentos que son injustificables este es uno&#8221;.<\/p>\n<p>&#8220;<a href=\"https:\/\/experienciadevida.com.ar\/portalurbano\/una-vez-mas-los-olavarrienses-vamos-a-pagar-la-campana-electoral-del-municipio\/\">Es una forma de empezar a recaudar para prepararse para la campa\u00f1a<\/a>, tener fondos y poder ir haciendo una utilizaci\u00f3n de recursos en funci\u00f3n de una campa\u00f1a&#8221;.<\/p>\n<p>Para finalizar &#8220;hay que estar muy cercano a la gente&#8221;.<\/p>\n<p>Fuente: Radio Olavarr\u00eda<\/p>\n","protected":false},"excerpt":{"rendered":"<p>Aumento de tasas: &#8220;Es a todas luces excesivo&#8221;, as\u00ed lo dijo Ubaldo Garc\u00eda en declaraciones&#8230;<\/p>\n","protected":false},"author":1,"featured_media":119444,"comment_status":"closed","ping_status":"closed","sticky":false,"template":"","format":"standard","meta":{"content-type":""},"categories":[27,64],"tags":[],"nelio_content":{"isAutoShareEnabled":false,"autoShareEndMode":"default","automationSources":{"useContentSentences":true,"useSocialTemplates":true,"useCustomSentences":false,"customSentences":[]},"followers":[1],"suggestedReferences":[],"includedReferences":[],"efiUrl":"","efiAlt":"","highlights":[]},"yoast_head":"<!-- This site is optimized with the Yoast SEO plugin v20.7 - https:\/\/yoast.com\/wordpress\/plugins\/seo\/ -->\n<title>Aumento de tasas: &quot;Es a todas luces excesivo&quot;, dijo Garc\u00eda<\/title>\n<meta name=\"description\" content=\"Aumento de tasas: &quot;Es a todas luces excesivo&quot;, as\u00ed lo dijo Ubaldo Garc\u00eda en declaraciones radiales, expuso su pensamiento luego del aumento\" \/>\n<meta name=\"robots\" content=\"index, follow, max-snippet:-1, max-image-preview:large, max-video-preview:-1\" \/>\n<link rel=\"canonical\" href=\"https:\/\/experienciadevida.com.ar\/portalurbano\/aumento-de-tasas-es-a-todas-luces-excesivo\/\" \/>\n<meta property=\"og:locale\" content=\"es_ES\" \/>\n<meta property=\"og:type\" content=\"article\" \/>\n<meta property=\"og:title\" content=\"Aumento de tasas: &quot;Es a todas luces excesivo&quot;, dijo Garc\u00eda\" \/>\n<meta property=\"og:description\" content=\"Aumento de tasas: &quot;Es a todas luces excesivo&quot;, as\u00ed lo dijo Ubaldo Garc\u00eda en declaraciones radiales, expuso su pensamiento luego del aumento\" \/>\n<meta property=\"og:url\" content=\"https:\/\/experienciadevida.com.ar\/portalurbano\/aumento-de-tasas-es-a-todas-luces-excesivo\/\" \/>\n<meta property=\"article:publisher\" content=\"https:\/\/www.facebook.com\/Portal-Urbano-171542830093757\/\" \/>\n<meta property=\"article:published_time\" content=\"2021-07-23T13:36:00+00:00\" \/>\n<meta property=\"article:modified_time\" content=\"2021-07-23T13:38:33+00:00\" \/>\n<meta property=\"og:image\" content=\"https:\/\/experienciadevida.com.ar\/portalurbano\/wp-content\/uploads\/2020\/08\/UBALDOGARCIA.jpeg\" \/>\n\t<meta property=\"og:image:width\" content=\"765\" \/>\n\t<meta property=\"og:image:height\" content=\"536\" \/>\n\t<meta property=\"og:image:type\" content=\"image\/jpeg\" \/>\n<meta name=\"author\" content=\"admpu17wp\" \/>\n<meta name=\"twitter:card\" content=\"summary_large_image\" \/>\n<meta name=\"twitter:creator\" content=\"@portalurbanook\" \/>\n<meta name=\"twitter:site\" content=\"@portalurbanook\" \/>\n<meta name=\"twitter:label1\" content=\"Escrito por\" \/>\n\t<meta name=\"twitter:data1\" content=\"admpu17wp\" \/>\n\t<meta name=\"twitter:label2\" content=\"Tiempo de lectura\" \/>\n\t<meta name=\"twitter:data2\" content=\"3 minutos\" \/>\n<script type=\"application\/ld+json\" class=\"yoast-schema-graph\">{\"@context\":\"https:\/\/schema.org\",\"@graph\":[{\"@type\":\"Article\",\"@id\":\"https:\/\/experienciadevida.com.ar\/portalurbano\/aumento-de-tasas-es-a-todas-luces-excesivo\/#article\",\"isPartOf\":{\"@id\":\"https:\/\/experienciadevida.com.ar\/portalurbano\/aumento-de-tasas-es-a-todas-luces-excesivo\/\"},\"author\":{\"name\":\"admpu17wp\",\"@id\":\"https:\/\/experienciadevida.com.ar\/portalurbano\/#\/schema\/person\/02dd326b1c4b056e9cc972486934a3a7\"},\"headline\":\"Aumento de tasas: &#8220;Es a todas luces excesivo&#8221;\",\"datePublished\":\"2021-07-23T13:36:00+00:00\",\"dateModified\":\"2021-07-23T13:38:33+00:00\",\"mainEntityOfPage\":{\"@id\":\"https:\/\/experienciadevida.com.ar\/portalurbano\/aumento-de-tasas-es-a-todas-luces-excesivo\/\"},\"wordCount\":655,\"publisher\":{\"@id\":\"https:\/\/experienciadevida.com.ar\/portalurbano\/#organization\"},\"articleSection\":[\"Ciudad\",\"Destacadas 2\"],\"inLanguage\":\"es\"},{\"@type\":\"WebPage\",\"@id\":\"https:\/\/experienciadevida.com.ar\/portalurbano\/aumento-de-tasas-es-a-todas-luces-excesivo\/\",\"url\":\"https:\/\/experienciadevida.com.ar\/portalurbano\/aumento-de-tasas-es-a-todas-luces-excesivo\/\",\"name\":\"Aumento de tasas: \\\"Es a todas luces excesivo\\\", dijo Garc\u00eda\",\"isPartOf\":{\"@id\":\"https:\/\/experienciadevida.com.ar\/portalurbano\/#website\"},\"datePublished\":\"2021-07-23T13:36:00+00:00\",\"dateModified\":\"2021-07-23T13:38:33+00:00\",\"description\":\"Aumento de tasas: \\\"Es a todas luces excesivo\\\", as\u00ed lo dijo Ubaldo Garc\u00eda en declaraciones radiales, expuso su pensamiento luego del aumento\",\"breadcrumb\":{\"@id\":\"https:\/\/experienciadevida.com.ar\/portalurbano\/aumento-de-tasas-es-a-todas-luces-excesivo\/#breadcrumb\"},\"inLanguage\":\"es\",\"potentialAction\":[{\"@type\":\"ReadAction\",\"target\":[\"https:\/\/experienciadevida.com.ar\/portalurbano\/aumento-de-tasas-es-a-todas-luces-excesivo\/\"]}]},{\"@type\":\"BreadcrumbList\",\"@id\":\"https:\/\/experienciadevida.com.ar\/portalurbano\/aumento-de-tasas-es-a-todas-luces-excesivo\/#breadcrumb\",\"itemListElement\":[{\"@type\":\"ListItem\",\"position\":1,\"name\":\"Portada\",\"item\":\"https:\/\/experienciadevida.com.ar\/portalurbano\/\"},{\"@type\":\"ListItem\",\"position\":2,\"name\":\"Aumento de tasas: \u00abEs a todas luces excesivo\u00bb\"}]},{\"@type\":\"WebSite\",\"@id\":\"https:\/\/experienciadevida.com.ar\/portalurbano\/#website\",\"url\":\"https:\/\/experienciadevida.com.ar\/portalurbano\/\",\"name\":\"\",\"description\":\"\",\"publisher\":{\"@id\":\"https:\/\/experienciadevida.com.ar\/portalurbano\/#organization\"},\"potentialAction\":[{\"@type\":\"SearchAction\",\"target\":{\"@type\":\"EntryPoint\",\"urlTemplate\":\"https:\/\/experienciadevida.com.ar\/portalurbano\/?s={search_term_string}\"},\"query-input\":\"required name=search_term_string\"}],\"inLanguage\":\"es\"},{\"@type\":\"Organization\",\"@id\":\"https:\/\/experienciadevida.com.ar\/portalurbano\/#organization\",\"name\":\"Portal Urbano\",\"url\":\"https:\/\/experienciadevida.com.ar\/portalurbano\/\",\"logo\":{\"@type\":\"ImageObject\",\"inLanguage\":\"es\",\"@id\":\"https:\/\/experienciadevida.com.ar\/portalurbano\/#\/schema\/logo\/image\/\",\"url\":\"https:\/\/experienciadevida.com.ar\/portalurbano\/wp-content\/uploads\/2019\/09\/Logo-Original.png\",\"contentUrl\":\"https:\/\/experienciadevida.com.ar\/portalurbano\/wp-content\/uploads\/2019\/09\/Logo-Original.png\",\"width\":2236,\"height\":1216,\"caption\":\"Portal Urbano\"},\"image\":{\"@id\":\"https:\/\/experienciadevida.com.ar\/portalurbano\/#\/schema\/logo\/image\/\"},\"sameAs\":[\"https:\/\/www.facebook.com\/Portal-Urbano-171542830093757\/\",\"https:\/\/twitter.com\/portalurbanook\",\"https:\/\/www.instagram.com\/_portalurbano\/\",\"https:\/\/www.youtube.com\/channel\/UCXhagIfszH8KxFiOok79zbA?view_as=subscriber\"]},{\"@type\":\"Person\",\"@id\":\"https:\/\/experienciadevida.com.ar\/portalurbano\/#\/schema\/person\/02dd326b1c4b056e9cc972486934a3a7\",\"name\":\"admpu17wp\",\"image\":{\"@type\":\"ImageObject\",\"inLanguage\":\"es\",\"@id\":\"https:\/\/experienciadevida.com.ar\/portalurbano\/#\/schema\/person\/image\/\",\"url\":\"https:\/\/secure.gravatar.com\/avatar\/830d4c57adaae6630765e449a6908047?s=96&d=mm&r=g\",\"contentUrl\":\"https:\/\/secure.gravatar.com\/avatar\/830d4c57adaae6630765e449a6908047?s=96&d=mm&r=g\",\"caption\":\"admpu17wp\"}}]}<\/script>\n<!-- \/ Yoast SEO plugin. -->","yoast_head_json":{"title":"Aumento de tasas: \"Es a todas luces excesivo\", dijo Garc\u00eda","description":"Aumento de tasas: \"Es a todas luces excesivo\", as\u00ed lo dijo Ubaldo Garc\u00eda en declaraciones radiales, expuso su pensamiento luego del aumento","robots":{"index":"index","follow":"follow","max-snippet":"max-snippet:-1","max-image-preview":"max-image-preview:large","max-video-preview":"max-video-preview:-1"},"canonical":"https:\/\/experienciadevida.com.ar\/portalurbano\/aumento-de-tasas-es-a-todas-luces-excesivo\/","og_locale":"es_ES","og_type":"article","og_title":"Aumento de tasas: \"Es a todas luces excesivo\", dijo Garc\u00eda","og_description":"Aumento de tasas: \"Es a todas luces excesivo\", as\u00ed lo dijo Ubaldo Garc\u00eda en declaraciones radiales, expuso su pensamiento luego del aumento","og_url":"https:\/\/experienciadevida.com.ar\/portalurbano\/aumento-de-tasas-es-a-todas-luces-excesivo\/","article_publisher":"https:\/\/www.facebook.com\/Portal-Urbano-171542830093757\/","article_published_time":"2021-07-23T13:36:00+00:00","article_modified_time":"2021-07-23T13:38:33+00:00","og_image":[{"width":765,"height":536,"url":"https:\/\/experienciadevida.com.ar\/portalurbano\/wp-content\/uploads\/2020\/08\/UBALDOGARCIA.jpeg","type":"image\/jpeg"}],"author":"admpu17wp","twitter_card":"summary_large_image","twitter_creator":"@portalurbanook","twitter_site":"@portalurbanook","twitter_misc":{"Escrito por":"admpu17wp","Tiempo de lectura":"3 minutos"},"schema":{"@context":"https:\/\/schema.org","@graph":[{"@type":"Article","@id":"https:\/\/experienciadevida.com.ar\/portalurbano\/aumento-de-tasas-es-a-todas-luces-excesivo\/#article","isPartOf":{"@id":"https:\/\/experienciadevida.com.ar\/portalurbano\/aumento-de-tasas-es-a-todas-luces-excesivo\/"},"author":{"name":"admpu17wp","@id":"https:\/\/experienciadevida.com.ar\/portalurbano\/#\/schema\/person\/02dd326b1c4b056e9cc972486934a3a7"},"headline":"Aumento de tasas: &#8220;Es a todas luces excesivo&#8221;","datePublished":"2021-07-23T13:36:00+00:00","dateModified":"2021-07-23T13:38:33+00:00","mainEntityOfPage":{"@id":"https:\/\/experienciadevida.com.ar\/portalurbano\/aumento-de-tasas-es-a-todas-luces-excesivo\/"},"wordCount":655,"publisher":{"@id":"https:\/\/experienciadevida.com.ar\/portalurbano\/#organization"},"articleSection":["Ciudad","Destacadas 2"],"inLanguage":"es"},{"@type":"WebPage","@id":"https:\/\/experienciadevida.com.ar\/portalurbano\/aumento-de-tasas-es-a-todas-luces-excesivo\/","url":"https:\/\/experienciadevida.com.ar\/portalurbano\/aumento-de-tasas-es-a-todas-luces-excesivo\/","name":"Aumento de tasas: \"Es a todas luces excesivo\", dijo Garc\u00eda","isPartOf":{"@id":"https:\/\/experienciadevida.com.ar\/portalurbano\/#website"},"datePublished":"2021-07-23T13:36:00+00:00","dateModified":"2021-07-23T13:38:33+00:00","description":"Aumento de tasas: \"Es a todas luces excesivo\", as\u00ed lo dijo Ubaldo Garc\u00eda en declaraciones radiales, expuso su pensamiento luego del aumento","breadcrumb":{"@id":"https:\/\/experienciadevida.com.ar\/portalurbano\/aumento-de-tasas-es-a-todas-luces-excesivo\/#breadcrumb"},"inLanguage":"es","potentialAction":[{"@type":"ReadAction","target":["https:\/\/experienciadevida.com.ar\/portalurbano\/aumento-de-tasas-es-a-todas-luces-excesivo\/"]}]},{"@type":"BreadcrumbList","@id":"https:\/\/experienciadevida.com.ar\/portalurbano\/aumento-de-tasas-es-a-todas-luces-excesivo\/#breadcrumb","itemListElement":[{"@type":"ListItem","position":1,"name":"Portada","item":"https:\/\/experienciadevida.com.ar\/portalurbano\/"},{"@type":"ListItem","position":2,"name":"Aumento de tasas: \u00abEs a todas luces excesivo\u00bb"}]},{"@type":"WebSite","@id":"https:\/\/experienciadevida.com.ar\/portalurbano\/#website","url":"https:\/\/experienciadevida.com.ar\/portalurbano\/","name":"","description":"","publisher":{"@id":"https:\/\/experienciadevida.com.ar\/portalurbano\/#organization"},"potentialAction":[{"@type":"SearchAction","target":{"@type":"EntryPoint","urlTemplate":"https:\/\/experienciadevida.com.ar\/portalurbano\/?s={search_term_string}"},"query-input":"required name=search_term_string"}],"inLanguage":"es"},{"@type":"Organization","@id":"https:\/\/experienciadevida.com.ar\/portalurbano\/#organization","name":"Portal Urbano","url":"https:\/\/experienciadevida.com.ar\/portalurbano\/","logo":{"@type":"ImageObject","inLanguage":"es","@id":"https:\/\/experienciadevida.com.ar\/portalurbano\/#\/schema\/logo\/image\/","url":"https:\/\/experienciadevida.com.ar\/portalurbano\/wp-content\/uploads\/2019\/09\/Logo-Original.png","contentUrl":"https:\/\/experienciadevida.com.ar\/portalurbano\/wp-content\/uploads\/2019\/09\/Logo-Original.png","width":2236,"height":1216,"caption":"Portal Urbano"},"image":{"@id":"https:\/\/experienciadevida.com.ar\/portalurbano\/#\/schema\/logo\/image\/"},"sameAs":["https:\/\/www.facebook.com\/Portal-Urbano-171542830093757\/","https:\/\/twitter.com\/portalurbanook","https:\/\/www.instagram.com\/_portalurbano\/","https:\/\/www.youtube.com\/channel\/UCXhagIfszH8KxFiOok79zbA?view_as=subscriber"]},{"@type":"Person","@id":"https:\/\/experienciadevida.com.ar\/portalurbano\/#\/schema\/person\/02dd326b1c4b056e9cc972486934a3a7","name":"admpu17wp","image":{"@type":"ImageObject","inLanguage":"es","@id":"https:\/\/experienciadevida.com.ar\/portalurbano\/#\/schema\/person\/image\/","url":"https:\/\/secure.gravatar.com\/avatar\/830d4c57adaae6630765e449a6908047?s=96&d=mm&r=g","contentUrl":"https:\/\/secure.gravatar.com\/avatar\/830d4c57adaae6630765e449a6908047?s=96&d=mm&r=g","caption":"admpu17wp"}}]}},"featured_image_urls":{"full":["https:\/\/experienciadevida.com.ar\/portalurbano\/wp-content\/uploads\/2020\/08\/UBALDOGARCIA.jpeg",765,536,false],"thumbnail":["https:\/\/experienciadevida.com.ar\/portalurbano\/wp-content\/uploads\/2020\/08\/UBALDOGARCIA-150x150.jpeg",150,150,true],"medium":["https:\/\/experienciadevida.com.ar\/portalurbano\/wp-content\/uploads\/2020\/08\/UBALDOGARCIA-300x210.jpeg",300,210,true],"medium_large":["https:\/\/experienciadevida.com.ar\/portalurbano\/wp-content\/uploads\/2020\/08\/UBALDOGARCIA.jpeg",640,448,false],"large":["https:\/\/experienciadevida.com.ar\/portalurbano\/wp-content\/uploads\/2020\/08\/UBALDOGARCIA.jpeg",640,448,false],"ug_big":["https:\/\/experienciadevida.com.ar\/portalurbano\/wp-content\/uploads\/2020\/08\/UBALDOGARCIA.jpeg",765,536,false],"1536x1536":["https:\/\/experienciadevida.com.ar\/portalurbano\/wp-content\/uploads\/2020\/08\/UBALDOGARCIA.jpeg",765,536,false],"2048x2048":["https:\/\/experienciadevida.com.ar\/portalurbano\/wp-content\/uploads\/2020\/08\/UBALDOGARCIA.jpeg",765,536,false],"newsever-slider-full":["https:\/\/experienciadevida.com.ar\/portalurbano\/wp-content\/uploads\/2020\/08\/UBALDOGARCIA.jpeg",765,536,false],"newsever-featured":["https:\/\/experienciadevida.com.ar\/portalurbano\/wp-content\/uploads\/2020\/08\/UBALDOGARCIA.jpeg",765,536,false],"newsever-medium":["https:\/\/experienciadevida.com.ar\/portalurbano\/wp-content\/uploads\/2020\/08\/UBALDOGARCIA.jpeg",678,475,false],"web-stories-poster-portrait":["https:\/\/experienciadevida.com.ar\/portalurbano\/wp-content\/uploads\/2020\/08\/UBALDOGARCIA.jpeg",640,448,false],"web-stories-publisher-logo":["https:\/\/experienciadevida.com.ar\/portalurbano\/wp-content\/uploads\/2020\/08\/UBALDOGARCIA.jpeg",96,67,false],"web-stories-thumbnail":["https:\/\/experienciadevida.com.ar\/portalurbano\/wp-content\/uploads\/2020\/08\/UBALDOGARCIA.jpeg",150,105,false]},"author_info":{"display_name":"admpu17wp","author_link":"https:\/\/experienciadevida.com.ar\/portalurbano\/author\/admpu17wp\/"},"category_info":"<a href=\"https:\/\/experienciadevida.com.ar\/portalurbano\/category\/ciudad\/\" rel=\"category tag\">Ciudad<\/a> <a href=\"https:\/\/experienciadevida.com.ar\/portalurbano\/category\/destacadas-2\/\" rel=\"category tag\">Destacadas 2<\/a>","tag_info":"Destacadas 2","comment_count":"0","amp_enabled":true,"_links":{"self":[{"href":"https:\/\/experienciadevida.com.ar\/portalurbano\/wp-json\/wp\/v2\/posts\/148343"}],"collection":[{"href":"https:\/\/experienciadevida.com.ar\/portalurbano\/wp-json\/wp\/v2\/posts"}],"about":[{"href":"https:\/\/experienciadevida.com.ar\/portalurbano\/wp-json\/wp\/v2\/types\/post"}],"author":[{"embeddable":true,"href":"https:\/\/experienciadevida.com.ar\/portalurbano\/wp-json\/wp\/v2\/users\/1"}],"replies":[{"embeddable":true,"href":"https:\/\/experienciadevida.com.ar\/portalurbano\/wp-json\/wp\/v2\/comments?post=148343"}],"version-history":[{"count":4,"href":"https:\/\/experienciadevida.com.ar\/portalurbano\/wp-json\/wp\/v2\/posts\/148343\/revisions"}],"predecessor-version":[{"id":148347,"href":"https:\/\/experienciadevida.com.ar\/portalurbano\/wp-json\/wp\/v2\/posts\/148343\/revisions\/148347"}],"wp:featuredmedia":[{"embeddable":true,"href":"https:\/\/experienciadevida.com.ar\/portalurbano\/wp-json\/wp\/v2\/media\/119444"}],"wp:attachment":[{"href":"https:\/\/experienciadevida.com.ar\/portalurbano\/wp-json\/wp\/v2\/media?parent=148343"}],"wp:term":[{"taxonomy":"category","embeddable":true,"href":"https:\/\/experienciadevida.com.ar\/portalurbano\/wp-json\/wp\/v2\/categories?post=148343"},{"taxonomy":"post_tag","embeddable":true,"href":"https:\/\/experienciadevida.com.ar\/portalurbano\/wp-json\/wp\/v2\/tags?post=148343"}],"curies":[{"name":"wp","href":"https:\/\/api.w.org\/{rel}","templated":true}]}}