{"id":148253,"date":"2021-07-22T11:09:04","date_gmt":"2021-07-22T14:09:04","guid":{"rendered":"https:\/\/experienciadevida.com.ar\/portalurbano\/?p=148253"},"modified":"2021-07-22T11:12:59","modified_gmt":"2021-07-22T14:12:59","slug":"una-vez-mas-los-olavarrienses-vamos-a-pagar-la-campana-electoral-del-municipio","status":"publish","type":"post","link":"https:\/\/experienciadevida.com.ar\/portalurbano\/una-vez-mas-los-olavarrienses-vamos-a-pagar-la-campana-electoral-del-municipio\/","title":{"rendered":"&#8220;Una vez m\u00e1s los olavarrienses vamos a pagar la campa\u00f1a electoral del municipio\u201d"},"content":{"rendered":"<p>\u201cUna vez m\u00e1s los olavarrienses vamos a pagar la campa\u00f1a electoral del municipio\u201d, as\u00ed lo detall\u00f3 el concejal de <a href=\"https:\/\/www.facebook.com\/FrenteDeTodosOlavarria\">Frente de Todos<\/a> sobre el <a href=\"https:\/\/experienciadevida.com.ar\/portalurbano\/nuevos-valores-para-las-tasas-de-servicios-urbanos\/\">aumento decretado<\/a> por el intendente municipal de un 25,3% sobre las tasas municipales.<\/p>\n<p>El Contador Garc\u00eda fue el primer edil del Frente de Todos en analizar el nuevo aumento: \u201cCreemos que la utilizaci\u00f3n de decretos linealmente a los \u00edndices de inflaci\u00f3n es por dem\u00e1s excesivo y golpea el bolsillo de los vecinos de una manera directa, lo viene haciendo en reiteradas ocasiones durante parte del 2020 y 2021, en plena pandemia. Una persona en el 2020 pagaba por Servicios Urbanos en Zona 2 $682 y hoy con este aumento va a superar los $1700, vemos que el intendente sigue financiando todas las actividades del municipio a trav\u00e9s de estos ingresos, utiliza una planilla de Excel y aumenta linealmente todas las tasas\u201d.<\/p>\n<p>&#8220;Una vez m\u00e1s los Olavarrienses vamos a pagar la campa\u00f1a electoral del municipio&#8221; Sobre el pago de las paritarias municipales el edil indic\u00f3: \u201cLa paritaria est\u00e1 m\u00e1s que justificada, merecida para todos los trabajadores municipales pero no deber\u00eda financiarse con la tasa de servicios urbanos. El empleado municipal cobra un 15% de aumento y tiene que pagar un 25% de la tasa en forma inmediata, ah\u00ed se ve el deterioro que nosotros condenamos. Adem\u00e1s es importante destacar que Galli decreta un aumento a d\u00edas del comienzo de una campa\u00f1a electoral, se apura para tomar la medida, una vez m\u00e1s los olavarrienses vamos a pagar la campa\u00f1a del municipio\u201d.<\/p>\n<p>\u201cLo primero que van a decir acerca de esto es que nosotros queremos desfinanciar y nosotros en ning\u00fan momento queremos desfinanciar el municipio, lo que s\u00ed creemos, viendo los n\u00fameros por ejemplo de ingresos tributarios, es que tienen presupuestado un ingreso de $1.956 millones y llevan recaudado $1.368 millones transcurrido un poco m\u00e1s de la mitad del a\u00f1o, la recaudaci\u00f3n est\u00e1 sostenida, la actividad industrial ha tenido una notable mejora, han mejorado los \u00edndices, lo que le da al municipio much\u00edsimos recursos para hacerle frente a las paritarias sin necesidad de aumentarle nuevamente a la comunidad, son tasas que afectan directamente a los vecinos\u201d, sostuvo Finalmente el concejal del Frente de Todos.<\/p>\n","protected":false},"excerpt":{"rendered":"<p>\u201cUna vez m\u00e1s los olavarrienses vamos a pagar la campa\u00f1a electoral del municipio\u201d, as\u00ed lo&#8230;<\/p>\n","protected":false},"author":1,"featured_media":148254,"comment_status":"closed","ping_status":"closed","sticky":false,"template":"","format":"standard","meta":{"content-type":""},"categories":[27,64],"tags":[],"nelio_content":{"isAutoShareEnabled":false,"autoShareEndMode":"default","automationSources":{"useContentSentences":true,"useSocialTemplates":true,"useCustomSentences":false,"customSentences":[]},"followers":[1],"suggestedReferences":[],"includedReferences":[],"efiUrl":"","efiAlt":"","highlights":[]},"yoast_head":"<!-- This site is optimized with the Yoast SEO plugin v20.7 - https:\/\/yoast.com\/wordpress\/plugins\/seo\/ -->\n<title>&quot;Una vez m\u00e1s los Olavarrienses vamos a pagar la campa\u00f1a electoral&quot;<\/title>\n<meta name=\"description\" content=\"\u201cUna vez m\u00e1s los olavarrienses vamos a pagar la campa\u00f1a electoral del municipio\u201d, as\u00ed lo detall\u00f3 el concejal de Frente de Todos sobre aumento\" \/>\n<meta name=\"robots\" content=\"index, follow, max-snippet:-1, max-image-preview:large, max-video-preview:-1\" \/>\n<link rel=\"canonical\" href=\"https:\/\/experienciadevida.com.ar\/portalurbano\/una-vez-mas-los-olavarrienses-vamos-a-pagar-la-campana-electoral-del-municipio\/\" \/>\n<meta property=\"og:locale\" content=\"es_ES\" \/>\n<meta property=\"og:type\" content=\"article\" \/>\n<meta property=\"og:title\" content=\"&quot;Una vez m\u00e1s los Olavarrienses vamos a pagar la campa\u00f1a electoral&quot;\" \/>\n<meta property=\"og:description\" content=\"\u201cUna vez m\u00e1s los olavarrienses vamos a pagar la campa\u00f1a electoral del municipio\u201d, as\u00ed lo detall\u00f3 el concejal de Frente de Todos sobre aumento\" \/>\n<meta property=\"og:url\" content=\"https:\/\/experienciadevida.com.ar\/portalurbano\/una-vez-mas-los-olavarrienses-vamos-a-pagar-la-campana-electoral-del-municipio\/\" \/>\n<meta property=\"article:publisher\" content=\"https:\/\/www.facebook.com\/Portal-Urbano-171542830093757\/\" \/>\n<meta property=\"article:published_time\" content=\"2021-07-22T14:09:04+00:00\" \/>\n<meta property=\"article:modified_time\" content=\"2021-07-22T14:12:59+00:00\" \/>\n<meta property=\"og:image\" content=\"https:\/\/experienciadevida.com.ar\/portalurbano\/wp-content\/uploads\/2021\/07\/Una-vez-mas-los-olavarrienses.jpg\" \/>\n\t<meta property=\"og:image:width\" content=\"765\" \/>\n\t<meta property=\"og:image:height\" content=\"464\" \/>\n\t<meta property=\"og:image:type\" content=\"image\/jpeg\" \/>\n<meta name=\"author\" content=\"admpu17wp\" \/>\n<meta name=\"twitter:card\" content=\"summary_large_image\" \/>\n<meta name=\"twitter:creator\" content=\"@portalurbanook\" \/>\n<meta name=\"twitter:site\" content=\"@portalurbanook\" \/>\n<meta name=\"twitter:label1\" content=\"Escrito por\" \/>\n\t<meta name=\"twitter:data1\" content=\"admpu17wp\" \/>\n\t<meta name=\"twitter:label2\" content=\"Tiempo de lectura\" \/>\n\t<meta name=\"twitter:data2\" content=\"2 minutos\" \/>\n<script type=\"application\/ld+json\" class=\"yoast-schema-graph\">{\"@context\":\"https:\/\/schema.org\",\"@graph\":[{\"@type\":\"Article\",\"@id\":\"https:\/\/experienciadevida.com.ar\/portalurbano\/una-vez-mas-los-olavarrienses-vamos-a-pagar-la-campana-electoral-del-municipio\/#article\",\"isPartOf\":{\"@id\":\"https:\/\/experienciadevida.com.ar\/portalurbano\/una-vez-mas-los-olavarrienses-vamos-a-pagar-la-campana-electoral-del-municipio\/\"},\"author\":{\"name\":\"admpu17wp\",\"@id\":\"https:\/\/experienciadevida.com.ar\/portalurbano\/#\/schema\/person\/02dd326b1c4b056e9cc972486934a3a7\"},\"headline\":\"&#8220;Una vez m\u00e1s los olavarrienses vamos a pagar la campa\u00f1a electoral del municipio\u201d\",\"datePublished\":\"2021-07-22T14:09:04+00:00\",\"dateModified\":\"2021-07-22T14:12:59+00:00\",\"mainEntityOfPage\":{\"@id\":\"https:\/\/experienciadevida.com.ar\/portalurbano\/una-vez-mas-los-olavarrienses-vamos-a-pagar-la-campana-electoral-del-municipio\/\"},\"wordCount\":391,\"publisher\":{\"@id\":\"https:\/\/experienciadevida.com.ar\/portalurbano\/#organization\"},\"articleSection\":[\"Ciudad\",\"Destacadas 2\"],\"inLanguage\":\"es\"},{\"@type\":\"WebPage\",\"@id\":\"https:\/\/experienciadevida.com.ar\/portalurbano\/una-vez-mas-los-olavarrienses-vamos-a-pagar-la-campana-electoral-del-municipio\/\",\"url\":\"https:\/\/experienciadevida.com.ar\/portalurbano\/una-vez-mas-los-olavarrienses-vamos-a-pagar-la-campana-electoral-del-municipio\/\",\"name\":\"\\\"Una vez m\u00e1s los Olavarrienses vamos a pagar la campa\u00f1a electoral\\\"\",\"isPartOf\":{\"@id\":\"https:\/\/experienciadevida.com.ar\/portalurbano\/#website\"},\"datePublished\":\"2021-07-22T14:09:04+00:00\",\"dateModified\":\"2021-07-22T14:12:59+00:00\",\"description\":\"\u201cUna vez m\u00e1s los olavarrienses vamos a pagar la campa\u00f1a electoral del municipio\u201d, as\u00ed lo detall\u00f3 el concejal de Frente de Todos sobre aumento\",\"breadcrumb\":{\"@id\":\"https:\/\/experienciadevida.com.ar\/portalurbano\/una-vez-mas-los-olavarrienses-vamos-a-pagar-la-campana-electoral-del-municipio\/#breadcrumb\"},\"inLanguage\":\"es\",\"potentialAction\":[{\"@type\":\"ReadAction\",\"target\":[\"https:\/\/experienciadevida.com.ar\/portalurbano\/una-vez-mas-los-olavarrienses-vamos-a-pagar-la-campana-electoral-del-municipio\/\"]}]},{\"@type\":\"BreadcrumbList\",\"@id\":\"https:\/\/experienciadevida.com.ar\/portalurbano\/una-vez-mas-los-olavarrienses-vamos-a-pagar-la-campana-electoral-del-municipio\/#breadcrumb\",\"itemListElement\":[{\"@type\":\"ListItem\",\"position\":1,\"name\":\"Portada\",\"item\":\"https:\/\/experienciadevida.com.ar\/portalurbano\/\"},{\"@type\":\"ListItem\",\"position\":2,\"name\":\"\u00abUna vez m\u00e1s los olavarrienses vamos a pagar la campa\u00f1a electoral del municipio\u201d\"}]},{\"@type\":\"WebSite\",\"@id\":\"https:\/\/experienciadevida.com.ar\/portalurbano\/#website\",\"url\":\"https:\/\/experienciadevida.com.ar\/portalurbano\/\",\"name\":\"\",\"description\":\"\",\"publisher\":{\"@id\":\"https:\/\/experienciadevida.com.ar\/portalurbano\/#organization\"},\"potentialAction\":[{\"@type\":\"SearchAction\",\"target\":{\"@type\":\"EntryPoint\",\"urlTemplate\":\"https:\/\/experienciadevida.com.ar\/portalurbano\/?s={search_term_string}\"},\"query-input\":\"required name=search_term_string\"}],\"inLanguage\":\"es\"},{\"@type\":\"Organization\",\"@id\":\"https:\/\/experienciadevida.com.ar\/portalurbano\/#organization\",\"name\":\"Portal Urbano\",\"url\":\"https:\/\/experienciadevida.com.ar\/portalurbano\/\",\"logo\":{\"@type\":\"ImageObject\",\"inLanguage\":\"es\",\"@id\":\"https:\/\/experienciadevida.com.ar\/portalurbano\/#\/schema\/logo\/image\/\",\"url\":\"https:\/\/experienciadevida.com.ar\/portalurbano\/wp-content\/uploads\/2019\/09\/Logo-Original.png\",\"contentUrl\":\"https:\/\/experienciadevida.com.ar\/portalurbano\/wp-content\/uploads\/2019\/09\/Logo-Original.png\",\"width\":2236,\"height\":1216,\"caption\":\"Portal Urbano\"},\"image\":{\"@id\":\"https:\/\/experienciadevida.com.ar\/portalurbano\/#\/schema\/logo\/image\/\"},\"sameAs\":[\"https:\/\/www.facebook.com\/Portal-Urbano-171542830093757\/\",\"https:\/\/twitter.com\/portalurbanook\",\"https:\/\/www.instagram.com\/_portalurbano\/\",\"https:\/\/www.youtube.com\/channel\/UCXhagIfszH8KxFiOok79zbA?view_as=subscriber\"]},{\"@type\":\"Person\",\"@id\":\"https:\/\/experienciadevida.com.ar\/portalurbano\/#\/schema\/person\/02dd326b1c4b056e9cc972486934a3a7\",\"name\":\"admpu17wp\",\"image\":{\"@type\":\"ImageObject\",\"inLanguage\":\"es\",\"@id\":\"https:\/\/experienciadevida.com.ar\/portalurbano\/#\/schema\/person\/image\/\",\"url\":\"https:\/\/secure.gravatar.com\/avatar\/830d4c57adaae6630765e449a6908047?s=96&d=mm&r=g\",\"contentUrl\":\"https:\/\/secure.gravatar.com\/avatar\/830d4c57adaae6630765e449a6908047?s=96&d=mm&r=g\",\"caption\":\"admpu17wp\"}}]}<\/script>\n<!-- \/ Yoast SEO plugin. -->","yoast_head_json":{"title":"\"Una vez m\u00e1s los Olavarrienses vamos a pagar la campa\u00f1a electoral\"","description":"\u201cUna vez m\u00e1s los olavarrienses vamos a pagar la campa\u00f1a electoral del municipio\u201d, as\u00ed lo detall\u00f3 el concejal de Frente de Todos sobre aumento","robots":{"index":"index","follow":"follow","max-snippet":"max-snippet:-1","max-image-preview":"max-image-preview:large","max-video-preview":"max-video-preview:-1"},"canonical":"https:\/\/experienciadevida.com.ar\/portalurbano\/una-vez-mas-los-olavarrienses-vamos-a-pagar-la-campana-electoral-del-municipio\/","og_locale":"es_ES","og_type":"article","og_title":"\"Una vez m\u00e1s los Olavarrienses vamos a pagar la campa\u00f1a electoral\"","og_description":"\u201cUna vez m\u00e1s los olavarrienses vamos a pagar la campa\u00f1a electoral del municipio\u201d, as\u00ed lo detall\u00f3 el concejal de Frente de Todos sobre aumento","og_url":"https:\/\/experienciadevida.com.ar\/portalurbano\/una-vez-mas-los-olavarrienses-vamos-a-pagar-la-campana-electoral-del-municipio\/","article_publisher":"https:\/\/www.facebook.com\/Portal-Urbano-171542830093757\/","article_published_time":"2021-07-22T14:09:04+00:00","article_modified_time":"2021-07-22T14:12:59+00:00","og_image":[{"width":765,"height":464,"url":"https:\/\/experienciadevida.com.ar\/portalurbano\/wp-content\/uploads\/2021\/07\/Una-vez-mas-los-olavarrienses.jpg","type":"image\/jpeg"}],"author":"admpu17wp","twitter_card":"summary_large_image","twitter_creator":"@portalurbanook","twitter_site":"@portalurbanook","twitter_misc":{"Escrito por":"admpu17wp","Tiempo de lectura":"2 minutos"},"schema":{"@context":"https:\/\/schema.org","@graph":[{"@type":"Article","@id":"https:\/\/experienciadevida.com.ar\/portalurbano\/una-vez-mas-los-olavarrienses-vamos-a-pagar-la-campana-electoral-del-municipio\/#article","isPartOf":{"@id":"https:\/\/experienciadevida.com.ar\/portalurbano\/una-vez-mas-los-olavarrienses-vamos-a-pagar-la-campana-electoral-del-municipio\/"},"author":{"name":"admpu17wp","@id":"https:\/\/experienciadevida.com.ar\/portalurbano\/#\/schema\/person\/02dd326b1c4b056e9cc972486934a3a7"},"headline":"&#8220;Una vez m\u00e1s los olavarrienses vamos a pagar la campa\u00f1a electoral del municipio\u201d","datePublished":"2021-07-22T14:09:04+00:00","dateModified":"2021-07-22T14:12:59+00:00","mainEntityOfPage":{"@id":"https:\/\/experienciadevida.com.ar\/portalurbano\/una-vez-mas-los-olavarrienses-vamos-a-pagar-la-campana-electoral-del-municipio\/"},"wordCount":391,"publisher":{"@id":"https:\/\/experienciadevida.com.ar\/portalurbano\/#organization"},"articleSection":["Ciudad","Destacadas 2"],"inLanguage":"es"},{"@type":"WebPage","@id":"https:\/\/experienciadevida.com.ar\/portalurbano\/una-vez-mas-los-olavarrienses-vamos-a-pagar-la-campana-electoral-del-municipio\/","url":"https:\/\/experienciadevida.com.ar\/portalurbano\/una-vez-mas-los-olavarrienses-vamos-a-pagar-la-campana-electoral-del-municipio\/","name":"\"Una vez m\u00e1s los Olavarrienses vamos a pagar la campa\u00f1a electoral\"","isPartOf":{"@id":"https:\/\/experienciadevida.com.ar\/portalurbano\/#website"},"datePublished":"2021-07-22T14:09:04+00:00","dateModified":"2021-07-22T14:12:59+00:00","description":"\u201cUna vez m\u00e1s los olavarrienses vamos a pagar la campa\u00f1a electoral del municipio\u201d, as\u00ed lo detall\u00f3 el concejal de Frente de Todos sobre aumento","breadcrumb":{"@id":"https:\/\/experienciadevida.com.ar\/portalurbano\/una-vez-mas-los-olavarrienses-vamos-a-pagar-la-campana-electoral-del-municipio\/#breadcrumb"},"inLanguage":"es","potentialAction":[{"@type":"ReadAction","target":["https:\/\/experienciadevida.com.ar\/portalurbano\/una-vez-mas-los-olavarrienses-vamos-a-pagar-la-campana-electoral-del-municipio\/"]}]},{"@type":"BreadcrumbList","@id":"https:\/\/experienciadevida.com.ar\/portalurbano\/una-vez-mas-los-olavarrienses-vamos-a-pagar-la-campana-electoral-del-municipio\/#breadcrumb","itemListElement":[{"@type":"ListItem","position":1,"name":"Portada","item":"https:\/\/experienciadevida.com.ar\/portalurbano\/"},{"@type":"ListItem","position":2,"name":"\u00abUna vez m\u00e1s los olavarrienses vamos a pagar la campa\u00f1a electoral del municipio\u201d"}]},{"@type":"WebSite","@id":"https:\/\/experienciadevida.com.ar\/portalurbano\/#website","url":"https:\/\/experienciadevida.com.ar\/portalurbano\/","name":"","description":"","publisher":{"@id":"https:\/\/experienciadevida.com.ar\/portalurbano\/#organization"},"potentialAction":[{"@type":"SearchAction","target":{"@type":"EntryPoint","urlTemplate":"https:\/\/experienciadevida.com.ar\/portalurbano\/?s={search_term_string}"},"query-input":"required name=search_term_string"}],"inLanguage":"es"},{"@type":"Organization","@id":"https:\/\/experienciadevida.com.ar\/portalurbano\/#organization","name":"Portal Urbano","url":"https:\/\/experienciadevida.com.ar\/portalurbano\/","logo":{"@type":"ImageObject","inLanguage":"es","@id":"https:\/\/experienciadevida.com.ar\/portalurbano\/#\/schema\/logo\/image\/","url":"https:\/\/experienciadevida.com.ar\/portalurbano\/wp-content\/uploads\/2019\/09\/Logo-Original.png","contentUrl":"https:\/\/experienciadevida.com.ar\/portalurbano\/wp-content\/uploads\/2019\/09\/Logo-Original.png","width":2236,"height":1216,"caption":"Portal Urbano"},"image":{"@id":"https:\/\/experienciadevida.com.ar\/portalurbano\/#\/schema\/logo\/image\/"},"sameAs":["https:\/\/www.facebook.com\/Portal-Urbano-171542830093757\/","https:\/\/twitter.com\/portalurbanook","https:\/\/www.instagram.com\/_portalurbano\/","https:\/\/www.youtube.com\/channel\/UCXhagIfszH8KxFiOok79zbA?view_as=subscriber"]},{"@type":"Person","@id":"https:\/\/experienciadevida.com.ar\/portalurbano\/#\/schema\/person\/02dd326b1c4b056e9cc972486934a3a7","name":"admpu17wp","image":{"@type":"ImageObject","inLanguage":"es","@id":"https:\/\/experienciadevida.com.ar\/portalurbano\/#\/schema\/person\/image\/","url":"https:\/\/secure.gravatar.com\/avatar\/830d4c57adaae6630765e449a6908047?s=96&d=mm&r=g","contentUrl":"https:\/\/secure.gravatar.com\/avatar\/830d4c57adaae6630765e449a6908047?s=96&d=mm&r=g","caption":"admpu17wp"}}]}},"featured_image_urls":{"full":["https:\/\/experienciadevida.com.ar\/portalurbano\/wp-content\/uploads\/2021\/07\/Una-vez-mas-los-olavarrienses.jpg",765,464,false],"thumbnail":["https:\/\/experienciadevida.com.ar\/portalurbano\/wp-content\/uploads\/2021\/07\/Una-vez-mas-los-olavarrienses-150x150.jpg",150,150,true],"medium":["https:\/\/experienciadevida.com.ar\/portalurbano\/wp-content\/uploads\/2021\/07\/Una-vez-mas-los-olavarrienses-300x182.jpg",300,182,true],"medium_large":["https:\/\/experienciadevida.com.ar\/portalurbano\/wp-content\/uploads\/2021\/07\/Una-vez-mas-los-olavarrienses.jpg",640,388,false],"large":["https:\/\/experienciadevida.com.ar\/portalurbano\/wp-content\/uploads\/2021\/07\/Una-vez-mas-los-olavarrienses.jpg",640,388,false],"ug_big":["https:\/\/experienciadevida.com.ar\/portalurbano\/wp-content\/uploads\/2021\/07\/Una-vez-mas-los-olavarrienses.jpg",765,464,false],"1536x1536":["https:\/\/experienciadevida.com.ar\/portalurbano\/wp-content\/uploads\/2021\/07\/Una-vez-mas-los-olavarrienses.jpg",765,464,false],"2048x2048":["https:\/\/experienciadevida.com.ar\/portalurbano\/wp-content\/uploads\/2021\/07\/Una-vez-mas-los-olavarrienses.jpg",765,464,false],"newsever-slider-full":["https:\/\/experienciadevida.com.ar\/portalurbano\/wp-content\/uploads\/2021\/07\/Una-vez-mas-los-olavarrienses.jpg",765,464,false],"newsever-featured":["https:\/\/experienciadevida.com.ar\/portalurbano\/wp-content\/uploads\/2021\/07\/Una-vez-mas-los-olavarrienses.jpg",765,464,false],"newsever-medium":["https:\/\/experienciadevida.com.ar\/portalurbano\/wp-content\/uploads\/2021\/07\/Una-vez-mas-los-olavarrienses.jpg",720,437,false],"web-stories-poster-portrait":["https:\/\/experienciadevida.com.ar\/portalurbano\/wp-content\/uploads\/2021\/07\/Una-vez-mas-los-olavarrienses.jpg",640,388,false],"web-stories-publisher-logo":["https:\/\/experienciadevida.com.ar\/portalurbano\/wp-content\/uploads\/2021\/07\/Una-vez-mas-los-olavarrienses.jpg",96,58,false],"web-stories-thumbnail":["https:\/\/experienciadevida.com.ar\/portalurbano\/wp-content\/uploads\/2021\/07\/Una-vez-mas-los-olavarrienses.jpg",150,91,false]},"author_info":{"display_name":"admpu17wp","author_link":"https:\/\/experienciadevida.com.ar\/portalurbano\/author\/admpu17wp\/"},"category_info":"<a href=\"https:\/\/experienciadevida.com.ar\/portalurbano\/category\/ciudad\/\" rel=\"category tag\">Ciudad<\/a> <a href=\"https:\/\/experienciadevida.com.ar\/portalurbano\/category\/destacadas-2\/\" rel=\"category tag\">Destacadas 2<\/a>","tag_info":"Destacadas 2","comment_count":"0","amp_enabled":true,"_links":{"self":[{"href":"https:\/\/experienciadevida.com.ar\/portalurbano\/wp-json\/wp\/v2\/posts\/148253"}],"collection":[{"href":"https:\/\/experienciadevida.com.ar\/portalurbano\/wp-json\/wp\/v2\/posts"}],"about":[{"href":"https:\/\/experienciadevida.com.ar\/portalurbano\/wp-json\/wp\/v2\/types\/post"}],"author":[{"embeddable":true,"href":"https:\/\/experienciadevida.com.ar\/portalurbano\/wp-json\/wp\/v2\/users\/1"}],"replies":[{"embeddable":true,"href":"https:\/\/experienciadevida.com.ar\/portalurbano\/wp-json\/wp\/v2\/comments?post=148253"}],"version-history":[{"count":3,"href":"https:\/\/experienciadevida.com.ar\/portalurbano\/wp-json\/wp\/v2\/posts\/148253\/revisions"}],"predecessor-version":[{"id":148257,"href":"https:\/\/experienciadevida.com.ar\/portalurbano\/wp-json\/wp\/v2\/posts\/148253\/revisions\/148257"}],"wp:featuredmedia":[{"embeddable":true,"href":"https:\/\/experienciadevida.com.ar\/portalurbano\/wp-json\/wp\/v2\/media\/148254"}],"wp:attachment":[{"href":"https:\/\/experienciadevida.com.ar\/portalurbano\/wp-json\/wp\/v2\/media?parent=148253"}],"wp:term":[{"taxonomy":"category","embeddable":true,"href":"https:\/\/experienciadevida.com.ar\/portalurbano\/wp-json\/wp\/v2\/categories?post=148253"},{"taxonomy":"post_tag","embeddable":true,"href":"https:\/\/experienciadevida.com.ar\/portalurbano\/wp-json\/wp\/v2\/tags?post=148253"}],"curies":[{"name":"wp","href":"https:\/\/api.w.org\/{rel}","templated":true}]}}