{"id":148208,"date":"2021-07-21T15:37:18","date_gmt":"2021-07-21T18:37:18","guid":{"rendered":"https:\/\/experienciadevida.com.ar\/portalurbano\/?p=148208"},"modified":"2021-07-21T15:37:49","modified_gmt":"2021-07-21T18:37:49","slug":"vacaciones-de-invierno-agenda-para-el-miercoles","status":"publish","type":"post","link":"https:\/\/experienciadevida.com.ar\/portalurbano\/vacaciones-de-invierno-agenda-para-el-miercoles\/","title":{"rendered":"Vacaciones de invierno: agenda para el mi\u00e9rcoles"},"content":{"rendered":"<p>Vacaciones de invierno: agenda para el mi\u00e9rcoles, desde\u00a0 la Subsecretar\u00eda de Cultura y Educaci\u00f3n se invita a participar del cronograma de actividades de vacaciones de invierno, programadas para este mi\u00e9rcoles 22, en los diferentes espacios culturales de Olavarr\u00eda.<\/p>\n<p>La agenda para el d\u00eda de hoy, ofrece una gran variedad de propuestas, pensadas para todas las edades, que comprenden visitas guiadas en contacto con la naturaleza, talleres art\u00edsticos, shows de magia y actividades de concientizaci\u00f3n vial.<\/p>\n<p>Aqu\u00ed, te detallamos todo el cronograma, para que elijas, la opci\u00f3n que m\u00e1s te gusta:<\/p>\n<p>Bioparque Municipal \u201cLa M\u00e1xima\u201d<\/p>\n<p>14:00 y 15:30 horas<br \/>\nVisitas guiadas Bioparque<\/p>\n<p>15:30 horas<br \/>\nTaller reciclado: Arte Ecol\u00f3gico. A cargo de la profesora Mar\u00eda Elena Pintos. Destinado al p\u00fablico que realiza las visitas guiadas.<\/p>\n<p>(Casona)<\/p>\n<p>16:30 horas<br \/>\nTaller Plumereando. A partir de plumas de distintas aves recogidas en el Bioparque Municipal \u201cLa M\u00e1xima\u201d vamos a crear nuestras propias m\u00e1scaras.<\/p>\n<p>(Casona)<\/p>\n<p>16:30 horas<br \/>\nTaller de observaci\u00f3n de aves y construcci\u00f3n de binoculares<\/p>\n<p>(Casona)<\/p>\n<p>16:30 horas<br \/>\nGranja Educativa Integrada<\/p>\n<p>&nbsp;<\/p>\n<p>Punto Digital<\/p>\n<p>De 15:00 a 16:00 horas<br \/>\nTaller de Fotograf\u00eda con celulares<\/p>\n<p>De 17:30 a 18:30 horas<br \/>\nTaller de Stop Motion<\/p>\n<p>&nbsp;<\/p>\n<p>Centro Cultural \u201cSan Jos\u00e9\u201d<\/p>\n<p>De 15.00 a 17:00 horas<br \/>\nTaller de pintura fluorescente en sala oscura \u201cLa noche estrellada\u201d<\/p>\n<p>16:00 horas<br \/>\nShow de magia de \u201cEl Gran Jorge\u201d<\/p>\n<p>&nbsp;<\/p>\n<p>Casa del Bicentenario<\/p>\n<p>De 15:00 a 16:30 horas<br \/>\nEscuela Municipal de Cer\u00e1mica: modelado a partir de un relato (relieve)<\/p>\n<p>&nbsp;<\/p>\n<p>Museo Emiliozzi<\/p>\n<p>De 16:00 a 18:00 horas<br \/>\nLa Galerita Viajera<\/p>\n<p>Se trata de una pista de manejo que imita una ciudad a escala, con trazado de calles, distintos tipos de se\u00f1ales, sem\u00e1foros y sendas peatonales. Actividad conjunta con la Direcci\u00f3n de Acci\u00f3n y Control Urbano, a cargo del Ing. Agust\u00edn Falivene.<\/p>\n<p>Por \u00faltimo, cabe aclarar que la agenda completa se puede consultar en la web del Municipio y en cada uno de los espacios culturales, como as\u00ed tambi\u00e9n en la Casa de la Cultura (Coronel Su\u00e1rez 2924).<\/p>\n<p>&nbsp;<\/p>\n","protected":false},"excerpt":{"rendered":"<p>Vacaciones de invierno: agenda para el mi\u00e9rcoles, desde\u00a0 la Subsecretar\u00eda de Cultura y Educaci\u00f3n se&#8230;<\/p>\n","protected":false},"author":1,"featured_media":148209,"comment_status":"closed","ping_status":"closed","sticky":false,"template":"","format":"standard","meta":{"content-type":""},"categories":[27,64],"tags":[],"nelio_content":{"isAutoShareEnabled":false,"autoShareEndMode":"default","automationSources":{"useContentSentences":true,"useSocialTemplates":true,"useCustomSentences":false,"customSentences":[]},"followers":[1],"suggestedReferences":[],"includedReferences":[],"efiUrl":"","efiAlt":"","highlights":[]},"yoast_head":"<!-- This site is optimized with the Yoast SEO plugin v20.7 - https:\/\/yoast.com\/wordpress\/plugins\/seo\/ -->\n<title>Vacaciones de invierno: agenda para el mi\u00e9rcoles -<\/title>\n<meta name=\"robots\" content=\"index, follow, max-snippet:-1, max-image-preview:large, max-video-preview:-1\" \/>\n<link rel=\"canonical\" href=\"https:\/\/experienciadevida.com.ar\/portalurbano\/vacaciones-de-invierno-agenda-para-el-miercoles\/\" \/>\n<meta property=\"og:locale\" content=\"es_ES\" \/>\n<meta property=\"og:type\" content=\"article\" \/>\n<meta property=\"og:title\" content=\"Vacaciones de invierno: agenda para el mi\u00e9rcoles -\" \/>\n<meta property=\"og:description\" content=\"Vacaciones de invierno: agenda para el mi\u00e9rcoles, desde\u00a0 la Subsecretar\u00eda de Cultura y Educaci\u00f3n se...\" \/>\n<meta property=\"og:url\" content=\"https:\/\/experienciadevida.com.ar\/portalurbano\/vacaciones-de-invierno-agenda-para-el-miercoles\/\" \/>\n<meta property=\"article:publisher\" content=\"https:\/\/www.facebook.com\/Portal-Urbano-171542830093757\/\" \/>\n<meta property=\"article:published_time\" content=\"2021-07-21T18:37:18+00:00\" \/>\n<meta property=\"article:modified_time\" content=\"2021-07-21T18:37:49+00:00\" \/>\n<meta property=\"og:image\" content=\"https:\/\/experienciadevida.com.ar\/portalurbano\/wp-content\/uploads\/2021\/07\/Vacaciones-de-invierno.jpg\" \/>\n\t<meta property=\"og:image:width\" content=\"987\" \/>\n\t<meta property=\"og:image:height\" content=\"740\" \/>\n\t<meta property=\"og:image:type\" content=\"image\/jpeg\" \/>\n<meta name=\"author\" content=\"admpu17wp\" \/>\n<meta name=\"twitter:card\" content=\"summary_large_image\" \/>\n<meta name=\"twitter:creator\" content=\"@portalurbanook\" \/>\n<meta name=\"twitter:site\" content=\"@portalurbanook\" \/>\n<meta name=\"twitter:label1\" content=\"Escrito por\" \/>\n\t<meta name=\"twitter:data1\" content=\"admpu17wp\" \/>\n\t<meta name=\"twitter:label2\" content=\"Tiempo de lectura\" \/>\n\t<meta name=\"twitter:data2\" content=\"2 minutos\" \/>\n<script type=\"application\/ld+json\" class=\"yoast-schema-graph\">{\"@context\":\"https:\/\/schema.org\",\"@graph\":[{\"@type\":\"Article\",\"@id\":\"https:\/\/experienciadevida.com.ar\/portalurbano\/vacaciones-de-invierno-agenda-para-el-miercoles\/#article\",\"isPartOf\":{\"@id\":\"https:\/\/experienciadevida.com.ar\/portalurbano\/vacaciones-de-invierno-agenda-para-el-miercoles\/\"},\"author\":{\"name\":\"admpu17wp\",\"@id\":\"https:\/\/experienciadevida.com.ar\/portalurbano\/#\/schema\/person\/02dd326b1c4b056e9cc972486934a3a7\"},\"headline\":\"Vacaciones de invierno: agenda para el mi\u00e9rcoles\",\"datePublished\":\"2021-07-21T18:37:18+00:00\",\"dateModified\":\"2021-07-21T18:37:49+00:00\",\"mainEntityOfPage\":{\"@id\":\"https:\/\/experienciadevida.com.ar\/portalurbano\/vacaciones-de-invierno-agenda-para-el-miercoles\/\"},\"wordCount\":342,\"publisher\":{\"@id\":\"https:\/\/experienciadevida.com.ar\/portalurbano\/#organization\"},\"articleSection\":[\"Ciudad\",\"Destacadas 2\"],\"inLanguage\":\"es\"},{\"@type\":\"WebPage\",\"@id\":\"https:\/\/experienciadevida.com.ar\/portalurbano\/vacaciones-de-invierno-agenda-para-el-miercoles\/\",\"url\":\"https:\/\/experienciadevida.com.ar\/portalurbano\/vacaciones-de-invierno-agenda-para-el-miercoles\/\",\"name\":\"Vacaciones de invierno: agenda para el mi\u00e9rcoles -\",\"isPartOf\":{\"@id\":\"https:\/\/experienciadevida.com.ar\/portalurbano\/#website\"},\"datePublished\":\"2021-07-21T18:37:18+00:00\",\"dateModified\":\"2021-07-21T18:37:49+00:00\",\"breadcrumb\":{\"@id\":\"https:\/\/experienciadevida.com.ar\/portalurbano\/vacaciones-de-invierno-agenda-para-el-miercoles\/#breadcrumb\"},\"inLanguage\":\"es\",\"potentialAction\":[{\"@type\":\"ReadAction\",\"target\":[\"https:\/\/experienciadevida.com.ar\/portalurbano\/vacaciones-de-invierno-agenda-para-el-miercoles\/\"]}]},{\"@type\":\"BreadcrumbList\",\"@id\":\"https:\/\/experienciadevida.com.ar\/portalurbano\/vacaciones-de-invierno-agenda-para-el-miercoles\/#breadcrumb\",\"itemListElement\":[{\"@type\":\"ListItem\",\"position\":1,\"name\":\"Portada\",\"item\":\"https:\/\/experienciadevida.com.ar\/portalurbano\/\"},{\"@type\":\"ListItem\",\"position\":2,\"name\":\"Vacaciones de invierno: agenda para el mi\u00e9rcoles\"}]},{\"@type\":\"WebSite\",\"@id\":\"https:\/\/experienciadevida.com.ar\/portalurbano\/#website\",\"url\":\"https:\/\/experienciadevida.com.ar\/portalurbano\/\",\"name\":\"\",\"description\":\"\",\"publisher\":{\"@id\":\"https:\/\/experienciadevida.com.ar\/portalurbano\/#organization\"},\"potentialAction\":[{\"@type\":\"SearchAction\",\"target\":{\"@type\":\"EntryPoint\",\"urlTemplate\":\"https:\/\/experienciadevida.com.ar\/portalurbano\/?s={search_term_string}\"},\"query-input\":\"required name=search_term_string\"}],\"inLanguage\":\"es\"},{\"@type\":\"Organization\",\"@id\":\"https:\/\/experienciadevida.com.ar\/portalurbano\/#organization\",\"name\":\"Portal Urbano\",\"url\":\"https:\/\/experienciadevida.com.ar\/portalurbano\/\",\"logo\":{\"@type\":\"ImageObject\",\"inLanguage\":\"es\",\"@id\":\"https:\/\/experienciadevida.com.ar\/portalurbano\/#\/schema\/logo\/image\/\",\"url\":\"https:\/\/experienciadevida.com.ar\/portalurbano\/wp-content\/uploads\/2019\/09\/Logo-Original.png\",\"contentUrl\":\"https:\/\/experienciadevida.com.ar\/portalurbano\/wp-content\/uploads\/2019\/09\/Logo-Original.png\",\"width\":2236,\"height\":1216,\"caption\":\"Portal Urbano\"},\"image\":{\"@id\":\"https:\/\/experienciadevida.com.ar\/portalurbano\/#\/schema\/logo\/image\/\"},\"sameAs\":[\"https:\/\/www.facebook.com\/Portal-Urbano-171542830093757\/\",\"https:\/\/twitter.com\/portalurbanook\",\"https:\/\/www.instagram.com\/_portalurbano\/\",\"https:\/\/www.youtube.com\/channel\/UCXhagIfszH8KxFiOok79zbA?view_as=subscriber\"]},{\"@type\":\"Person\",\"@id\":\"https:\/\/experienciadevida.com.ar\/portalurbano\/#\/schema\/person\/02dd326b1c4b056e9cc972486934a3a7\",\"name\":\"admpu17wp\",\"image\":{\"@type\":\"ImageObject\",\"inLanguage\":\"es\",\"@id\":\"https:\/\/experienciadevida.com.ar\/portalurbano\/#\/schema\/person\/image\/\",\"url\":\"https:\/\/secure.gravatar.com\/avatar\/830d4c57adaae6630765e449a6908047?s=96&d=mm&r=g\",\"contentUrl\":\"https:\/\/secure.gravatar.com\/avatar\/830d4c57adaae6630765e449a6908047?s=96&d=mm&r=g\",\"caption\":\"admpu17wp\"}}]}<\/script>\n<!-- \/ Yoast SEO plugin. -->","yoast_head_json":{"title":"Vacaciones de invierno: agenda para el mi\u00e9rcoles -","robots":{"index":"index","follow":"follow","max-snippet":"max-snippet:-1","max-image-preview":"max-image-preview:large","max-video-preview":"max-video-preview:-1"},"canonical":"https:\/\/experienciadevida.com.ar\/portalurbano\/vacaciones-de-invierno-agenda-para-el-miercoles\/","og_locale":"es_ES","og_type":"article","og_title":"Vacaciones de invierno: agenda para el mi\u00e9rcoles -","og_description":"Vacaciones de invierno: agenda para el mi\u00e9rcoles, desde\u00a0 la Subsecretar\u00eda de Cultura y Educaci\u00f3n se...","og_url":"https:\/\/experienciadevida.com.ar\/portalurbano\/vacaciones-de-invierno-agenda-para-el-miercoles\/","article_publisher":"https:\/\/www.facebook.com\/Portal-Urbano-171542830093757\/","article_published_time":"2021-07-21T18:37:18+00:00","article_modified_time":"2021-07-21T18:37:49+00:00","og_image":[{"width":987,"height":740,"url":"https:\/\/experienciadevida.com.ar\/portalurbano\/wp-content\/uploads\/2021\/07\/Vacaciones-de-invierno.jpg","type":"image\/jpeg"}],"author":"admpu17wp","twitter_card":"summary_large_image","twitter_creator":"@portalurbanook","twitter_site":"@portalurbanook","twitter_misc":{"Escrito por":"admpu17wp","Tiempo de lectura":"2 minutos"},"schema":{"@context":"https:\/\/schema.org","@graph":[{"@type":"Article","@id":"https:\/\/experienciadevida.com.ar\/portalurbano\/vacaciones-de-invierno-agenda-para-el-miercoles\/#article","isPartOf":{"@id":"https:\/\/experienciadevida.com.ar\/portalurbano\/vacaciones-de-invierno-agenda-para-el-miercoles\/"},"author":{"name":"admpu17wp","@id":"https:\/\/experienciadevida.com.ar\/portalurbano\/#\/schema\/person\/02dd326b1c4b056e9cc972486934a3a7"},"headline":"Vacaciones de invierno: agenda para el mi\u00e9rcoles","datePublished":"2021-07-21T18:37:18+00:00","dateModified":"2021-07-21T18:37:49+00:00","mainEntityOfPage":{"@id":"https:\/\/experienciadevida.com.ar\/portalurbano\/vacaciones-de-invierno-agenda-para-el-miercoles\/"},"wordCount":342,"publisher":{"@id":"https:\/\/experienciadevida.com.ar\/portalurbano\/#organization"},"articleSection":["Ciudad","Destacadas 2"],"inLanguage":"es"},{"@type":"WebPage","@id":"https:\/\/experienciadevida.com.ar\/portalurbano\/vacaciones-de-invierno-agenda-para-el-miercoles\/","url":"https:\/\/experienciadevida.com.ar\/portalurbano\/vacaciones-de-invierno-agenda-para-el-miercoles\/","name":"Vacaciones de invierno: agenda para el mi\u00e9rcoles -","isPartOf":{"@id":"https:\/\/experienciadevida.com.ar\/portalurbano\/#website"},"datePublished":"2021-07-21T18:37:18+00:00","dateModified":"2021-07-21T18:37:49+00:00","breadcrumb":{"@id":"https:\/\/experienciadevida.com.ar\/portalurbano\/vacaciones-de-invierno-agenda-para-el-miercoles\/#breadcrumb"},"inLanguage":"es","potentialAction":[{"@type":"ReadAction","target":["https:\/\/experienciadevida.com.ar\/portalurbano\/vacaciones-de-invierno-agenda-para-el-miercoles\/"]}]},{"@type":"BreadcrumbList","@id":"https:\/\/experienciadevida.com.ar\/portalurbano\/vacaciones-de-invierno-agenda-para-el-miercoles\/#breadcrumb","itemListElement":[{"@type":"ListItem","position":1,"name":"Portada","item":"https:\/\/experienciadevida.com.ar\/portalurbano\/"},{"@type":"ListItem","position":2,"name":"Vacaciones de invierno: agenda para el mi\u00e9rcoles"}]},{"@type":"WebSite","@id":"https:\/\/experienciadevida.com.ar\/portalurbano\/#website","url":"https:\/\/experienciadevida.com.ar\/portalurbano\/","name":"","description":"","publisher":{"@id":"https:\/\/experienciadevida.com.ar\/portalurbano\/#organization"},"potentialAction":[{"@type":"SearchAction","target":{"@type":"EntryPoint","urlTemplate":"https:\/\/experienciadevida.com.ar\/portalurbano\/?s={search_term_string}"},"query-input":"required name=search_term_string"}],"inLanguage":"es"},{"@type":"Organization","@id":"https:\/\/experienciadevida.com.ar\/portalurbano\/#organization","name":"Portal Urbano","url":"https:\/\/experienciadevida.com.ar\/portalurbano\/","logo":{"@type":"ImageObject","inLanguage":"es","@id":"https:\/\/experienciadevida.com.ar\/portalurbano\/#\/schema\/logo\/image\/","url":"https:\/\/experienciadevida.com.ar\/portalurbano\/wp-content\/uploads\/2019\/09\/Logo-Original.png","contentUrl":"https:\/\/experienciadevida.com.ar\/portalurbano\/wp-content\/uploads\/2019\/09\/Logo-Original.png","width":2236,"height":1216,"caption":"Portal Urbano"},"image":{"@id":"https:\/\/experienciadevida.com.ar\/portalurbano\/#\/schema\/logo\/image\/"},"sameAs":["https:\/\/www.facebook.com\/Portal-Urbano-171542830093757\/","https:\/\/twitter.com\/portalurbanook","https:\/\/www.instagram.com\/_portalurbano\/","https:\/\/www.youtube.com\/channel\/UCXhagIfszH8KxFiOok79zbA?view_as=subscriber"]},{"@type":"Person","@id":"https:\/\/experienciadevida.com.ar\/portalurbano\/#\/schema\/person\/02dd326b1c4b056e9cc972486934a3a7","name":"admpu17wp","image":{"@type":"ImageObject","inLanguage":"es","@id":"https:\/\/experienciadevida.com.ar\/portalurbano\/#\/schema\/person\/image\/","url":"https:\/\/secure.gravatar.com\/avatar\/830d4c57adaae6630765e449a6908047?s=96&d=mm&r=g","contentUrl":"https:\/\/secure.gravatar.com\/avatar\/830d4c57adaae6630765e449a6908047?s=96&d=mm&r=g","caption":"admpu17wp"}}]}},"featured_image_urls":{"full":["https:\/\/experienciadevida.com.ar\/portalurbano\/wp-content\/uploads\/2021\/07\/Vacaciones-de-invierno.jpg",987,740,false],"thumbnail":["https:\/\/experienciadevida.com.ar\/portalurbano\/wp-content\/uploads\/2021\/07\/Vacaciones-de-invierno-150x150.jpg",150,150,true],"medium":["https:\/\/experienciadevida.com.ar\/portalurbano\/wp-content\/uploads\/2021\/07\/Vacaciones-de-invierno-300x225.jpg",300,225,true],"medium_large":["https:\/\/experienciadevida.com.ar\/portalurbano\/wp-content\/uploads\/2021\/07\/Vacaciones-de-invierno-768x576.jpg",640,480,true],"large":["https:\/\/experienciadevida.com.ar\/portalurbano\/wp-content\/uploads\/2021\/07\/Vacaciones-de-invierno.jpg",640,480,false],"ug_big":["https:\/\/experienciadevida.com.ar\/portalurbano\/wp-content\/uploads\/2021\/07\/Vacaciones-de-invierno-768x576.jpg",768,576,true],"1536x1536":["https:\/\/experienciadevida.com.ar\/portalurbano\/wp-content\/uploads\/2021\/07\/Vacaciones-de-invierno.jpg",987,740,false],"2048x2048":["https:\/\/experienciadevida.com.ar\/portalurbano\/wp-content\/uploads\/2021\/07\/Vacaciones-de-invierno.jpg",987,740,false],"newsever-slider-full":["https:\/\/experienciadevida.com.ar\/portalurbano\/wp-content\/uploads\/2021\/07\/Vacaciones-de-invierno.jpg",987,740,false],"newsever-featured":["https:\/\/experienciadevida.com.ar\/portalurbano\/wp-content\/uploads\/2021\/07\/Vacaciones-de-invierno.jpg",987,740,false],"newsever-medium":["https:\/\/experienciadevida.com.ar\/portalurbano\/wp-content\/uploads\/2021\/07\/Vacaciones-de-invierno.jpg",634,475,false],"web-stories-poster-portrait":["https:\/\/experienciadevida.com.ar\/portalurbano\/wp-content\/uploads\/2021\/07\/Vacaciones-de-invierno.jpg",640,480,false],"web-stories-publisher-logo":["https:\/\/experienciadevida.com.ar\/portalurbano\/wp-content\/uploads\/2021\/07\/Vacaciones-de-invierno.jpg",96,72,false],"web-stories-thumbnail":["https:\/\/experienciadevida.com.ar\/portalurbano\/wp-content\/uploads\/2021\/07\/Vacaciones-de-invierno.jpg",150,112,false]},"author_info":{"display_name":"admpu17wp","author_link":"https:\/\/experienciadevida.com.ar\/portalurbano\/author\/admpu17wp\/"},"category_info":"<a href=\"https:\/\/experienciadevida.com.ar\/portalurbano\/category\/ciudad\/\" rel=\"category tag\">Ciudad<\/a> <a href=\"https:\/\/experienciadevida.com.ar\/portalurbano\/category\/destacadas-2\/\" rel=\"category tag\">Destacadas 2<\/a>","tag_info":"Destacadas 2","comment_count":"0","amp_enabled":true,"_links":{"self":[{"href":"https:\/\/experienciadevida.com.ar\/portalurbano\/wp-json\/wp\/v2\/posts\/148208"}],"collection":[{"href":"https:\/\/experienciadevida.com.ar\/portalurbano\/wp-json\/wp\/v2\/posts"}],"about":[{"href":"https:\/\/experienciadevida.com.ar\/portalurbano\/wp-json\/wp\/v2\/types\/post"}],"author":[{"embeddable":true,"href":"https:\/\/experienciadevida.com.ar\/portalurbano\/wp-json\/wp\/v2\/users\/1"}],"replies":[{"embeddable":true,"href":"https:\/\/experienciadevida.com.ar\/portalurbano\/wp-json\/wp\/v2\/comments?post=148208"}],"version-history":[{"count":1,"href":"https:\/\/experienciadevida.com.ar\/portalurbano\/wp-json\/wp\/v2\/posts\/148208\/revisions"}],"predecessor-version":[{"id":148210,"href":"https:\/\/experienciadevida.com.ar\/portalurbano\/wp-json\/wp\/v2\/posts\/148208\/revisions\/148210"}],"wp:featuredmedia":[{"embeddable":true,"href":"https:\/\/experienciadevida.com.ar\/portalurbano\/wp-json\/wp\/v2\/media\/148209"}],"wp:attachment":[{"href":"https:\/\/experienciadevida.com.ar\/portalurbano\/wp-json\/wp\/v2\/media?parent=148208"}],"wp:term":[{"taxonomy":"category","embeddable":true,"href":"https:\/\/experienciadevida.com.ar\/portalurbano\/wp-json\/wp\/v2\/categories?post=148208"},{"taxonomy":"post_tag","embeddable":true,"href":"https:\/\/experienciadevida.com.ar\/portalurbano\/wp-json\/wp\/v2\/tags?post=148208"}],"curies":[{"name":"wp","href":"https:\/\/api.w.org\/{rel}","templated":true}]}}