{"id":148130,"date":"2021-07-20T14:44:34","date_gmt":"2021-07-20T17:44:34","guid":{"rendered":"https:\/\/experienciadevida.com.ar\/portalurbano\/?p=148130"},"modified":"2021-07-20T17:41:51","modified_gmt":"2021-07-20T20:41:51","slug":"desde-el-foro-olavarria-destacaron-los-emprendimientos-productivos-de-la-ciudad","status":"publish","type":"post","link":"https:\/\/experienciadevida.com.ar\/portalurbano\/desde-el-foro-olavarria-destacaron-los-emprendimientos-productivos-de-la-ciudad\/","title":{"rendered":"Desde el Foro Olavarr\u00eda destacaron los emprendimientos productivos de la ciudad"},"content":{"rendered":"<p>Desde el Foro Olavarr\u00eda destacaron los emprendimientos productivos de la ciudad, Liz Herrera, coordinadora del Foro Social del Foro Olavarr\u00eda, y Gast\u00f3n Sarachu, integrante del espacio, evaluaron la situaci\u00f3n de los emprendimientos productivos de la ciudad de Olavarr\u00eda.<\/p>\n<p>Liz Herrera y Gast\u00f3n Sarachu, integrantes del Foro Olavarr\u00eda, espacio que conducen la concejal In\u00e9s <a href=\"https:\/\/www.facebook.com\/IneCreimer\">Creimer<\/a> y el concejal Eduardo <a href=\"https:\/\/www.facebook.com\/rodriguezolav\">Rodr\u00edguez<\/a>,<br \/>\nrealizaron un balance de la situaci\u00f3n que viven emprendedores de la zona periurbana. El foco estuvo puesto en los beneficios sociales de la<br \/>\nproducci\u00f3n y las dificultades con las que se encuentran los emprendimientos al momento de regularizar su actividad.<\/p>\n<p>Gast\u00f3n Sarachu, integrante del Foro Olavarr\u00eda y subdelegado de la CNRT Olavarr\u00eda, explic\u00f3 que \u201cOlavarr\u00eda cuenta con muchos emprendimientos<br \/>\nproductivos que se encuentran en la zona periurbana, y van desde la producci\u00f3n de huertas hasta la peque\u00f1a ganader\u00eda\u201d. Sarachu coment\u00f3 que<br \/>\nestos emprendimientos \u201cencuentran muchas dificultades al momento de realizar los tr\u00e1mites para regular su actividad\u201d. \u201cTeniendo en cuenta que<br \/>\nsu principal modalidad de ventas es a trav\u00e9s de ferias es necesario brindarles un marco que les permita mejorar la competencia en el mercado\u201d,<br \/>\nfinaliz\u00f3 Sarachu.<\/p>\n<p>Por su parte, Liz Herrera, coordinadora del Foro Social del Foro Olavarr\u00eda, resalt\u00f3 la importancia social de este tipo de emprendimientos. \u201cEstas<br \/>\npropuestas productivas son de un gran valor social ya que son una importante fuente de trabajo\u201d, afirm\u00f3 Herrera. \u201cEsto no s\u00f3lo implica un<br \/>\nbeneficio para las y los trabajadores de la tierra y animales, tambi\u00e9n lo es para que las personas accedan a productos locales y m\u00e1s baratos\u201d se\u00f1al\u00f3<br \/>\nLiz Herrera.<\/p>\n","protected":false},"excerpt":{"rendered":"<p>Desde el Foro Olavarr\u00eda destacaron los emprendimientos productivos de la ciudad, Liz Herrera, coordinadora del&#8230;<\/p>\n","protected":false},"author":1,"featured_media":148131,"comment_status":"closed","ping_status":"closed","sticky":false,"template":"","format":"standard","meta":{"content-type":""},"categories":[27,64],"tags":[],"nelio_content":{"isAutoShareEnabled":false,"autoShareEndMode":"default","automationSources":{"useContentSentences":true,"useSocialTemplates":true,"useCustomSentences":false,"customSentences":[]},"followers":[1],"suggestedReferences":[],"includedReferences":[],"efiUrl":"","efiAlt":"","highlights":[]},"yoast_head":"<!-- This site is optimized with the Yoast SEO plugin v20.7 - https:\/\/yoast.com\/wordpress\/plugins\/seo\/ -->\n<title>Desde el Foro Olavarr\u00eda destacaron los emprendimientos de la ciudad<\/title>\n<meta name=\"description\" content=\"Desde el Foro Olavarr\u00eda destacaron los emprendimientos productivos de la ciudad, Liz Herrera junto a Gast\u00f3n Sarachu analizaron.\" \/>\n<meta name=\"robots\" content=\"index, follow, max-snippet:-1, max-image-preview:large, max-video-preview:-1\" \/>\n<link rel=\"canonical\" href=\"https:\/\/experienciadevida.com.ar\/portalurbano\/desde-el-foro-olavarria-destacaron-los-emprendimientos-productivos-de-la-ciudad\/\" \/>\n<meta property=\"og:locale\" content=\"es_ES\" \/>\n<meta property=\"og:type\" content=\"article\" \/>\n<meta property=\"og:title\" content=\"Desde el Foro Olavarr\u00eda destacaron los emprendimientos de la ciudad\" \/>\n<meta property=\"og:description\" content=\"Desde el Foro Olavarr\u00eda destacaron los emprendimientos productivos de la ciudad, Liz Herrera junto a Gast\u00f3n Sarachu analizaron.\" \/>\n<meta property=\"og:url\" content=\"https:\/\/experienciadevida.com.ar\/portalurbano\/desde-el-foro-olavarria-destacaron-los-emprendimientos-productivos-de-la-ciudad\/\" \/>\n<meta property=\"article:publisher\" content=\"https:\/\/www.facebook.com\/Portal-Urbano-171542830093757\/\" \/>\n<meta property=\"article:published_time\" content=\"2021-07-20T17:44:34+00:00\" \/>\n<meta property=\"article:modified_time\" content=\"2021-07-20T20:41:51+00:00\" \/>\n<meta property=\"og:image\" content=\"https:\/\/experienciadevida.com.ar\/portalurbano\/wp-content\/uploads\/2021\/07\/Desde-el-Foro-Olavarria-destacaron.png\" \/>\n\t<meta property=\"og:image:width\" content=\"800\" \/>\n\t<meta property=\"og:image:height\" content=\"500\" \/>\n\t<meta property=\"og:image:type\" content=\"image\/png\" \/>\n<meta name=\"author\" content=\"admpu17wp\" \/>\n<meta name=\"twitter:card\" content=\"summary_large_image\" \/>\n<meta name=\"twitter:creator\" content=\"@portalurbanook\" \/>\n<meta name=\"twitter:site\" content=\"@portalurbanook\" \/>\n<meta name=\"twitter:label1\" content=\"Escrito por\" \/>\n\t<meta name=\"twitter:data1\" content=\"admpu17wp\" \/>\n\t<meta name=\"twitter:label2\" content=\"Tiempo de lectura\" \/>\n\t<meta name=\"twitter:data2\" content=\"2 minutos\" \/>\n<script type=\"application\/ld+json\" class=\"yoast-schema-graph\">{\"@context\":\"https:\/\/schema.org\",\"@graph\":[{\"@type\":\"Article\",\"@id\":\"https:\/\/experienciadevida.com.ar\/portalurbano\/desde-el-foro-olavarria-destacaron-los-emprendimientos-productivos-de-la-ciudad\/#article\",\"isPartOf\":{\"@id\":\"https:\/\/experienciadevida.com.ar\/portalurbano\/desde-el-foro-olavarria-destacaron-los-emprendimientos-productivos-de-la-ciudad\/\"},\"author\":{\"name\":\"admpu17wp\",\"@id\":\"https:\/\/experienciadevida.com.ar\/portalurbano\/#\/schema\/person\/02dd326b1c4b056e9cc972486934a3a7\"},\"headline\":\"Desde el Foro Olavarr\u00eda destacaron los emprendimientos productivos de la ciudad\",\"datePublished\":\"2021-07-20T17:44:34+00:00\",\"dateModified\":\"2021-07-20T20:41:51+00:00\",\"mainEntityOfPage\":{\"@id\":\"https:\/\/experienciadevida.com.ar\/portalurbano\/desde-el-foro-olavarria-destacaron-los-emprendimientos-productivos-de-la-ciudad\/\"},\"wordCount\":295,\"publisher\":{\"@id\":\"https:\/\/experienciadevida.com.ar\/portalurbano\/#organization\"},\"articleSection\":[\"Ciudad\",\"Destacadas 2\"],\"inLanguage\":\"es\"},{\"@type\":\"WebPage\",\"@id\":\"https:\/\/experienciadevida.com.ar\/portalurbano\/desde-el-foro-olavarria-destacaron-los-emprendimientos-productivos-de-la-ciudad\/\",\"url\":\"https:\/\/experienciadevida.com.ar\/portalurbano\/desde-el-foro-olavarria-destacaron-los-emprendimientos-productivos-de-la-ciudad\/\",\"name\":\"Desde el Foro Olavarr\u00eda destacaron los emprendimientos de la ciudad\",\"isPartOf\":{\"@id\":\"https:\/\/experienciadevida.com.ar\/portalurbano\/#website\"},\"datePublished\":\"2021-07-20T17:44:34+00:00\",\"dateModified\":\"2021-07-20T20:41:51+00:00\",\"description\":\"Desde el Foro Olavarr\u00eda destacaron los emprendimientos productivos de la ciudad, Liz Herrera junto a Gast\u00f3n Sarachu analizaron.\",\"breadcrumb\":{\"@id\":\"https:\/\/experienciadevida.com.ar\/portalurbano\/desde-el-foro-olavarria-destacaron-los-emprendimientos-productivos-de-la-ciudad\/#breadcrumb\"},\"inLanguage\":\"es\",\"potentialAction\":[{\"@type\":\"ReadAction\",\"target\":[\"https:\/\/experienciadevida.com.ar\/portalurbano\/desde-el-foro-olavarria-destacaron-los-emprendimientos-productivos-de-la-ciudad\/\"]}]},{\"@type\":\"BreadcrumbList\",\"@id\":\"https:\/\/experienciadevida.com.ar\/portalurbano\/desde-el-foro-olavarria-destacaron-los-emprendimientos-productivos-de-la-ciudad\/#breadcrumb\",\"itemListElement\":[{\"@type\":\"ListItem\",\"position\":1,\"name\":\"Portada\",\"item\":\"https:\/\/experienciadevida.com.ar\/portalurbano\/\"},{\"@type\":\"ListItem\",\"position\":2,\"name\":\"Desde el Foro Olavarr\u00eda destacaron los emprendimientos productivos de la ciudad\"}]},{\"@type\":\"WebSite\",\"@id\":\"https:\/\/experienciadevida.com.ar\/portalurbano\/#website\",\"url\":\"https:\/\/experienciadevida.com.ar\/portalurbano\/\",\"name\":\"\",\"description\":\"\",\"publisher\":{\"@id\":\"https:\/\/experienciadevida.com.ar\/portalurbano\/#organization\"},\"potentialAction\":[{\"@type\":\"SearchAction\",\"target\":{\"@type\":\"EntryPoint\",\"urlTemplate\":\"https:\/\/experienciadevida.com.ar\/portalurbano\/?s={search_term_string}\"},\"query-input\":\"required name=search_term_string\"}],\"inLanguage\":\"es\"},{\"@type\":\"Organization\",\"@id\":\"https:\/\/experienciadevida.com.ar\/portalurbano\/#organization\",\"name\":\"Portal Urbano\",\"url\":\"https:\/\/experienciadevida.com.ar\/portalurbano\/\",\"logo\":{\"@type\":\"ImageObject\",\"inLanguage\":\"es\",\"@id\":\"https:\/\/experienciadevida.com.ar\/portalurbano\/#\/schema\/logo\/image\/\",\"url\":\"https:\/\/experienciadevida.com.ar\/portalurbano\/wp-content\/uploads\/2019\/09\/Logo-Original.png\",\"contentUrl\":\"https:\/\/experienciadevida.com.ar\/portalurbano\/wp-content\/uploads\/2019\/09\/Logo-Original.png\",\"width\":2236,\"height\":1216,\"caption\":\"Portal Urbano\"},\"image\":{\"@id\":\"https:\/\/experienciadevida.com.ar\/portalurbano\/#\/schema\/logo\/image\/\"},\"sameAs\":[\"https:\/\/www.facebook.com\/Portal-Urbano-171542830093757\/\",\"https:\/\/twitter.com\/portalurbanook\",\"https:\/\/www.instagram.com\/_portalurbano\/\",\"https:\/\/www.youtube.com\/channel\/UCXhagIfszH8KxFiOok79zbA?view_as=subscriber\"]},{\"@type\":\"Person\",\"@id\":\"https:\/\/experienciadevida.com.ar\/portalurbano\/#\/schema\/person\/02dd326b1c4b056e9cc972486934a3a7\",\"name\":\"admpu17wp\",\"image\":{\"@type\":\"ImageObject\",\"inLanguage\":\"es\",\"@id\":\"https:\/\/experienciadevida.com.ar\/portalurbano\/#\/schema\/person\/image\/\",\"url\":\"https:\/\/secure.gravatar.com\/avatar\/830d4c57adaae6630765e449a6908047?s=96&d=mm&r=g\",\"contentUrl\":\"https:\/\/secure.gravatar.com\/avatar\/830d4c57adaae6630765e449a6908047?s=96&d=mm&r=g\",\"caption\":\"admpu17wp\"}}]}<\/script>\n<!-- \/ Yoast SEO plugin. -->","yoast_head_json":{"title":"Desde el Foro Olavarr\u00eda destacaron los emprendimientos de la ciudad","description":"Desde el Foro Olavarr\u00eda destacaron los emprendimientos productivos de la ciudad, Liz Herrera junto a Gast\u00f3n Sarachu analizaron.","robots":{"index":"index","follow":"follow","max-snippet":"max-snippet:-1","max-image-preview":"max-image-preview:large","max-video-preview":"max-video-preview:-1"},"canonical":"https:\/\/experienciadevida.com.ar\/portalurbano\/desde-el-foro-olavarria-destacaron-los-emprendimientos-productivos-de-la-ciudad\/","og_locale":"es_ES","og_type":"article","og_title":"Desde el Foro Olavarr\u00eda destacaron los emprendimientos de la ciudad","og_description":"Desde el Foro Olavarr\u00eda destacaron los emprendimientos productivos de la ciudad, Liz Herrera junto a Gast\u00f3n Sarachu analizaron.","og_url":"https:\/\/experienciadevida.com.ar\/portalurbano\/desde-el-foro-olavarria-destacaron-los-emprendimientos-productivos-de-la-ciudad\/","article_publisher":"https:\/\/www.facebook.com\/Portal-Urbano-171542830093757\/","article_published_time":"2021-07-20T17:44:34+00:00","article_modified_time":"2021-07-20T20:41:51+00:00","og_image":[{"width":800,"height":500,"url":"https:\/\/experienciadevida.com.ar\/portalurbano\/wp-content\/uploads\/2021\/07\/Desde-el-Foro-Olavarria-destacaron.png","type":"image\/png"}],"author":"admpu17wp","twitter_card":"summary_large_image","twitter_creator":"@portalurbanook","twitter_site":"@portalurbanook","twitter_misc":{"Escrito por":"admpu17wp","Tiempo de lectura":"2 minutos"},"schema":{"@context":"https:\/\/schema.org","@graph":[{"@type":"Article","@id":"https:\/\/experienciadevida.com.ar\/portalurbano\/desde-el-foro-olavarria-destacaron-los-emprendimientos-productivos-de-la-ciudad\/#article","isPartOf":{"@id":"https:\/\/experienciadevida.com.ar\/portalurbano\/desde-el-foro-olavarria-destacaron-los-emprendimientos-productivos-de-la-ciudad\/"},"author":{"name":"admpu17wp","@id":"https:\/\/experienciadevida.com.ar\/portalurbano\/#\/schema\/person\/02dd326b1c4b056e9cc972486934a3a7"},"headline":"Desde el Foro Olavarr\u00eda destacaron los emprendimientos productivos de la ciudad","datePublished":"2021-07-20T17:44:34+00:00","dateModified":"2021-07-20T20:41:51+00:00","mainEntityOfPage":{"@id":"https:\/\/experienciadevida.com.ar\/portalurbano\/desde-el-foro-olavarria-destacaron-los-emprendimientos-productivos-de-la-ciudad\/"},"wordCount":295,"publisher":{"@id":"https:\/\/experienciadevida.com.ar\/portalurbano\/#organization"},"articleSection":["Ciudad","Destacadas 2"],"inLanguage":"es"},{"@type":"WebPage","@id":"https:\/\/experienciadevida.com.ar\/portalurbano\/desde-el-foro-olavarria-destacaron-los-emprendimientos-productivos-de-la-ciudad\/","url":"https:\/\/experienciadevida.com.ar\/portalurbano\/desde-el-foro-olavarria-destacaron-los-emprendimientos-productivos-de-la-ciudad\/","name":"Desde el Foro Olavarr\u00eda destacaron los emprendimientos de la ciudad","isPartOf":{"@id":"https:\/\/experienciadevida.com.ar\/portalurbano\/#website"},"datePublished":"2021-07-20T17:44:34+00:00","dateModified":"2021-07-20T20:41:51+00:00","description":"Desde el Foro Olavarr\u00eda destacaron los emprendimientos productivos de la ciudad, Liz Herrera junto a Gast\u00f3n Sarachu analizaron.","breadcrumb":{"@id":"https:\/\/experienciadevida.com.ar\/portalurbano\/desde-el-foro-olavarria-destacaron-los-emprendimientos-productivos-de-la-ciudad\/#breadcrumb"},"inLanguage":"es","potentialAction":[{"@type":"ReadAction","target":["https:\/\/experienciadevida.com.ar\/portalurbano\/desde-el-foro-olavarria-destacaron-los-emprendimientos-productivos-de-la-ciudad\/"]}]},{"@type":"BreadcrumbList","@id":"https:\/\/experienciadevida.com.ar\/portalurbano\/desde-el-foro-olavarria-destacaron-los-emprendimientos-productivos-de-la-ciudad\/#breadcrumb","itemListElement":[{"@type":"ListItem","position":1,"name":"Portada","item":"https:\/\/experienciadevida.com.ar\/portalurbano\/"},{"@type":"ListItem","position":2,"name":"Desde el Foro Olavarr\u00eda destacaron los emprendimientos productivos de la ciudad"}]},{"@type":"WebSite","@id":"https:\/\/experienciadevida.com.ar\/portalurbano\/#website","url":"https:\/\/experienciadevida.com.ar\/portalurbano\/","name":"","description":"","publisher":{"@id":"https:\/\/experienciadevida.com.ar\/portalurbano\/#organization"},"potentialAction":[{"@type":"SearchAction","target":{"@type":"EntryPoint","urlTemplate":"https:\/\/experienciadevida.com.ar\/portalurbano\/?s={search_term_string}"},"query-input":"required name=search_term_string"}],"inLanguage":"es"},{"@type":"Organization","@id":"https:\/\/experienciadevida.com.ar\/portalurbano\/#organization","name":"Portal Urbano","url":"https:\/\/experienciadevida.com.ar\/portalurbano\/","logo":{"@type":"ImageObject","inLanguage":"es","@id":"https:\/\/experienciadevida.com.ar\/portalurbano\/#\/schema\/logo\/image\/","url":"https:\/\/experienciadevida.com.ar\/portalurbano\/wp-content\/uploads\/2019\/09\/Logo-Original.png","contentUrl":"https:\/\/experienciadevida.com.ar\/portalurbano\/wp-content\/uploads\/2019\/09\/Logo-Original.png","width":2236,"height":1216,"caption":"Portal Urbano"},"image":{"@id":"https:\/\/experienciadevida.com.ar\/portalurbano\/#\/schema\/logo\/image\/"},"sameAs":["https:\/\/www.facebook.com\/Portal-Urbano-171542830093757\/","https:\/\/twitter.com\/portalurbanook","https:\/\/www.instagram.com\/_portalurbano\/","https:\/\/www.youtube.com\/channel\/UCXhagIfszH8KxFiOok79zbA?view_as=subscriber"]},{"@type":"Person","@id":"https:\/\/experienciadevida.com.ar\/portalurbano\/#\/schema\/person\/02dd326b1c4b056e9cc972486934a3a7","name":"admpu17wp","image":{"@type":"ImageObject","inLanguage":"es","@id":"https:\/\/experienciadevida.com.ar\/portalurbano\/#\/schema\/person\/image\/","url":"https:\/\/secure.gravatar.com\/avatar\/830d4c57adaae6630765e449a6908047?s=96&d=mm&r=g","contentUrl":"https:\/\/secure.gravatar.com\/avatar\/830d4c57adaae6630765e449a6908047?s=96&d=mm&r=g","caption":"admpu17wp"}}]}},"featured_image_urls":{"full":["https:\/\/experienciadevida.com.ar\/portalurbano\/wp-content\/uploads\/2021\/07\/Desde-el-Foro-Olavarria-destacaron.png",800,500,false],"thumbnail":["https:\/\/experienciadevida.com.ar\/portalurbano\/wp-content\/uploads\/2021\/07\/Desde-el-Foro-Olavarria-destacaron-150x150.png",150,150,true],"medium":["https:\/\/experienciadevida.com.ar\/portalurbano\/wp-content\/uploads\/2021\/07\/Desde-el-Foro-Olavarria-destacaron-300x188.png",300,188,true],"medium_large":["https:\/\/experienciadevida.com.ar\/portalurbano\/wp-content\/uploads\/2021\/07\/Desde-el-Foro-Olavarria-destacaron-768x480.png",640,400,true],"large":["https:\/\/experienciadevida.com.ar\/portalurbano\/wp-content\/uploads\/2021\/07\/Desde-el-Foro-Olavarria-destacaron.png",640,400,false],"ug_big":["https:\/\/experienciadevida.com.ar\/portalurbano\/wp-content\/uploads\/2021\/07\/Desde-el-Foro-Olavarria-destacaron-768x480.png",768,480,true],"1536x1536":["https:\/\/experienciadevida.com.ar\/portalurbano\/wp-content\/uploads\/2021\/07\/Desde-el-Foro-Olavarria-destacaron.png",800,500,false],"2048x2048":["https:\/\/experienciadevida.com.ar\/portalurbano\/wp-content\/uploads\/2021\/07\/Desde-el-Foro-Olavarria-destacaron.png",800,500,false],"newsever-slider-full":["https:\/\/experienciadevida.com.ar\/portalurbano\/wp-content\/uploads\/2021\/07\/Desde-el-Foro-Olavarria-destacaron.png",800,500,false],"newsever-featured":["https:\/\/experienciadevida.com.ar\/portalurbano\/wp-content\/uploads\/2021\/07\/Desde-el-Foro-Olavarria-destacaron.png",800,500,false],"newsever-medium":["https:\/\/experienciadevida.com.ar\/portalurbano\/wp-content\/uploads\/2021\/07\/Desde-el-Foro-Olavarria-destacaron.png",720,450,false],"web-stories-poster-portrait":["https:\/\/experienciadevida.com.ar\/portalurbano\/wp-content\/uploads\/2021\/07\/Desde-el-Foro-Olavarria-destacaron.png",640,400,false],"web-stories-publisher-logo":["https:\/\/experienciadevida.com.ar\/portalurbano\/wp-content\/uploads\/2021\/07\/Desde-el-Foro-Olavarria-destacaron.png",96,60,false],"web-stories-thumbnail":["https:\/\/experienciadevida.com.ar\/portalurbano\/wp-content\/uploads\/2021\/07\/Desde-el-Foro-Olavarria-destacaron.png",150,94,false]},"author_info":{"display_name":"admpu17wp","author_link":"https:\/\/experienciadevida.com.ar\/portalurbano\/author\/admpu17wp\/"},"category_info":"<a href=\"https:\/\/experienciadevida.com.ar\/portalurbano\/category\/ciudad\/\" rel=\"category tag\">Ciudad<\/a> <a href=\"https:\/\/experienciadevida.com.ar\/portalurbano\/category\/destacadas-2\/\" rel=\"category tag\">Destacadas 2<\/a>","tag_info":"Destacadas 2","comment_count":"0","amp_enabled":true,"_links":{"self":[{"href":"https:\/\/experienciadevida.com.ar\/portalurbano\/wp-json\/wp\/v2\/posts\/148130"}],"collection":[{"href":"https:\/\/experienciadevida.com.ar\/portalurbano\/wp-json\/wp\/v2\/posts"}],"about":[{"href":"https:\/\/experienciadevida.com.ar\/portalurbano\/wp-json\/wp\/v2\/types\/post"}],"author":[{"embeddable":true,"href":"https:\/\/experienciadevida.com.ar\/portalurbano\/wp-json\/wp\/v2\/users\/1"}],"replies":[{"embeddable":true,"href":"https:\/\/experienciadevida.com.ar\/portalurbano\/wp-json\/wp\/v2\/comments?post=148130"}],"version-history":[{"count":3,"href":"https:\/\/experienciadevida.com.ar\/portalurbano\/wp-json\/wp\/v2\/posts\/148130\/revisions"}],"predecessor-version":[{"id":148135,"href":"https:\/\/experienciadevida.com.ar\/portalurbano\/wp-json\/wp\/v2\/posts\/148130\/revisions\/148135"}],"wp:featuredmedia":[{"embeddable":true,"href":"https:\/\/experienciadevida.com.ar\/portalurbano\/wp-json\/wp\/v2\/media\/148131"}],"wp:attachment":[{"href":"https:\/\/experienciadevida.com.ar\/portalurbano\/wp-json\/wp\/v2\/media?parent=148130"}],"wp:term":[{"taxonomy":"category","embeddable":true,"href":"https:\/\/experienciadevida.com.ar\/portalurbano\/wp-json\/wp\/v2\/categories?post=148130"},{"taxonomy":"post_tag","embeddable":true,"href":"https:\/\/experienciadevida.com.ar\/portalurbano\/wp-json\/wp\/v2\/tags?post=148130"}],"curies":[{"name":"wp","href":"https:\/\/api.w.org\/{rel}","templated":true}]}}