{"id":148084,"date":"2021-07-19T18:32:45","date_gmt":"2021-07-19T21:32:45","guid":{"rendered":"https:\/\/experienciadevida.com.ar\/portalurbano\/?p=148084"},"modified":"2021-07-19T18:33:12","modified_gmt":"2021-07-19T21:33:12","slug":"vacunacion-en-la-provincia-abren-inscripcion-para-menores-de-13-a-17-anos","status":"publish","type":"post","link":"https:\/\/experienciadevida.com.ar\/portalurbano\/vacunacion-en-la-provincia-abren-inscripcion-para-menores-de-13-a-17-anos\/","title":{"rendered":"Vacunaci\u00f3n en la provincia: abren inscripci\u00f3n para menores de 13 a 17 a\u00f1os"},"content":{"rendered":"<p>Vacunaci\u00f3n en la provincia: abren inscripci\u00f3n para menores de 13 a 17 a\u00f1os, lo anunci\u00f3 hoy el gobernador Axel Kicillof. Explic\u00f3 que \u201ctodav\u00eda no contamos con vacunas habilitadas\u201d, pero que \u201cestamos prepar\u00e1ndonos para poder dise\u00f1ar la log\u00edstica.<\/p>\n<p>El gobernador Axel Kicillof anunci\u00f3 en la tarde de este lunes la apertura de inscripci\u00f3n para la vacunaci\u00f3n contra el coronavirus para menores de entre 13 y 17 a\u00f1os y la inmunizaci\u00f3n libre para mayores de 30 a\u00f1os en todo el territorio provincial.<\/p>\n<p>El mandatario encabez\u00f3 una conferencia de prensa desde La Plata junto al jefe de Gabinete provincial, Carlos Bianco, y al ministro de Salud, Daniel Gollan. All\u00ed, inform\u00f3 que \u201cestamos, a partir de hoy, abriendo la inscripci\u00f3n (de vacunaci\u00f3n) para chicos y chicas de entre 13 y 17 a\u00f1os\u201d en Vacunate Buenos Aires (por web o aplicaci\u00f3n).<\/p>\n<p>Kicillof dijo que la inscripci\u00f3n para este grupo est\u00e1 orientada \u201cparticularmente para quienes tienen comorbilidades\u201d y record\u00f3 que actualmente Argentina cuenta con \u201cdos vacunas candidatas para menores de 18 a\u00f1os todav\u00eda no aprobadas\u201d (las dosis de Moderna y Sinopharm).<\/p>\n<p>Subray\u00f3 que \u201ctodav\u00eda no contamos con vacunas habilitadas\u201d, pero que \u201cestamos prepar\u00e1ndonos para poder dise\u00f1ar la log\u00edstica\u201d para \u201ccuando contemos con la aprobaci\u00f3n\u201d de las vacunas. \u201cNos interesa especialmente comenzar por aquellos que tengan alg\u00fan riesgo espec\u00edfico por comorbilidades\u201d, explic\u00f3.<\/p>\n<p>El Gobernador tambi\u00e9n inform\u00f3 que en lo que va de julio la Provincia administr\u00f3 2.150.000 vacunas. Consider\u00f3 que \u201ces una cantidad realmente inmensa\u201d y que la misma se debe a las vacunaciones por turno, a las aperturas de inmunizaciones libres, al puerta a puerta y a las campa\u00f1as que se realizan en estaciones de trenes.<\/p>\n<p>Vacunaci\u00f3n en la provincia, 79 municipios protegidos, en este marco anunci\u00f3 tambi\u00e9n que otros diez municipios se agregaron a las \u201cciudades bonaerenses protegidas\u201d, ya que la vacunaci\u00f3n con la primera dosis \u201csupera al 95% de los inscriptos\u201d y \u201cal 90% de toda la poblaci\u00f3n en condiciones de vacunarse desde los 18 a\u00f1os\u201d.<\/p>\n<p>Se trata de Coronel Dorrego, Bol\u00edvar, Lincoln, Trenque Lauquen, Chascom\u00fas, Ramallo, Exaltaci\u00f3n de la Cruz, Lobos, Patagones y Saavedra. De esta manera, son 79 los distritos \u201cprotegidos\u201d. En estos municipios \u201clos vacunatorios contin\u00faan abiertos y la vacuna es libre para todos los grupos, es decir para todos los mayores de 18 a\u00f1os\u201d, cont\u00f3 el Gobernador.<\/p>\n<p>Finalmente, Kicillof anunci\u00f3 que desde ma\u00f1ana se abre la vacunaci\u00f3n libre para mayores de 30 a\u00f1os en todo el territorio provincial. \u201cEn cualquier vacunatorio, concurriendo con el documento, mayores de 30 a\u00f1os ya pueden acceder a la primera dosis de la vacuna\u201d, indic\u00f3.<\/p>\n<p>Fuente: DIB<\/p>\n","protected":false},"excerpt":{"rendered":"<p>Vacunaci\u00f3n en la provincia: abren inscripci\u00f3n para menores de 13 a 17 a\u00f1os, lo anunci\u00f3&#8230;<\/p>\n","protected":false},"author":1,"featured_media":148085,"comment_status":"closed","ping_status":"closed","sticky":false,"template":"","format":"standard","meta":{"content-type":""},"categories":[64,44],"tags":[],"nelio_content":{"isAutoShareEnabled":false,"autoShareEndMode":"default","automationSources":{"useContentSentences":true,"useSocialTemplates":true,"useCustomSentences":false,"customSentences":[]},"followers":[1],"suggestedReferences":[],"includedReferences":[],"efiUrl":"","efiAlt":"","highlights":[]},"yoast_head":"<!-- This site is optimized with the Yoast SEO plugin v20.7 - https:\/\/yoast.com\/wordpress\/plugins\/seo\/ -->\n<title>Vacunaci\u00f3n en la provincia: abren inscripci\u00f3n para menores de13 a 17<\/title>\n<meta name=\"description\" content=\"Vacunaci\u00f3n en la provincia: abren inscripci\u00f3n para menores de 13 a 17 a\u00f1os, lo anunci\u00f3 hoy el gobernador Axel Kicillof, no tienen las vacunas\" \/>\n<meta name=\"robots\" content=\"index, follow, max-snippet:-1, max-image-preview:large, max-video-preview:-1\" \/>\n<link rel=\"canonical\" href=\"https:\/\/experienciadevida.com.ar\/portalurbano\/vacunacion-en-la-provincia-abren-inscripcion-para-menores-de-13-a-17-anos\/\" \/>\n<meta property=\"og:locale\" content=\"es_ES\" \/>\n<meta property=\"og:type\" content=\"article\" \/>\n<meta property=\"og:title\" content=\"Vacunaci\u00f3n en la provincia: abren inscripci\u00f3n para menores de13 a 17\" \/>\n<meta property=\"og:description\" content=\"Vacunaci\u00f3n en la provincia: abren inscripci\u00f3n para menores de 13 a 17 a\u00f1os, lo anunci\u00f3 hoy el gobernador Axel Kicillof, no tienen las vacunas\" \/>\n<meta property=\"og:url\" content=\"https:\/\/experienciadevida.com.ar\/portalurbano\/vacunacion-en-la-provincia-abren-inscripcion-para-menores-de-13-a-17-anos\/\" \/>\n<meta property=\"article:publisher\" content=\"https:\/\/www.facebook.com\/Portal-Urbano-171542830093757\/\" \/>\n<meta property=\"article:published_time\" content=\"2021-07-19T21:32:45+00:00\" \/>\n<meta property=\"article:modified_time\" content=\"2021-07-19T21:33:12+00:00\" \/>\n<meta property=\"og:image\" content=\"https:\/\/experienciadevida.com.ar\/portalurbano\/wp-content\/uploads\/2021\/07\/Vacunacion-en-la-provincia.jpg\" \/>\n\t<meta property=\"og:image:width\" content=\"807\" \/>\n\t<meta property=\"og:image:height\" content=\"414\" \/>\n\t<meta property=\"og:image:type\" content=\"image\/jpeg\" \/>\n<meta name=\"author\" content=\"admpu17wp\" \/>\n<meta name=\"twitter:card\" content=\"summary_large_image\" \/>\n<meta name=\"twitter:creator\" content=\"@portalurbanook\" \/>\n<meta name=\"twitter:site\" content=\"@portalurbanook\" \/>\n<meta name=\"twitter:label1\" content=\"Escrito por\" \/>\n\t<meta name=\"twitter:data1\" content=\"admpu17wp\" \/>\n\t<meta name=\"twitter:label2\" content=\"Tiempo de lectura\" \/>\n\t<meta name=\"twitter:data2\" content=\"2 minutos\" \/>\n<script type=\"application\/ld+json\" class=\"yoast-schema-graph\">{\"@context\":\"https:\/\/schema.org\",\"@graph\":[{\"@type\":\"Article\",\"@id\":\"https:\/\/experienciadevida.com.ar\/portalurbano\/vacunacion-en-la-provincia-abren-inscripcion-para-menores-de-13-a-17-anos\/#article\",\"isPartOf\":{\"@id\":\"https:\/\/experienciadevida.com.ar\/portalurbano\/vacunacion-en-la-provincia-abren-inscripcion-para-menores-de-13-a-17-anos\/\"},\"author\":{\"name\":\"admpu17wp\",\"@id\":\"https:\/\/experienciadevida.com.ar\/portalurbano\/#\/schema\/person\/02dd326b1c4b056e9cc972486934a3a7\"},\"headline\":\"Vacunaci\u00f3n en la provincia: abren inscripci\u00f3n para menores de 13 a 17 a\u00f1os\",\"datePublished\":\"2021-07-19T21:32:45+00:00\",\"dateModified\":\"2021-07-19T21:33:12+00:00\",\"mainEntityOfPage\":{\"@id\":\"https:\/\/experienciadevida.com.ar\/portalurbano\/vacunacion-en-la-provincia-abren-inscripcion-para-menores-de-13-a-17-anos\/\"},\"wordCount\":461,\"publisher\":{\"@id\":\"https:\/\/experienciadevida.com.ar\/portalurbano\/#organization\"},\"articleSection\":[\"Destacadas 2\",\"Provincia\"],\"inLanguage\":\"es\"},{\"@type\":\"WebPage\",\"@id\":\"https:\/\/experienciadevida.com.ar\/portalurbano\/vacunacion-en-la-provincia-abren-inscripcion-para-menores-de-13-a-17-anos\/\",\"url\":\"https:\/\/experienciadevida.com.ar\/portalurbano\/vacunacion-en-la-provincia-abren-inscripcion-para-menores-de-13-a-17-anos\/\",\"name\":\"Vacunaci\u00f3n en la provincia: abren inscripci\u00f3n para menores de13 a 17\",\"isPartOf\":{\"@id\":\"https:\/\/experienciadevida.com.ar\/portalurbano\/#website\"},\"datePublished\":\"2021-07-19T21:32:45+00:00\",\"dateModified\":\"2021-07-19T21:33:12+00:00\",\"description\":\"Vacunaci\u00f3n en la provincia: abren inscripci\u00f3n para menores de 13 a 17 a\u00f1os, lo anunci\u00f3 hoy el gobernador Axel Kicillof, no tienen las vacunas\",\"breadcrumb\":{\"@id\":\"https:\/\/experienciadevida.com.ar\/portalurbano\/vacunacion-en-la-provincia-abren-inscripcion-para-menores-de-13-a-17-anos\/#breadcrumb\"},\"inLanguage\":\"es\",\"potentialAction\":[{\"@type\":\"ReadAction\",\"target\":[\"https:\/\/experienciadevida.com.ar\/portalurbano\/vacunacion-en-la-provincia-abren-inscripcion-para-menores-de-13-a-17-anos\/\"]}]},{\"@type\":\"BreadcrumbList\",\"@id\":\"https:\/\/experienciadevida.com.ar\/portalurbano\/vacunacion-en-la-provincia-abren-inscripcion-para-menores-de-13-a-17-anos\/#breadcrumb\",\"itemListElement\":[{\"@type\":\"ListItem\",\"position\":1,\"name\":\"Portada\",\"item\":\"https:\/\/experienciadevida.com.ar\/portalurbano\/\"},{\"@type\":\"ListItem\",\"position\":2,\"name\":\"Vacunaci\u00f3n en la provincia: abren inscripci\u00f3n para menores de 13 a 17 a\u00f1os\"}]},{\"@type\":\"WebSite\",\"@id\":\"https:\/\/experienciadevida.com.ar\/portalurbano\/#website\",\"url\":\"https:\/\/experienciadevida.com.ar\/portalurbano\/\",\"name\":\"\",\"description\":\"\",\"publisher\":{\"@id\":\"https:\/\/experienciadevida.com.ar\/portalurbano\/#organization\"},\"potentialAction\":[{\"@type\":\"SearchAction\",\"target\":{\"@type\":\"EntryPoint\",\"urlTemplate\":\"https:\/\/experienciadevida.com.ar\/portalurbano\/?s={search_term_string}\"},\"query-input\":\"required name=search_term_string\"}],\"inLanguage\":\"es\"},{\"@type\":\"Organization\",\"@id\":\"https:\/\/experienciadevida.com.ar\/portalurbano\/#organization\",\"name\":\"Portal Urbano\",\"url\":\"https:\/\/experienciadevida.com.ar\/portalurbano\/\",\"logo\":{\"@type\":\"ImageObject\",\"inLanguage\":\"es\",\"@id\":\"https:\/\/experienciadevida.com.ar\/portalurbano\/#\/schema\/logo\/image\/\",\"url\":\"https:\/\/experienciadevida.com.ar\/portalurbano\/wp-content\/uploads\/2019\/09\/Logo-Original.png\",\"contentUrl\":\"https:\/\/experienciadevida.com.ar\/portalurbano\/wp-content\/uploads\/2019\/09\/Logo-Original.png\",\"width\":2236,\"height\":1216,\"caption\":\"Portal Urbano\"},\"image\":{\"@id\":\"https:\/\/experienciadevida.com.ar\/portalurbano\/#\/schema\/logo\/image\/\"},\"sameAs\":[\"https:\/\/www.facebook.com\/Portal-Urbano-171542830093757\/\",\"https:\/\/twitter.com\/portalurbanook\",\"https:\/\/www.instagram.com\/_portalurbano\/\",\"https:\/\/www.youtube.com\/channel\/UCXhagIfszH8KxFiOok79zbA?view_as=subscriber\"]},{\"@type\":\"Person\",\"@id\":\"https:\/\/experienciadevida.com.ar\/portalurbano\/#\/schema\/person\/02dd326b1c4b056e9cc972486934a3a7\",\"name\":\"admpu17wp\",\"image\":{\"@type\":\"ImageObject\",\"inLanguage\":\"es\",\"@id\":\"https:\/\/experienciadevida.com.ar\/portalurbano\/#\/schema\/person\/image\/\",\"url\":\"https:\/\/secure.gravatar.com\/avatar\/830d4c57adaae6630765e449a6908047?s=96&d=mm&r=g\",\"contentUrl\":\"https:\/\/secure.gravatar.com\/avatar\/830d4c57adaae6630765e449a6908047?s=96&d=mm&r=g\",\"caption\":\"admpu17wp\"}}]}<\/script>\n<!-- \/ Yoast SEO plugin. -->","yoast_head_json":{"title":"Vacunaci\u00f3n en la provincia: abren inscripci\u00f3n para menores de13 a 17","description":"Vacunaci\u00f3n en la provincia: abren inscripci\u00f3n para menores de 13 a 17 a\u00f1os, lo anunci\u00f3 hoy el gobernador Axel Kicillof, no tienen las vacunas","robots":{"index":"index","follow":"follow","max-snippet":"max-snippet:-1","max-image-preview":"max-image-preview:large","max-video-preview":"max-video-preview:-1"},"canonical":"https:\/\/experienciadevida.com.ar\/portalurbano\/vacunacion-en-la-provincia-abren-inscripcion-para-menores-de-13-a-17-anos\/","og_locale":"es_ES","og_type":"article","og_title":"Vacunaci\u00f3n en la provincia: abren inscripci\u00f3n para menores de13 a 17","og_description":"Vacunaci\u00f3n en la provincia: abren inscripci\u00f3n para menores de 13 a 17 a\u00f1os, lo anunci\u00f3 hoy el gobernador Axel Kicillof, no tienen las vacunas","og_url":"https:\/\/experienciadevida.com.ar\/portalurbano\/vacunacion-en-la-provincia-abren-inscripcion-para-menores-de-13-a-17-anos\/","article_publisher":"https:\/\/www.facebook.com\/Portal-Urbano-171542830093757\/","article_published_time":"2021-07-19T21:32:45+00:00","article_modified_time":"2021-07-19T21:33:12+00:00","og_image":[{"width":807,"height":414,"url":"https:\/\/experienciadevida.com.ar\/portalurbano\/wp-content\/uploads\/2021\/07\/Vacunacion-en-la-provincia.jpg","type":"image\/jpeg"}],"author":"admpu17wp","twitter_card":"summary_large_image","twitter_creator":"@portalurbanook","twitter_site":"@portalurbanook","twitter_misc":{"Escrito por":"admpu17wp","Tiempo de lectura":"2 minutos"},"schema":{"@context":"https:\/\/schema.org","@graph":[{"@type":"Article","@id":"https:\/\/experienciadevida.com.ar\/portalurbano\/vacunacion-en-la-provincia-abren-inscripcion-para-menores-de-13-a-17-anos\/#article","isPartOf":{"@id":"https:\/\/experienciadevida.com.ar\/portalurbano\/vacunacion-en-la-provincia-abren-inscripcion-para-menores-de-13-a-17-anos\/"},"author":{"name":"admpu17wp","@id":"https:\/\/experienciadevida.com.ar\/portalurbano\/#\/schema\/person\/02dd326b1c4b056e9cc972486934a3a7"},"headline":"Vacunaci\u00f3n en la provincia: abren inscripci\u00f3n para menores de 13 a 17 a\u00f1os","datePublished":"2021-07-19T21:32:45+00:00","dateModified":"2021-07-19T21:33:12+00:00","mainEntityOfPage":{"@id":"https:\/\/experienciadevida.com.ar\/portalurbano\/vacunacion-en-la-provincia-abren-inscripcion-para-menores-de-13-a-17-anos\/"},"wordCount":461,"publisher":{"@id":"https:\/\/experienciadevida.com.ar\/portalurbano\/#organization"},"articleSection":["Destacadas 2","Provincia"],"inLanguage":"es"},{"@type":"WebPage","@id":"https:\/\/experienciadevida.com.ar\/portalurbano\/vacunacion-en-la-provincia-abren-inscripcion-para-menores-de-13-a-17-anos\/","url":"https:\/\/experienciadevida.com.ar\/portalurbano\/vacunacion-en-la-provincia-abren-inscripcion-para-menores-de-13-a-17-anos\/","name":"Vacunaci\u00f3n en la provincia: abren inscripci\u00f3n para menores de13 a 17","isPartOf":{"@id":"https:\/\/experienciadevida.com.ar\/portalurbano\/#website"},"datePublished":"2021-07-19T21:32:45+00:00","dateModified":"2021-07-19T21:33:12+00:00","description":"Vacunaci\u00f3n en la provincia: abren inscripci\u00f3n para menores de 13 a 17 a\u00f1os, lo anunci\u00f3 hoy el gobernador Axel Kicillof, no tienen las vacunas","breadcrumb":{"@id":"https:\/\/experienciadevida.com.ar\/portalurbano\/vacunacion-en-la-provincia-abren-inscripcion-para-menores-de-13-a-17-anos\/#breadcrumb"},"inLanguage":"es","potentialAction":[{"@type":"ReadAction","target":["https:\/\/experienciadevida.com.ar\/portalurbano\/vacunacion-en-la-provincia-abren-inscripcion-para-menores-de-13-a-17-anos\/"]}]},{"@type":"BreadcrumbList","@id":"https:\/\/experienciadevida.com.ar\/portalurbano\/vacunacion-en-la-provincia-abren-inscripcion-para-menores-de-13-a-17-anos\/#breadcrumb","itemListElement":[{"@type":"ListItem","position":1,"name":"Portada","item":"https:\/\/experienciadevida.com.ar\/portalurbano\/"},{"@type":"ListItem","position":2,"name":"Vacunaci\u00f3n en la provincia: abren inscripci\u00f3n para menores de 13 a 17 a\u00f1os"}]},{"@type":"WebSite","@id":"https:\/\/experienciadevida.com.ar\/portalurbano\/#website","url":"https:\/\/experienciadevida.com.ar\/portalurbano\/","name":"","description":"","publisher":{"@id":"https:\/\/experienciadevida.com.ar\/portalurbano\/#organization"},"potentialAction":[{"@type":"SearchAction","target":{"@type":"EntryPoint","urlTemplate":"https:\/\/experienciadevida.com.ar\/portalurbano\/?s={search_term_string}"},"query-input":"required name=search_term_string"}],"inLanguage":"es"},{"@type":"Organization","@id":"https:\/\/experienciadevida.com.ar\/portalurbano\/#organization","name":"Portal Urbano","url":"https:\/\/experienciadevida.com.ar\/portalurbano\/","logo":{"@type":"ImageObject","inLanguage":"es","@id":"https:\/\/experienciadevida.com.ar\/portalurbano\/#\/schema\/logo\/image\/","url":"https:\/\/experienciadevida.com.ar\/portalurbano\/wp-content\/uploads\/2019\/09\/Logo-Original.png","contentUrl":"https:\/\/experienciadevida.com.ar\/portalurbano\/wp-content\/uploads\/2019\/09\/Logo-Original.png","width":2236,"height":1216,"caption":"Portal Urbano"},"image":{"@id":"https:\/\/experienciadevida.com.ar\/portalurbano\/#\/schema\/logo\/image\/"},"sameAs":["https:\/\/www.facebook.com\/Portal-Urbano-171542830093757\/","https:\/\/twitter.com\/portalurbanook","https:\/\/www.instagram.com\/_portalurbano\/","https:\/\/www.youtube.com\/channel\/UCXhagIfszH8KxFiOok79zbA?view_as=subscriber"]},{"@type":"Person","@id":"https:\/\/experienciadevida.com.ar\/portalurbano\/#\/schema\/person\/02dd326b1c4b056e9cc972486934a3a7","name":"admpu17wp","image":{"@type":"ImageObject","inLanguage":"es","@id":"https:\/\/experienciadevida.com.ar\/portalurbano\/#\/schema\/person\/image\/","url":"https:\/\/secure.gravatar.com\/avatar\/830d4c57adaae6630765e449a6908047?s=96&d=mm&r=g","contentUrl":"https:\/\/secure.gravatar.com\/avatar\/830d4c57adaae6630765e449a6908047?s=96&d=mm&r=g","caption":"admpu17wp"}}]}},"featured_image_urls":{"full":["https:\/\/experienciadevida.com.ar\/portalurbano\/wp-content\/uploads\/2021\/07\/Vacunacion-en-la-provincia.jpg",807,414,false],"thumbnail":["https:\/\/experienciadevida.com.ar\/portalurbano\/wp-content\/uploads\/2021\/07\/Vacunacion-en-la-provincia-150x150.jpg",150,150,true],"medium":["https:\/\/experienciadevida.com.ar\/portalurbano\/wp-content\/uploads\/2021\/07\/Vacunacion-en-la-provincia-300x154.jpg",300,154,true],"medium_large":["https:\/\/experienciadevida.com.ar\/portalurbano\/wp-content\/uploads\/2021\/07\/Vacunacion-en-la-provincia-768x394.jpg",640,328,true],"large":["https:\/\/experienciadevida.com.ar\/portalurbano\/wp-content\/uploads\/2021\/07\/Vacunacion-en-la-provincia.jpg",640,328,false],"ug_big":["https:\/\/experienciadevida.com.ar\/portalurbano\/wp-content\/uploads\/2021\/07\/Vacunacion-en-la-provincia-768x394.jpg",768,394,true],"1536x1536":["https:\/\/experienciadevida.com.ar\/portalurbano\/wp-content\/uploads\/2021\/07\/Vacunacion-en-la-provincia.jpg",807,414,false],"2048x2048":["https:\/\/experienciadevida.com.ar\/portalurbano\/wp-content\/uploads\/2021\/07\/Vacunacion-en-la-provincia.jpg",807,414,false],"newsever-slider-full":["https:\/\/experienciadevida.com.ar\/portalurbano\/wp-content\/uploads\/2021\/07\/Vacunacion-en-la-provincia.jpg",807,414,false],"newsever-featured":["https:\/\/experienciadevida.com.ar\/portalurbano\/wp-content\/uploads\/2021\/07\/Vacunacion-en-la-provincia.jpg",807,414,false],"newsever-medium":["https:\/\/experienciadevida.com.ar\/portalurbano\/wp-content\/uploads\/2021\/07\/Vacunacion-en-la-provincia.jpg",720,369,false],"web-stories-poster-portrait":["https:\/\/experienciadevida.com.ar\/portalurbano\/wp-content\/uploads\/2021\/07\/Vacunacion-en-la-provincia.jpg",640,328,false],"web-stories-publisher-logo":["https:\/\/experienciadevida.com.ar\/portalurbano\/wp-content\/uploads\/2021\/07\/Vacunacion-en-la-provincia.jpg",96,49,false],"web-stories-thumbnail":["https:\/\/experienciadevida.com.ar\/portalurbano\/wp-content\/uploads\/2021\/07\/Vacunacion-en-la-provincia.jpg",150,77,false]},"author_info":{"display_name":"admpu17wp","author_link":"https:\/\/experienciadevida.com.ar\/portalurbano\/author\/admpu17wp\/"},"category_info":"<a href=\"https:\/\/experienciadevida.com.ar\/portalurbano\/category\/destacadas-2\/\" rel=\"category tag\">Destacadas 2<\/a> <a href=\"https:\/\/experienciadevida.com.ar\/portalurbano\/category\/provincia\/\" rel=\"category tag\">Provincia<\/a>","tag_info":"Provincia","comment_count":"0","amp_enabled":true,"_links":{"self":[{"href":"https:\/\/experienciadevida.com.ar\/portalurbano\/wp-json\/wp\/v2\/posts\/148084"}],"collection":[{"href":"https:\/\/experienciadevida.com.ar\/portalurbano\/wp-json\/wp\/v2\/posts"}],"about":[{"href":"https:\/\/experienciadevida.com.ar\/portalurbano\/wp-json\/wp\/v2\/types\/post"}],"author":[{"embeddable":true,"href":"https:\/\/experienciadevida.com.ar\/portalurbano\/wp-json\/wp\/v2\/users\/1"}],"replies":[{"embeddable":true,"href":"https:\/\/experienciadevida.com.ar\/portalurbano\/wp-json\/wp\/v2\/comments?post=148084"}],"version-history":[{"count":1,"href":"https:\/\/experienciadevida.com.ar\/portalurbano\/wp-json\/wp\/v2\/posts\/148084\/revisions"}],"predecessor-version":[{"id":148086,"href":"https:\/\/experienciadevida.com.ar\/portalurbano\/wp-json\/wp\/v2\/posts\/148084\/revisions\/148086"}],"wp:featuredmedia":[{"embeddable":true,"href":"https:\/\/experienciadevida.com.ar\/portalurbano\/wp-json\/wp\/v2\/media\/148085"}],"wp:attachment":[{"href":"https:\/\/experienciadevida.com.ar\/portalurbano\/wp-json\/wp\/v2\/media?parent=148084"}],"wp:term":[{"taxonomy":"category","embeddable":true,"href":"https:\/\/experienciadevida.com.ar\/portalurbano\/wp-json\/wp\/v2\/categories?post=148084"},{"taxonomy":"post_tag","embeddable":true,"href":"https:\/\/experienciadevida.com.ar\/portalurbano\/wp-json\/wp\/v2\/tags?post=148084"}],"curies":[{"name":"wp","href":"https:\/\/api.w.org\/{rel}","templated":true}]}}