{"id":148046,"date":"2021-07-19T15:10:03","date_gmt":"2021-07-19T18:10:03","guid":{"rendered":"https:\/\/experienciadevida.com.ar\/portalurbano\/?p=148046"},"modified":"2021-07-19T15:13:46","modified_gmt":"2021-07-19T18:13:46","slug":"cronograma-de-talleres-y-actividades-recreativas-en-el-nido-de-villa-magdalena","status":"publish","type":"post","link":"https:\/\/experienciadevida.com.ar\/portalurbano\/cronograma-de-talleres-y-actividades-recreativas-en-el-nido-de-villa-magdalena\/","title":{"rendered":"Cronograma de talleres y actividades recreativas en el NIDO de Villa Magdalena"},"content":{"rendered":"<p>Cronograma de talleres y actividades recreativas en el NIDO de Villa Magdalena, el <a href=\"https:\/\/www.facebook.com\/Villa-Magdalena-Olavarria-595004257533397\">NIDO<\/a> (N\u00facleo de Innovaci\u00f3n y Desarrollo de Oportunidades) de Villa Magdalena, da a conocer su oferta de curso cuatrimestral y actividades deportivas \/ recreativas para esta segunda mitad del a\u00f1o, que se suman a los talleres anuales en desarrollo.<\/p>\n<p>La actividad cuatrimestral corresponde a un curso de operador de maquinaria Overlock, a llevarse a cabo los d\u00edas mi\u00e9rcoles a viernes de 14 a 17 horas.<\/p>\n<p>Asimismo prosiguen los siguientes talleres anuales:<\/p>\n<p>\u2013 Instalaci\u00f3n y soporte de sistemas inform\u00e1ticos (anual). Martes y jueves de 8 a 12 horas.<\/p>\n<p>\u2013 Peluquer\u00eda (anual). Lunes y martes de 13:30 a 15:00 horas.<\/p>\n<p>Cronograma de talleres y actividades recreativas en el NIDO de Villa Magdalena, Informes e inscripci\u00f3n en el Centro de Formaci\u00f3n Profesional N\u00ba 401, Av. Brown N\u00ba 3000 esq. Dorrego, Tel. 421750.<\/p>\n<p>Por \u00faltimo, contin\u00faa la Escuela de Terminalidad Primaria N\u00ba 715, lunes y mi\u00e9rcoles de 13 a 16 horas y martes y jueves de 17:30 a 20:30 horas. Informes e inscripci\u00f3n en la Direcci\u00f3n de Educaci\u00f3n Primaria de J\u00f3venes y Adultos, Cel. 464249.<\/p>\n<p>Por otro lado, el calendario de actividades deportivas \/ recreativas incluye Zumba \u2013 lunes y mi\u00e9rcoles de 15 a 16 horas \u2013 y Gimnasia art\u00edstica para ni\u00f1as \u2013 lunes y mi\u00e9rcoles de 16 a 17 horas -.<\/p>\n<p>En este caso, por informes e inscripci\u00f3n comunicarse con la Subsecretar\u00eda de deportes y recreaci\u00f3n, Coronel Su\u00e1rez 2924, Tel. 427180.<\/p>\n<p>Por consultas, comunicarse con la Subsecretar\u00eda de Desarrollo Social (cel. 2284-699644).<\/p>\n<p>Se recuerda que la sede del NIDO se encuentra ubicada en Necochea 6030, tel. 429119.<\/p>\n","protected":false},"excerpt":{"rendered":"<p>Cronograma de talleres y actividades recreativas en el NIDO de Villa Magdalena, el NIDO (N\u00facleo&#8230;<\/p>\n","protected":false},"author":1,"featured_media":148047,"comment_status":"closed","ping_status":"closed","sticky":false,"template":"","format":"standard","meta":{"content-type":""},"categories":[27,64],"tags":[],"nelio_content":{"isAutoShareEnabled":false,"autoShareEndMode":"default","automationSources":{"useContentSentences":true,"useSocialTemplates":true,"useCustomSentences":false,"customSentences":[]},"followers":[1],"suggestedReferences":[],"includedReferences":[],"efiUrl":"","efiAlt":"","highlights":[]},"yoast_head":"<!-- This site is optimized with the Yoast SEO plugin v20.7 - https:\/\/yoast.com\/wordpress\/plugins\/seo\/ -->\n<title>Cronograma de talleres y actividades recreativas en el NIDO de Villa<\/title>\n<meta name=\"description\" content=\"Cronograma de talleres y actividades recreativas en el NIDO de Villa Magdalena, el NIDO (N\u00facleo de Innovaci\u00f3n y Desarrollo de Oportunidades)\" \/>\n<meta name=\"robots\" content=\"index, follow, max-snippet:-1, max-image-preview:large, max-video-preview:-1\" \/>\n<link rel=\"canonical\" href=\"https:\/\/experienciadevida.com.ar\/portalurbano\/cronograma-de-talleres-y-actividades-recreativas-en-el-nido-de-villa-magdalena\/\" \/>\n<meta property=\"og:locale\" content=\"es_ES\" \/>\n<meta property=\"og:type\" content=\"article\" \/>\n<meta property=\"og:title\" content=\"Cronograma de talleres y actividades recreativas en el NIDO de Villa\" \/>\n<meta property=\"og:description\" content=\"Cronograma de talleres y actividades recreativas en el NIDO de Villa Magdalena, el NIDO (N\u00facleo de Innovaci\u00f3n y Desarrollo de Oportunidades)\" \/>\n<meta property=\"og:url\" content=\"https:\/\/experienciadevida.com.ar\/portalurbano\/cronograma-de-talleres-y-actividades-recreativas-en-el-nido-de-villa-magdalena\/\" \/>\n<meta property=\"article:publisher\" content=\"https:\/\/www.facebook.com\/Portal-Urbano-171542830093757\/\" \/>\n<meta property=\"article:published_time\" content=\"2021-07-19T18:10:03+00:00\" \/>\n<meta property=\"article:modified_time\" content=\"2021-07-19T18:13:46+00:00\" \/>\n<meta property=\"og:image\" content=\"https:\/\/experienciadevida.com.ar\/portalurbano\/wp-content\/uploads\/2021\/07\/Cronograma-de-talleres-y-actividades.jpg\" \/>\n\t<meta property=\"og:image:width\" content=\"1024\" \/>\n\t<meta property=\"og:image:height\" content=\"683\" \/>\n\t<meta property=\"og:image:type\" content=\"image\/jpeg\" \/>\n<meta name=\"author\" content=\"admpu17wp\" \/>\n<meta name=\"twitter:card\" content=\"summary_large_image\" \/>\n<meta name=\"twitter:creator\" content=\"@portalurbanook\" \/>\n<meta name=\"twitter:site\" content=\"@portalurbanook\" \/>\n<meta name=\"twitter:label1\" content=\"Escrito por\" \/>\n\t<meta name=\"twitter:data1\" content=\"admpu17wp\" \/>\n\t<meta name=\"twitter:label2\" content=\"Tiempo de lectura\" \/>\n\t<meta name=\"twitter:data2\" content=\"2 minutos\" \/>\n<script type=\"application\/ld+json\" class=\"yoast-schema-graph\">{\"@context\":\"https:\/\/schema.org\",\"@graph\":[{\"@type\":\"Article\",\"@id\":\"https:\/\/experienciadevida.com.ar\/portalurbano\/cronograma-de-talleres-y-actividades-recreativas-en-el-nido-de-villa-magdalena\/#article\",\"isPartOf\":{\"@id\":\"https:\/\/experienciadevida.com.ar\/portalurbano\/cronograma-de-talleres-y-actividades-recreativas-en-el-nido-de-villa-magdalena\/\"},\"author\":{\"name\":\"admpu17wp\",\"@id\":\"https:\/\/experienciadevida.com.ar\/portalurbano\/#\/schema\/person\/02dd326b1c4b056e9cc972486934a3a7\"},\"headline\":\"Cronograma de talleres y actividades recreativas en el NIDO de Villa Magdalena\",\"datePublished\":\"2021-07-19T18:10:03+00:00\",\"dateModified\":\"2021-07-19T18:13:46+00:00\",\"mainEntityOfPage\":{\"@id\":\"https:\/\/experienciadevida.com.ar\/portalurbano\/cronograma-de-talleres-y-actividades-recreativas-en-el-nido-de-villa-magdalena\/\"},\"wordCount\":274,\"publisher\":{\"@id\":\"https:\/\/experienciadevida.com.ar\/portalurbano\/#organization\"},\"articleSection\":[\"Ciudad\",\"Destacadas 2\"],\"inLanguage\":\"es\"},{\"@type\":\"WebPage\",\"@id\":\"https:\/\/experienciadevida.com.ar\/portalurbano\/cronograma-de-talleres-y-actividades-recreativas-en-el-nido-de-villa-magdalena\/\",\"url\":\"https:\/\/experienciadevida.com.ar\/portalurbano\/cronograma-de-talleres-y-actividades-recreativas-en-el-nido-de-villa-magdalena\/\",\"name\":\"Cronograma de talleres y actividades recreativas en el NIDO de Villa\",\"isPartOf\":{\"@id\":\"https:\/\/experienciadevida.com.ar\/portalurbano\/#website\"},\"datePublished\":\"2021-07-19T18:10:03+00:00\",\"dateModified\":\"2021-07-19T18:13:46+00:00\",\"description\":\"Cronograma de talleres y actividades recreativas en el NIDO de Villa Magdalena, el NIDO (N\u00facleo de Innovaci\u00f3n y Desarrollo de Oportunidades)\",\"breadcrumb\":{\"@id\":\"https:\/\/experienciadevida.com.ar\/portalurbano\/cronograma-de-talleres-y-actividades-recreativas-en-el-nido-de-villa-magdalena\/#breadcrumb\"},\"inLanguage\":\"es\",\"potentialAction\":[{\"@type\":\"ReadAction\",\"target\":[\"https:\/\/experienciadevida.com.ar\/portalurbano\/cronograma-de-talleres-y-actividades-recreativas-en-el-nido-de-villa-magdalena\/\"]}]},{\"@type\":\"BreadcrumbList\",\"@id\":\"https:\/\/experienciadevida.com.ar\/portalurbano\/cronograma-de-talleres-y-actividades-recreativas-en-el-nido-de-villa-magdalena\/#breadcrumb\",\"itemListElement\":[{\"@type\":\"ListItem\",\"position\":1,\"name\":\"Portada\",\"item\":\"https:\/\/experienciadevida.com.ar\/portalurbano\/\"},{\"@type\":\"ListItem\",\"position\":2,\"name\":\"Cronograma de talleres y actividades recreativas en el NIDO de Villa Magdalena\"}]},{\"@type\":\"WebSite\",\"@id\":\"https:\/\/experienciadevida.com.ar\/portalurbano\/#website\",\"url\":\"https:\/\/experienciadevida.com.ar\/portalurbano\/\",\"name\":\"\",\"description\":\"\",\"publisher\":{\"@id\":\"https:\/\/experienciadevida.com.ar\/portalurbano\/#organization\"},\"potentialAction\":[{\"@type\":\"SearchAction\",\"target\":{\"@type\":\"EntryPoint\",\"urlTemplate\":\"https:\/\/experienciadevida.com.ar\/portalurbano\/?s={search_term_string}\"},\"query-input\":\"required name=search_term_string\"}],\"inLanguage\":\"es\"},{\"@type\":\"Organization\",\"@id\":\"https:\/\/experienciadevida.com.ar\/portalurbano\/#organization\",\"name\":\"Portal Urbano\",\"url\":\"https:\/\/experienciadevida.com.ar\/portalurbano\/\",\"logo\":{\"@type\":\"ImageObject\",\"inLanguage\":\"es\",\"@id\":\"https:\/\/experienciadevida.com.ar\/portalurbano\/#\/schema\/logo\/image\/\",\"url\":\"https:\/\/experienciadevida.com.ar\/portalurbano\/wp-content\/uploads\/2019\/09\/Logo-Original.png\",\"contentUrl\":\"https:\/\/experienciadevida.com.ar\/portalurbano\/wp-content\/uploads\/2019\/09\/Logo-Original.png\",\"width\":2236,\"height\":1216,\"caption\":\"Portal Urbano\"},\"image\":{\"@id\":\"https:\/\/experienciadevida.com.ar\/portalurbano\/#\/schema\/logo\/image\/\"},\"sameAs\":[\"https:\/\/www.facebook.com\/Portal-Urbano-171542830093757\/\",\"https:\/\/twitter.com\/portalurbanook\",\"https:\/\/www.instagram.com\/_portalurbano\/\",\"https:\/\/www.youtube.com\/channel\/UCXhagIfszH8KxFiOok79zbA?view_as=subscriber\"]},{\"@type\":\"Person\",\"@id\":\"https:\/\/experienciadevida.com.ar\/portalurbano\/#\/schema\/person\/02dd326b1c4b056e9cc972486934a3a7\",\"name\":\"admpu17wp\",\"image\":{\"@type\":\"ImageObject\",\"inLanguage\":\"es\",\"@id\":\"https:\/\/experienciadevida.com.ar\/portalurbano\/#\/schema\/person\/image\/\",\"url\":\"https:\/\/secure.gravatar.com\/avatar\/830d4c57adaae6630765e449a6908047?s=96&d=mm&r=g\",\"contentUrl\":\"https:\/\/secure.gravatar.com\/avatar\/830d4c57adaae6630765e449a6908047?s=96&d=mm&r=g\",\"caption\":\"admpu17wp\"}}]}<\/script>\n<!-- \/ Yoast SEO plugin. -->","yoast_head_json":{"title":"Cronograma de talleres y actividades recreativas en el NIDO de Villa","description":"Cronograma de talleres y actividades recreativas en el NIDO de Villa Magdalena, el NIDO (N\u00facleo de Innovaci\u00f3n y Desarrollo de Oportunidades)","robots":{"index":"index","follow":"follow","max-snippet":"max-snippet:-1","max-image-preview":"max-image-preview:large","max-video-preview":"max-video-preview:-1"},"canonical":"https:\/\/experienciadevida.com.ar\/portalurbano\/cronograma-de-talleres-y-actividades-recreativas-en-el-nido-de-villa-magdalena\/","og_locale":"es_ES","og_type":"article","og_title":"Cronograma de talleres y actividades recreativas en el NIDO de Villa","og_description":"Cronograma de talleres y actividades recreativas en el NIDO de Villa Magdalena, el NIDO (N\u00facleo de Innovaci\u00f3n y Desarrollo de Oportunidades)","og_url":"https:\/\/experienciadevida.com.ar\/portalurbano\/cronograma-de-talleres-y-actividades-recreativas-en-el-nido-de-villa-magdalena\/","article_publisher":"https:\/\/www.facebook.com\/Portal-Urbano-171542830093757\/","article_published_time":"2021-07-19T18:10:03+00:00","article_modified_time":"2021-07-19T18:13:46+00:00","og_image":[{"width":1024,"height":683,"url":"https:\/\/experienciadevida.com.ar\/portalurbano\/wp-content\/uploads\/2021\/07\/Cronograma-de-talleres-y-actividades.jpg","type":"image\/jpeg"}],"author":"admpu17wp","twitter_card":"summary_large_image","twitter_creator":"@portalurbanook","twitter_site":"@portalurbanook","twitter_misc":{"Escrito por":"admpu17wp","Tiempo de lectura":"2 minutos"},"schema":{"@context":"https:\/\/schema.org","@graph":[{"@type":"Article","@id":"https:\/\/experienciadevida.com.ar\/portalurbano\/cronograma-de-talleres-y-actividades-recreativas-en-el-nido-de-villa-magdalena\/#article","isPartOf":{"@id":"https:\/\/experienciadevida.com.ar\/portalurbano\/cronograma-de-talleres-y-actividades-recreativas-en-el-nido-de-villa-magdalena\/"},"author":{"name":"admpu17wp","@id":"https:\/\/experienciadevida.com.ar\/portalurbano\/#\/schema\/person\/02dd326b1c4b056e9cc972486934a3a7"},"headline":"Cronograma de talleres y actividades recreativas en el NIDO de Villa Magdalena","datePublished":"2021-07-19T18:10:03+00:00","dateModified":"2021-07-19T18:13:46+00:00","mainEntityOfPage":{"@id":"https:\/\/experienciadevida.com.ar\/portalurbano\/cronograma-de-talleres-y-actividades-recreativas-en-el-nido-de-villa-magdalena\/"},"wordCount":274,"publisher":{"@id":"https:\/\/experienciadevida.com.ar\/portalurbano\/#organization"},"articleSection":["Ciudad","Destacadas 2"],"inLanguage":"es"},{"@type":"WebPage","@id":"https:\/\/experienciadevida.com.ar\/portalurbano\/cronograma-de-talleres-y-actividades-recreativas-en-el-nido-de-villa-magdalena\/","url":"https:\/\/experienciadevida.com.ar\/portalurbano\/cronograma-de-talleres-y-actividades-recreativas-en-el-nido-de-villa-magdalena\/","name":"Cronograma de talleres y actividades recreativas en el NIDO de Villa","isPartOf":{"@id":"https:\/\/experienciadevida.com.ar\/portalurbano\/#website"},"datePublished":"2021-07-19T18:10:03+00:00","dateModified":"2021-07-19T18:13:46+00:00","description":"Cronograma de talleres y actividades recreativas en el NIDO de Villa Magdalena, el NIDO (N\u00facleo de Innovaci\u00f3n y Desarrollo de Oportunidades)","breadcrumb":{"@id":"https:\/\/experienciadevida.com.ar\/portalurbano\/cronograma-de-talleres-y-actividades-recreativas-en-el-nido-de-villa-magdalena\/#breadcrumb"},"inLanguage":"es","potentialAction":[{"@type":"ReadAction","target":["https:\/\/experienciadevida.com.ar\/portalurbano\/cronograma-de-talleres-y-actividades-recreativas-en-el-nido-de-villa-magdalena\/"]}]},{"@type":"BreadcrumbList","@id":"https:\/\/experienciadevida.com.ar\/portalurbano\/cronograma-de-talleres-y-actividades-recreativas-en-el-nido-de-villa-magdalena\/#breadcrumb","itemListElement":[{"@type":"ListItem","position":1,"name":"Portada","item":"https:\/\/experienciadevida.com.ar\/portalurbano\/"},{"@type":"ListItem","position":2,"name":"Cronograma de talleres y actividades recreativas en el NIDO de Villa Magdalena"}]},{"@type":"WebSite","@id":"https:\/\/experienciadevida.com.ar\/portalurbano\/#website","url":"https:\/\/experienciadevida.com.ar\/portalurbano\/","name":"","description":"","publisher":{"@id":"https:\/\/experienciadevida.com.ar\/portalurbano\/#organization"},"potentialAction":[{"@type":"SearchAction","target":{"@type":"EntryPoint","urlTemplate":"https:\/\/experienciadevida.com.ar\/portalurbano\/?s={search_term_string}"},"query-input":"required name=search_term_string"}],"inLanguage":"es"},{"@type":"Organization","@id":"https:\/\/experienciadevida.com.ar\/portalurbano\/#organization","name":"Portal Urbano","url":"https:\/\/experienciadevida.com.ar\/portalurbano\/","logo":{"@type":"ImageObject","inLanguage":"es","@id":"https:\/\/experienciadevida.com.ar\/portalurbano\/#\/schema\/logo\/image\/","url":"https:\/\/experienciadevida.com.ar\/portalurbano\/wp-content\/uploads\/2019\/09\/Logo-Original.png","contentUrl":"https:\/\/experienciadevida.com.ar\/portalurbano\/wp-content\/uploads\/2019\/09\/Logo-Original.png","width":2236,"height":1216,"caption":"Portal Urbano"},"image":{"@id":"https:\/\/experienciadevida.com.ar\/portalurbano\/#\/schema\/logo\/image\/"},"sameAs":["https:\/\/www.facebook.com\/Portal-Urbano-171542830093757\/","https:\/\/twitter.com\/portalurbanook","https:\/\/www.instagram.com\/_portalurbano\/","https:\/\/www.youtube.com\/channel\/UCXhagIfszH8KxFiOok79zbA?view_as=subscriber"]},{"@type":"Person","@id":"https:\/\/experienciadevida.com.ar\/portalurbano\/#\/schema\/person\/02dd326b1c4b056e9cc972486934a3a7","name":"admpu17wp","image":{"@type":"ImageObject","inLanguage":"es","@id":"https:\/\/experienciadevida.com.ar\/portalurbano\/#\/schema\/person\/image\/","url":"https:\/\/secure.gravatar.com\/avatar\/830d4c57adaae6630765e449a6908047?s=96&d=mm&r=g","contentUrl":"https:\/\/secure.gravatar.com\/avatar\/830d4c57adaae6630765e449a6908047?s=96&d=mm&r=g","caption":"admpu17wp"}}]}},"featured_image_urls":{"full":["https:\/\/experienciadevida.com.ar\/portalurbano\/wp-content\/uploads\/2021\/07\/Cronograma-de-talleres-y-actividades.jpg",1024,683,false],"thumbnail":["https:\/\/experienciadevida.com.ar\/portalurbano\/wp-content\/uploads\/2021\/07\/Cronograma-de-talleres-y-actividades-150x150.jpg",150,150,true],"medium":["https:\/\/experienciadevida.com.ar\/portalurbano\/wp-content\/uploads\/2021\/07\/Cronograma-de-talleres-y-actividades-300x200.jpg",300,200,true],"medium_large":["https:\/\/experienciadevida.com.ar\/portalurbano\/wp-content\/uploads\/2021\/07\/Cronograma-de-talleres-y-actividades-768x512.jpg",640,427,true],"large":["https:\/\/experienciadevida.com.ar\/portalurbano\/wp-content\/uploads\/2021\/07\/Cronograma-de-talleres-y-actividades.jpg",640,427,false],"ug_big":["https:\/\/experienciadevida.com.ar\/portalurbano\/wp-content\/uploads\/2021\/07\/Cronograma-de-talleres-y-actividades-768x512.jpg",768,512,true],"1536x1536":["https:\/\/experienciadevida.com.ar\/portalurbano\/wp-content\/uploads\/2021\/07\/Cronograma-de-talleres-y-actividades.jpg",1024,683,false],"2048x2048":["https:\/\/experienciadevida.com.ar\/portalurbano\/wp-content\/uploads\/2021\/07\/Cronograma-de-talleres-y-actividades.jpg",1024,683,false],"newsever-slider-full":["https:\/\/experienciadevida.com.ar\/portalurbano\/wp-content\/uploads\/2021\/07\/Cronograma-de-talleres-y-actividades.jpg",1024,683,false],"newsever-featured":["https:\/\/experienciadevida.com.ar\/portalurbano\/wp-content\/uploads\/2021\/07\/Cronograma-de-talleres-y-actividades.jpg",1024,683,false],"newsever-medium":["https:\/\/experienciadevida.com.ar\/portalurbano\/wp-content\/uploads\/2021\/07\/Cronograma-de-talleres-y-actividades.jpg",712,475,false],"web-stories-poster-portrait":["https:\/\/experienciadevida.com.ar\/portalurbano\/wp-content\/uploads\/2021\/07\/Cronograma-de-talleres-y-actividades.jpg",640,427,false],"web-stories-publisher-logo":["https:\/\/experienciadevida.com.ar\/portalurbano\/wp-content\/uploads\/2021\/07\/Cronograma-de-talleres-y-actividades.jpg",96,64,false],"web-stories-thumbnail":["https:\/\/experienciadevida.com.ar\/portalurbano\/wp-content\/uploads\/2021\/07\/Cronograma-de-talleres-y-actividades.jpg",150,100,false]},"author_info":{"display_name":"admpu17wp","author_link":"https:\/\/experienciadevida.com.ar\/portalurbano\/author\/admpu17wp\/"},"category_info":"<a href=\"https:\/\/experienciadevida.com.ar\/portalurbano\/category\/ciudad\/\" rel=\"category tag\">Ciudad<\/a> <a href=\"https:\/\/experienciadevida.com.ar\/portalurbano\/category\/destacadas-2\/\" rel=\"category tag\">Destacadas 2<\/a>","tag_info":"Destacadas 2","comment_count":"0","amp_enabled":true,"_links":{"self":[{"href":"https:\/\/experienciadevida.com.ar\/portalurbano\/wp-json\/wp\/v2\/posts\/148046"}],"collection":[{"href":"https:\/\/experienciadevida.com.ar\/portalurbano\/wp-json\/wp\/v2\/posts"}],"about":[{"href":"https:\/\/experienciadevida.com.ar\/portalurbano\/wp-json\/wp\/v2\/types\/post"}],"author":[{"embeddable":true,"href":"https:\/\/experienciadevida.com.ar\/portalurbano\/wp-json\/wp\/v2\/users\/1"}],"replies":[{"embeddable":true,"href":"https:\/\/experienciadevida.com.ar\/portalurbano\/wp-json\/wp\/v2\/comments?post=148046"}],"version-history":[{"count":3,"href":"https:\/\/experienciadevida.com.ar\/portalurbano\/wp-json\/wp\/v2\/posts\/148046\/revisions"}],"predecessor-version":[{"id":148050,"href":"https:\/\/experienciadevida.com.ar\/portalurbano\/wp-json\/wp\/v2\/posts\/148046\/revisions\/148050"}],"wp:featuredmedia":[{"embeddable":true,"href":"https:\/\/experienciadevida.com.ar\/portalurbano\/wp-json\/wp\/v2\/media\/148047"}],"wp:attachment":[{"href":"https:\/\/experienciadevida.com.ar\/portalurbano\/wp-json\/wp\/v2\/media?parent=148046"}],"wp:term":[{"taxonomy":"category","embeddable":true,"href":"https:\/\/experienciadevida.com.ar\/portalurbano\/wp-json\/wp\/v2\/categories?post=148046"},{"taxonomy":"post_tag","embeddable":true,"href":"https:\/\/experienciadevida.com.ar\/portalurbano\/wp-json\/wp\/v2\/tags?post=148046"}],"curies":[{"name":"wp","href":"https:\/\/api.w.org\/{rel}","templated":true}]}}