{"id":147873,"date":"2021-07-16T16:23:32","date_gmt":"2021-07-16T19:23:32","guid":{"rendered":"https:\/\/experienciadevida.com.ar\/portalurbano\/?p=147873"},"modified":"2021-07-16T16:26:09","modified_gmt":"2021-07-16T19:26:09","slug":"quedo-inaugurado-el-espacio-de-cultivos-de-cannabis-en-el-campus-universitario","status":"publish","type":"post","link":"https:\/\/experienciadevida.com.ar\/portalurbano\/quedo-inaugurado-el-espacio-de-cultivos-de-cannabis-en-el-campus-universitario\/","title":{"rendered":"Qued\u00f3 inaugurado el espacio de cultivos de cannabis en el Campus Universitario"},"content":{"rendered":"<p>Qued\u00f3 inaugurado el espacio de cultivos de cannabis en el Campus Universitario, en el acto estuvieron referentes de las instituciones que impulsaron la iniciativa: la Facultad de Ciencias Sociales, la Facultad de Ingenier\u00eda, la Cl\u00ednica Mar\u00eda Auxiliadora y Cannabis Activa. El nuevo espacio forma parte del proyecto \u201cUniversidad y Cannabis\u201d.<\/p>\n<p>Este viernes fue inaugurado el primer espacio de cultivos de cannabis de la UNICEN, que se encuentra ubicado en el Campus Universitario de Olavarr\u00eda. La iniciativa surge de un trabajo en conjunto por parte de la Facultad de Ciencias Sociales, la Facultad de Ingenier\u00eda, la Cl\u00ednica Mar\u00eda Auxiliadora y Cannabis Activa.<\/p>\n<p>En el acto estuvieron presentes los referentes del proyecto \u201cUniversidad y Cannabis\u201d, el Dr. Gast\u00f3n Barreto (FIO-UNICEN), el Dr. Marcelo Sarlingo (<a href=\"https:\/\/www.facebook.com\/facultadcienciassociales.unicen\">FACSO<\/a>&#8211;<a href=\"https:\/\/www.facebook.com\/FIO.UNICEN\">UNICEN<\/a>), Emilio Hurtado por Cannabis Activa y el Dr. Enrique Bintana (Cl\u00ednica Mar\u00eda Auxiliadora), quienes realizaron el corte de cintas y posteriormente realizaron una recorrida por el interior de las instalaciones. Participaron adem\u00e1s la decana de la Facultad de Ciencias Sociales, Lic. Gabriela Gamberini; el Secretario de Extensi\u00f3n, Bienestar y Transferencia de la FACSO, Lic. Nicol\u00e1s Casado.<\/p>\n<p>Qued\u00f3 inaugurado el espacio de cultivos, En el concurrido acto participaron tambi\u00e9n concejales del Honorable Concejo Deliberante, donde funciona la Mesa Local por el cannabis medicinal, que integran tambi\u00e9n investigadores de la FACSO.<\/p>\n<p>El proyecto \u201cCannabis Sativa L: obtenci\u00f3n y caracterizaci\u00f3n de derivados para uso terap\u00e9utico generados a partir de la construcci\u00f3n cultural de saberes populares\u201d fue aprobado por la Secretar\u00eda de Ciencia y Tecnolog\u00eda de la UNICEN.<\/p>\n<p>La decana de la Facultad de Ingenier\u00eda, Ing. Mar\u00eda Peralta, estac\u00f3 el trabajo en conjunto logrado entre las distintas entidades y manifest\u00f3 que \u201cesto demuestra que este es un servicio que la Universidad tiene que brindar, para eso est\u00e1 la universidad, para atender y para mejorar calidad de vida de la gente\u201d.<\/p>\n<p>Por su parte, el Dr. Barreto dio cuenta de c\u00f3mo se gest\u00f3 el proyecto y c\u00f3mo se acerc\u00f3 al estudio del cannabis. \u201cEn 2016 hab\u00eda una necesidad de de poner sobre la mesa la discusi\u00f3n necesaria entre todas las instituciones p\u00fablicas y privadas para hablar de algo que ya ven\u00edamos viendo hacia tiempo en la sociedad y en el mundo\u201d, manifest\u00f3.<\/p>\n<p>Barreto agreg\u00f3 que \u201clo simb\u00f3lico de este espacio son las instituciones que enmarcan este proyecto. Viene a plantar una l\u00f3gica de construcci\u00f3n din\u00e1mica, interdisciplinaria, que necesita de muchos actores que puedan pesar a esto como una clave productiva que se d\u00e9 de ac\u00e1 en m\u00e1s\u201d.<\/p>\n<p>\u201cLa ciudad tiene cuestiones t\u00e9cnicas, un laboratorio de producci\u00f3n de medicamentos, apoyo pol\u00edtico y profesionales de la salud investigadores\u201d que se convierten en las condiciones necesarias para avanzar hacia la producci\u00f3n y acceso al cannabis medicinal, plante\u00f3.<\/p>\n<p><a href=\"https:\/\/experienciadevida.com.ar\/portalurbano\/quedo-inaugurado-el-espacio-de-cultivos-de-cannabis-en-el-campus-universitario\/quedo-inaugurado\/\" rel=\"attachment wp-att-147877\"><img decoding=\"async\" class=\"alignnone size-large wp-image-147877\" src=\"https:\/\/experienciadevida.com.ar\/portalurbano\/wp-content\/uploads\/2021\/07\/Quedo-inaugurado-1024x621.jpg\" alt=\"Qued\u00f3 inaugurado \" width=\"900\" height=\"546\" srcset=\"https:\/\/experienciadevida.com.ar\/portalurbano\/wp-content\/uploads\/2021\/07\/Quedo-inaugurado-1024x621.jpg 1024w, https:\/\/experienciadevida.com.ar\/portalurbano\/wp-content\/uploads\/2021\/07\/Quedo-inaugurado-300x182.jpg 300w, https:\/\/experienciadevida.com.ar\/portalurbano\/wp-content\/uploads\/2021\/07\/Quedo-inaugurado-768x465.jpg 768w, https:\/\/experienciadevida.com.ar\/portalurbano\/wp-content\/uploads\/2021\/07\/Quedo-inaugurado.jpg 1500w\" sizes=\"(max-width: 900px) 100vw, 900px\" \/><\/a><\/p>\n","protected":false},"excerpt":{"rendered":"<p>Qued\u00f3 inaugurado el espacio de cultivos de cannabis en el Campus Universitario, en el acto&#8230;<\/p>\n","protected":false},"author":1,"featured_media":147874,"comment_status":"closed","ping_status":"closed","sticky":false,"template":"","format":"standard","meta":{"content-type":""},"categories":[27,64],"tags":[],"nelio_content":{"isAutoShareEnabled":false,"autoShareEndMode":"default","automationSources":{"useContentSentences":true,"useSocialTemplates":true,"useCustomSentences":false,"customSentences":[]},"followers":[1],"suggestedReferences":[],"includedReferences":[],"efiUrl":"","efiAlt":"","highlights":[]},"yoast_head":"<!-- This site is optimized with the Yoast SEO plugin v20.7 - https:\/\/yoast.com\/wordpress\/plugins\/seo\/ -->\n<title>Qued\u00f3 inaugurado el espacio de cultivos de cannabis en el campus<\/title>\n<meta name=\"description\" content=\"Qued\u00f3 inaugurado el espacio de cultivos de cannabis en el Campus Universitario, en el acto estuvieron referentes de las instituciones\" \/>\n<meta name=\"robots\" content=\"index, follow, max-snippet:-1, max-image-preview:large, max-video-preview:-1\" \/>\n<link rel=\"canonical\" href=\"https:\/\/experienciadevida.com.ar\/portalurbano\/quedo-inaugurado-el-espacio-de-cultivos-de-cannabis-en-el-campus-universitario\/\" \/>\n<meta property=\"og:locale\" content=\"es_ES\" \/>\n<meta property=\"og:type\" content=\"article\" \/>\n<meta property=\"og:title\" content=\"Qued\u00f3 inaugurado el espacio de cultivos de cannabis en el campus\" \/>\n<meta property=\"og:description\" content=\"Qued\u00f3 inaugurado el espacio de cultivos de cannabis en el Campus Universitario, en el acto estuvieron referentes de las instituciones\" \/>\n<meta property=\"og:url\" content=\"https:\/\/experienciadevida.com.ar\/portalurbano\/quedo-inaugurado-el-espacio-de-cultivos-de-cannabis-en-el-campus-universitario\/\" \/>\n<meta property=\"article:publisher\" content=\"https:\/\/www.facebook.com\/Portal-Urbano-171542830093757\/\" \/>\n<meta property=\"article:published_time\" content=\"2021-07-16T19:23:32+00:00\" \/>\n<meta property=\"article:modified_time\" content=\"2021-07-16T19:26:09+00:00\" \/>\n<meta property=\"og:image\" content=\"https:\/\/experienciadevida.com.ar\/portalurbano\/wp-content\/uploads\/2021\/07\/Quedo-inaugurado-el-espacio-de.jpg\" \/>\n\t<meta property=\"og:image:width\" content=\"1500\" \/>\n\t<meta property=\"og:image:height\" content=\"1000\" \/>\n\t<meta property=\"og:image:type\" content=\"image\/jpeg\" \/>\n<meta name=\"author\" content=\"admpu17wp\" \/>\n<meta name=\"twitter:card\" content=\"summary_large_image\" \/>\n<meta name=\"twitter:creator\" content=\"@portalurbanook\" \/>\n<meta name=\"twitter:site\" content=\"@portalurbanook\" \/>\n<meta name=\"twitter:label1\" content=\"Escrito por\" \/>\n\t<meta name=\"twitter:data1\" content=\"admpu17wp\" \/>\n\t<meta name=\"twitter:label2\" content=\"Tiempo de lectura\" \/>\n\t<meta name=\"twitter:data2\" content=\"3 minutos\" \/>\n<script type=\"application\/ld+json\" class=\"yoast-schema-graph\">{\"@context\":\"https:\/\/schema.org\",\"@graph\":[{\"@type\":\"Article\",\"@id\":\"https:\/\/experienciadevida.com.ar\/portalurbano\/quedo-inaugurado-el-espacio-de-cultivos-de-cannabis-en-el-campus-universitario\/#article\",\"isPartOf\":{\"@id\":\"https:\/\/experienciadevida.com.ar\/portalurbano\/quedo-inaugurado-el-espacio-de-cultivos-de-cannabis-en-el-campus-universitario\/\"},\"author\":{\"name\":\"admpu17wp\",\"@id\":\"https:\/\/experienciadevida.com.ar\/portalurbano\/#\/schema\/person\/02dd326b1c4b056e9cc972486934a3a7\"},\"headline\":\"Qued\u00f3 inaugurado el espacio de cultivos de cannabis en el Campus Universitario\",\"datePublished\":\"2021-07-16T19:23:32+00:00\",\"dateModified\":\"2021-07-16T19:26:09+00:00\",\"mainEntityOfPage\":{\"@id\":\"https:\/\/experienciadevida.com.ar\/portalurbano\/quedo-inaugurado-el-espacio-de-cultivos-de-cannabis-en-el-campus-universitario\/\"},\"wordCount\":491,\"publisher\":{\"@id\":\"https:\/\/experienciadevida.com.ar\/portalurbano\/#organization\"},\"articleSection\":[\"Ciudad\",\"Destacadas 2\"],\"inLanguage\":\"es\"},{\"@type\":\"WebPage\",\"@id\":\"https:\/\/experienciadevida.com.ar\/portalurbano\/quedo-inaugurado-el-espacio-de-cultivos-de-cannabis-en-el-campus-universitario\/\",\"url\":\"https:\/\/experienciadevida.com.ar\/portalurbano\/quedo-inaugurado-el-espacio-de-cultivos-de-cannabis-en-el-campus-universitario\/\",\"name\":\"Qued\u00f3 inaugurado el espacio de cultivos de cannabis en el campus\",\"isPartOf\":{\"@id\":\"https:\/\/experienciadevida.com.ar\/portalurbano\/#website\"},\"datePublished\":\"2021-07-16T19:23:32+00:00\",\"dateModified\":\"2021-07-16T19:26:09+00:00\",\"description\":\"Qued\u00f3 inaugurado el espacio de cultivos de cannabis en el Campus Universitario, en el acto estuvieron referentes de las instituciones\",\"breadcrumb\":{\"@id\":\"https:\/\/experienciadevida.com.ar\/portalurbano\/quedo-inaugurado-el-espacio-de-cultivos-de-cannabis-en-el-campus-universitario\/#breadcrumb\"},\"inLanguage\":\"es\",\"potentialAction\":[{\"@type\":\"ReadAction\",\"target\":[\"https:\/\/experienciadevida.com.ar\/portalurbano\/quedo-inaugurado-el-espacio-de-cultivos-de-cannabis-en-el-campus-universitario\/\"]}]},{\"@type\":\"BreadcrumbList\",\"@id\":\"https:\/\/experienciadevida.com.ar\/portalurbano\/quedo-inaugurado-el-espacio-de-cultivos-de-cannabis-en-el-campus-universitario\/#breadcrumb\",\"itemListElement\":[{\"@type\":\"ListItem\",\"position\":1,\"name\":\"Portada\",\"item\":\"https:\/\/experienciadevida.com.ar\/portalurbano\/\"},{\"@type\":\"ListItem\",\"position\":2,\"name\":\"Qued\u00f3 inaugurado el espacio de cultivos de cannabis en el Campus Universitario\"}]},{\"@type\":\"WebSite\",\"@id\":\"https:\/\/experienciadevida.com.ar\/portalurbano\/#website\",\"url\":\"https:\/\/experienciadevida.com.ar\/portalurbano\/\",\"name\":\"\",\"description\":\"\",\"publisher\":{\"@id\":\"https:\/\/experienciadevida.com.ar\/portalurbano\/#organization\"},\"potentialAction\":[{\"@type\":\"SearchAction\",\"target\":{\"@type\":\"EntryPoint\",\"urlTemplate\":\"https:\/\/experienciadevida.com.ar\/portalurbano\/?s={search_term_string}\"},\"query-input\":\"required name=search_term_string\"}],\"inLanguage\":\"es\"},{\"@type\":\"Organization\",\"@id\":\"https:\/\/experienciadevida.com.ar\/portalurbano\/#organization\",\"name\":\"Portal Urbano\",\"url\":\"https:\/\/experienciadevida.com.ar\/portalurbano\/\",\"logo\":{\"@type\":\"ImageObject\",\"inLanguage\":\"es\",\"@id\":\"https:\/\/experienciadevida.com.ar\/portalurbano\/#\/schema\/logo\/image\/\",\"url\":\"https:\/\/experienciadevida.com.ar\/portalurbano\/wp-content\/uploads\/2019\/09\/Logo-Original.png\",\"contentUrl\":\"https:\/\/experienciadevida.com.ar\/portalurbano\/wp-content\/uploads\/2019\/09\/Logo-Original.png\",\"width\":2236,\"height\":1216,\"caption\":\"Portal Urbano\"},\"image\":{\"@id\":\"https:\/\/experienciadevida.com.ar\/portalurbano\/#\/schema\/logo\/image\/\"},\"sameAs\":[\"https:\/\/www.facebook.com\/Portal-Urbano-171542830093757\/\",\"https:\/\/twitter.com\/portalurbanook\",\"https:\/\/www.instagram.com\/_portalurbano\/\",\"https:\/\/www.youtube.com\/channel\/UCXhagIfszH8KxFiOok79zbA?view_as=subscriber\"]},{\"@type\":\"Person\",\"@id\":\"https:\/\/experienciadevida.com.ar\/portalurbano\/#\/schema\/person\/02dd326b1c4b056e9cc972486934a3a7\",\"name\":\"admpu17wp\",\"image\":{\"@type\":\"ImageObject\",\"inLanguage\":\"es\",\"@id\":\"https:\/\/experienciadevida.com.ar\/portalurbano\/#\/schema\/person\/image\/\",\"url\":\"https:\/\/secure.gravatar.com\/avatar\/830d4c57adaae6630765e449a6908047?s=96&d=mm&r=g\",\"contentUrl\":\"https:\/\/secure.gravatar.com\/avatar\/830d4c57adaae6630765e449a6908047?s=96&d=mm&r=g\",\"caption\":\"admpu17wp\"}}]}<\/script>\n<!-- \/ Yoast SEO plugin. -->","yoast_head_json":{"title":"Qued\u00f3 inaugurado el espacio de cultivos de cannabis en el campus","description":"Qued\u00f3 inaugurado el espacio de cultivos de cannabis en el Campus Universitario, en el acto estuvieron referentes de las instituciones","robots":{"index":"index","follow":"follow","max-snippet":"max-snippet:-1","max-image-preview":"max-image-preview:large","max-video-preview":"max-video-preview:-1"},"canonical":"https:\/\/experienciadevida.com.ar\/portalurbano\/quedo-inaugurado-el-espacio-de-cultivos-de-cannabis-en-el-campus-universitario\/","og_locale":"es_ES","og_type":"article","og_title":"Qued\u00f3 inaugurado el espacio de cultivos de cannabis en el campus","og_description":"Qued\u00f3 inaugurado el espacio de cultivos de cannabis en el Campus Universitario, en el acto estuvieron referentes de las instituciones","og_url":"https:\/\/experienciadevida.com.ar\/portalurbano\/quedo-inaugurado-el-espacio-de-cultivos-de-cannabis-en-el-campus-universitario\/","article_publisher":"https:\/\/www.facebook.com\/Portal-Urbano-171542830093757\/","article_published_time":"2021-07-16T19:23:32+00:00","article_modified_time":"2021-07-16T19:26:09+00:00","og_image":[{"width":1500,"height":1000,"url":"https:\/\/experienciadevida.com.ar\/portalurbano\/wp-content\/uploads\/2021\/07\/Quedo-inaugurado-el-espacio-de.jpg","type":"image\/jpeg"}],"author":"admpu17wp","twitter_card":"summary_large_image","twitter_creator":"@portalurbanook","twitter_site":"@portalurbanook","twitter_misc":{"Escrito por":"admpu17wp","Tiempo de lectura":"3 minutos"},"schema":{"@context":"https:\/\/schema.org","@graph":[{"@type":"Article","@id":"https:\/\/experienciadevida.com.ar\/portalurbano\/quedo-inaugurado-el-espacio-de-cultivos-de-cannabis-en-el-campus-universitario\/#article","isPartOf":{"@id":"https:\/\/experienciadevida.com.ar\/portalurbano\/quedo-inaugurado-el-espacio-de-cultivos-de-cannabis-en-el-campus-universitario\/"},"author":{"name":"admpu17wp","@id":"https:\/\/experienciadevida.com.ar\/portalurbano\/#\/schema\/person\/02dd326b1c4b056e9cc972486934a3a7"},"headline":"Qued\u00f3 inaugurado el espacio de cultivos de cannabis en el Campus Universitario","datePublished":"2021-07-16T19:23:32+00:00","dateModified":"2021-07-16T19:26:09+00:00","mainEntityOfPage":{"@id":"https:\/\/experienciadevida.com.ar\/portalurbano\/quedo-inaugurado-el-espacio-de-cultivos-de-cannabis-en-el-campus-universitario\/"},"wordCount":491,"publisher":{"@id":"https:\/\/experienciadevida.com.ar\/portalurbano\/#organization"},"articleSection":["Ciudad","Destacadas 2"],"inLanguage":"es"},{"@type":"WebPage","@id":"https:\/\/experienciadevida.com.ar\/portalurbano\/quedo-inaugurado-el-espacio-de-cultivos-de-cannabis-en-el-campus-universitario\/","url":"https:\/\/experienciadevida.com.ar\/portalurbano\/quedo-inaugurado-el-espacio-de-cultivos-de-cannabis-en-el-campus-universitario\/","name":"Qued\u00f3 inaugurado el espacio de cultivos de cannabis en el campus","isPartOf":{"@id":"https:\/\/experienciadevida.com.ar\/portalurbano\/#website"},"datePublished":"2021-07-16T19:23:32+00:00","dateModified":"2021-07-16T19:26:09+00:00","description":"Qued\u00f3 inaugurado el espacio de cultivos de cannabis en el Campus Universitario, en el acto estuvieron referentes de las instituciones","breadcrumb":{"@id":"https:\/\/experienciadevida.com.ar\/portalurbano\/quedo-inaugurado-el-espacio-de-cultivos-de-cannabis-en-el-campus-universitario\/#breadcrumb"},"inLanguage":"es","potentialAction":[{"@type":"ReadAction","target":["https:\/\/experienciadevida.com.ar\/portalurbano\/quedo-inaugurado-el-espacio-de-cultivos-de-cannabis-en-el-campus-universitario\/"]}]},{"@type":"BreadcrumbList","@id":"https:\/\/experienciadevida.com.ar\/portalurbano\/quedo-inaugurado-el-espacio-de-cultivos-de-cannabis-en-el-campus-universitario\/#breadcrumb","itemListElement":[{"@type":"ListItem","position":1,"name":"Portada","item":"https:\/\/experienciadevida.com.ar\/portalurbano\/"},{"@type":"ListItem","position":2,"name":"Qued\u00f3 inaugurado el espacio de cultivos de cannabis en el Campus Universitario"}]},{"@type":"WebSite","@id":"https:\/\/experienciadevida.com.ar\/portalurbano\/#website","url":"https:\/\/experienciadevida.com.ar\/portalurbano\/","name":"","description":"","publisher":{"@id":"https:\/\/experienciadevida.com.ar\/portalurbano\/#organization"},"potentialAction":[{"@type":"SearchAction","target":{"@type":"EntryPoint","urlTemplate":"https:\/\/experienciadevida.com.ar\/portalurbano\/?s={search_term_string}"},"query-input":"required name=search_term_string"}],"inLanguage":"es"},{"@type":"Organization","@id":"https:\/\/experienciadevida.com.ar\/portalurbano\/#organization","name":"Portal Urbano","url":"https:\/\/experienciadevida.com.ar\/portalurbano\/","logo":{"@type":"ImageObject","inLanguage":"es","@id":"https:\/\/experienciadevida.com.ar\/portalurbano\/#\/schema\/logo\/image\/","url":"https:\/\/experienciadevida.com.ar\/portalurbano\/wp-content\/uploads\/2019\/09\/Logo-Original.png","contentUrl":"https:\/\/experienciadevida.com.ar\/portalurbano\/wp-content\/uploads\/2019\/09\/Logo-Original.png","width":2236,"height":1216,"caption":"Portal Urbano"},"image":{"@id":"https:\/\/experienciadevida.com.ar\/portalurbano\/#\/schema\/logo\/image\/"},"sameAs":["https:\/\/www.facebook.com\/Portal-Urbano-171542830093757\/","https:\/\/twitter.com\/portalurbanook","https:\/\/www.instagram.com\/_portalurbano\/","https:\/\/www.youtube.com\/channel\/UCXhagIfszH8KxFiOok79zbA?view_as=subscriber"]},{"@type":"Person","@id":"https:\/\/experienciadevida.com.ar\/portalurbano\/#\/schema\/person\/02dd326b1c4b056e9cc972486934a3a7","name":"admpu17wp","image":{"@type":"ImageObject","inLanguage":"es","@id":"https:\/\/experienciadevida.com.ar\/portalurbano\/#\/schema\/person\/image\/","url":"https:\/\/secure.gravatar.com\/avatar\/830d4c57adaae6630765e449a6908047?s=96&d=mm&r=g","contentUrl":"https:\/\/secure.gravatar.com\/avatar\/830d4c57adaae6630765e449a6908047?s=96&d=mm&r=g","caption":"admpu17wp"}}]}},"featured_image_urls":{"full":["https:\/\/experienciadevida.com.ar\/portalurbano\/wp-content\/uploads\/2021\/07\/Quedo-inaugurado-el-espacio-de.jpg",1500,1000,false],"thumbnail":["https:\/\/experienciadevida.com.ar\/portalurbano\/wp-content\/uploads\/2021\/07\/Quedo-inaugurado-el-espacio-de-150x150.jpg",150,150,true],"medium":["https:\/\/experienciadevida.com.ar\/portalurbano\/wp-content\/uploads\/2021\/07\/Quedo-inaugurado-el-espacio-de-300x200.jpg",300,200,true],"medium_large":["https:\/\/experienciadevida.com.ar\/portalurbano\/wp-content\/uploads\/2021\/07\/Quedo-inaugurado-el-espacio-de-768x512.jpg",640,427,true],"large":["https:\/\/experienciadevida.com.ar\/portalurbano\/wp-content\/uploads\/2021\/07\/Quedo-inaugurado-el-espacio-de-1024x683.jpg",640,427,true],"ug_big":["https:\/\/experienciadevida.com.ar\/portalurbano\/wp-content\/uploads\/2021\/07\/Quedo-inaugurado-el-espacio-de-768x512.jpg",768,512,true],"1536x1536":["https:\/\/experienciadevida.com.ar\/portalurbano\/wp-content\/uploads\/2021\/07\/Quedo-inaugurado-el-espacio-de.jpg",1500,1000,false],"2048x2048":["https:\/\/experienciadevida.com.ar\/portalurbano\/wp-content\/uploads\/2021\/07\/Quedo-inaugurado-el-espacio-de.jpg",1500,1000,false],"newsever-slider-full":["https:\/\/experienciadevida.com.ar\/portalurbano\/wp-content\/uploads\/2021\/07\/Quedo-inaugurado-el-espacio-de.jpg",1268,845,false],"newsever-featured":["https:\/\/experienciadevida.com.ar\/portalurbano\/wp-content\/uploads\/2021\/07\/Quedo-inaugurado-el-espacio-de.jpg",1024,683,false],"newsever-medium":["https:\/\/experienciadevida.com.ar\/portalurbano\/wp-content\/uploads\/2021\/07\/Quedo-inaugurado-el-espacio-de.jpg",713,475,false],"web-stories-poster-portrait":["https:\/\/experienciadevida.com.ar\/portalurbano\/wp-content\/uploads\/2021\/07\/Quedo-inaugurado-el-espacio-de.jpg",640,427,false],"web-stories-publisher-logo":["https:\/\/experienciadevida.com.ar\/portalurbano\/wp-content\/uploads\/2021\/07\/Quedo-inaugurado-el-espacio-de.jpg",96,64,false],"web-stories-thumbnail":["https:\/\/experienciadevida.com.ar\/portalurbano\/wp-content\/uploads\/2021\/07\/Quedo-inaugurado-el-espacio-de.jpg",150,100,false]},"author_info":{"display_name":"admpu17wp","author_link":"https:\/\/experienciadevida.com.ar\/portalurbano\/author\/admpu17wp\/"},"category_info":"<a href=\"https:\/\/experienciadevida.com.ar\/portalurbano\/category\/ciudad\/\" rel=\"category tag\">Ciudad<\/a> <a href=\"https:\/\/experienciadevida.com.ar\/portalurbano\/category\/destacadas-2\/\" rel=\"category tag\">Destacadas 2<\/a>","tag_info":"Destacadas 2","comment_count":"0","amp_enabled":true,"_links":{"self":[{"href":"https:\/\/experienciadevida.com.ar\/portalurbano\/wp-json\/wp\/v2\/posts\/147873"}],"collection":[{"href":"https:\/\/experienciadevida.com.ar\/portalurbano\/wp-json\/wp\/v2\/posts"}],"about":[{"href":"https:\/\/experienciadevida.com.ar\/portalurbano\/wp-json\/wp\/v2\/types\/post"}],"author":[{"embeddable":true,"href":"https:\/\/experienciadevida.com.ar\/portalurbano\/wp-json\/wp\/v2\/users\/1"}],"replies":[{"embeddable":true,"href":"https:\/\/experienciadevida.com.ar\/portalurbano\/wp-json\/wp\/v2\/comments?post=147873"}],"version-history":[{"count":3,"href":"https:\/\/experienciadevida.com.ar\/portalurbano\/wp-json\/wp\/v2\/posts\/147873\/revisions"}],"predecessor-version":[{"id":147876,"href":"https:\/\/experienciadevida.com.ar\/portalurbano\/wp-json\/wp\/v2\/posts\/147873\/revisions\/147876"}],"wp:featuredmedia":[{"embeddable":true,"href":"https:\/\/experienciadevida.com.ar\/portalurbano\/wp-json\/wp\/v2\/media\/147874"}],"wp:attachment":[{"href":"https:\/\/experienciadevida.com.ar\/portalurbano\/wp-json\/wp\/v2\/media?parent=147873"}],"wp:term":[{"taxonomy":"category","embeddable":true,"href":"https:\/\/experienciadevida.com.ar\/portalurbano\/wp-json\/wp\/v2\/categories?post=147873"},{"taxonomy":"post_tag","embeddable":true,"href":"https:\/\/experienciadevida.com.ar\/portalurbano\/wp-json\/wp\/v2\/tags?post=147873"}],"curies":[{"name":"wp","href":"https:\/\/api.w.org\/{rel}","templated":true}]}}