{"id":147861,"date":"2021-07-16T14:51:04","date_gmt":"2021-07-16T17:51:04","guid":{"rendered":"https:\/\/experienciadevida.com.ar\/portalurbano\/?p=147861"},"modified":"2021-07-16T16:02:25","modified_gmt":"2021-07-16T19:02:25","slug":"avanzan-los-trabajos-de-mantenimiento-vial-en-la-ciudad","status":"publish","type":"post","link":"https:\/\/experienciadevida.com.ar\/portalurbano\/avanzan-los-trabajos-de-mantenimiento-vial-en-la-ciudad\/","title":{"rendered":"Avanzan los trabajos de mantenimiento vial en la ciudad"},"content":{"rendered":"<p>Avanzan los trabajos de mantenimiento vial en la ciudad, en el marco del programa estuvieron a cargo de personal de Control Urbano y de Obras P\u00fablicas de la Municipalidad.<\/p>\n<p>Entre las acciones enumeradas, se encuentra la reparaci\u00f3n y recolocaci\u00f3n de carteles nomencladores y de sentido de circulaci\u00f3n de calles, como as\u00ed tambi\u00e9n de se\u00f1al\u00e9tica de tipo indicativa, informativa y reglamentaria, a modo general.<\/p>\n<p>Mientras que a nivel espec\u00edfico, se llev\u00f3 adelante la construcci\u00f3n de lomadas en las localidades de Hinojo y Sierras Bayas, con la finalidad de disminuir la velocidad de circulaci\u00f3n.<\/p>\n<p>Avanzan los trabajos de mantenimiento vial en la ciudad, Con la misma finalidad, en la planta urbana de la ciudad, en Avda. Alberdi y Azopardo, se instal\u00f3 un nuevo reductor de velocidad, en pos de sumar acciones que contribuyan a la seguridad vial.<\/p>\n<p>En cuanto a las tareas de demarcaciones, se realizaron tareas de pintura en la d\u00e1rsena de ingreso al Regimiento, teniendo en cuenta que en Avda. Emiliozzi diariamente se registra un alto tr\u00e1nsito vehicular, proveniente de las localidades.<\/p>\n<p>Por \u00faltimo, continuaron las demarcaciones de espacios exclusivos para personas con discapacidad, movilidad reducida y\/o sus familiares\/amigos, encargados de su traslado, en domicilios particulares.<\/p>\n<p><a href=\"https:\/\/experienciadevida.com.ar\/portalurbano\/avanzan-los-trabajos-de-mantenimiento-vial-en-la-ciudad\/avanzan-los-trabajos\/\" rel=\"attachment wp-att-147865\"><img decoding=\"async\" class=\"alignnone size-large wp-image-147865\" src=\"https:\/\/experienciadevida.com.ar\/portalurbano\/wp-content\/uploads\/2021\/07\/Avanzan-los-trabajos-1024x682.jpg\" alt=\"Avanzan los trabajos\" width=\"900\" height=\"599\" srcset=\"https:\/\/experienciadevida.com.ar\/portalurbano\/wp-content\/uploads\/2021\/07\/Avanzan-los-trabajos-1024x682.jpg 1024w, https:\/\/experienciadevida.com.ar\/portalurbano\/wp-content\/uploads\/2021\/07\/Avanzan-los-trabajos-300x200.jpg 300w, https:\/\/experienciadevida.com.ar\/portalurbano\/wp-content\/uploads\/2021\/07\/Avanzan-los-trabajos-768x512.jpg 768w, https:\/\/experienciadevida.com.ar\/portalurbano\/wp-content\/uploads\/2021\/07\/Avanzan-los-trabajos.jpg 1181w\" sizes=\"(max-width: 900px) 100vw, 900px\" \/><\/a><\/p>\n","protected":false},"excerpt":{"rendered":"<p>Avanzan los trabajos de mantenimiento vial en la ciudad, en el marco del programa estuvieron&#8230;<\/p>\n","protected":false},"author":1,"featured_media":147862,"comment_status":"closed","ping_status":"closed","sticky":false,"template":"","format":"standard","meta":{"content-type":""},"categories":[27,64],"tags":[],"nelio_content":{"isAutoShareEnabled":false,"autoShareEndMode":"default","automationSources":{"useContentSentences":true,"useSocialTemplates":true,"useCustomSentences":false,"customSentences":[]},"followers":[1],"suggestedReferences":[],"includedReferences":[],"efiUrl":"","efiAlt":"","highlights":[]},"yoast_head":"<!-- This site is optimized with the Yoast SEO plugin v20.7 - https:\/\/yoast.com\/wordpress\/plugins\/seo\/ -->\n<title>Avanzan los trabajos de mantenimiento vial en la ciudad<\/title>\n<meta name=\"description\" content=\"Avanzan los trabajos de mantenimiento vial en la ciudad, en el marco del programa estuvieron a cargo de personal de Control Urbano\" \/>\n<meta name=\"robots\" content=\"index, follow, max-snippet:-1, max-image-preview:large, max-video-preview:-1\" \/>\n<link rel=\"canonical\" href=\"https:\/\/experienciadevida.com.ar\/portalurbano\/avanzan-los-trabajos-de-mantenimiento-vial-en-la-ciudad\/\" \/>\n<meta property=\"og:locale\" content=\"es_ES\" \/>\n<meta property=\"og:type\" content=\"article\" \/>\n<meta property=\"og:title\" content=\"Avanzan los trabajos de mantenimiento vial en la ciudad\" \/>\n<meta property=\"og:description\" content=\"Avanzan los trabajos de mantenimiento vial en la ciudad, en el marco del programa estuvieron a cargo de personal de Control Urbano\" \/>\n<meta property=\"og:url\" content=\"https:\/\/experienciadevida.com.ar\/portalurbano\/avanzan-los-trabajos-de-mantenimiento-vial-en-la-ciudad\/\" \/>\n<meta property=\"article:publisher\" content=\"https:\/\/www.facebook.com\/Portal-Urbano-171542830093757\/\" \/>\n<meta property=\"article:published_time\" content=\"2021-07-16T17:51:04+00:00\" \/>\n<meta property=\"article:modified_time\" content=\"2021-07-16T19:02:25+00:00\" \/>\n<meta property=\"og:image\" content=\"https:\/\/experienciadevida.com.ar\/portalurbano\/wp-content\/uploads\/2021\/07\/Avanzan-los-trabajos-de-mantenimiento.jpg\" \/>\n\t<meta property=\"og:image:width\" content=\"1181\" \/>\n\t<meta property=\"og:image:height\" content=\"787\" \/>\n\t<meta property=\"og:image:type\" content=\"image\/jpeg\" \/>\n<meta name=\"author\" content=\"admpu17wp\" \/>\n<meta name=\"twitter:card\" content=\"summary_large_image\" \/>\n<meta name=\"twitter:creator\" content=\"@portalurbanook\" \/>\n<meta name=\"twitter:site\" content=\"@portalurbanook\" \/>\n<meta name=\"twitter:label1\" content=\"Escrito por\" \/>\n\t<meta name=\"twitter:data1\" content=\"admpu17wp\" \/>\n\t<meta name=\"twitter:label2\" content=\"Tiempo de lectura\" \/>\n\t<meta name=\"twitter:data2\" content=\"2 minutos\" \/>\n<script type=\"application\/ld+json\" class=\"yoast-schema-graph\">{\"@context\":\"https:\/\/schema.org\",\"@graph\":[{\"@type\":\"Article\",\"@id\":\"https:\/\/experienciadevida.com.ar\/portalurbano\/avanzan-los-trabajos-de-mantenimiento-vial-en-la-ciudad\/#article\",\"isPartOf\":{\"@id\":\"https:\/\/experienciadevida.com.ar\/portalurbano\/avanzan-los-trabajos-de-mantenimiento-vial-en-la-ciudad\/\"},\"author\":{\"name\":\"admpu17wp\",\"@id\":\"https:\/\/experienciadevida.com.ar\/portalurbano\/#\/schema\/person\/02dd326b1c4b056e9cc972486934a3a7\"},\"headline\":\"Avanzan los trabajos de mantenimiento vial en la ciudad\",\"datePublished\":\"2021-07-16T17:51:04+00:00\",\"dateModified\":\"2021-07-16T19:02:25+00:00\",\"mainEntityOfPage\":{\"@id\":\"https:\/\/experienciadevida.com.ar\/portalurbano\/avanzan-los-trabajos-de-mantenimiento-vial-en-la-ciudad\/\"},\"wordCount\":219,\"publisher\":{\"@id\":\"https:\/\/experienciadevida.com.ar\/portalurbano\/#organization\"},\"articleSection\":[\"Ciudad\",\"Destacadas 2\"],\"inLanguage\":\"es\"},{\"@type\":\"WebPage\",\"@id\":\"https:\/\/experienciadevida.com.ar\/portalurbano\/avanzan-los-trabajos-de-mantenimiento-vial-en-la-ciudad\/\",\"url\":\"https:\/\/experienciadevida.com.ar\/portalurbano\/avanzan-los-trabajos-de-mantenimiento-vial-en-la-ciudad\/\",\"name\":\"Avanzan los trabajos de mantenimiento vial en la ciudad\",\"isPartOf\":{\"@id\":\"https:\/\/experienciadevida.com.ar\/portalurbano\/#website\"},\"datePublished\":\"2021-07-16T17:51:04+00:00\",\"dateModified\":\"2021-07-16T19:02:25+00:00\",\"description\":\"Avanzan los trabajos de mantenimiento vial en la ciudad, en el marco del programa estuvieron a cargo de personal de Control Urbano\",\"breadcrumb\":{\"@id\":\"https:\/\/experienciadevida.com.ar\/portalurbano\/avanzan-los-trabajos-de-mantenimiento-vial-en-la-ciudad\/#breadcrumb\"},\"inLanguage\":\"es\",\"potentialAction\":[{\"@type\":\"ReadAction\",\"target\":[\"https:\/\/experienciadevida.com.ar\/portalurbano\/avanzan-los-trabajos-de-mantenimiento-vial-en-la-ciudad\/\"]}]},{\"@type\":\"BreadcrumbList\",\"@id\":\"https:\/\/experienciadevida.com.ar\/portalurbano\/avanzan-los-trabajos-de-mantenimiento-vial-en-la-ciudad\/#breadcrumb\",\"itemListElement\":[{\"@type\":\"ListItem\",\"position\":1,\"name\":\"Portada\",\"item\":\"https:\/\/experienciadevida.com.ar\/portalurbano\/\"},{\"@type\":\"ListItem\",\"position\":2,\"name\":\"Avanzan los trabajos de mantenimiento vial en la ciudad\"}]},{\"@type\":\"WebSite\",\"@id\":\"https:\/\/experienciadevida.com.ar\/portalurbano\/#website\",\"url\":\"https:\/\/experienciadevida.com.ar\/portalurbano\/\",\"name\":\"\",\"description\":\"\",\"publisher\":{\"@id\":\"https:\/\/experienciadevida.com.ar\/portalurbano\/#organization\"},\"potentialAction\":[{\"@type\":\"SearchAction\",\"target\":{\"@type\":\"EntryPoint\",\"urlTemplate\":\"https:\/\/experienciadevida.com.ar\/portalurbano\/?s={search_term_string}\"},\"query-input\":\"required name=search_term_string\"}],\"inLanguage\":\"es\"},{\"@type\":\"Organization\",\"@id\":\"https:\/\/experienciadevida.com.ar\/portalurbano\/#organization\",\"name\":\"Portal Urbano\",\"url\":\"https:\/\/experienciadevida.com.ar\/portalurbano\/\",\"logo\":{\"@type\":\"ImageObject\",\"inLanguage\":\"es\",\"@id\":\"https:\/\/experienciadevida.com.ar\/portalurbano\/#\/schema\/logo\/image\/\",\"url\":\"https:\/\/experienciadevida.com.ar\/portalurbano\/wp-content\/uploads\/2019\/09\/Logo-Original.png\",\"contentUrl\":\"https:\/\/experienciadevida.com.ar\/portalurbano\/wp-content\/uploads\/2019\/09\/Logo-Original.png\",\"width\":2236,\"height\":1216,\"caption\":\"Portal Urbano\"},\"image\":{\"@id\":\"https:\/\/experienciadevida.com.ar\/portalurbano\/#\/schema\/logo\/image\/\"},\"sameAs\":[\"https:\/\/www.facebook.com\/Portal-Urbano-171542830093757\/\",\"https:\/\/twitter.com\/portalurbanook\",\"https:\/\/www.instagram.com\/_portalurbano\/\",\"https:\/\/www.youtube.com\/channel\/UCXhagIfszH8KxFiOok79zbA?view_as=subscriber\"]},{\"@type\":\"Person\",\"@id\":\"https:\/\/experienciadevida.com.ar\/portalurbano\/#\/schema\/person\/02dd326b1c4b056e9cc972486934a3a7\",\"name\":\"admpu17wp\",\"image\":{\"@type\":\"ImageObject\",\"inLanguage\":\"es\",\"@id\":\"https:\/\/experienciadevida.com.ar\/portalurbano\/#\/schema\/person\/image\/\",\"url\":\"https:\/\/secure.gravatar.com\/avatar\/830d4c57adaae6630765e449a6908047?s=96&d=mm&r=g\",\"contentUrl\":\"https:\/\/secure.gravatar.com\/avatar\/830d4c57adaae6630765e449a6908047?s=96&d=mm&r=g\",\"caption\":\"admpu17wp\"}}]}<\/script>\n<!-- \/ Yoast SEO plugin. -->","yoast_head_json":{"title":"Avanzan los trabajos de mantenimiento vial en la ciudad","description":"Avanzan los trabajos de mantenimiento vial en la ciudad, en el marco del programa estuvieron a cargo de personal de Control Urbano","robots":{"index":"index","follow":"follow","max-snippet":"max-snippet:-1","max-image-preview":"max-image-preview:large","max-video-preview":"max-video-preview:-1"},"canonical":"https:\/\/experienciadevida.com.ar\/portalurbano\/avanzan-los-trabajos-de-mantenimiento-vial-en-la-ciudad\/","og_locale":"es_ES","og_type":"article","og_title":"Avanzan los trabajos de mantenimiento vial en la ciudad","og_description":"Avanzan los trabajos de mantenimiento vial en la ciudad, en el marco del programa estuvieron a cargo de personal de Control Urbano","og_url":"https:\/\/experienciadevida.com.ar\/portalurbano\/avanzan-los-trabajos-de-mantenimiento-vial-en-la-ciudad\/","article_publisher":"https:\/\/www.facebook.com\/Portal-Urbano-171542830093757\/","article_published_time":"2021-07-16T17:51:04+00:00","article_modified_time":"2021-07-16T19:02:25+00:00","og_image":[{"width":1181,"height":787,"url":"https:\/\/experienciadevida.com.ar\/portalurbano\/wp-content\/uploads\/2021\/07\/Avanzan-los-trabajos-de-mantenimiento.jpg","type":"image\/jpeg"}],"author":"admpu17wp","twitter_card":"summary_large_image","twitter_creator":"@portalurbanook","twitter_site":"@portalurbanook","twitter_misc":{"Escrito por":"admpu17wp","Tiempo de lectura":"2 minutos"},"schema":{"@context":"https:\/\/schema.org","@graph":[{"@type":"Article","@id":"https:\/\/experienciadevida.com.ar\/portalurbano\/avanzan-los-trabajos-de-mantenimiento-vial-en-la-ciudad\/#article","isPartOf":{"@id":"https:\/\/experienciadevida.com.ar\/portalurbano\/avanzan-los-trabajos-de-mantenimiento-vial-en-la-ciudad\/"},"author":{"name":"admpu17wp","@id":"https:\/\/experienciadevida.com.ar\/portalurbano\/#\/schema\/person\/02dd326b1c4b056e9cc972486934a3a7"},"headline":"Avanzan los trabajos de mantenimiento vial en la ciudad","datePublished":"2021-07-16T17:51:04+00:00","dateModified":"2021-07-16T19:02:25+00:00","mainEntityOfPage":{"@id":"https:\/\/experienciadevida.com.ar\/portalurbano\/avanzan-los-trabajos-de-mantenimiento-vial-en-la-ciudad\/"},"wordCount":219,"publisher":{"@id":"https:\/\/experienciadevida.com.ar\/portalurbano\/#organization"},"articleSection":["Ciudad","Destacadas 2"],"inLanguage":"es"},{"@type":"WebPage","@id":"https:\/\/experienciadevida.com.ar\/portalurbano\/avanzan-los-trabajos-de-mantenimiento-vial-en-la-ciudad\/","url":"https:\/\/experienciadevida.com.ar\/portalurbano\/avanzan-los-trabajos-de-mantenimiento-vial-en-la-ciudad\/","name":"Avanzan los trabajos de mantenimiento vial en la ciudad","isPartOf":{"@id":"https:\/\/experienciadevida.com.ar\/portalurbano\/#website"},"datePublished":"2021-07-16T17:51:04+00:00","dateModified":"2021-07-16T19:02:25+00:00","description":"Avanzan los trabajos de mantenimiento vial en la ciudad, en el marco del programa estuvieron a cargo de personal de Control Urbano","breadcrumb":{"@id":"https:\/\/experienciadevida.com.ar\/portalurbano\/avanzan-los-trabajos-de-mantenimiento-vial-en-la-ciudad\/#breadcrumb"},"inLanguage":"es","potentialAction":[{"@type":"ReadAction","target":["https:\/\/experienciadevida.com.ar\/portalurbano\/avanzan-los-trabajos-de-mantenimiento-vial-en-la-ciudad\/"]}]},{"@type":"BreadcrumbList","@id":"https:\/\/experienciadevida.com.ar\/portalurbano\/avanzan-los-trabajos-de-mantenimiento-vial-en-la-ciudad\/#breadcrumb","itemListElement":[{"@type":"ListItem","position":1,"name":"Portada","item":"https:\/\/experienciadevida.com.ar\/portalurbano\/"},{"@type":"ListItem","position":2,"name":"Avanzan los trabajos de mantenimiento vial en la ciudad"}]},{"@type":"WebSite","@id":"https:\/\/experienciadevida.com.ar\/portalurbano\/#website","url":"https:\/\/experienciadevida.com.ar\/portalurbano\/","name":"","description":"","publisher":{"@id":"https:\/\/experienciadevida.com.ar\/portalurbano\/#organization"},"potentialAction":[{"@type":"SearchAction","target":{"@type":"EntryPoint","urlTemplate":"https:\/\/experienciadevida.com.ar\/portalurbano\/?s={search_term_string}"},"query-input":"required name=search_term_string"}],"inLanguage":"es"},{"@type":"Organization","@id":"https:\/\/experienciadevida.com.ar\/portalurbano\/#organization","name":"Portal Urbano","url":"https:\/\/experienciadevida.com.ar\/portalurbano\/","logo":{"@type":"ImageObject","inLanguage":"es","@id":"https:\/\/experienciadevida.com.ar\/portalurbano\/#\/schema\/logo\/image\/","url":"https:\/\/experienciadevida.com.ar\/portalurbano\/wp-content\/uploads\/2019\/09\/Logo-Original.png","contentUrl":"https:\/\/experienciadevida.com.ar\/portalurbano\/wp-content\/uploads\/2019\/09\/Logo-Original.png","width":2236,"height":1216,"caption":"Portal Urbano"},"image":{"@id":"https:\/\/experienciadevida.com.ar\/portalurbano\/#\/schema\/logo\/image\/"},"sameAs":["https:\/\/www.facebook.com\/Portal-Urbano-171542830093757\/","https:\/\/twitter.com\/portalurbanook","https:\/\/www.instagram.com\/_portalurbano\/","https:\/\/www.youtube.com\/channel\/UCXhagIfszH8KxFiOok79zbA?view_as=subscriber"]},{"@type":"Person","@id":"https:\/\/experienciadevida.com.ar\/portalurbano\/#\/schema\/person\/02dd326b1c4b056e9cc972486934a3a7","name":"admpu17wp","image":{"@type":"ImageObject","inLanguage":"es","@id":"https:\/\/experienciadevida.com.ar\/portalurbano\/#\/schema\/person\/image\/","url":"https:\/\/secure.gravatar.com\/avatar\/830d4c57adaae6630765e449a6908047?s=96&d=mm&r=g","contentUrl":"https:\/\/secure.gravatar.com\/avatar\/830d4c57adaae6630765e449a6908047?s=96&d=mm&r=g","caption":"admpu17wp"}}]}},"featured_image_urls":{"full":["https:\/\/experienciadevida.com.ar\/portalurbano\/wp-content\/uploads\/2021\/07\/Avanzan-los-trabajos-de-mantenimiento.jpg",1181,787,false],"thumbnail":["https:\/\/experienciadevida.com.ar\/portalurbano\/wp-content\/uploads\/2021\/07\/Avanzan-los-trabajos-de-mantenimiento-150x150.jpg",150,150,true],"medium":["https:\/\/experienciadevida.com.ar\/portalurbano\/wp-content\/uploads\/2021\/07\/Avanzan-los-trabajos-de-mantenimiento-300x200.jpg",300,200,true],"medium_large":["https:\/\/experienciadevida.com.ar\/portalurbano\/wp-content\/uploads\/2021\/07\/Avanzan-los-trabajos-de-mantenimiento-768x512.jpg",640,427,true],"large":["https:\/\/experienciadevida.com.ar\/portalurbano\/wp-content\/uploads\/2021\/07\/Avanzan-los-trabajos-de-mantenimiento-1024x682.jpg",640,426,true],"ug_big":["https:\/\/experienciadevida.com.ar\/portalurbano\/wp-content\/uploads\/2021\/07\/Avanzan-los-trabajos-de-mantenimiento-768x512.jpg",768,512,true],"1536x1536":["https:\/\/experienciadevida.com.ar\/portalurbano\/wp-content\/uploads\/2021\/07\/Avanzan-los-trabajos-de-mantenimiento.jpg",1181,787,false],"2048x2048":["https:\/\/experienciadevida.com.ar\/portalurbano\/wp-content\/uploads\/2021\/07\/Avanzan-los-trabajos-de-mantenimiento.jpg",1181,787,false],"newsever-slider-full":["https:\/\/experienciadevida.com.ar\/portalurbano\/wp-content\/uploads\/2021\/07\/Avanzan-los-trabajos-de-mantenimiento.jpg",1181,787,false],"newsever-featured":["https:\/\/experienciadevida.com.ar\/portalurbano\/wp-content\/uploads\/2021\/07\/Avanzan-los-trabajos-de-mantenimiento.jpg",1024,682,false],"newsever-medium":["https:\/\/experienciadevida.com.ar\/portalurbano\/wp-content\/uploads\/2021\/07\/Avanzan-los-trabajos-de-mantenimiento.jpg",713,475,false],"web-stories-poster-portrait":["https:\/\/experienciadevida.com.ar\/portalurbano\/wp-content\/uploads\/2021\/07\/Avanzan-los-trabajos-de-mantenimiento.jpg",640,426,false],"web-stories-publisher-logo":["https:\/\/experienciadevida.com.ar\/portalurbano\/wp-content\/uploads\/2021\/07\/Avanzan-los-trabajos-de-mantenimiento.jpg",96,64,false],"web-stories-thumbnail":["https:\/\/experienciadevida.com.ar\/portalurbano\/wp-content\/uploads\/2021\/07\/Avanzan-los-trabajos-de-mantenimiento.jpg",150,100,false]},"author_info":{"display_name":"admpu17wp","author_link":"https:\/\/experienciadevida.com.ar\/portalurbano\/author\/admpu17wp\/"},"category_info":"<a href=\"https:\/\/experienciadevida.com.ar\/portalurbano\/category\/ciudad\/\" rel=\"category tag\">Ciudad<\/a> <a href=\"https:\/\/experienciadevida.com.ar\/portalurbano\/category\/destacadas-2\/\" rel=\"category tag\">Destacadas 2<\/a>","tag_info":"Destacadas 2","comment_count":"0","amp_enabled":true,"_links":{"self":[{"href":"https:\/\/experienciadevida.com.ar\/portalurbano\/wp-json\/wp\/v2\/posts\/147861"}],"collection":[{"href":"https:\/\/experienciadevida.com.ar\/portalurbano\/wp-json\/wp\/v2\/posts"}],"about":[{"href":"https:\/\/experienciadevida.com.ar\/portalurbano\/wp-json\/wp\/v2\/types\/post"}],"author":[{"embeddable":true,"href":"https:\/\/experienciadevida.com.ar\/portalurbano\/wp-json\/wp\/v2\/users\/1"}],"replies":[{"embeddable":true,"href":"https:\/\/experienciadevida.com.ar\/portalurbano\/wp-json\/wp\/v2\/comments?post=147861"}],"version-history":[{"count":3,"href":"https:\/\/experienciadevida.com.ar\/portalurbano\/wp-json\/wp\/v2\/posts\/147861\/revisions"}],"predecessor-version":[{"id":147866,"href":"https:\/\/experienciadevida.com.ar\/portalurbano\/wp-json\/wp\/v2\/posts\/147861\/revisions\/147866"}],"wp:featuredmedia":[{"embeddable":true,"href":"https:\/\/experienciadevida.com.ar\/portalurbano\/wp-json\/wp\/v2\/media\/147862"}],"wp:attachment":[{"href":"https:\/\/experienciadevida.com.ar\/portalurbano\/wp-json\/wp\/v2\/media?parent=147861"}],"wp:term":[{"taxonomy":"category","embeddable":true,"href":"https:\/\/experienciadevida.com.ar\/portalurbano\/wp-json\/wp\/v2\/categories?post=147861"},{"taxonomy":"post_tag","embeddable":true,"href":"https:\/\/experienciadevida.com.ar\/portalurbano\/wp-json\/wp\/v2\/tags?post=147861"}],"curies":[{"name":"wp","href":"https:\/\/api.w.org\/{rel}","templated":true}]}}