{"id":147840,"date":"2021-07-16T10:23:41","date_gmt":"2021-07-16T13:23:41","guid":{"rendered":"https:\/\/experienciadevida.com.ar\/portalurbano\/?p=147840"},"modified":"2021-07-16T10:38:22","modified_gmt":"2021-07-16T13:38:22","slug":"con-importante-agenda-de-trabajo-se-reunio-el-foro-olavarria-fr","status":"publish","type":"post","link":"https:\/\/experienciadevida.com.ar\/portalurbano\/con-importante-agenda-de-trabajo-se-reunio-el-foro-olavarria-fr\/","title":{"rendered":"Con importante agenda de trabajo, se reuni\u00f3 el Foro Olavarr\u00eda FR"},"content":{"rendered":"<p>Con importante agenda de trabajo, se reuni\u00f3 el Foro Olavarr\u00eda FR, el encuentro tuvo lugar en la tarde del jueves en el Parque Helios<br \/>\nEseverri, con una gran convocatoria de referentes y adherentes al espacio que representa a Sergio Massa en nuestra ciudad.<\/p>\n<p>El Foro Olavarr\u00eda se reuni\u00f3 este jueves por la tarde en el Parque Helios Eseverri, respetando las medidas de cuidado y distanciamiento, para tratar<br \/>\nuna importante agenda de trabajo que el espacio pol\u00edtico viene desarrollando en la ciudad y localidades del Partido de Olavarr\u00eda.<\/p>\n<p>De la misma participaron la Concejal In\u00e9s <a href=\"https:\/\/www.facebook.com\/ines.creimer\">Creimer<\/a>, el Concejal Eduardo Rodr\u00edguez, el Subdelegado de CNRT Gast\u00f3n Sarachu, el referente de La<br \/>\nRenovadora Agust\u00edn Alfonzo, Julio Fr\u00edas, Cintia Abrisqueta, Sergio Feoli, Gladys Ram\u00f3n, Pablo Wagner, Liz Herrera, Luis Donatelli y Gonzalo Cabri,<br \/>\nentre otros referentes y adherentes del espacio pol\u00edtico que representa a Sergio Massa en Olavarr\u00eda, en el Frente de Todos.<\/p>\n<p>El trabajo legislativo en el Concejo Deliberante, la constituci\u00f3n del Foro\u00a0 de las Localidades, la labor comunitaria del Foro Social, las actividades culturales, las acciones desarrolladas desde la Casa Eduardo \u201cChino\u201d Correa y la articulaci\u00f3n de programas y pol\u00edticas del Gobierno Nacional<br \/>\nen nuestra ciudad fueron algunos de los ejes tratados. El encuentro fue oportuno tambi\u00e9n para informar de la reuni\u00f3n mantenida con Sergio Massa en<br \/>\nla C\u00e1mara de Diputados de la Naci\u00f3n y transmitir las prioridades de gesti\u00f3n del Gobierno Nacional para la recuperaci\u00f3n de la Argentina frente al<br \/>\ndesaf\u00edo de la pandemia y a la situaci\u00f3n general que vive el pa\u00eds.<\/p>\n<p>Con importante agenda de trabajo, se reuni\u00f3 el Foro Olavarr\u00eda FR tras la reuni\u00f3n el Concejal Eduardo <a href=\"https:\/\/www.facebook.com\/eduardorodriguezconcejaldeolavarria\">Rodr\u00edguez<\/a> manifest\u00f3 su agradecimiento<br \/>\na todo el equipo de trabajo del Foro Olavarr\u00eda FR. \u201cHemos sostenido un intenso y continuo trabajo comunitario, cultural y pol\u00edtico gracias al<br \/>\ncompromiso de vecinas y vecinos que participan activamente y con una fuerte interacci\u00f3n con instituciones y organizaciones que ha permitido llevar<br \/>\nadelante muchas acciones en beneficio de la comunidad\u201d se\u00f1al\u00f3 Eduardo Rodr\u00edguez.<\/p>\n<p>Sobre las elecciones que se vienen, Rodr\u00edguez indic\u00f3 que \u201csomos parte fundacional del Frente de Todos en Olavarr\u00eda y seguiremos trabajando por la<br \/>\nunidad en la diversidad que permita construir un proyecto de mayor\u00eda en Olavarr\u00eda\u201d.<\/p>\n<p>\u201cSomos un espacio abierto, que a partir del trabajo concreto buscamos generar propuestas y proyectos de pol\u00edtica p\u00fablica para generar el desarrollo y progreso del Partido de Olavarr\u00eda. Por eso invitamos a todos\u00a0 los olavarrienses que deseen participar y sumar su aporte, con ideas y propuestas para mejorar la calidad de vida de los olavarrienses\u201d finaliz\u00f3 Eduardo Rodr\u00edguez.<\/p>\n<p>Con importante agenda de trabajo, se reuni\u00f3 el Foro Olavarr\u00eda, para m\u00e1s informaci\u00f3n sobre el Foro Olavarr\u00eda &#8211; Frente Renovador acercarse a la Casa Eduardo \u201cChino\u201d Correa, en Belgrano 3222, de lunes a viernes de 9 a 13 hs. O comunicarse mediante las siguientes v\u00edas:<\/p>\n<p>WhatsApp: 2284 554873<\/p>\n<p>E-Mail: foroolavarria@gmail.com<br \/>\nP\u00e1gina Web: www.foroolavarria.org<\/p>\n","protected":false},"excerpt":{"rendered":"<p>Con importante agenda de trabajo, se reuni\u00f3 el Foro Olavarr\u00eda FR, el encuentro tuvo lugar&#8230;<\/p>\n","protected":false},"author":1,"featured_media":147841,"comment_status":"closed","ping_status":"closed","sticky":false,"template":"","format":"standard","meta":{"content-type":""},"categories":[27,64],"tags":[],"nelio_content":{"isAutoShareEnabled":false,"autoShareEndMode":"default","automationSources":{"useContentSentences":true,"useSocialTemplates":true,"useCustomSentences":false,"customSentences":[]},"followers":[1],"suggestedReferences":[],"includedReferences":[],"efiUrl":"","efiAlt":"","highlights":[]},"yoast_head":"<!-- This site is optimized with the Yoast SEO plugin v20.7 - https:\/\/yoast.com\/wordpress\/plugins\/seo\/ -->\n<title>Con importante agenda de trabajo se reuni\u00f3 el Foro Olavarr\u00eda FR<\/title>\n<meta name=\"description\" content=\"Con importante agenda de trabajo, se reuni\u00f3 el Foro Olavarr\u00eda FR, el encuentro tuvo lugar en la tarde del jueves en el Parque Eseverri\" \/>\n<meta name=\"robots\" content=\"index, follow, max-snippet:-1, max-image-preview:large, max-video-preview:-1\" \/>\n<link rel=\"canonical\" href=\"https:\/\/experienciadevida.com.ar\/portalurbano\/con-importante-agenda-de-trabajo-se-reunio-el-foro-olavarria-fr\/\" \/>\n<meta property=\"og:locale\" content=\"es_ES\" \/>\n<meta property=\"og:type\" content=\"article\" \/>\n<meta property=\"og:title\" content=\"Con importante agenda de trabajo se reuni\u00f3 el Foro Olavarr\u00eda FR\" \/>\n<meta property=\"og:description\" content=\"Con importante agenda de trabajo, se reuni\u00f3 el Foro Olavarr\u00eda FR, el encuentro tuvo lugar en la tarde del jueves en el Parque Eseverri\" \/>\n<meta property=\"og:url\" content=\"https:\/\/experienciadevida.com.ar\/portalurbano\/con-importante-agenda-de-trabajo-se-reunio-el-foro-olavarria-fr\/\" \/>\n<meta property=\"article:publisher\" content=\"https:\/\/www.facebook.com\/Portal-Urbano-171542830093757\/\" \/>\n<meta property=\"article:published_time\" content=\"2021-07-16T13:23:41+00:00\" \/>\n<meta property=\"article:modified_time\" content=\"2021-07-16T13:38:22+00:00\" \/>\n<meta property=\"og:image\" content=\"https:\/\/experienciadevida.com.ar\/portalurbano\/wp-content\/uploads\/2021\/07\/Con-importante-agenda-de-trabajo.jpeg\" \/>\n\t<meta property=\"og:image:width\" content=\"800\" \/>\n\t<meta property=\"og:image:height\" content=\"500\" \/>\n\t<meta property=\"og:image:type\" content=\"image\/jpeg\" \/>\n<meta name=\"author\" content=\"admpu17wp\" \/>\n<meta name=\"twitter:card\" content=\"summary_large_image\" \/>\n<meta name=\"twitter:creator\" content=\"@portalurbanook\" \/>\n<meta name=\"twitter:site\" content=\"@portalurbanook\" \/>\n<meta name=\"twitter:label1\" content=\"Escrito por\" \/>\n\t<meta name=\"twitter:data1\" content=\"admpu17wp\" \/>\n\t<meta name=\"twitter:label2\" content=\"Tiempo de lectura\" \/>\n\t<meta name=\"twitter:data2\" content=\"3 minutos\" \/>\n<script type=\"application\/ld+json\" class=\"yoast-schema-graph\">{\"@context\":\"https:\/\/schema.org\",\"@graph\":[{\"@type\":\"Article\",\"@id\":\"https:\/\/experienciadevida.com.ar\/portalurbano\/con-importante-agenda-de-trabajo-se-reunio-el-foro-olavarria-fr\/#article\",\"isPartOf\":{\"@id\":\"https:\/\/experienciadevida.com.ar\/portalurbano\/con-importante-agenda-de-trabajo-se-reunio-el-foro-olavarria-fr\/\"},\"author\":{\"name\":\"admpu17wp\",\"@id\":\"https:\/\/experienciadevida.com.ar\/portalurbano\/#\/schema\/person\/02dd326b1c4b056e9cc972486934a3a7\"},\"headline\":\"Con importante agenda de trabajo, se reuni\u00f3 el Foro Olavarr\u00eda FR\",\"datePublished\":\"2021-07-16T13:23:41+00:00\",\"dateModified\":\"2021-07-16T13:38:22+00:00\",\"mainEntityOfPage\":{\"@id\":\"https:\/\/experienciadevida.com.ar\/portalurbano\/con-importante-agenda-de-trabajo-se-reunio-el-foro-olavarria-fr\/\"},\"wordCount\":532,\"publisher\":{\"@id\":\"https:\/\/experienciadevida.com.ar\/portalurbano\/#organization\"},\"articleSection\":[\"Ciudad\",\"Destacadas 2\"],\"inLanguage\":\"es\"},{\"@type\":\"WebPage\",\"@id\":\"https:\/\/experienciadevida.com.ar\/portalurbano\/con-importante-agenda-de-trabajo-se-reunio-el-foro-olavarria-fr\/\",\"url\":\"https:\/\/experienciadevida.com.ar\/portalurbano\/con-importante-agenda-de-trabajo-se-reunio-el-foro-olavarria-fr\/\",\"name\":\"Con importante agenda de trabajo se reuni\u00f3 el Foro Olavarr\u00eda FR\",\"isPartOf\":{\"@id\":\"https:\/\/experienciadevida.com.ar\/portalurbano\/#website\"},\"datePublished\":\"2021-07-16T13:23:41+00:00\",\"dateModified\":\"2021-07-16T13:38:22+00:00\",\"description\":\"Con importante agenda de trabajo, se reuni\u00f3 el Foro Olavarr\u00eda FR, el encuentro tuvo lugar en la tarde del jueves en el Parque Eseverri\",\"breadcrumb\":{\"@id\":\"https:\/\/experienciadevida.com.ar\/portalurbano\/con-importante-agenda-de-trabajo-se-reunio-el-foro-olavarria-fr\/#breadcrumb\"},\"inLanguage\":\"es\",\"potentialAction\":[{\"@type\":\"ReadAction\",\"target\":[\"https:\/\/experienciadevida.com.ar\/portalurbano\/con-importante-agenda-de-trabajo-se-reunio-el-foro-olavarria-fr\/\"]}]},{\"@type\":\"BreadcrumbList\",\"@id\":\"https:\/\/experienciadevida.com.ar\/portalurbano\/con-importante-agenda-de-trabajo-se-reunio-el-foro-olavarria-fr\/#breadcrumb\",\"itemListElement\":[{\"@type\":\"ListItem\",\"position\":1,\"name\":\"Portada\",\"item\":\"https:\/\/experienciadevida.com.ar\/portalurbano\/\"},{\"@type\":\"ListItem\",\"position\":2,\"name\":\"Con importante agenda de trabajo, se reuni\u00f3 el Foro Olavarr\u00eda FR\"}]},{\"@type\":\"WebSite\",\"@id\":\"https:\/\/experienciadevida.com.ar\/portalurbano\/#website\",\"url\":\"https:\/\/experienciadevida.com.ar\/portalurbano\/\",\"name\":\"\",\"description\":\"\",\"publisher\":{\"@id\":\"https:\/\/experienciadevida.com.ar\/portalurbano\/#organization\"},\"potentialAction\":[{\"@type\":\"SearchAction\",\"target\":{\"@type\":\"EntryPoint\",\"urlTemplate\":\"https:\/\/experienciadevida.com.ar\/portalurbano\/?s={search_term_string}\"},\"query-input\":\"required name=search_term_string\"}],\"inLanguage\":\"es\"},{\"@type\":\"Organization\",\"@id\":\"https:\/\/experienciadevida.com.ar\/portalurbano\/#organization\",\"name\":\"Portal Urbano\",\"url\":\"https:\/\/experienciadevida.com.ar\/portalurbano\/\",\"logo\":{\"@type\":\"ImageObject\",\"inLanguage\":\"es\",\"@id\":\"https:\/\/experienciadevida.com.ar\/portalurbano\/#\/schema\/logo\/image\/\",\"url\":\"https:\/\/experienciadevida.com.ar\/portalurbano\/wp-content\/uploads\/2019\/09\/Logo-Original.png\",\"contentUrl\":\"https:\/\/experienciadevida.com.ar\/portalurbano\/wp-content\/uploads\/2019\/09\/Logo-Original.png\",\"width\":2236,\"height\":1216,\"caption\":\"Portal Urbano\"},\"image\":{\"@id\":\"https:\/\/experienciadevida.com.ar\/portalurbano\/#\/schema\/logo\/image\/\"},\"sameAs\":[\"https:\/\/www.facebook.com\/Portal-Urbano-171542830093757\/\",\"https:\/\/twitter.com\/portalurbanook\",\"https:\/\/www.instagram.com\/_portalurbano\/\",\"https:\/\/www.youtube.com\/channel\/UCXhagIfszH8KxFiOok79zbA?view_as=subscriber\"]},{\"@type\":\"Person\",\"@id\":\"https:\/\/experienciadevida.com.ar\/portalurbano\/#\/schema\/person\/02dd326b1c4b056e9cc972486934a3a7\",\"name\":\"admpu17wp\",\"image\":{\"@type\":\"ImageObject\",\"inLanguage\":\"es\",\"@id\":\"https:\/\/experienciadevida.com.ar\/portalurbano\/#\/schema\/person\/image\/\",\"url\":\"https:\/\/secure.gravatar.com\/avatar\/830d4c57adaae6630765e449a6908047?s=96&d=mm&r=g\",\"contentUrl\":\"https:\/\/secure.gravatar.com\/avatar\/830d4c57adaae6630765e449a6908047?s=96&d=mm&r=g\",\"caption\":\"admpu17wp\"}}]}<\/script>\n<!-- \/ Yoast SEO plugin. -->","yoast_head_json":{"title":"Con importante agenda de trabajo se reuni\u00f3 el Foro Olavarr\u00eda FR","description":"Con importante agenda de trabajo, se reuni\u00f3 el Foro Olavarr\u00eda FR, el encuentro tuvo lugar en la tarde del jueves en el Parque Eseverri","robots":{"index":"index","follow":"follow","max-snippet":"max-snippet:-1","max-image-preview":"max-image-preview:large","max-video-preview":"max-video-preview:-1"},"canonical":"https:\/\/experienciadevida.com.ar\/portalurbano\/con-importante-agenda-de-trabajo-se-reunio-el-foro-olavarria-fr\/","og_locale":"es_ES","og_type":"article","og_title":"Con importante agenda de trabajo se reuni\u00f3 el Foro Olavarr\u00eda FR","og_description":"Con importante agenda de trabajo, se reuni\u00f3 el Foro Olavarr\u00eda FR, el encuentro tuvo lugar en la tarde del jueves en el Parque Eseverri","og_url":"https:\/\/experienciadevida.com.ar\/portalurbano\/con-importante-agenda-de-trabajo-se-reunio-el-foro-olavarria-fr\/","article_publisher":"https:\/\/www.facebook.com\/Portal-Urbano-171542830093757\/","article_published_time":"2021-07-16T13:23:41+00:00","article_modified_time":"2021-07-16T13:38:22+00:00","og_image":[{"width":800,"height":500,"url":"https:\/\/experienciadevida.com.ar\/portalurbano\/wp-content\/uploads\/2021\/07\/Con-importante-agenda-de-trabajo.jpeg","type":"image\/jpeg"}],"author":"admpu17wp","twitter_card":"summary_large_image","twitter_creator":"@portalurbanook","twitter_site":"@portalurbanook","twitter_misc":{"Escrito por":"admpu17wp","Tiempo de lectura":"3 minutos"},"schema":{"@context":"https:\/\/schema.org","@graph":[{"@type":"Article","@id":"https:\/\/experienciadevida.com.ar\/portalurbano\/con-importante-agenda-de-trabajo-se-reunio-el-foro-olavarria-fr\/#article","isPartOf":{"@id":"https:\/\/experienciadevida.com.ar\/portalurbano\/con-importante-agenda-de-trabajo-se-reunio-el-foro-olavarria-fr\/"},"author":{"name":"admpu17wp","@id":"https:\/\/experienciadevida.com.ar\/portalurbano\/#\/schema\/person\/02dd326b1c4b056e9cc972486934a3a7"},"headline":"Con importante agenda de trabajo, se reuni\u00f3 el Foro Olavarr\u00eda FR","datePublished":"2021-07-16T13:23:41+00:00","dateModified":"2021-07-16T13:38:22+00:00","mainEntityOfPage":{"@id":"https:\/\/experienciadevida.com.ar\/portalurbano\/con-importante-agenda-de-trabajo-se-reunio-el-foro-olavarria-fr\/"},"wordCount":532,"publisher":{"@id":"https:\/\/experienciadevida.com.ar\/portalurbano\/#organization"},"articleSection":["Ciudad","Destacadas 2"],"inLanguage":"es"},{"@type":"WebPage","@id":"https:\/\/experienciadevida.com.ar\/portalurbano\/con-importante-agenda-de-trabajo-se-reunio-el-foro-olavarria-fr\/","url":"https:\/\/experienciadevida.com.ar\/portalurbano\/con-importante-agenda-de-trabajo-se-reunio-el-foro-olavarria-fr\/","name":"Con importante agenda de trabajo se reuni\u00f3 el Foro Olavarr\u00eda FR","isPartOf":{"@id":"https:\/\/experienciadevida.com.ar\/portalurbano\/#website"},"datePublished":"2021-07-16T13:23:41+00:00","dateModified":"2021-07-16T13:38:22+00:00","description":"Con importante agenda de trabajo, se reuni\u00f3 el Foro Olavarr\u00eda FR, el encuentro tuvo lugar en la tarde del jueves en el Parque Eseverri","breadcrumb":{"@id":"https:\/\/experienciadevida.com.ar\/portalurbano\/con-importante-agenda-de-trabajo-se-reunio-el-foro-olavarria-fr\/#breadcrumb"},"inLanguage":"es","potentialAction":[{"@type":"ReadAction","target":["https:\/\/experienciadevida.com.ar\/portalurbano\/con-importante-agenda-de-trabajo-se-reunio-el-foro-olavarria-fr\/"]}]},{"@type":"BreadcrumbList","@id":"https:\/\/experienciadevida.com.ar\/portalurbano\/con-importante-agenda-de-trabajo-se-reunio-el-foro-olavarria-fr\/#breadcrumb","itemListElement":[{"@type":"ListItem","position":1,"name":"Portada","item":"https:\/\/experienciadevida.com.ar\/portalurbano\/"},{"@type":"ListItem","position":2,"name":"Con importante agenda de trabajo, se reuni\u00f3 el Foro Olavarr\u00eda FR"}]},{"@type":"WebSite","@id":"https:\/\/experienciadevida.com.ar\/portalurbano\/#website","url":"https:\/\/experienciadevida.com.ar\/portalurbano\/","name":"","description":"","publisher":{"@id":"https:\/\/experienciadevida.com.ar\/portalurbano\/#organization"},"potentialAction":[{"@type":"SearchAction","target":{"@type":"EntryPoint","urlTemplate":"https:\/\/experienciadevida.com.ar\/portalurbano\/?s={search_term_string}"},"query-input":"required name=search_term_string"}],"inLanguage":"es"},{"@type":"Organization","@id":"https:\/\/experienciadevida.com.ar\/portalurbano\/#organization","name":"Portal Urbano","url":"https:\/\/experienciadevida.com.ar\/portalurbano\/","logo":{"@type":"ImageObject","inLanguage":"es","@id":"https:\/\/experienciadevida.com.ar\/portalurbano\/#\/schema\/logo\/image\/","url":"https:\/\/experienciadevida.com.ar\/portalurbano\/wp-content\/uploads\/2019\/09\/Logo-Original.png","contentUrl":"https:\/\/experienciadevida.com.ar\/portalurbano\/wp-content\/uploads\/2019\/09\/Logo-Original.png","width":2236,"height":1216,"caption":"Portal Urbano"},"image":{"@id":"https:\/\/experienciadevida.com.ar\/portalurbano\/#\/schema\/logo\/image\/"},"sameAs":["https:\/\/www.facebook.com\/Portal-Urbano-171542830093757\/","https:\/\/twitter.com\/portalurbanook","https:\/\/www.instagram.com\/_portalurbano\/","https:\/\/www.youtube.com\/channel\/UCXhagIfszH8KxFiOok79zbA?view_as=subscriber"]},{"@type":"Person","@id":"https:\/\/experienciadevida.com.ar\/portalurbano\/#\/schema\/person\/02dd326b1c4b056e9cc972486934a3a7","name":"admpu17wp","image":{"@type":"ImageObject","inLanguage":"es","@id":"https:\/\/experienciadevida.com.ar\/portalurbano\/#\/schema\/person\/image\/","url":"https:\/\/secure.gravatar.com\/avatar\/830d4c57adaae6630765e449a6908047?s=96&d=mm&r=g","contentUrl":"https:\/\/secure.gravatar.com\/avatar\/830d4c57adaae6630765e449a6908047?s=96&d=mm&r=g","caption":"admpu17wp"}}]}},"featured_image_urls":{"full":["https:\/\/experienciadevida.com.ar\/portalurbano\/wp-content\/uploads\/2021\/07\/Con-importante-agenda-de-trabajo.jpeg",800,500,false],"thumbnail":["https:\/\/experienciadevida.com.ar\/portalurbano\/wp-content\/uploads\/2021\/07\/Con-importante-agenda-de-trabajo-150x150.jpeg",150,150,true],"medium":["https:\/\/experienciadevida.com.ar\/portalurbano\/wp-content\/uploads\/2021\/07\/Con-importante-agenda-de-trabajo-300x188.jpeg",300,188,true],"medium_large":["https:\/\/experienciadevida.com.ar\/portalurbano\/wp-content\/uploads\/2021\/07\/Con-importante-agenda-de-trabajo-768x480.jpeg",640,400,true],"large":["https:\/\/experienciadevida.com.ar\/portalurbano\/wp-content\/uploads\/2021\/07\/Con-importante-agenda-de-trabajo.jpeg",640,400,false],"ug_big":["https:\/\/experienciadevida.com.ar\/portalurbano\/wp-content\/uploads\/2021\/07\/Con-importante-agenda-de-trabajo-768x480.jpeg",768,480,true],"1536x1536":["https:\/\/experienciadevida.com.ar\/portalurbano\/wp-content\/uploads\/2021\/07\/Con-importante-agenda-de-trabajo.jpeg",800,500,false],"2048x2048":["https:\/\/experienciadevida.com.ar\/portalurbano\/wp-content\/uploads\/2021\/07\/Con-importante-agenda-de-trabajo.jpeg",800,500,false],"newsever-slider-full":["https:\/\/experienciadevida.com.ar\/portalurbano\/wp-content\/uploads\/2021\/07\/Con-importante-agenda-de-trabajo.jpeg",800,500,false],"newsever-featured":["https:\/\/experienciadevida.com.ar\/portalurbano\/wp-content\/uploads\/2021\/07\/Con-importante-agenda-de-trabajo.jpeg",800,500,false],"newsever-medium":["https:\/\/experienciadevida.com.ar\/portalurbano\/wp-content\/uploads\/2021\/07\/Con-importante-agenda-de-trabajo.jpeg",720,450,false],"web-stories-poster-portrait":["https:\/\/experienciadevida.com.ar\/portalurbano\/wp-content\/uploads\/2021\/07\/Con-importante-agenda-de-trabajo.jpeg",640,400,false],"web-stories-publisher-logo":["https:\/\/experienciadevida.com.ar\/portalurbano\/wp-content\/uploads\/2021\/07\/Con-importante-agenda-de-trabajo.jpeg",96,60,false],"web-stories-thumbnail":["https:\/\/experienciadevida.com.ar\/portalurbano\/wp-content\/uploads\/2021\/07\/Con-importante-agenda-de-trabajo.jpeg",150,94,false]},"author_info":{"display_name":"admpu17wp","author_link":"https:\/\/experienciadevida.com.ar\/portalurbano\/author\/admpu17wp\/"},"category_info":"<a href=\"https:\/\/experienciadevida.com.ar\/portalurbano\/category\/ciudad\/\" rel=\"category tag\">Ciudad<\/a> <a href=\"https:\/\/experienciadevida.com.ar\/portalurbano\/category\/destacadas-2\/\" rel=\"category tag\">Destacadas 2<\/a>","tag_info":"Destacadas 2","comment_count":"0","amp_enabled":true,"_links":{"self":[{"href":"https:\/\/experienciadevida.com.ar\/portalurbano\/wp-json\/wp\/v2\/posts\/147840"}],"collection":[{"href":"https:\/\/experienciadevida.com.ar\/portalurbano\/wp-json\/wp\/v2\/posts"}],"about":[{"href":"https:\/\/experienciadevida.com.ar\/portalurbano\/wp-json\/wp\/v2\/types\/post"}],"author":[{"embeddable":true,"href":"https:\/\/experienciadevida.com.ar\/portalurbano\/wp-json\/wp\/v2\/users\/1"}],"replies":[{"embeddable":true,"href":"https:\/\/experienciadevida.com.ar\/portalurbano\/wp-json\/wp\/v2\/comments?post=147840"}],"version-history":[{"count":3,"href":"https:\/\/experienciadevida.com.ar\/portalurbano\/wp-json\/wp\/v2\/posts\/147840\/revisions"}],"predecessor-version":[{"id":147844,"href":"https:\/\/experienciadevida.com.ar\/portalurbano\/wp-json\/wp\/v2\/posts\/147840\/revisions\/147844"}],"wp:featuredmedia":[{"embeddable":true,"href":"https:\/\/experienciadevida.com.ar\/portalurbano\/wp-json\/wp\/v2\/media\/147841"}],"wp:attachment":[{"href":"https:\/\/experienciadevida.com.ar\/portalurbano\/wp-json\/wp\/v2\/media?parent=147840"}],"wp:term":[{"taxonomy":"category","embeddable":true,"href":"https:\/\/experienciadevida.com.ar\/portalurbano\/wp-json\/wp\/v2\/categories?post=147840"},{"taxonomy":"post_tag","embeddable":true,"href":"https:\/\/experienciadevida.com.ar\/portalurbano\/wp-json\/wp\/v2\/tags?post=147840"}],"curies":[{"name":"wp","href":"https:\/\/api.w.org\/{rel}","templated":true}]}}