{"id":147762,"date":"2021-07-15T15:54:26","date_gmt":"2021-07-15T18:54:26","guid":{"rendered":"https:\/\/experienciadevida.com.ar\/portalurbano\/?p=147762"},"modified":"2021-07-15T15:56:21","modified_gmt":"2021-07-15T18:56:21","slug":"obras-publicas-de-nacion-construira-los-accesos-a-sierras-bayas-e-hinojo","status":"publish","type":"post","link":"https:\/\/experienciadevida.com.ar\/portalurbano\/obras-publicas-de-nacion-construira-los-accesos-a-sierras-bayas-e-hinojo\/","title":{"rendered":"Obras P\u00fablicas de Naci\u00f3n construir\u00e1 los accesos a Sierras Bayas e Hinojo"},"content":{"rendered":"<p>Obras P\u00fablicas de Naci\u00f3n construir\u00e1 los accesos a Sierras Bayas e Hinojo, lo confirm\u00f3 el Ministro de la cartera, Gabriel Katopodis, en di\u00e1logo con periodistas locales en la sede porte\u00f1a del Ministerio este jueves. Acompa\u00f1ado por Federico <a href=\"https:\/\/www.facebook.com\/FedericoAguile5\">Aguilera<\/a> y C\u00e9sar Valicenti, adelant\u00f3 tambi\u00e9n una segunda etapa del plan Argentina Hace, con los 114 millones de pesos del 2020, m\u00e1s una actualizaci\u00f3n del 40%.<\/p>\n<p>&#8220;El plan Argentina hace es el plan con el cual en Olavarr\u00eda y en todos los Municipios venimos haciendo obras p\u00fablicas de cercan\u00eda la obra p\u00fablica que tiene que ver con la vida cotidiana de los barrios desde las distintas locales de la ciudad el pavimento, cord\u00f3n cuneta, agua, cloacas, en ese marco estamos ya teniendo proyectos por m\u00e1s de 115 millones de pesos y vamos a seguir renovando y continuando con proyectos en funci\u00f3n de distintas necesidades que se van fijando. Los dirigentes del Frente de Todos nos vienen planteando varias prioridades de lo que necesita Olavarr\u00eda y eso va a ser parte de la agenda para seguir trabajando tambi\u00e9n con el Municipio y poder consensuar que proyectos vamos a poner en marcha en los pr\u00f3ximos meses&#8221;.<\/p>\n<p>Adem\u00e1s &#8220;nosotros intervenimos a medida que nos piden las provincias hacerlo. Tenemos previsto hacer cuando sea oportuno las obras de lo que eran las PPP sobre ruta 3 que van a permitir hacer esa autov\u00eda que necesitamos pero mientras tanto hay necesidades concretas&#8221;.<\/p>\n<p>Obras p\u00fablicas de Naci\u00f3n construir\u00e1 los accesos a Sierras Bayas &#8220;el trabajo es estar preocupado\u00a0 y trabajando para que lleguen la mayor cantidad de obras a Olavarr\u00eda&#8221;.<\/p>\n<p>Federico Aguilera dijo &#8220;mantuvimos un excelente encuentro con el Ministro Gabriel Katopodis donde anunciamos la licitaci\u00f3n de la obra para el acceso a Hinojo por un monto de $157 millones de pesos y el avance del proyecto para la rotonda de acceso a Sierras Bayas en la Ruta Nacional 226.A trav\u00e9s de una reuni\u00f3n en el Ministerio de Obras P\u00fablicas junto a periodistas locales realizamos un repaso por las obras que en este momento se est\u00e1n llevando a cabo en Olavarr\u00eda y los proyectos que se iniciar\u00e1n en un corto plazo&#8221;.<\/p>\n<p>Foto: Facebook Federico Aguilera<\/p>\n","protected":false},"excerpt":{"rendered":"<p>Obras P\u00fablicas de Naci\u00f3n construir\u00e1 los accesos a Sierras Bayas e Hinojo, lo confirm\u00f3 el&#8230;<\/p>\n","protected":false},"author":1,"featured_media":147763,"comment_status":"closed","ping_status":"closed","sticky":false,"template":"","format":"standard","meta":{"content-type":""},"categories":[64,43],"tags":[],"nelio_content":{"isAutoShareEnabled":false,"autoShareEndMode":"default","automationSources":{"useContentSentences":true,"useSocialTemplates":true,"useCustomSentences":false,"customSentences":[]},"followers":[1],"suggestedReferences":[],"includedReferences":[],"efiUrl":"","efiAlt":"","highlights":[]},"yoast_head":"<!-- This site is optimized with the Yoast SEO plugin v20.7 - https:\/\/yoast.com\/wordpress\/plugins\/seo\/ -->\n<title>Obras p\u00fablicas de Naci\u00f3n construir\u00e1 los accesos a S.Bayas e Hinojo<\/title>\n<meta name=\"description\" content=\"Obras P\u00fablicas de Naci\u00f3n construir\u00e1 los accesos a Sierras Bayas e Hinojo, lo confirm\u00f3 el Ministro de la cartera, Gabriel Katopodis,\" \/>\n<meta name=\"robots\" content=\"index, follow, max-snippet:-1, max-image-preview:large, max-video-preview:-1\" \/>\n<link rel=\"canonical\" href=\"https:\/\/experienciadevida.com.ar\/portalurbano\/obras-publicas-de-nacion-construira-los-accesos-a-sierras-bayas-e-hinojo\/\" \/>\n<meta property=\"og:locale\" content=\"es_ES\" \/>\n<meta property=\"og:type\" content=\"article\" \/>\n<meta property=\"og:title\" content=\"Obras p\u00fablicas de Naci\u00f3n construir\u00e1 los accesos a S.Bayas e Hinojo\" \/>\n<meta property=\"og:description\" content=\"Obras P\u00fablicas de Naci\u00f3n construir\u00e1 los accesos a Sierras Bayas e Hinojo, lo confirm\u00f3 el Ministro de la cartera, Gabriel Katopodis,\" \/>\n<meta property=\"og:url\" content=\"https:\/\/experienciadevida.com.ar\/portalurbano\/obras-publicas-de-nacion-construira-los-accesos-a-sierras-bayas-e-hinojo\/\" \/>\n<meta property=\"article:publisher\" content=\"https:\/\/www.facebook.com\/Portal-Urbano-171542830093757\/\" \/>\n<meta property=\"article:published_time\" content=\"2021-07-15T18:54:26+00:00\" \/>\n<meta property=\"article:modified_time\" content=\"2021-07-15T18:56:21+00:00\" \/>\n<meta property=\"og:image\" content=\"https:\/\/experienciadevida.com.ar\/portalurbano\/wp-content\/uploads\/2021\/07\/Obras-Publicas-de-Nacion-construira.jpg\" \/>\n\t<meta property=\"og:image:width\" content=\"1152\" \/>\n\t<meta property=\"og:image:height\" content=\"864\" \/>\n\t<meta property=\"og:image:type\" content=\"image\/jpeg\" \/>\n<meta name=\"author\" content=\"admpu17wp\" \/>\n<meta name=\"twitter:card\" content=\"summary_large_image\" \/>\n<meta name=\"twitter:creator\" content=\"@portalurbanook\" \/>\n<meta name=\"twitter:site\" content=\"@portalurbanook\" \/>\n<meta name=\"twitter:label1\" content=\"Escrito por\" \/>\n\t<meta name=\"twitter:data1\" content=\"admpu17wp\" \/>\n\t<meta name=\"twitter:label2\" content=\"Tiempo de lectura\" \/>\n\t<meta name=\"twitter:data2\" content=\"2 minutos\" \/>\n<script type=\"application\/ld+json\" class=\"yoast-schema-graph\">{\"@context\":\"https:\/\/schema.org\",\"@graph\":[{\"@type\":\"Article\",\"@id\":\"https:\/\/experienciadevida.com.ar\/portalurbano\/obras-publicas-de-nacion-construira-los-accesos-a-sierras-bayas-e-hinojo\/#article\",\"isPartOf\":{\"@id\":\"https:\/\/experienciadevida.com.ar\/portalurbano\/obras-publicas-de-nacion-construira-los-accesos-a-sierras-bayas-e-hinojo\/\"},\"author\":{\"name\":\"admpu17wp\",\"@id\":\"https:\/\/experienciadevida.com.ar\/portalurbano\/#\/schema\/person\/02dd326b1c4b056e9cc972486934a3a7\"},\"headline\":\"Obras P\u00fablicas de Naci\u00f3n construir\u00e1 los accesos a Sierras Bayas e Hinojo\",\"datePublished\":\"2021-07-15T18:54:26+00:00\",\"dateModified\":\"2021-07-15T18:56:21+00:00\",\"mainEntityOfPage\":{\"@id\":\"https:\/\/experienciadevida.com.ar\/portalurbano\/obras-publicas-de-nacion-construira-los-accesos-a-sierras-bayas-e-hinojo\/\"},\"wordCount\":395,\"publisher\":{\"@id\":\"https:\/\/experienciadevida.com.ar\/portalurbano\/#organization\"},\"articleSection\":[\"Destacadas 2\",\"Pol\u00edtica\"],\"inLanguage\":\"es\"},{\"@type\":\"WebPage\",\"@id\":\"https:\/\/experienciadevida.com.ar\/portalurbano\/obras-publicas-de-nacion-construira-los-accesos-a-sierras-bayas-e-hinojo\/\",\"url\":\"https:\/\/experienciadevida.com.ar\/portalurbano\/obras-publicas-de-nacion-construira-los-accesos-a-sierras-bayas-e-hinojo\/\",\"name\":\"Obras p\u00fablicas de Naci\u00f3n construir\u00e1 los accesos a S.Bayas e Hinojo\",\"isPartOf\":{\"@id\":\"https:\/\/experienciadevida.com.ar\/portalurbano\/#website\"},\"datePublished\":\"2021-07-15T18:54:26+00:00\",\"dateModified\":\"2021-07-15T18:56:21+00:00\",\"description\":\"Obras P\u00fablicas de Naci\u00f3n construir\u00e1 los accesos a Sierras Bayas e Hinojo, lo confirm\u00f3 el Ministro de la cartera, Gabriel Katopodis,\",\"breadcrumb\":{\"@id\":\"https:\/\/experienciadevida.com.ar\/portalurbano\/obras-publicas-de-nacion-construira-los-accesos-a-sierras-bayas-e-hinojo\/#breadcrumb\"},\"inLanguage\":\"es\",\"potentialAction\":[{\"@type\":\"ReadAction\",\"target\":[\"https:\/\/experienciadevida.com.ar\/portalurbano\/obras-publicas-de-nacion-construira-los-accesos-a-sierras-bayas-e-hinojo\/\"]}]},{\"@type\":\"BreadcrumbList\",\"@id\":\"https:\/\/experienciadevida.com.ar\/portalurbano\/obras-publicas-de-nacion-construira-los-accesos-a-sierras-bayas-e-hinojo\/#breadcrumb\",\"itemListElement\":[{\"@type\":\"ListItem\",\"position\":1,\"name\":\"Portada\",\"item\":\"https:\/\/experienciadevida.com.ar\/portalurbano\/\"},{\"@type\":\"ListItem\",\"position\":2,\"name\":\"Obras P\u00fablicas de Naci\u00f3n construir\u00e1 los accesos a Sierras Bayas e Hinojo\"}]},{\"@type\":\"WebSite\",\"@id\":\"https:\/\/experienciadevida.com.ar\/portalurbano\/#website\",\"url\":\"https:\/\/experienciadevida.com.ar\/portalurbano\/\",\"name\":\"\",\"description\":\"\",\"publisher\":{\"@id\":\"https:\/\/experienciadevida.com.ar\/portalurbano\/#organization\"},\"potentialAction\":[{\"@type\":\"SearchAction\",\"target\":{\"@type\":\"EntryPoint\",\"urlTemplate\":\"https:\/\/experienciadevida.com.ar\/portalurbano\/?s={search_term_string}\"},\"query-input\":\"required name=search_term_string\"}],\"inLanguage\":\"es\"},{\"@type\":\"Organization\",\"@id\":\"https:\/\/experienciadevida.com.ar\/portalurbano\/#organization\",\"name\":\"Portal Urbano\",\"url\":\"https:\/\/experienciadevida.com.ar\/portalurbano\/\",\"logo\":{\"@type\":\"ImageObject\",\"inLanguage\":\"es\",\"@id\":\"https:\/\/experienciadevida.com.ar\/portalurbano\/#\/schema\/logo\/image\/\",\"url\":\"https:\/\/experienciadevida.com.ar\/portalurbano\/wp-content\/uploads\/2019\/09\/Logo-Original.png\",\"contentUrl\":\"https:\/\/experienciadevida.com.ar\/portalurbano\/wp-content\/uploads\/2019\/09\/Logo-Original.png\",\"width\":2236,\"height\":1216,\"caption\":\"Portal Urbano\"},\"image\":{\"@id\":\"https:\/\/experienciadevida.com.ar\/portalurbano\/#\/schema\/logo\/image\/\"},\"sameAs\":[\"https:\/\/www.facebook.com\/Portal-Urbano-171542830093757\/\",\"https:\/\/twitter.com\/portalurbanook\",\"https:\/\/www.instagram.com\/_portalurbano\/\",\"https:\/\/www.youtube.com\/channel\/UCXhagIfszH8KxFiOok79zbA?view_as=subscriber\"]},{\"@type\":\"Person\",\"@id\":\"https:\/\/experienciadevida.com.ar\/portalurbano\/#\/schema\/person\/02dd326b1c4b056e9cc972486934a3a7\",\"name\":\"admpu17wp\",\"image\":{\"@type\":\"ImageObject\",\"inLanguage\":\"es\",\"@id\":\"https:\/\/experienciadevida.com.ar\/portalurbano\/#\/schema\/person\/image\/\",\"url\":\"https:\/\/secure.gravatar.com\/avatar\/830d4c57adaae6630765e449a6908047?s=96&d=mm&r=g\",\"contentUrl\":\"https:\/\/secure.gravatar.com\/avatar\/830d4c57adaae6630765e449a6908047?s=96&d=mm&r=g\",\"caption\":\"admpu17wp\"}}]}<\/script>\n<!-- \/ Yoast SEO plugin. -->","yoast_head_json":{"title":"Obras p\u00fablicas de Naci\u00f3n construir\u00e1 los accesos a S.Bayas e Hinojo","description":"Obras P\u00fablicas de Naci\u00f3n construir\u00e1 los accesos a Sierras Bayas e Hinojo, lo confirm\u00f3 el Ministro de la cartera, Gabriel Katopodis,","robots":{"index":"index","follow":"follow","max-snippet":"max-snippet:-1","max-image-preview":"max-image-preview:large","max-video-preview":"max-video-preview:-1"},"canonical":"https:\/\/experienciadevida.com.ar\/portalurbano\/obras-publicas-de-nacion-construira-los-accesos-a-sierras-bayas-e-hinojo\/","og_locale":"es_ES","og_type":"article","og_title":"Obras p\u00fablicas de Naci\u00f3n construir\u00e1 los accesos a S.Bayas e Hinojo","og_description":"Obras P\u00fablicas de Naci\u00f3n construir\u00e1 los accesos a Sierras Bayas e Hinojo, lo confirm\u00f3 el Ministro de la cartera, Gabriel Katopodis,","og_url":"https:\/\/experienciadevida.com.ar\/portalurbano\/obras-publicas-de-nacion-construira-los-accesos-a-sierras-bayas-e-hinojo\/","article_publisher":"https:\/\/www.facebook.com\/Portal-Urbano-171542830093757\/","article_published_time":"2021-07-15T18:54:26+00:00","article_modified_time":"2021-07-15T18:56:21+00:00","og_image":[{"width":1152,"height":864,"url":"https:\/\/experienciadevida.com.ar\/portalurbano\/wp-content\/uploads\/2021\/07\/Obras-Publicas-de-Nacion-construira.jpg","type":"image\/jpeg"}],"author":"admpu17wp","twitter_card":"summary_large_image","twitter_creator":"@portalurbanook","twitter_site":"@portalurbanook","twitter_misc":{"Escrito por":"admpu17wp","Tiempo de lectura":"2 minutos"},"schema":{"@context":"https:\/\/schema.org","@graph":[{"@type":"Article","@id":"https:\/\/experienciadevida.com.ar\/portalurbano\/obras-publicas-de-nacion-construira-los-accesos-a-sierras-bayas-e-hinojo\/#article","isPartOf":{"@id":"https:\/\/experienciadevida.com.ar\/portalurbano\/obras-publicas-de-nacion-construira-los-accesos-a-sierras-bayas-e-hinojo\/"},"author":{"name":"admpu17wp","@id":"https:\/\/experienciadevida.com.ar\/portalurbano\/#\/schema\/person\/02dd326b1c4b056e9cc972486934a3a7"},"headline":"Obras P\u00fablicas de Naci\u00f3n construir\u00e1 los accesos a Sierras Bayas e Hinojo","datePublished":"2021-07-15T18:54:26+00:00","dateModified":"2021-07-15T18:56:21+00:00","mainEntityOfPage":{"@id":"https:\/\/experienciadevida.com.ar\/portalurbano\/obras-publicas-de-nacion-construira-los-accesos-a-sierras-bayas-e-hinojo\/"},"wordCount":395,"publisher":{"@id":"https:\/\/experienciadevida.com.ar\/portalurbano\/#organization"},"articleSection":["Destacadas 2","Pol\u00edtica"],"inLanguage":"es"},{"@type":"WebPage","@id":"https:\/\/experienciadevida.com.ar\/portalurbano\/obras-publicas-de-nacion-construira-los-accesos-a-sierras-bayas-e-hinojo\/","url":"https:\/\/experienciadevida.com.ar\/portalurbano\/obras-publicas-de-nacion-construira-los-accesos-a-sierras-bayas-e-hinojo\/","name":"Obras p\u00fablicas de Naci\u00f3n construir\u00e1 los accesos a S.Bayas e Hinojo","isPartOf":{"@id":"https:\/\/experienciadevida.com.ar\/portalurbano\/#website"},"datePublished":"2021-07-15T18:54:26+00:00","dateModified":"2021-07-15T18:56:21+00:00","description":"Obras P\u00fablicas de Naci\u00f3n construir\u00e1 los accesos a Sierras Bayas e Hinojo, lo confirm\u00f3 el Ministro de la cartera, Gabriel Katopodis,","breadcrumb":{"@id":"https:\/\/experienciadevida.com.ar\/portalurbano\/obras-publicas-de-nacion-construira-los-accesos-a-sierras-bayas-e-hinojo\/#breadcrumb"},"inLanguage":"es","potentialAction":[{"@type":"ReadAction","target":["https:\/\/experienciadevida.com.ar\/portalurbano\/obras-publicas-de-nacion-construira-los-accesos-a-sierras-bayas-e-hinojo\/"]}]},{"@type":"BreadcrumbList","@id":"https:\/\/experienciadevida.com.ar\/portalurbano\/obras-publicas-de-nacion-construira-los-accesos-a-sierras-bayas-e-hinojo\/#breadcrumb","itemListElement":[{"@type":"ListItem","position":1,"name":"Portada","item":"https:\/\/experienciadevida.com.ar\/portalurbano\/"},{"@type":"ListItem","position":2,"name":"Obras P\u00fablicas de Naci\u00f3n construir\u00e1 los accesos a Sierras Bayas e Hinojo"}]},{"@type":"WebSite","@id":"https:\/\/experienciadevida.com.ar\/portalurbano\/#website","url":"https:\/\/experienciadevida.com.ar\/portalurbano\/","name":"","description":"","publisher":{"@id":"https:\/\/experienciadevida.com.ar\/portalurbano\/#organization"},"potentialAction":[{"@type":"SearchAction","target":{"@type":"EntryPoint","urlTemplate":"https:\/\/experienciadevida.com.ar\/portalurbano\/?s={search_term_string}"},"query-input":"required name=search_term_string"}],"inLanguage":"es"},{"@type":"Organization","@id":"https:\/\/experienciadevida.com.ar\/portalurbano\/#organization","name":"Portal Urbano","url":"https:\/\/experienciadevida.com.ar\/portalurbano\/","logo":{"@type":"ImageObject","inLanguage":"es","@id":"https:\/\/experienciadevida.com.ar\/portalurbano\/#\/schema\/logo\/image\/","url":"https:\/\/experienciadevida.com.ar\/portalurbano\/wp-content\/uploads\/2019\/09\/Logo-Original.png","contentUrl":"https:\/\/experienciadevida.com.ar\/portalurbano\/wp-content\/uploads\/2019\/09\/Logo-Original.png","width":2236,"height":1216,"caption":"Portal Urbano"},"image":{"@id":"https:\/\/experienciadevida.com.ar\/portalurbano\/#\/schema\/logo\/image\/"},"sameAs":["https:\/\/www.facebook.com\/Portal-Urbano-171542830093757\/","https:\/\/twitter.com\/portalurbanook","https:\/\/www.instagram.com\/_portalurbano\/","https:\/\/www.youtube.com\/channel\/UCXhagIfszH8KxFiOok79zbA?view_as=subscriber"]},{"@type":"Person","@id":"https:\/\/experienciadevida.com.ar\/portalurbano\/#\/schema\/person\/02dd326b1c4b056e9cc972486934a3a7","name":"admpu17wp","image":{"@type":"ImageObject","inLanguage":"es","@id":"https:\/\/experienciadevida.com.ar\/portalurbano\/#\/schema\/person\/image\/","url":"https:\/\/secure.gravatar.com\/avatar\/830d4c57adaae6630765e449a6908047?s=96&d=mm&r=g","contentUrl":"https:\/\/secure.gravatar.com\/avatar\/830d4c57adaae6630765e449a6908047?s=96&d=mm&r=g","caption":"admpu17wp"}}]}},"featured_image_urls":{"full":["https:\/\/experienciadevida.com.ar\/portalurbano\/wp-content\/uploads\/2021\/07\/Obras-Publicas-de-Nacion-construira.jpg",1152,864,false],"thumbnail":["https:\/\/experienciadevida.com.ar\/portalurbano\/wp-content\/uploads\/2021\/07\/Obras-Publicas-de-Nacion-construira-150x150.jpg",150,150,true],"medium":["https:\/\/experienciadevida.com.ar\/portalurbano\/wp-content\/uploads\/2021\/07\/Obras-Publicas-de-Nacion-construira-300x225.jpg",300,225,true],"medium_large":["https:\/\/experienciadevida.com.ar\/portalurbano\/wp-content\/uploads\/2021\/07\/Obras-Publicas-de-Nacion-construira-768x576.jpg",640,480,true],"large":["https:\/\/experienciadevida.com.ar\/portalurbano\/wp-content\/uploads\/2021\/07\/Obras-Publicas-de-Nacion-construira-1024x768.jpg",640,480,true],"ug_big":["https:\/\/experienciadevida.com.ar\/portalurbano\/wp-content\/uploads\/2021\/07\/Obras-Publicas-de-Nacion-construira-768x576.jpg",768,576,true],"1536x1536":["https:\/\/experienciadevida.com.ar\/portalurbano\/wp-content\/uploads\/2021\/07\/Obras-Publicas-de-Nacion-construira.jpg",1152,864,false],"2048x2048":["https:\/\/experienciadevida.com.ar\/portalurbano\/wp-content\/uploads\/2021\/07\/Obras-Publicas-de-Nacion-construira.jpg",1152,864,false],"newsever-slider-full":["https:\/\/experienciadevida.com.ar\/portalurbano\/wp-content\/uploads\/2021\/07\/Obras-Publicas-de-Nacion-construira.jpg",1127,845,false],"newsever-featured":["https:\/\/experienciadevida.com.ar\/portalurbano\/wp-content\/uploads\/2021\/07\/Obras-Publicas-de-Nacion-construira.jpg",1024,768,false],"newsever-medium":["https:\/\/experienciadevida.com.ar\/portalurbano\/wp-content\/uploads\/2021\/07\/Obras-Publicas-de-Nacion-construira.jpg",633,475,false],"web-stories-poster-portrait":["https:\/\/experienciadevida.com.ar\/portalurbano\/wp-content\/uploads\/2021\/07\/Obras-Publicas-de-Nacion-construira.jpg",640,480,false],"web-stories-publisher-logo":["https:\/\/experienciadevida.com.ar\/portalurbano\/wp-content\/uploads\/2021\/07\/Obras-Publicas-de-Nacion-construira.jpg",96,72,false],"web-stories-thumbnail":["https:\/\/experienciadevida.com.ar\/portalurbano\/wp-content\/uploads\/2021\/07\/Obras-Publicas-de-Nacion-construira.jpg",150,113,false]},"author_info":{"display_name":"admpu17wp","author_link":"https:\/\/experienciadevida.com.ar\/portalurbano\/author\/admpu17wp\/"},"category_info":"<a href=\"https:\/\/experienciadevida.com.ar\/portalurbano\/category\/destacadas-2\/\" rel=\"category tag\">Destacadas 2<\/a> <a href=\"https:\/\/experienciadevida.com.ar\/portalurbano\/category\/politica\/\" rel=\"category tag\">Pol\u00edtica<\/a>","tag_info":"Pol\u00edtica","comment_count":"0","amp_enabled":true,"_links":{"self":[{"href":"https:\/\/experienciadevida.com.ar\/portalurbano\/wp-json\/wp\/v2\/posts\/147762"}],"collection":[{"href":"https:\/\/experienciadevida.com.ar\/portalurbano\/wp-json\/wp\/v2\/posts"}],"about":[{"href":"https:\/\/experienciadevida.com.ar\/portalurbano\/wp-json\/wp\/v2\/types\/post"}],"author":[{"embeddable":true,"href":"https:\/\/experienciadevida.com.ar\/portalurbano\/wp-json\/wp\/v2\/users\/1"}],"replies":[{"embeddable":true,"href":"https:\/\/experienciadevida.com.ar\/portalurbano\/wp-json\/wp\/v2\/comments?post=147762"}],"version-history":[{"count":2,"href":"https:\/\/experienciadevida.com.ar\/portalurbano\/wp-json\/wp\/v2\/posts\/147762\/revisions"}],"predecessor-version":[{"id":147765,"href":"https:\/\/experienciadevida.com.ar\/portalurbano\/wp-json\/wp\/v2\/posts\/147762\/revisions\/147765"}],"wp:featuredmedia":[{"embeddable":true,"href":"https:\/\/experienciadevida.com.ar\/portalurbano\/wp-json\/wp\/v2\/media\/147763"}],"wp:attachment":[{"href":"https:\/\/experienciadevida.com.ar\/portalurbano\/wp-json\/wp\/v2\/media?parent=147762"}],"wp:term":[{"taxonomy":"category","embeddable":true,"href":"https:\/\/experienciadevida.com.ar\/portalurbano\/wp-json\/wp\/v2\/categories?post=147762"},{"taxonomy":"post_tag","embeddable":true,"href":"https:\/\/experienciadevida.com.ar\/portalurbano\/wp-json\/wp\/v2\/tags?post=147762"}],"curies":[{"name":"wp","href":"https:\/\/api.w.org\/{rel}","templated":true}]}}