{"id":147743,"date":"2021-07-15T11:53:43","date_gmt":"2021-07-15T14:53:43","guid":{"rendered":"https:\/\/experienciadevida.com.ar\/portalurbano\/?p=147743"},"modified":"2021-07-15T11:58:24","modified_gmt":"2021-07-15T14:58:24","slug":"pablo-wagner-nadie-quiere-tener-las-escuelas-cerradas","status":"publish","type":"post","link":"https:\/\/experienciadevida.com.ar\/portalurbano\/pablo-wagner-nadie-quiere-tener-las-escuelas-cerradas\/","title":{"rendered":"Pablo Wagner: \u201cNadie quiere tener las escuelas cerradas\u201d"},"content":{"rendered":"<p>Pablo Wagner: \u201cNadie quiere tener las escuelas cerradas\u201d, as\u00ed lo dijo el director de la E.E.S. N\u00ba 1 \u201cJ. L. Borges\u201d e integrante del <a href=\"https:\/\/www.facebook.com\/Foroolavarria\">Foro Olavarr\u00eda<\/a> &#8211; Frente Renovador, respecto a la actualizaci\u00f3n del Plan Jurisdiccional a partir de agosto.<\/p>\n<p>El Gobierno de la Provincia avanza en la actualizaci\u00f3n del Plan Jurisdiccional para asegurar mayor presencialidad y extensi\u00f3n del horario escolar a partir de las vacaciones de invierno. Pablo Wagner, director de la E.E.S. N\u00ba 1 \u201cJ. L. Borges\u201d e integrante del Foro Olavarr\u00eda &#8211; Frente Renovador, comparti\u00f3 sus reflexiones al respecto.<\/p>\n<p>\u201cLa reforma del Plan Jurisdiccional significa mayor presencialidad y una extensi\u00f3n de la jornada pedag\u00f3gica que hoy se encuentra en 4 o 5 horas\u201d,<br \/>\nexplic\u00f3 Wagner. Adem\u00e1s, asegur\u00f3 que \u201ca partir de las vacaciones de invierno vuelve la presencialidad en institutos terciarios y Centros de Educaci\u00f3n<br \/>\nF\u00edsica con los protocolos correspondientes\u201d.<\/p>\n<p>El avance del Plan Provincial de Vacunaci\u00f3n y la disminuci\u00f3n de los contagios por COVID-19 son los principales par\u00e1metros de referencia para<br \/>\nasegurar la presencialidad escolar. En este sentido, Pablo Wagner indic\u00f3 que \u201cadem\u00e1s las aperturas depender\u00e1n de la fase que tenga cada distrito en<br \/>\nla Provincia de Buenos Aires\u201d.<\/p>\n<p>Pablo Wagner &#8220;otra de las novedades que se dieron a conocer en los \u00faltimos d\u00edas es la no promoci\u00f3n autom\u00e1tica para el ciclo 2021, anunciado por el Ministro de Educaci\u00f3n de la Naci\u00f3n, Nicol\u00e1s Trotta. \u201cLos alumnos que no cumplan con las consignas y actividades pedag\u00f3gicas, y aquellos que adeuden m\u00e1s de dos materias correr\u00e1n el riesgo de repetir\u201d, afirm\u00f3.<\/p>\n<p>Por \u00faltimo, el director de la E.E.S. N\u00ba 1 e integrante del Foro Olavarr\u00eda &#8211; Frente Renovador, Pablo Wagner, se\u00f1al\u00f3 que \u201cvamos a la par de lo que marca<br \/>\nel ritmo de la pandemia. Nadie quiere tener las escuelas cerradas\u201d. \u201cEducaci\u00f3n es un \u00e1rea muy sensible. Por ello, la responsabilidad es mayor<br \/>\nque en otras materias\u201d, concluy\u00f3.<\/p>\n","protected":false},"excerpt":{"rendered":"<p>Pablo Wagner: \u201cNadie quiere tener las escuelas cerradas\u201d, as\u00ed lo dijo el director de la&#8230;<\/p>\n","protected":false},"author":1,"featured_media":147744,"comment_status":"closed","ping_status":"closed","sticky":false,"template":"","format":"standard","meta":{"content-type":""},"categories":[27,64],"tags":[],"nelio_content":{"isAutoShareEnabled":false,"autoShareEndMode":"default","automationSources":{"useContentSentences":true,"useSocialTemplates":true,"useCustomSentences":false,"customSentences":[]},"followers":[1],"suggestedReferences":[],"includedReferences":[],"efiUrl":"","efiAlt":"","highlights":[]},"yoast_head":"<!-- This site is optimized with the Yoast SEO plugin v20.7 - https:\/\/yoast.com\/wordpress\/plugins\/seo\/ -->\n<title>Pablo Wagner: &quot;Nadie quiere tener las escuelas cerradas&quot;<\/title>\n<meta name=\"description\" content=\"Pablo Wagner: \u201cNadie quiere tener las escuelas cerradas\u201d, as\u00ed lo dijo el director de la E.E.S. N\u00ba 1 \u201cJ. L. Borges\u201d e integrante del Foro\" \/>\n<meta name=\"robots\" content=\"index, follow, max-snippet:-1, max-image-preview:large, max-video-preview:-1\" \/>\n<link rel=\"canonical\" href=\"https:\/\/experienciadevida.com.ar\/portalurbano\/pablo-wagner-nadie-quiere-tener-las-escuelas-cerradas\/\" \/>\n<meta property=\"og:locale\" content=\"es_ES\" \/>\n<meta property=\"og:type\" content=\"article\" \/>\n<meta property=\"og:title\" content=\"Pablo Wagner: &quot;Nadie quiere tener las escuelas cerradas&quot;\" \/>\n<meta property=\"og:description\" content=\"Pablo Wagner: \u201cNadie quiere tener las escuelas cerradas\u201d, as\u00ed lo dijo el director de la E.E.S. N\u00ba 1 \u201cJ. L. Borges\u201d e integrante del Foro\" \/>\n<meta property=\"og:url\" content=\"https:\/\/experienciadevida.com.ar\/portalurbano\/pablo-wagner-nadie-quiere-tener-las-escuelas-cerradas\/\" \/>\n<meta property=\"article:publisher\" content=\"https:\/\/www.facebook.com\/Portal-Urbano-171542830093757\/\" \/>\n<meta property=\"article:published_time\" content=\"2021-07-15T14:53:43+00:00\" \/>\n<meta property=\"article:modified_time\" content=\"2021-07-15T14:58:24+00:00\" \/>\n<meta property=\"og:image\" content=\"https:\/\/experienciadevida.com.ar\/portalurbano\/wp-content\/uploads\/2021\/07\/Pablo-Wagner.jpeg\" \/>\n\t<meta property=\"og:image:width\" content=\"800\" \/>\n\t<meta property=\"og:image:height\" content=\"500\" \/>\n\t<meta property=\"og:image:type\" content=\"image\/jpeg\" \/>\n<meta name=\"author\" content=\"admpu17wp\" \/>\n<meta name=\"twitter:card\" content=\"summary_large_image\" \/>\n<meta name=\"twitter:creator\" content=\"@portalurbanook\" \/>\n<meta name=\"twitter:site\" content=\"@portalurbanook\" \/>\n<meta name=\"twitter:label1\" content=\"Escrito por\" \/>\n\t<meta name=\"twitter:data1\" content=\"admpu17wp\" \/>\n\t<meta name=\"twitter:label2\" content=\"Tiempo de lectura\" \/>\n\t<meta name=\"twitter:data2\" content=\"2 minutos\" \/>\n<script type=\"application\/ld+json\" class=\"yoast-schema-graph\">{\"@context\":\"https:\/\/schema.org\",\"@graph\":[{\"@type\":\"Article\",\"@id\":\"https:\/\/experienciadevida.com.ar\/portalurbano\/pablo-wagner-nadie-quiere-tener-las-escuelas-cerradas\/#article\",\"isPartOf\":{\"@id\":\"https:\/\/experienciadevida.com.ar\/portalurbano\/pablo-wagner-nadie-quiere-tener-las-escuelas-cerradas\/\"},\"author\":{\"name\":\"admpu17wp\",\"@id\":\"https:\/\/experienciadevida.com.ar\/portalurbano\/#\/schema\/person\/02dd326b1c4b056e9cc972486934a3a7\"},\"headline\":\"Pablo Wagner: \u201cNadie quiere tener las escuelas cerradas\u201d\",\"datePublished\":\"2021-07-15T14:53:43+00:00\",\"dateModified\":\"2021-07-15T14:58:24+00:00\",\"mainEntityOfPage\":{\"@id\":\"https:\/\/experienciadevida.com.ar\/portalurbano\/pablo-wagner-nadie-quiere-tener-las-escuelas-cerradas\/\"},\"wordCount\":345,\"publisher\":{\"@id\":\"https:\/\/experienciadevida.com.ar\/portalurbano\/#organization\"},\"articleSection\":[\"Ciudad\",\"Destacadas 2\"],\"inLanguage\":\"es\"},{\"@type\":\"WebPage\",\"@id\":\"https:\/\/experienciadevida.com.ar\/portalurbano\/pablo-wagner-nadie-quiere-tener-las-escuelas-cerradas\/\",\"url\":\"https:\/\/experienciadevida.com.ar\/portalurbano\/pablo-wagner-nadie-quiere-tener-las-escuelas-cerradas\/\",\"name\":\"Pablo Wagner: \\\"Nadie quiere tener las escuelas cerradas\\\"\",\"isPartOf\":{\"@id\":\"https:\/\/experienciadevida.com.ar\/portalurbano\/#website\"},\"datePublished\":\"2021-07-15T14:53:43+00:00\",\"dateModified\":\"2021-07-15T14:58:24+00:00\",\"description\":\"Pablo Wagner: \u201cNadie quiere tener las escuelas cerradas\u201d, as\u00ed lo dijo el director de la E.E.S. N\u00ba 1 \u201cJ. L. Borges\u201d e integrante del Foro\",\"breadcrumb\":{\"@id\":\"https:\/\/experienciadevida.com.ar\/portalurbano\/pablo-wagner-nadie-quiere-tener-las-escuelas-cerradas\/#breadcrumb\"},\"inLanguage\":\"es\",\"potentialAction\":[{\"@type\":\"ReadAction\",\"target\":[\"https:\/\/experienciadevida.com.ar\/portalurbano\/pablo-wagner-nadie-quiere-tener-las-escuelas-cerradas\/\"]}]},{\"@type\":\"BreadcrumbList\",\"@id\":\"https:\/\/experienciadevida.com.ar\/portalurbano\/pablo-wagner-nadie-quiere-tener-las-escuelas-cerradas\/#breadcrumb\",\"itemListElement\":[{\"@type\":\"ListItem\",\"position\":1,\"name\":\"Portada\",\"item\":\"https:\/\/experienciadevida.com.ar\/portalurbano\/\"},{\"@type\":\"ListItem\",\"position\":2,\"name\":\"Pablo Wagner: \u201cNadie quiere tener las escuelas cerradas\u201d\"}]},{\"@type\":\"WebSite\",\"@id\":\"https:\/\/experienciadevida.com.ar\/portalurbano\/#website\",\"url\":\"https:\/\/experienciadevida.com.ar\/portalurbano\/\",\"name\":\"\",\"description\":\"\",\"publisher\":{\"@id\":\"https:\/\/experienciadevida.com.ar\/portalurbano\/#organization\"},\"potentialAction\":[{\"@type\":\"SearchAction\",\"target\":{\"@type\":\"EntryPoint\",\"urlTemplate\":\"https:\/\/experienciadevida.com.ar\/portalurbano\/?s={search_term_string}\"},\"query-input\":\"required name=search_term_string\"}],\"inLanguage\":\"es\"},{\"@type\":\"Organization\",\"@id\":\"https:\/\/experienciadevida.com.ar\/portalurbano\/#organization\",\"name\":\"Portal Urbano\",\"url\":\"https:\/\/experienciadevida.com.ar\/portalurbano\/\",\"logo\":{\"@type\":\"ImageObject\",\"inLanguage\":\"es\",\"@id\":\"https:\/\/experienciadevida.com.ar\/portalurbano\/#\/schema\/logo\/image\/\",\"url\":\"https:\/\/experienciadevida.com.ar\/portalurbano\/wp-content\/uploads\/2019\/09\/Logo-Original.png\",\"contentUrl\":\"https:\/\/experienciadevida.com.ar\/portalurbano\/wp-content\/uploads\/2019\/09\/Logo-Original.png\",\"width\":2236,\"height\":1216,\"caption\":\"Portal Urbano\"},\"image\":{\"@id\":\"https:\/\/experienciadevida.com.ar\/portalurbano\/#\/schema\/logo\/image\/\"},\"sameAs\":[\"https:\/\/www.facebook.com\/Portal-Urbano-171542830093757\/\",\"https:\/\/twitter.com\/portalurbanook\",\"https:\/\/www.instagram.com\/_portalurbano\/\",\"https:\/\/www.youtube.com\/channel\/UCXhagIfszH8KxFiOok79zbA?view_as=subscriber\"]},{\"@type\":\"Person\",\"@id\":\"https:\/\/experienciadevida.com.ar\/portalurbano\/#\/schema\/person\/02dd326b1c4b056e9cc972486934a3a7\",\"name\":\"admpu17wp\",\"image\":{\"@type\":\"ImageObject\",\"inLanguage\":\"es\",\"@id\":\"https:\/\/experienciadevida.com.ar\/portalurbano\/#\/schema\/person\/image\/\",\"url\":\"https:\/\/secure.gravatar.com\/avatar\/830d4c57adaae6630765e449a6908047?s=96&d=mm&r=g\",\"contentUrl\":\"https:\/\/secure.gravatar.com\/avatar\/830d4c57adaae6630765e449a6908047?s=96&d=mm&r=g\",\"caption\":\"admpu17wp\"}}]}<\/script>\n<!-- \/ Yoast SEO plugin. -->","yoast_head_json":{"title":"Pablo Wagner: \"Nadie quiere tener las escuelas cerradas\"","description":"Pablo Wagner: \u201cNadie quiere tener las escuelas cerradas\u201d, as\u00ed lo dijo el director de la E.E.S. N\u00ba 1 \u201cJ. L. Borges\u201d e integrante del Foro","robots":{"index":"index","follow":"follow","max-snippet":"max-snippet:-1","max-image-preview":"max-image-preview:large","max-video-preview":"max-video-preview:-1"},"canonical":"https:\/\/experienciadevida.com.ar\/portalurbano\/pablo-wagner-nadie-quiere-tener-las-escuelas-cerradas\/","og_locale":"es_ES","og_type":"article","og_title":"Pablo Wagner: \"Nadie quiere tener las escuelas cerradas\"","og_description":"Pablo Wagner: \u201cNadie quiere tener las escuelas cerradas\u201d, as\u00ed lo dijo el director de la E.E.S. N\u00ba 1 \u201cJ. L. Borges\u201d e integrante del Foro","og_url":"https:\/\/experienciadevida.com.ar\/portalurbano\/pablo-wagner-nadie-quiere-tener-las-escuelas-cerradas\/","article_publisher":"https:\/\/www.facebook.com\/Portal-Urbano-171542830093757\/","article_published_time":"2021-07-15T14:53:43+00:00","article_modified_time":"2021-07-15T14:58:24+00:00","og_image":[{"width":800,"height":500,"url":"https:\/\/experienciadevida.com.ar\/portalurbano\/wp-content\/uploads\/2021\/07\/Pablo-Wagner.jpeg","type":"image\/jpeg"}],"author":"admpu17wp","twitter_card":"summary_large_image","twitter_creator":"@portalurbanook","twitter_site":"@portalurbanook","twitter_misc":{"Escrito por":"admpu17wp","Tiempo de lectura":"2 minutos"},"schema":{"@context":"https:\/\/schema.org","@graph":[{"@type":"Article","@id":"https:\/\/experienciadevida.com.ar\/portalurbano\/pablo-wagner-nadie-quiere-tener-las-escuelas-cerradas\/#article","isPartOf":{"@id":"https:\/\/experienciadevida.com.ar\/portalurbano\/pablo-wagner-nadie-quiere-tener-las-escuelas-cerradas\/"},"author":{"name":"admpu17wp","@id":"https:\/\/experienciadevida.com.ar\/portalurbano\/#\/schema\/person\/02dd326b1c4b056e9cc972486934a3a7"},"headline":"Pablo Wagner: \u201cNadie quiere tener las escuelas cerradas\u201d","datePublished":"2021-07-15T14:53:43+00:00","dateModified":"2021-07-15T14:58:24+00:00","mainEntityOfPage":{"@id":"https:\/\/experienciadevida.com.ar\/portalurbano\/pablo-wagner-nadie-quiere-tener-las-escuelas-cerradas\/"},"wordCount":345,"publisher":{"@id":"https:\/\/experienciadevida.com.ar\/portalurbano\/#organization"},"articleSection":["Ciudad","Destacadas 2"],"inLanguage":"es"},{"@type":"WebPage","@id":"https:\/\/experienciadevida.com.ar\/portalurbano\/pablo-wagner-nadie-quiere-tener-las-escuelas-cerradas\/","url":"https:\/\/experienciadevida.com.ar\/portalurbano\/pablo-wagner-nadie-quiere-tener-las-escuelas-cerradas\/","name":"Pablo Wagner: \"Nadie quiere tener las escuelas cerradas\"","isPartOf":{"@id":"https:\/\/experienciadevida.com.ar\/portalurbano\/#website"},"datePublished":"2021-07-15T14:53:43+00:00","dateModified":"2021-07-15T14:58:24+00:00","description":"Pablo Wagner: \u201cNadie quiere tener las escuelas cerradas\u201d, as\u00ed lo dijo el director de la E.E.S. N\u00ba 1 \u201cJ. L. Borges\u201d e integrante del Foro","breadcrumb":{"@id":"https:\/\/experienciadevida.com.ar\/portalurbano\/pablo-wagner-nadie-quiere-tener-las-escuelas-cerradas\/#breadcrumb"},"inLanguage":"es","potentialAction":[{"@type":"ReadAction","target":["https:\/\/experienciadevida.com.ar\/portalurbano\/pablo-wagner-nadie-quiere-tener-las-escuelas-cerradas\/"]}]},{"@type":"BreadcrumbList","@id":"https:\/\/experienciadevida.com.ar\/portalurbano\/pablo-wagner-nadie-quiere-tener-las-escuelas-cerradas\/#breadcrumb","itemListElement":[{"@type":"ListItem","position":1,"name":"Portada","item":"https:\/\/experienciadevida.com.ar\/portalurbano\/"},{"@type":"ListItem","position":2,"name":"Pablo Wagner: \u201cNadie quiere tener las escuelas cerradas\u201d"}]},{"@type":"WebSite","@id":"https:\/\/experienciadevida.com.ar\/portalurbano\/#website","url":"https:\/\/experienciadevida.com.ar\/portalurbano\/","name":"","description":"","publisher":{"@id":"https:\/\/experienciadevida.com.ar\/portalurbano\/#organization"},"potentialAction":[{"@type":"SearchAction","target":{"@type":"EntryPoint","urlTemplate":"https:\/\/experienciadevida.com.ar\/portalurbano\/?s={search_term_string}"},"query-input":"required name=search_term_string"}],"inLanguage":"es"},{"@type":"Organization","@id":"https:\/\/experienciadevida.com.ar\/portalurbano\/#organization","name":"Portal Urbano","url":"https:\/\/experienciadevida.com.ar\/portalurbano\/","logo":{"@type":"ImageObject","inLanguage":"es","@id":"https:\/\/experienciadevida.com.ar\/portalurbano\/#\/schema\/logo\/image\/","url":"https:\/\/experienciadevida.com.ar\/portalurbano\/wp-content\/uploads\/2019\/09\/Logo-Original.png","contentUrl":"https:\/\/experienciadevida.com.ar\/portalurbano\/wp-content\/uploads\/2019\/09\/Logo-Original.png","width":2236,"height":1216,"caption":"Portal Urbano"},"image":{"@id":"https:\/\/experienciadevida.com.ar\/portalurbano\/#\/schema\/logo\/image\/"},"sameAs":["https:\/\/www.facebook.com\/Portal-Urbano-171542830093757\/","https:\/\/twitter.com\/portalurbanook","https:\/\/www.instagram.com\/_portalurbano\/","https:\/\/www.youtube.com\/channel\/UCXhagIfszH8KxFiOok79zbA?view_as=subscriber"]},{"@type":"Person","@id":"https:\/\/experienciadevida.com.ar\/portalurbano\/#\/schema\/person\/02dd326b1c4b056e9cc972486934a3a7","name":"admpu17wp","image":{"@type":"ImageObject","inLanguage":"es","@id":"https:\/\/experienciadevida.com.ar\/portalurbano\/#\/schema\/person\/image\/","url":"https:\/\/secure.gravatar.com\/avatar\/830d4c57adaae6630765e449a6908047?s=96&d=mm&r=g","contentUrl":"https:\/\/secure.gravatar.com\/avatar\/830d4c57adaae6630765e449a6908047?s=96&d=mm&r=g","caption":"admpu17wp"}}]}},"featured_image_urls":{"full":["https:\/\/experienciadevida.com.ar\/portalurbano\/wp-content\/uploads\/2021\/07\/Pablo-Wagner.jpeg",800,500,false],"thumbnail":["https:\/\/experienciadevida.com.ar\/portalurbano\/wp-content\/uploads\/2021\/07\/Pablo-Wagner-150x150.jpeg",150,150,true],"medium":["https:\/\/experienciadevida.com.ar\/portalurbano\/wp-content\/uploads\/2021\/07\/Pablo-Wagner-300x188.jpeg",300,188,true],"medium_large":["https:\/\/experienciadevida.com.ar\/portalurbano\/wp-content\/uploads\/2021\/07\/Pablo-Wagner-768x480.jpeg",640,400,true],"large":["https:\/\/experienciadevida.com.ar\/portalurbano\/wp-content\/uploads\/2021\/07\/Pablo-Wagner.jpeg",640,400,false],"ug_big":["https:\/\/experienciadevida.com.ar\/portalurbano\/wp-content\/uploads\/2021\/07\/Pablo-Wagner-768x480.jpeg",768,480,true],"1536x1536":["https:\/\/experienciadevida.com.ar\/portalurbano\/wp-content\/uploads\/2021\/07\/Pablo-Wagner.jpeg",800,500,false],"2048x2048":["https:\/\/experienciadevida.com.ar\/portalurbano\/wp-content\/uploads\/2021\/07\/Pablo-Wagner.jpeg",800,500,false],"newsever-slider-full":["https:\/\/experienciadevida.com.ar\/portalurbano\/wp-content\/uploads\/2021\/07\/Pablo-Wagner.jpeg",800,500,false],"newsever-featured":["https:\/\/experienciadevida.com.ar\/portalurbano\/wp-content\/uploads\/2021\/07\/Pablo-Wagner.jpeg",800,500,false],"newsever-medium":["https:\/\/experienciadevida.com.ar\/portalurbano\/wp-content\/uploads\/2021\/07\/Pablo-Wagner.jpeg",720,450,false],"web-stories-poster-portrait":["https:\/\/experienciadevida.com.ar\/portalurbano\/wp-content\/uploads\/2021\/07\/Pablo-Wagner.jpeg",640,400,false],"web-stories-publisher-logo":["https:\/\/experienciadevida.com.ar\/portalurbano\/wp-content\/uploads\/2021\/07\/Pablo-Wagner.jpeg",96,60,false],"web-stories-thumbnail":["https:\/\/experienciadevida.com.ar\/portalurbano\/wp-content\/uploads\/2021\/07\/Pablo-Wagner.jpeg",150,94,false]},"author_info":{"display_name":"admpu17wp","author_link":"https:\/\/experienciadevida.com.ar\/portalurbano\/author\/admpu17wp\/"},"category_info":"<a href=\"https:\/\/experienciadevida.com.ar\/portalurbano\/category\/ciudad\/\" rel=\"category tag\">Ciudad<\/a> <a href=\"https:\/\/experienciadevida.com.ar\/portalurbano\/category\/destacadas-2\/\" rel=\"category tag\">Destacadas 2<\/a>","tag_info":"Destacadas 2","comment_count":"0","amp_enabled":true,"_links":{"self":[{"href":"https:\/\/experienciadevida.com.ar\/portalurbano\/wp-json\/wp\/v2\/posts\/147743"}],"collection":[{"href":"https:\/\/experienciadevida.com.ar\/portalurbano\/wp-json\/wp\/v2\/posts"}],"about":[{"href":"https:\/\/experienciadevida.com.ar\/portalurbano\/wp-json\/wp\/v2\/types\/post"}],"author":[{"embeddable":true,"href":"https:\/\/experienciadevida.com.ar\/portalurbano\/wp-json\/wp\/v2\/users\/1"}],"replies":[{"embeddable":true,"href":"https:\/\/experienciadevida.com.ar\/portalurbano\/wp-json\/wp\/v2\/comments?post=147743"}],"version-history":[{"count":2,"href":"https:\/\/experienciadevida.com.ar\/portalurbano\/wp-json\/wp\/v2\/posts\/147743\/revisions"}],"predecessor-version":[{"id":147746,"href":"https:\/\/experienciadevida.com.ar\/portalurbano\/wp-json\/wp\/v2\/posts\/147743\/revisions\/147746"}],"wp:featuredmedia":[{"embeddable":true,"href":"https:\/\/experienciadevida.com.ar\/portalurbano\/wp-json\/wp\/v2\/media\/147744"}],"wp:attachment":[{"href":"https:\/\/experienciadevida.com.ar\/portalurbano\/wp-json\/wp\/v2\/media?parent=147743"}],"wp:term":[{"taxonomy":"category","embeddable":true,"href":"https:\/\/experienciadevida.com.ar\/portalurbano\/wp-json\/wp\/v2\/categories?post=147743"},{"taxonomy":"post_tag","embeddable":true,"href":"https:\/\/experienciadevida.com.ar\/portalurbano\/wp-json\/wp\/v2\/tags?post=147743"}],"curies":[{"name":"wp","href":"https:\/\/api.w.org\/{rel}","templated":true}]}}