{"id":147633,"date":"2021-07-14T09:42:49","date_gmt":"2021-07-14T12:42:49","guid":{"rendered":"https:\/\/experienciadevida.com.ar\/portalurbano\/?p=147633"},"modified":"2021-07-14T09:45:13","modified_gmt":"2021-07-14T12:45:13","slug":"acompanamos-a-los-vecinos-y-organizaciones-que-trabajan-por-la-comunidad","status":"publish","type":"post","link":"https:\/\/experienciadevida.com.ar\/portalurbano\/acompanamos-a-los-vecinos-y-organizaciones-que-trabajan-por-la-comunidad\/","title":{"rendered":"\u201cAcompa\u00f1amos a los vecinos y organizaciones que trabajan por la comunidad\u201d"},"content":{"rendered":"<p>\u201cAcompa\u00f1amos a los vecinos y organizaciones que trabajan por la comunidad\u201d, fue la reflexi\u00f3n de Liz Herrera, coordinadora del Foro Social del <a href=\"https:\/\/www.facebook.com\/Foroolavarria\">Foro<\/a><br \/>\nOlavarr\u00eda, respecto al trabajo que se viene realizando en el espacio.<\/p>\n<p>Liz Herrera, Coordinadora del Foro Social del Foro Olavarr\u00eda, comparti\u00f3 sus reflexiones acerca del trabajo que viene realizando el espacio. \u201cDesde el<br \/>\nForo Social realizamos actividades orientadas a la construcci\u00f3n de redes que nos permitan dar respuesta a las demandas de la sociedad\u201d, se\u00f1al\u00f3 Liz<br \/>\nHerrera. \u201cDe esta manera, acompa\u00f1amos a los vecinos y organizaciones que trabajan por la comunidad\u201d, a\u00f1adi\u00f3.<\/p>\n<p>El Foro Social del Foro Olavarr\u00eda es un espacio dedicado a atender las necesidades concretas de vecinas y vecinos. Para ello, cuentan con una red<br \/>\nde organismos Nacionales y Provinciales, organizaciones sociales y el bloque de Concejales del Foro Olavarr\u00eda para dar respuesta a las diversas<br \/>\ndemandas que se presentan. En este sentido, Liz Herrera explic\u00f3 que \u201ccuando se manifiestan necesidades en cuanto a salud, alimentaci\u00f3n, trabajo y\/o<br \/>\nvivienda intentamos generar el v\u00ednculo con organismos del Estado u organizaciones privadas que puedan cubrir esa demanda en lo inmediato\u201d.<\/p>\n<p>&#8220;Acompa\u00f1amos a los vecinos y organizaciones que trabajan por la comunidad&#8221;, a su vez el Foro Social present\u00f3 una serie audiovisual titulada \u201c<a href=\"https:\/\/experienciadevida.com.ar\/portalurbano\/jonatan-becker-y-el-club-independiente-de-colonia-san-miguel-protagonistas-del-cuarto-capitulo-de-personas-que-hacen\/\">Personas que Hacen<\/a>\u201d. A trav\u00e9s de la misma se recuperan historias de vecinas y vecinos que hacen su aporte a la comunidad. Se encuentra disponible en el canal de <a href=\"https:\/\/www.youtube.com\/channel\/UCk5IV4eH0XNAZAfTw064q0w\">YouTube<\/a> del Foro Olavarr\u00eda y se estrena un nuevo cap\u00edtulo cada fin de semana. En cuanto a esta iniciativa, la coordinadora<br \/>\ndel Foro Social del Foro Olavarr\u00eda, Liz Herrera, sostuvo que \u201cel objetivo es sostener y fortalecer el tejido social\u201d.<\/p>\n<p>\u201cTodas aquellas personas que quieran colaborar o tengan proyectos sociales y quieran canalizarlos a trav\u00e9s del Foro Olavarr\u00eda son bienvenidas\u201d, asegur\u00f3 Liz Herrera. Para ello deber\u00e1n acercarse a la Casa Eduardo \u201cChino\u201d Correa, sede del Foro Olavarr\u00eda &#8211; Frente Renovador, ubicada en Belgrano al 3222, de lunes a viernes de 9 a 13 horas.<\/p>\n<p>Por \u00faltimo, Herrera recuper\u00f3 los dichos de Ren\u00e9 Favaloro, al cumplirse 98 a\u00f1os de su nacimiento, citando \u201cla justicia y la libertad volver\u00e1n a<br \/>\njuntarse, bien pegaditas, espalda con espalda. Yo pido que todos sigamos so\u00f1ando\u201d. \u201cDesde el Foro Social tomamos sus palabras como sost\u00e9n, gu\u00eda y<br \/>\nobjetivo en nuestra tarea diaria\u201d, finaliz\u00f3.<\/p>\n","protected":false},"excerpt":{"rendered":"<p>\u201cAcompa\u00f1amos a los vecinos y organizaciones que trabajan por la comunidad\u201d, fue la reflexi\u00f3n de&#8230;<\/p>\n","protected":false},"author":1,"featured_media":147634,"comment_status":"closed","ping_status":"closed","sticky":false,"template":"","format":"standard","meta":{"content-type":""},"categories":[27,64],"tags":[],"nelio_content":{"isAutoShareEnabled":false,"autoShareEndMode":"default","automationSources":{"useContentSentences":true,"useSocialTemplates":true,"useCustomSentences":false,"customSentences":[]},"followers":[1],"suggestedReferences":[],"includedReferences":["https:\/\/www.youtube.com\/channel\/UCk5IV4eH0XNAZAfTw064q0w"],"efiUrl":"","efiAlt":"","highlights":[]},"yoast_head":"<!-- This site is optimized with the Yoast SEO plugin v20.7 - https:\/\/yoast.com\/wordpress\/plugins\/seo\/ -->\n<title>&quot;Acompa\u00f1amos a los vecinos y organizaciones que trabajan&quot;<\/title>\n<meta name=\"description\" content=\"\u201cAcompa\u00f1amos a los vecinos y organizaciones que trabajan por la comunidad\u201d, fue la reflexi\u00f3n de Liz Herrera, coordinadora del Foro Social\" \/>\n<meta name=\"robots\" content=\"index, follow, max-snippet:-1, max-image-preview:large, max-video-preview:-1\" \/>\n<link rel=\"canonical\" href=\"https:\/\/experienciadevida.com.ar\/portalurbano\/acompanamos-a-los-vecinos-y-organizaciones-que-trabajan-por-la-comunidad\/\" \/>\n<meta property=\"og:locale\" content=\"es_ES\" \/>\n<meta property=\"og:type\" content=\"article\" \/>\n<meta property=\"og:title\" content=\"&quot;Acompa\u00f1amos a los vecinos y organizaciones que trabajan&quot;\" \/>\n<meta property=\"og:description\" content=\"\u201cAcompa\u00f1amos a los vecinos y organizaciones que trabajan por la comunidad\u201d, fue la reflexi\u00f3n de Liz Herrera, coordinadora del Foro Social\" \/>\n<meta property=\"og:url\" content=\"https:\/\/experienciadevida.com.ar\/portalurbano\/acompanamos-a-los-vecinos-y-organizaciones-que-trabajan-por-la-comunidad\/\" \/>\n<meta property=\"article:publisher\" content=\"https:\/\/www.facebook.com\/Portal-Urbano-171542830093757\/\" \/>\n<meta property=\"article:published_time\" content=\"2021-07-14T12:42:49+00:00\" \/>\n<meta property=\"article:modified_time\" content=\"2021-07-14T12:45:13+00:00\" \/>\n<meta property=\"og:image\" content=\"https:\/\/experienciadevida.com.ar\/portalurbano\/wp-content\/uploads\/2021\/07\/Acompanamos-a-los-vecinos-y.jpg\" \/>\n\t<meta property=\"og:image:width\" content=\"800\" \/>\n\t<meta property=\"og:image:height\" content=\"500\" \/>\n\t<meta property=\"og:image:type\" content=\"image\/jpeg\" \/>\n<meta name=\"author\" content=\"admpu17wp\" \/>\n<meta name=\"twitter:card\" content=\"summary_large_image\" \/>\n<meta name=\"twitter:creator\" content=\"@portalurbanook\" \/>\n<meta name=\"twitter:site\" content=\"@portalurbanook\" \/>\n<meta name=\"twitter:label1\" content=\"Escrito por\" \/>\n\t<meta name=\"twitter:data1\" content=\"admpu17wp\" \/>\n\t<meta name=\"twitter:label2\" content=\"Tiempo de lectura\" \/>\n\t<meta name=\"twitter:data2\" content=\"2 minutos\" \/>\n<script type=\"application\/ld+json\" class=\"yoast-schema-graph\">{\"@context\":\"https:\/\/schema.org\",\"@graph\":[{\"@type\":\"Article\",\"@id\":\"https:\/\/experienciadevida.com.ar\/portalurbano\/acompanamos-a-los-vecinos-y-organizaciones-que-trabajan-por-la-comunidad\/#article\",\"isPartOf\":{\"@id\":\"https:\/\/experienciadevida.com.ar\/portalurbano\/acompanamos-a-los-vecinos-y-organizaciones-que-trabajan-por-la-comunidad\/\"},\"author\":{\"name\":\"admpu17wp\",\"@id\":\"https:\/\/experienciadevida.com.ar\/portalurbano\/#\/schema\/person\/02dd326b1c4b056e9cc972486934a3a7\"},\"headline\":\"\u201cAcompa\u00f1amos a los vecinos y organizaciones que trabajan por la comunidad\u201d\",\"datePublished\":\"2021-07-14T12:42:49+00:00\",\"dateModified\":\"2021-07-14T12:45:13+00:00\",\"mainEntityOfPage\":{\"@id\":\"https:\/\/experienciadevida.com.ar\/portalurbano\/acompanamos-a-los-vecinos-y-organizaciones-que-trabajan-por-la-comunidad\/\"},\"wordCount\":416,\"publisher\":{\"@id\":\"https:\/\/experienciadevida.com.ar\/portalurbano\/#organization\"},\"articleSection\":[\"Ciudad\",\"Destacadas 2\"],\"inLanguage\":\"es\"},{\"@type\":\"WebPage\",\"@id\":\"https:\/\/experienciadevida.com.ar\/portalurbano\/acompanamos-a-los-vecinos-y-organizaciones-que-trabajan-por-la-comunidad\/\",\"url\":\"https:\/\/experienciadevida.com.ar\/portalurbano\/acompanamos-a-los-vecinos-y-organizaciones-que-trabajan-por-la-comunidad\/\",\"name\":\"\\\"Acompa\u00f1amos a los vecinos y organizaciones que trabajan\\\"\",\"isPartOf\":{\"@id\":\"https:\/\/experienciadevida.com.ar\/portalurbano\/#website\"},\"datePublished\":\"2021-07-14T12:42:49+00:00\",\"dateModified\":\"2021-07-14T12:45:13+00:00\",\"description\":\"\u201cAcompa\u00f1amos a los vecinos y organizaciones que trabajan por la comunidad\u201d, fue la reflexi\u00f3n de Liz Herrera, coordinadora del Foro Social\",\"breadcrumb\":{\"@id\":\"https:\/\/experienciadevida.com.ar\/portalurbano\/acompanamos-a-los-vecinos-y-organizaciones-que-trabajan-por-la-comunidad\/#breadcrumb\"},\"inLanguage\":\"es\",\"potentialAction\":[{\"@type\":\"ReadAction\",\"target\":[\"https:\/\/experienciadevida.com.ar\/portalurbano\/acompanamos-a-los-vecinos-y-organizaciones-que-trabajan-por-la-comunidad\/\"]}]},{\"@type\":\"BreadcrumbList\",\"@id\":\"https:\/\/experienciadevida.com.ar\/portalurbano\/acompanamos-a-los-vecinos-y-organizaciones-que-trabajan-por-la-comunidad\/#breadcrumb\",\"itemListElement\":[{\"@type\":\"ListItem\",\"position\":1,\"name\":\"Portada\",\"item\":\"https:\/\/experienciadevida.com.ar\/portalurbano\/\"},{\"@type\":\"ListItem\",\"position\":2,\"name\":\"\u201cAcompa\u00f1amos a los vecinos y organizaciones que trabajan por la comunidad\u201d\"}]},{\"@type\":\"WebSite\",\"@id\":\"https:\/\/experienciadevida.com.ar\/portalurbano\/#website\",\"url\":\"https:\/\/experienciadevida.com.ar\/portalurbano\/\",\"name\":\"\",\"description\":\"\",\"publisher\":{\"@id\":\"https:\/\/experienciadevida.com.ar\/portalurbano\/#organization\"},\"potentialAction\":[{\"@type\":\"SearchAction\",\"target\":{\"@type\":\"EntryPoint\",\"urlTemplate\":\"https:\/\/experienciadevida.com.ar\/portalurbano\/?s={search_term_string}\"},\"query-input\":\"required name=search_term_string\"}],\"inLanguage\":\"es\"},{\"@type\":\"Organization\",\"@id\":\"https:\/\/experienciadevida.com.ar\/portalurbano\/#organization\",\"name\":\"Portal Urbano\",\"url\":\"https:\/\/experienciadevida.com.ar\/portalurbano\/\",\"logo\":{\"@type\":\"ImageObject\",\"inLanguage\":\"es\",\"@id\":\"https:\/\/experienciadevida.com.ar\/portalurbano\/#\/schema\/logo\/image\/\",\"url\":\"https:\/\/experienciadevida.com.ar\/portalurbano\/wp-content\/uploads\/2019\/09\/Logo-Original.png\",\"contentUrl\":\"https:\/\/experienciadevida.com.ar\/portalurbano\/wp-content\/uploads\/2019\/09\/Logo-Original.png\",\"width\":2236,\"height\":1216,\"caption\":\"Portal Urbano\"},\"image\":{\"@id\":\"https:\/\/experienciadevida.com.ar\/portalurbano\/#\/schema\/logo\/image\/\"},\"sameAs\":[\"https:\/\/www.facebook.com\/Portal-Urbano-171542830093757\/\",\"https:\/\/twitter.com\/portalurbanook\",\"https:\/\/www.instagram.com\/_portalurbano\/\",\"https:\/\/www.youtube.com\/channel\/UCXhagIfszH8KxFiOok79zbA?view_as=subscriber\"]},{\"@type\":\"Person\",\"@id\":\"https:\/\/experienciadevida.com.ar\/portalurbano\/#\/schema\/person\/02dd326b1c4b056e9cc972486934a3a7\",\"name\":\"admpu17wp\",\"image\":{\"@type\":\"ImageObject\",\"inLanguage\":\"es\",\"@id\":\"https:\/\/experienciadevida.com.ar\/portalurbano\/#\/schema\/person\/image\/\",\"url\":\"https:\/\/secure.gravatar.com\/avatar\/830d4c57adaae6630765e449a6908047?s=96&d=mm&r=g\",\"contentUrl\":\"https:\/\/secure.gravatar.com\/avatar\/830d4c57adaae6630765e449a6908047?s=96&d=mm&r=g\",\"caption\":\"admpu17wp\"}}]}<\/script>\n<!-- \/ Yoast SEO plugin. -->","yoast_head_json":{"title":"\"Acompa\u00f1amos a los vecinos y organizaciones que trabajan\"","description":"\u201cAcompa\u00f1amos a los vecinos y organizaciones que trabajan por la comunidad\u201d, fue la reflexi\u00f3n de Liz Herrera, coordinadora del Foro Social","robots":{"index":"index","follow":"follow","max-snippet":"max-snippet:-1","max-image-preview":"max-image-preview:large","max-video-preview":"max-video-preview:-1"},"canonical":"https:\/\/experienciadevida.com.ar\/portalurbano\/acompanamos-a-los-vecinos-y-organizaciones-que-trabajan-por-la-comunidad\/","og_locale":"es_ES","og_type":"article","og_title":"\"Acompa\u00f1amos a los vecinos y organizaciones que trabajan\"","og_description":"\u201cAcompa\u00f1amos a los vecinos y organizaciones que trabajan por la comunidad\u201d, fue la reflexi\u00f3n de Liz Herrera, coordinadora del Foro Social","og_url":"https:\/\/experienciadevida.com.ar\/portalurbano\/acompanamos-a-los-vecinos-y-organizaciones-que-trabajan-por-la-comunidad\/","article_publisher":"https:\/\/www.facebook.com\/Portal-Urbano-171542830093757\/","article_published_time":"2021-07-14T12:42:49+00:00","article_modified_time":"2021-07-14T12:45:13+00:00","og_image":[{"width":800,"height":500,"url":"https:\/\/experienciadevida.com.ar\/portalurbano\/wp-content\/uploads\/2021\/07\/Acompanamos-a-los-vecinos-y.jpg","type":"image\/jpeg"}],"author":"admpu17wp","twitter_card":"summary_large_image","twitter_creator":"@portalurbanook","twitter_site":"@portalurbanook","twitter_misc":{"Escrito por":"admpu17wp","Tiempo de lectura":"2 minutos"},"schema":{"@context":"https:\/\/schema.org","@graph":[{"@type":"Article","@id":"https:\/\/experienciadevida.com.ar\/portalurbano\/acompanamos-a-los-vecinos-y-organizaciones-que-trabajan-por-la-comunidad\/#article","isPartOf":{"@id":"https:\/\/experienciadevida.com.ar\/portalurbano\/acompanamos-a-los-vecinos-y-organizaciones-que-trabajan-por-la-comunidad\/"},"author":{"name":"admpu17wp","@id":"https:\/\/experienciadevida.com.ar\/portalurbano\/#\/schema\/person\/02dd326b1c4b056e9cc972486934a3a7"},"headline":"\u201cAcompa\u00f1amos a los vecinos y organizaciones que trabajan por la comunidad\u201d","datePublished":"2021-07-14T12:42:49+00:00","dateModified":"2021-07-14T12:45:13+00:00","mainEntityOfPage":{"@id":"https:\/\/experienciadevida.com.ar\/portalurbano\/acompanamos-a-los-vecinos-y-organizaciones-que-trabajan-por-la-comunidad\/"},"wordCount":416,"publisher":{"@id":"https:\/\/experienciadevida.com.ar\/portalurbano\/#organization"},"articleSection":["Ciudad","Destacadas 2"],"inLanguage":"es"},{"@type":"WebPage","@id":"https:\/\/experienciadevida.com.ar\/portalurbano\/acompanamos-a-los-vecinos-y-organizaciones-que-trabajan-por-la-comunidad\/","url":"https:\/\/experienciadevida.com.ar\/portalurbano\/acompanamos-a-los-vecinos-y-organizaciones-que-trabajan-por-la-comunidad\/","name":"\"Acompa\u00f1amos a los vecinos y organizaciones que trabajan\"","isPartOf":{"@id":"https:\/\/experienciadevida.com.ar\/portalurbano\/#website"},"datePublished":"2021-07-14T12:42:49+00:00","dateModified":"2021-07-14T12:45:13+00:00","description":"\u201cAcompa\u00f1amos a los vecinos y organizaciones que trabajan por la comunidad\u201d, fue la reflexi\u00f3n de Liz Herrera, coordinadora del Foro Social","breadcrumb":{"@id":"https:\/\/experienciadevida.com.ar\/portalurbano\/acompanamos-a-los-vecinos-y-organizaciones-que-trabajan-por-la-comunidad\/#breadcrumb"},"inLanguage":"es","potentialAction":[{"@type":"ReadAction","target":["https:\/\/experienciadevida.com.ar\/portalurbano\/acompanamos-a-los-vecinos-y-organizaciones-que-trabajan-por-la-comunidad\/"]}]},{"@type":"BreadcrumbList","@id":"https:\/\/experienciadevida.com.ar\/portalurbano\/acompanamos-a-los-vecinos-y-organizaciones-que-trabajan-por-la-comunidad\/#breadcrumb","itemListElement":[{"@type":"ListItem","position":1,"name":"Portada","item":"https:\/\/experienciadevida.com.ar\/portalurbano\/"},{"@type":"ListItem","position":2,"name":"\u201cAcompa\u00f1amos a los vecinos y organizaciones que trabajan por la comunidad\u201d"}]},{"@type":"WebSite","@id":"https:\/\/experienciadevida.com.ar\/portalurbano\/#website","url":"https:\/\/experienciadevida.com.ar\/portalurbano\/","name":"","description":"","publisher":{"@id":"https:\/\/experienciadevida.com.ar\/portalurbano\/#organization"},"potentialAction":[{"@type":"SearchAction","target":{"@type":"EntryPoint","urlTemplate":"https:\/\/experienciadevida.com.ar\/portalurbano\/?s={search_term_string}"},"query-input":"required name=search_term_string"}],"inLanguage":"es"},{"@type":"Organization","@id":"https:\/\/experienciadevida.com.ar\/portalurbano\/#organization","name":"Portal Urbano","url":"https:\/\/experienciadevida.com.ar\/portalurbano\/","logo":{"@type":"ImageObject","inLanguage":"es","@id":"https:\/\/experienciadevida.com.ar\/portalurbano\/#\/schema\/logo\/image\/","url":"https:\/\/experienciadevida.com.ar\/portalurbano\/wp-content\/uploads\/2019\/09\/Logo-Original.png","contentUrl":"https:\/\/experienciadevida.com.ar\/portalurbano\/wp-content\/uploads\/2019\/09\/Logo-Original.png","width":2236,"height":1216,"caption":"Portal Urbano"},"image":{"@id":"https:\/\/experienciadevida.com.ar\/portalurbano\/#\/schema\/logo\/image\/"},"sameAs":["https:\/\/www.facebook.com\/Portal-Urbano-171542830093757\/","https:\/\/twitter.com\/portalurbanook","https:\/\/www.instagram.com\/_portalurbano\/","https:\/\/www.youtube.com\/channel\/UCXhagIfszH8KxFiOok79zbA?view_as=subscriber"]},{"@type":"Person","@id":"https:\/\/experienciadevida.com.ar\/portalurbano\/#\/schema\/person\/02dd326b1c4b056e9cc972486934a3a7","name":"admpu17wp","image":{"@type":"ImageObject","inLanguage":"es","@id":"https:\/\/experienciadevida.com.ar\/portalurbano\/#\/schema\/person\/image\/","url":"https:\/\/secure.gravatar.com\/avatar\/830d4c57adaae6630765e449a6908047?s=96&d=mm&r=g","contentUrl":"https:\/\/secure.gravatar.com\/avatar\/830d4c57adaae6630765e449a6908047?s=96&d=mm&r=g","caption":"admpu17wp"}}]}},"featured_image_urls":{"full":["https:\/\/experienciadevida.com.ar\/portalurbano\/wp-content\/uploads\/2021\/07\/Acompanamos-a-los-vecinos-y.jpg",800,500,false],"thumbnail":["https:\/\/experienciadevida.com.ar\/portalurbano\/wp-content\/uploads\/2021\/07\/Acompanamos-a-los-vecinos-y-150x150.jpg",150,150,true],"medium":["https:\/\/experienciadevida.com.ar\/portalurbano\/wp-content\/uploads\/2021\/07\/Acompanamos-a-los-vecinos-y-300x188.jpg",300,188,true],"medium_large":["https:\/\/experienciadevida.com.ar\/portalurbano\/wp-content\/uploads\/2021\/07\/Acompanamos-a-los-vecinos-y-768x480.jpg",640,400,true],"large":["https:\/\/experienciadevida.com.ar\/portalurbano\/wp-content\/uploads\/2021\/07\/Acompanamos-a-los-vecinos-y.jpg",640,400,false],"ug_big":["https:\/\/experienciadevida.com.ar\/portalurbano\/wp-content\/uploads\/2021\/07\/Acompanamos-a-los-vecinos-y-768x480.jpg",768,480,true],"1536x1536":["https:\/\/experienciadevida.com.ar\/portalurbano\/wp-content\/uploads\/2021\/07\/Acompanamos-a-los-vecinos-y.jpg",800,500,false],"2048x2048":["https:\/\/experienciadevida.com.ar\/portalurbano\/wp-content\/uploads\/2021\/07\/Acompanamos-a-los-vecinos-y.jpg",800,500,false],"newsever-slider-full":["https:\/\/experienciadevida.com.ar\/portalurbano\/wp-content\/uploads\/2021\/07\/Acompanamos-a-los-vecinos-y.jpg",800,500,false],"newsever-featured":["https:\/\/experienciadevida.com.ar\/portalurbano\/wp-content\/uploads\/2021\/07\/Acompanamos-a-los-vecinos-y.jpg",800,500,false],"newsever-medium":["https:\/\/experienciadevida.com.ar\/portalurbano\/wp-content\/uploads\/2021\/07\/Acompanamos-a-los-vecinos-y.jpg",720,450,false],"web-stories-poster-portrait":["https:\/\/experienciadevida.com.ar\/portalurbano\/wp-content\/uploads\/2021\/07\/Acompanamos-a-los-vecinos-y.jpg",640,400,false],"web-stories-publisher-logo":["https:\/\/experienciadevida.com.ar\/portalurbano\/wp-content\/uploads\/2021\/07\/Acompanamos-a-los-vecinos-y.jpg",96,60,false],"web-stories-thumbnail":["https:\/\/experienciadevida.com.ar\/portalurbano\/wp-content\/uploads\/2021\/07\/Acompanamos-a-los-vecinos-y.jpg",150,94,false]},"author_info":{"display_name":"admpu17wp","author_link":"https:\/\/experienciadevida.com.ar\/portalurbano\/author\/admpu17wp\/"},"category_info":"<a href=\"https:\/\/experienciadevida.com.ar\/portalurbano\/category\/ciudad\/\" rel=\"category tag\">Ciudad<\/a> <a href=\"https:\/\/experienciadevida.com.ar\/portalurbano\/category\/destacadas-2\/\" rel=\"category tag\">Destacadas 2<\/a>","tag_info":"Destacadas 2","comment_count":"0","amp_enabled":true,"_links":{"self":[{"href":"https:\/\/experienciadevida.com.ar\/portalurbano\/wp-json\/wp\/v2\/posts\/147633"}],"collection":[{"href":"https:\/\/experienciadevida.com.ar\/portalurbano\/wp-json\/wp\/v2\/posts"}],"about":[{"href":"https:\/\/experienciadevida.com.ar\/portalurbano\/wp-json\/wp\/v2\/types\/post"}],"author":[{"embeddable":true,"href":"https:\/\/experienciadevida.com.ar\/portalurbano\/wp-json\/wp\/v2\/users\/1"}],"replies":[{"embeddable":true,"href":"https:\/\/experienciadevida.com.ar\/portalurbano\/wp-json\/wp\/v2\/comments?post=147633"}],"version-history":[{"count":3,"href":"https:\/\/experienciadevida.com.ar\/portalurbano\/wp-json\/wp\/v2\/posts\/147633\/revisions"}],"predecessor-version":[{"id":147637,"href":"https:\/\/experienciadevida.com.ar\/portalurbano\/wp-json\/wp\/v2\/posts\/147633\/revisions\/147637"}],"wp:featuredmedia":[{"embeddable":true,"href":"https:\/\/experienciadevida.com.ar\/portalurbano\/wp-json\/wp\/v2\/media\/147634"}],"wp:attachment":[{"href":"https:\/\/experienciadevida.com.ar\/portalurbano\/wp-json\/wp\/v2\/media?parent=147633"}],"wp:term":[{"taxonomy":"category","embeddable":true,"href":"https:\/\/experienciadevida.com.ar\/portalurbano\/wp-json\/wp\/v2\/categories?post=147633"},{"taxonomy":"post_tag","embeddable":true,"href":"https:\/\/experienciadevida.com.ar\/portalurbano\/wp-json\/wp\/v2\/tags?post=147633"}],"curies":[{"name":"wp","href":"https:\/\/api.w.org\/{rel}","templated":true}]}}