{"id":147605,"date":"2021-07-13T20:02:21","date_gmt":"2021-07-13T23:02:21","guid":{"rendered":"https:\/\/experienciadevida.com.ar\/portalurbano\/?p=147605"},"modified":"2021-07-13T20:06:35","modified_gmt":"2021-07-13T23:06:35","slug":"la-subsecretaria-de-mineria-realizo-un-gran-operativo-de-fiscalizacion-minera-en-ruta","status":"publish","type":"post","link":"https:\/\/experienciadevida.com.ar\/portalurbano\/la-subsecretaria-de-mineria-realizo-un-gran-operativo-de-fiscalizacion-minera-en-ruta\/","title":{"rendered":"La subsecretar\u00eda de Miner\u00eda realiz\u00f3 un gran operativo de fiscalizaci\u00f3n Minera en ruta"},"content":{"rendered":"<p>La subsecretar\u00eda de Miner\u00eda realiz\u00f3 un gran operativo de fiscalizaci\u00f3n Minera en ruta, en el marco del plan de fiscalizaci\u00f3n que se viene llevando adelante, se realiz\u00f3 est\u00e9 lunes 12 y martes 13, un nuevo operativo interministerial en el partido de Azul, para el control en el tr\u00e1nsito de minerales.<\/p>\n<p>Desde la Subsecretar\u00eda de Miner\u00eda, y en un trabajo en conjunto con ARBA, la Subsecretar\u00eda de Transporte, la Direcci\u00f3n de Vialidad y la Polic\u00eda Bonaerense, se llev\u00f3 adelante un operativo de fiscalizaci\u00f3n de gran magnitud en el partido de Azul con el objeto de regular la actividad clandestina y la evasi\u00f3n en materia minera en la Provincia y cuidar las rutas por las que transitan los y las bonaerenses.<\/p>\n<p>En la provincia de Buenos Aires toda persona f\u00edsica o jur\u00eddica que transporte o comercialice en el territorio, sustancias minerales de cualquiera de las categor\u00edas indicadas en el C\u00f3digo de Miner\u00eda, como as\u00ed mismo subproductos triturados, molidos y en bloque, debe contar con las gu\u00edas de traslado para el tr\u00e1nsito de Sustancias Minerales, implementadas por la Ley 13512 y a trav\u00e9s de la autoridad minera provincial.<\/p>\n<p>La Subsecretar\u00eda de Miner\u00eda realiz\u00f3 un gran operativo, El subsecretario de Miner\u00eda <a href=\"https:\/\/www.facebook.com\/FedericoAguile5\">Federico Aguilera<\/a>, tras participar del operativo, expres\u00f3 que la circulaci\u00f3n de veh\u00edculos de transporte de carga que exceden el peso permitido se traduce en un factor de riesgo para todo el que transita por rutas y caminos en el territorio bonaerense, porque provoca graves da\u00f1os en la infraestructura vial y genera gastos adicionales de mantenimiento para el Estado. Ante ello, toda medida que busque impedir la sobrecarga debe entenderse como beneficiosa para toda la ciudadan\u00eda.<\/p>\n<p>Los controles, que se desplegaron de manera simult\u00e1nea sobre la ruta 51 en cercan\u00edas a la ciudad de Azul; sobre ruta 3 en la intersecci\u00f3n con ruta 60 y en zonas consideradas recarga, reflejaron diversas irregularidades que se trasladaron a las respectivas actas confeccionadas.<\/p>\n<p>Estas inspecciones continuaran siendo frecuentes en toda la Provincia a partir del trabajo mancomunado entre los distintos Ministerios. Es fundamental avanzar hacia una miner\u00eda cada vez m\u00e1s transparente y para ello es necesario contar con un Estado presente, que acompa\u00f1e y fiscalice.<\/p>\n<p><a href=\"https:\/\/experienciadevida.com.ar\/portalurbano\/la-subsecretaria-de-mineria-realizo-un-gran-operativo-de-fiscalizacion-minera-en-ruta\/la-subsecretaria\/\" rel=\"attachment wp-att-147609\"><img decoding=\"async\" class=\"alignnone size-large wp-image-147609\" src=\"https:\/\/experienciadevida.com.ar\/portalurbano\/wp-content\/uploads\/2021\/07\/La-subsecretaria-1024x638.jpg\" alt=\"La subsecretar\u00eda \" width=\"900\" height=\"561\" srcset=\"https:\/\/experienciadevida.com.ar\/portalurbano\/wp-content\/uploads\/2021\/07\/La-subsecretaria-1024x638.jpg 1024w, https:\/\/experienciadevida.com.ar\/portalurbano\/wp-content\/uploads\/2021\/07\/La-subsecretaria-300x187.jpg 300w, https:\/\/experienciadevida.com.ar\/portalurbano\/wp-content\/uploads\/2021\/07\/La-subsecretaria-768x479.jpg 768w, https:\/\/experienciadevida.com.ar\/portalurbano\/wp-content\/uploads\/2021\/07\/La-subsecretaria.jpg 1280w\" sizes=\"(max-width: 900px) 100vw, 900px\" \/><\/a><\/p>\n<p><a href=\"https:\/\/experienciadevida.com.ar\/portalurbano\/la-subsecretaria-de-mineria-realizo-un-gran-operativo-de-fiscalizacion-minera-en-ruta\/de-mineria\/\" rel=\"attachment wp-att-147610\"><img decoding=\"async\" class=\"alignnone size-large wp-image-147610\" src=\"https:\/\/experienciadevida.com.ar\/portalurbano\/wp-content\/uploads\/2021\/07\/de-mineria-1024x616.jpg\" alt=\"de miner\u00eda \" width=\"900\" height=\"541\" srcset=\"https:\/\/experienciadevida.com.ar\/portalurbano\/wp-content\/uploads\/2021\/07\/de-mineria-1024x616.jpg 1024w, https:\/\/experienciadevida.com.ar\/portalurbano\/wp-content\/uploads\/2021\/07\/de-mineria-300x180.jpg 300w, https:\/\/experienciadevida.com.ar\/portalurbano\/wp-content\/uploads\/2021\/07\/de-mineria-768x462.jpg 768w, https:\/\/experienciadevida.com.ar\/portalurbano\/wp-content\/uploads\/2021\/07\/de-mineria.jpg 1280w\" sizes=\"(max-width: 900px) 100vw, 900px\" \/><\/a><\/p>\n<p><a href=\"https:\/\/experienciadevida.com.ar\/portalurbano\/la-subsecretaria-de-mineria-realizo-un-gran-operativo-de-fiscalizacion-minera-en-ruta\/mineria-4\/\" rel=\"attachment wp-att-147611\"><img decoding=\"async\" class=\"alignnone size-large wp-image-147611\" src=\"https:\/\/experienciadevida.com.ar\/portalurbano\/wp-content\/uploads\/2021\/07\/mineria-1024x637.jpg\" alt=\"miner\u00eda \" width=\"900\" height=\"560\" srcset=\"https:\/\/experienciadevida.com.ar\/portalurbano\/wp-content\/uploads\/2021\/07\/mineria-1024x637.jpg 1024w, https:\/\/experienciadevida.com.ar\/portalurbano\/wp-content\/uploads\/2021\/07\/mineria-300x187.jpg 300w, https:\/\/experienciadevida.com.ar\/portalurbano\/wp-content\/uploads\/2021\/07\/mineria-768x478.jpg 768w, https:\/\/experienciadevida.com.ar\/portalurbano\/wp-content\/uploads\/2021\/07\/mineria.jpg 1280w\" sizes=\"(max-width: 900px) 100vw, 900px\" \/><\/a><\/p>\n","protected":false},"excerpt":{"rendered":"<p>La subsecretar\u00eda de Miner\u00eda realiz\u00f3 un gran operativo de fiscalizaci\u00f3n Minera en ruta, en el&#8230;<\/p>\n","protected":false},"author":1,"featured_media":147606,"comment_status":"closed","ping_status":"closed","sticky":false,"template":"","format":"standard","meta":{"content-type":""},"categories":[27,64],"tags":[],"nelio_content":{"isAutoShareEnabled":false,"autoShareEndMode":"default","automationSources":{"useContentSentences":true,"useSocialTemplates":true,"useCustomSentences":false,"customSentences":[]},"followers":[1],"suggestedReferences":[],"includedReferences":[],"efiUrl":"","efiAlt":"","highlights":[]},"yoast_head":"<!-- This site is optimized with the Yoast SEO plugin v20.7 - https:\/\/yoast.com\/wordpress\/plugins\/seo\/ -->\n<title>La subsecretar\u00eda de miner\u00eda realiz\u00f3 un gran operativo de fiscalizaci\u00f3n<\/title>\n<meta name=\"description\" content=\"La subsecretar\u00eda de Miner\u00eda realiz\u00f3 un gran operativo de fiscalizaci\u00f3n Minera en ruta, en el marco del plan de fiscalizaci\u00f3n que lleva\" \/>\n<meta name=\"robots\" content=\"index, follow, max-snippet:-1, max-image-preview:large, max-video-preview:-1\" \/>\n<link rel=\"canonical\" href=\"https:\/\/experienciadevida.com.ar\/portalurbano\/la-subsecretaria-de-mineria-realizo-un-gran-operativo-de-fiscalizacion-minera-en-ruta\/\" \/>\n<meta property=\"og:locale\" content=\"es_ES\" \/>\n<meta property=\"og:type\" content=\"article\" \/>\n<meta property=\"og:title\" content=\"La subsecretar\u00eda de miner\u00eda realiz\u00f3 un gran operativo de fiscalizaci\u00f3n\" \/>\n<meta property=\"og:description\" content=\"La subsecretar\u00eda de Miner\u00eda realiz\u00f3 un gran operativo de fiscalizaci\u00f3n Minera en ruta, en el marco del plan de fiscalizaci\u00f3n que lleva\" \/>\n<meta property=\"og:url\" content=\"https:\/\/experienciadevida.com.ar\/portalurbano\/la-subsecretaria-de-mineria-realizo-un-gran-operativo-de-fiscalizacion-minera-en-ruta\/\" \/>\n<meta property=\"article:publisher\" content=\"https:\/\/www.facebook.com\/Portal-Urbano-171542830093757\/\" \/>\n<meta property=\"article:published_time\" content=\"2021-07-13T23:02:21+00:00\" \/>\n<meta property=\"article:modified_time\" content=\"2021-07-13T23:06:35+00:00\" \/>\n<meta property=\"og:image\" content=\"https:\/\/experienciadevida.com.ar\/portalurbano\/wp-content\/uploads\/2021\/07\/La-subsecretaria-de-Mineria-realizo.jpg\" \/>\n\t<meta property=\"og:image:width\" content=\"1280\" \/>\n\t<meta property=\"og:image:height\" content=\"706\" \/>\n\t<meta property=\"og:image:type\" content=\"image\/jpeg\" \/>\n<meta name=\"author\" content=\"admpu17wp\" \/>\n<meta name=\"twitter:card\" content=\"summary_large_image\" \/>\n<meta name=\"twitter:creator\" content=\"@portalurbanook\" \/>\n<meta name=\"twitter:site\" content=\"@portalurbanook\" \/>\n<meta name=\"twitter:label1\" content=\"Escrito por\" \/>\n\t<meta name=\"twitter:data1\" content=\"admpu17wp\" \/>\n\t<meta name=\"twitter:label2\" content=\"Tiempo de lectura\" \/>\n\t<meta name=\"twitter:data2\" content=\"3 minutos\" \/>\n<script type=\"application\/ld+json\" class=\"yoast-schema-graph\">{\"@context\":\"https:\/\/schema.org\",\"@graph\":[{\"@type\":\"Article\",\"@id\":\"https:\/\/experienciadevida.com.ar\/portalurbano\/la-subsecretaria-de-mineria-realizo-un-gran-operativo-de-fiscalizacion-minera-en-ruta\/#article\",\"isPartOf\":{\"@id\":\"https:\/\/experienciadevida.com.ar\/portalurbano\/la-subsecretaria-de-mineria-realizo-un-gran-operativo-de-fiscalizacion-minera-en-ruta\/\"},\"author\":{\"name\":\"admpu17wp\",\"@id\":\"https:\/\/experienciadevida.com.ar\/portalurbano\/#\/schema\/person\/02dd326b1c4b056e9cc972486934a3a7\"},\"headline\":\"La subsecretar\u00eda de Miner\u00eda realiz\u00f3 un gran operativo de fiscalizaci\u00f3n Minera en ruta\",\"datePublished\":\"2021-07-13T23:02:21+00:00\",\"dateModified\":\"2021-07-13T23:06:35+00:00\",\"mainEntityOfPage\":{\"@id\":\"https:\/\/experienciadevida.com.ar\/portalurbano\/la-subsecretaria-de-mineria-realizo-un-gran-operativo-de-fiscalizacion-minera-en-ruta\/\"},\"wordCount\":401,\"publisher\":{\"@id\":\"https:\/\/experienciadevida.com.ar\/portalurbano\/#organization\"},\"articleSection\":[\"Ciudad\",\"Destacadas 2\"],\"inLanguage\":\"es\"},{\"@type\":\"WebPage\",\"@id\":\"https:\/\/experienciadevida.com.ar\/portalurbano\/la-subsecretaria-de-mineria-realizo-un-gran-operativo-de-fiscalizacion-minera-en-ruta\/\",\"url\":\"https:\/\/experienciadevida.com.ar\/portalurbano\/la-subsecretaria-de-mineria-realizo-un-gran-operativo-de-fiscalizacion-minera-en-ruta\/\",\"name\":\"La subsecretar\u00eda de miner\u00eda realiz\u00f3 un gran operativo de fiscalizaci\u00f3n\",\"isPartOf\":{\"@id\":\"https:\/\/experienciadevida.com.ar\/portalurbano\/#website\"},\"datePublished\":\"2021-07-13T23:02:21+00:00\",\"dateModified\":\"2021-07-13T23:06:35+00:00\",\"description\":\"La subsecretar\u00eda de Miner\u00eda realiz\u00f3 un gran operativo de fiscalizaci\u00f3n Minera en ruta, en el marco del plan de fiscalizaci\u00f3n que lleva\",\"breadcrumb\":{\"@id\":\"https:\/\/experienciadevida.com.ar\/portalurbano\/la-subsecretaria-de-mineria-realizo-un-gran-operativo-de-fiscalizacion-minera-en-ruta\/#breadcrumb\"},\"inLanguage\":\"es\",\"potentialAction\":[{\"@type\":\"ReadAction\",\"target\":[\"https:\/\/experienciadevida.com.ar\/portalurbano\/la-subsecretaria-de-mineria-realizo-un-gran-operativo-de-fiscalizacion-minera-en-ruta\/\"]}]},{\"@type\":\"BreadcrumbList\",\"@id\":\"https:\/\/experienciadevida.com.ar\/portalurbano\/la-subsecretaria-de-mineria-realizo-un-gran-operativo-de-fiscalizacion-minera-en-ruta\/#breadcrumb\",\"itemListElement\":[{\"@type\":\"ListItem\",\"position\":1,\"name\":\"Portada\",\"item\":\"https:\/\/experienciadevida.com.ar\/portalurbano\/\"},{\"@type\":\"ListItem\",\"position\":2,\"name\":\"La subsecretar\u00eda de Miner\u00eda realiz\u00f3 un gran operativo de fiscalizaci\u00f3n Minera en ruta\"}]},{\"@type\":\"WebSite\",\"@id\":\"https:\/\/experienciadevida.com.ar\/portalurbano\/#website\",\"url\":\"https:\/\/experienciadevida.com.ar\/portalurbano\/\",\"name\":\"\",\"description\":\"\",\"publisher\":{\"@id\":\"https:\/\/experienciadevida.com.ar\/portalurbano\/#organization\"},\"potentialAction\":[{\"@type\":\"SearchAction\",\"target\":{\"@type\":\"EntryPoint\",\"urlTemplate\":\"https:\/\/experienciadevida.com.ar\/portalurbano\/?s={search_term_string}\"},\"query-input\":\"required name=search_term_string\"}],\"inLanguage\":\"es\"},{\"@type\":\"Organization\",\"@id\":\"https:\/\/experienciadevida.com.ar\/portalurbano\/#organization\",\"name\":\"Portal Urbano\",\"url\":\"https:\/\/experienciadevida.com.ar\/portalurbano\/\",\"logo\":{\"@type\":\"ImageObject\",\"inLanguage\":\"es\",\"@id\":\"https:\/\/experienciadevida.com.ar\/portalurbano\/#\/schema\/logo\/image\/\",\"url\":\"https:\/\/experienciadevida.com.ar\/portalurbano\/wp-content\/uploads\/2019\/09\/Logo-Original.png\",\"contentUrl\":\"https:\/\/experienciadevida.com.ar\/portalurbano\/wp-content\/uploads\/2019\/09\/Logo-Original.png\",\"width\":2236,\"height\":1216,\"caption\":\"Portal Urbano\"},\"image\":{\"@id\":\"https:\/\/experienciadevida.com.ar\/portalurbano\/#\/schema\/logo\/image\/\"},\"sameAs\":[\"https:\/\/www.facebook.com\/Portal-Urbano-171542830093757\/\",\"https:\/\/twitter.com\/portalurbanook\",\"https:\/\/www.instagram.com\/_portalurbano\/\",\"https:\/\/www.youtube.com\/channel\/UCXhagIfszH8KxFiOok79zbA?view_as=subscriber\"]},{\"@type\":\"Person\",\"@id\":\"https:\/\/experienciadevida.com.ar\/portalurbano\/#\/schema\/person\/02dd326b1c4b056e9cc972486934a3a7\",\"name\":\"admpu17wp\",\"image\":{\"@type\":\"ImageObject\",\"inLanguage\":\"es\",\"@id\":\"https:\/\/experienciadevida.com.ar\/portalurbano\/#\/schema\/person\/image\/\",\"url\":\"https:\/\/secure.gravatar.com\/avatar\/830d4c57adaae6630765e449a6908047?s=96&d=mm&r=g\",\"contentUrl\":\"https:\/\/secure.gravatar.com\/avatar\/830d4c57adaae6630765e449a6908047?s=96&d=mm&r=g\",\"caption\":\"admpu17wp\"}}]}<\/script>\n<!-- \/ Yoast SEO plugin. -->","yoast_head_json":{"title":"La subsecretar\u00eda de miner\u00eda realiz\u00f3 un gran operativo de fiscalizaci\u00f3n","description":"La subsecretar\u00eda de Miner\u00eda realiz\u00f3 un gran operativo de fiscalizaci\u00f3n Minera en ruta, en el marco del plan de fiscalizaci\u00f3n que lleva","robots":{"index":"index","follow":"follow","max-snippet":"max-snippet:-1","max-image-preview":"max-image-preview:large","max-video-preview":"max-video-preview:-1"},"canonical":"https:\/\/experienciadevida.com.ar\/portalurbano\/la-subsecretaria-de-mineria-realizo-un-gran-operativo-de-fiscalizacion-minera-en-ruta\/","og_locale":"es_ES","og_type":"article","og_title":"La subsecretar\u00eda de miner\u00eda realiz\u00f3 un gran operativo de fiscalizaci\u00f3n","og_description":"La subsecretar\u00eda de Miner\u00eda realiz\u00f3 un gran operativo de fiscalizaci\u00f3n Minera en ruta, en el marco del plan de fiscalizaci\u00f3n que lleva","og_url":"https:\/\/experienciadevida.com.ar\/portalurbano\/la-subsecretaria-de-mineria-realizo-un-gran-operativo-de-fiscalizacion-minera-en-ruta\/","article_publisher":"https:\/\/www.facebook.com\/Portal-Urbano-171542830093757\/","article_published_time":"2021-07-13T23:02:21+00:00","article_modified_time":"2021-07-13T23:06:35+00:00","og_image":[{"width":1280,"height":706,"url":"https:\/\/experienciadevida.com.ar\/portalurbano\/wp-content\/uploads\/2021\/07\/La-subsecretaria-de-Mineria-realizo.jpg","type":"image\/jpeg"}],"author":"admpu17wp","twitter_card":"summary_large_image","twitter_creator":"@portalurbanook","twitter_site":"@portalurbanook","twitter_misc":{"Escrito por":"admpu17wp","Tiempo de lectura":"3 minutos"},"schema":{"@context":"https:\/\/schema.org","@graph":[{"@type":"Article","@id":"https:\/\/experienciadevida.com.ar\/portalurbano\/la-subsecretaria-de-mineria-realizo-un-gran-operativo-de-fiscalizacion-minera-en-ruta\/#article","isPartOf":{"@id":"https:\/\/experienciadevida.com.ar\/portalurbano\/la-subsecretaria-de-mineria-realizo-un-gran-operativo-de-fiscalizacion-minera-en-ruta\/"},"author":{"name":"admpu17wp","@id":"https:\/\/experienciadevida.com.ar\/portalurbano\/#\/schema\/person\/02dd326b1c4b056e9cc972486934a3a7"},"headline":"La subsecretar\u00eda de Miner\u00eda realiz\u00f3 un gran operativo de fiscalizaci\u00f3n Minera en ruta","datePublished":"2021-07-13T23:02:21+00:00","dateModified":"2021-07-13T23:06:35+00:00","mainEntityOfPage":{"@id":"https:\/\/experienciadevida.com.ar\/portalurbano\/la-subsecretaria-de-mineria-realizo-un-gran-operativo-de-fiscalizacion-minera-en-ruta\/"},"wordCount":401,"publisher":{"@id":"https:\/\/experienciadevida.com.ar\/portalurbano\/#organization"},"articleSection":["Ciudad","Destacadas 2"],"inLanguage":"es"},{"@type":"WebPage","@id":"https:\/\/experienciadevida.com.ar\/portalurbano\/la-subsecretaria-de-mineria-realizo-un-gran-operativo-de-fiscalizacion-minera-en-ruta\/","url":"https:\/\/experienciadevida.com.ar\/portalurbano\/la-subsecretaria-de-mineria-realizo-un-gran-operativo-de-fiscalizacion-minera-en-ruta\/","name":"La subsecretar\u00eda de miner\u00eda realiz\u00f3 un gran operativo de fiscalizaci\u00f3n","isPartOf":{"@id":"https:\/\/experienciadevida.com.ar\/portalurbano\/#website"},"datePublished":"2021-07-13T23:02:21+00:00","dateModified":"2021-07-13T23:06:35+00:00","description":"La subsecretar\u00eda de Miner\u00eda realiz\u00f3 un gran operativo de fiscalizaci\u00f3n Minera en ruta, en el marco del plan de fiscalizaci\u00f3n que lleva","breadcrumb":{"@id":"https:\/\/experienciadevida.com.ar\/portalurbano\/la-subsecretaria-de-mineria-realizo-un-gran-operativo-de-fiscalizacion-minera-en-ruta\/#breadcrumb"},"inLanguage":"es","potentialAction":[{"@type":"ReadAction","target":["https:\/\/experienciadevida.com.ar\/portalurbano\/la-subsecretaria-de-mineria-realizo-un-gran-operativo-de-fiscalizacion-minera-en-ruta\/"]}]},{"@type":"BreadcrumbList","@id":"https:\/\/experienciadevida.com.ar\/portalurbano\/la-subsecretaria-de-mineria-realizo-un-gran-operativo-de-fiscalizacion-minera-en-ruta\/#breadcrumb","itemListElement":[{"@type":"ListItem","position":1,"name":"Portada","item":"https:\/\/experienciadevida.com.ar\/portalurbano\/"},{"@type":"ListItem","position":2,"name":"La subsecretar\u00eda de Miner\u00eda realiz\u00f3 un gran operativo de fiscalizaci\u00f3n Minera en ruta"}]},{"@type":"WebSite","@id":"https:\/\/experienciadevida.com.ar\/portalurbano\/#website","url":"https:\/\/experienciadevida.com.ar\/portalurbano\/","name":"","description":"","publisher":{"@id":"https:\/\/experienciadevida.com.ar\/portalurbano\/#organization"},"potentialAction":[{"@type":"SearchAction","target":{"@type":"EntryPoint","urlTemplate":"https:\/\/experienciadevida.com.ar\/portalurbano\/?s={search_term_string}"},"query-input":"required name=search_term_string"}],"inLanguage":"es"},{"@type":"Organization","@id":"https:\/\/experienciadevida.com.ar\/portalurbano\/#organization","name":"Portal Urbano","url":"https:\/\/experienciadevida.com.ar\/portalurbano\/","logo":{"@type":"ImageObject","inLanguage":"es","@id":"https:\/\/experienciadevida.com.ar\/portalurbano\/#\/schema\/logo\/image\/","url":"https:\/\/experienciadevida.com.ar\/portalurbano\/wp-content\/uploads\/2019\/09\/Logo-Original.png","contentUrl":"https:\/\/experienciadevida.com.ar\/portalurbano\/wp-content\/uploads\/2019\/09\/Logo-Original.png","width":2236,"height":1216,"caption":"Portal Urbano"},"image":{"@id":"https:\/\/experienciadevida.com.ar\/portalurbano\/#\/schema\/logo\/image\/"},"sameAs":["https:\/\/www.facebook.com\/Portal-Urbano-171542830093757\/","https:\/\/twitter.com\/portalurbanook","https:\/\/www.instagram.com\/_portalurbano\/","https:\/\/www.youtube.com\/channel\/UCXhagIfszH8KxFiOok79zbA?view_as=subscriber"]},{"@type":"Person","@id":"https:\/\/experienciadevida.com.ar\/portalurbano\/#\/schema\/person\/02dd326b1c4b056e9cc972486934a3a7","name":"admpu17wp","image":{"@type":"ImageObject","inLanguage":"es","@id":"https:\/\/experienciadevida.com.ar\/portalurbano\/#\/schema\/person\/image\/","url":"https:\/\/secure.gravatar.com\/avatar\/830d4c57adaae6630765e449a6908047?s=96&d=mm&r=g","contentUrl":"https:\/\/secure.gravatar.com\/avatar\/830d4c57adaae6630765e449a6908047?s=96&d=mm&r=g","caption":"admpu17wp"}}]}},"featured_image_urls":{"full":["https:\/\/experienciadevida.com.ar\/portalurbano\/wp-content\/uploads\/2021\/07\/La-subsecretaria-de-Mineria-realizo.jpg",1280,706,false],"thumbnail":["https:\/\/experienciadevida.com.ar\/portalurbano\/wp-content\/uploads\/2021\/07\/La-subsecretaria-de-Mineria-realizo-150x150.jpg",150,150,true],"medium":["https:\/\/experienciadevida.com.ar\/portalurbano\/wp-content\/uploads\/2021\/07\/La-subsecretaria-de-Mineria-realizo-300x165.jpg",300,165,true],"medium_large":["https:\/\/experienciadevida.com.ar\/portalurbano\/wp-content\/uploads\/2021\/07\/La-subsecretaria-de-Mineria-realizo-768x424.jpg",640,353,true],"large":["https:\/\/experienciadevida.com.ar\/portalurbano\/wp-content\/uploads\/2021\/07\/La-subsecretaria-de-Mineria-realizo-1024x565.jpg",640,353,true],"ug_big":["https:\/\/experienciadevida.com.ar\/portalurbano\/wp-content\/uploads\/2021\/07\/La-subsecretaria-de-Mineria-realizo-768x424.jpg",768,424,true],"1536x1536":["https:\/\/experienciadevida.com.ar\/portalurbano\/wp-content\/uploads\/2021\/07\/La-subsecretaria-de-Mineria-realizo.jpg",1280,706,false],"2048x2048":["https:\/\/experienciadevida.com.ar\/portalurbano\/wp-content\/uploads\/2021\/07\/La-subsecretaria-de-Mineria-realizo.jpg",1280,706,false],"newsever-slider-full":["https:\/\/experienciadevida.com.ar\/portalurbano\/wp-content\/uploads\/2021\/07\/La-subsecretaria-de-Mineria-realizo.jpg",1280,706,false],"newsever-featured":["https:\/\/experienciadevida.com.ar\/portalurbano\/wp-content\/uploads\/2021\/07\/La-subsecretaria-de-Mineria-realizo.jpg",1024,565,false],"newsever-medium":["https:\/\/experienciadevida.com.ar\/portalurbano\/wp-content\/uploads\/2021\/07\/La-subsecretaria-de-Mineria-realizo.jpg",720,397,false],"web-stories-poster-portrait":["https:\/\/experienciadevida.com.ar\/portalurbano\/wp-content\/uploads\/2021\/07\/La-subsecretaria-de-Mineria-realizo.jpg",640,353,false],"web-stories-publisher-logo":["https:\/\/experienciadevida.com.ar\/portalurbano\/wp-content\/uploads\/2021\/07\/La-subsecretaria-de-Mineria-realizo.jpg",96,53,false],"web-stories-thumbnail":["https:\/\/experienciadevida.com.ar\/portalurbano\/wp-content\/uploads\/2021\/07\/La-subsecretaria-de-Mineria-realizo.jpg",150,83,false]},"author_info":{"display_name":"admpu17wp","author_link":"https:\/\/experienciadevida.com.ar\/portalurbano\/author\/admpu17wp\/"},"category_info":"<a href=\"https:\/\/experienciadevida.com.ar\/portalurbano\/category\/ciudad\/\" rel=\"category tag\">Ciudad<\/a> <a href=\"https:\/\/experienciadevida.com.ar\/portalurbano\/category\/destacadas-2\/\" rel=\"category tag\">Destacadas 2<\/a>","tag_info":"Destacadas 2","comment_count":"0","amp_enabled":true,"_links":{"self":[{"href":"https:\/\/experienciadevida.com.ar\/portalurbano\/wp-json\/wp\/v2\/posts\/147605"}],"collection":[{"href":"https:\/\/experienciadevida.com.ar\/portalurbano\/wp-json\/wp\/v2\/posts"}],"about":[{"href":"https:\/\/experienciadevida.com.ar\/portalurbano\/wp-json\/wp\/v2\/types\/post"}],"author":[{"embeddable":true,"href":"https:\/\/experienciadevida.com.ar\/portalurbano\/wp-json\/wp\/v2\/users\/1"}],"replies":[{"embeddable":true,"href":"https:\/\/experienciadevida.com.ar\/portalurbano\/wp-json\/wp\/v2\/comments?post=147605"}],"version-history":[{"count":3,"href":"https:\/\/experienciadevida.com.ar\/portalurbano\/wp-json\/wp\/v2\/posts\/147605\/revisions"}],"predecessor-version":[{"id":147608,"href":"https:\/\/experienciadevida.com.ar\/portalurbano\/wp-json\/wp\/v2\/posts\/147605\/revisions\/147608"}],"wp:featuredmedia":[{"embeddable":true,"href":"https:\/\/experienciadevida.com.ar\/portalurbano\/wp-json\/wp\/v2\/media\/147606"}],"wp:attachment":[{"href":"https:\/\/experienciadevida.com.ar\/portalurbano\/wp-json\/wp\/v2\/media?parent=147605"}],"wp:term":[{"taxonomy":"category","embeddable":true,"href":"https:\/\/experienciadevida.com.ar\/portalurbano\/wp-json\/wp\/v2\/categories?post=147605"},{"taxonomy":"post_tag","embeddable":true,"href":"https:\/\/experienciadevida.com.ar\/portalurbano\/wp-json\/wp\/v2\/tags?post=147605"}],"curies":[{"name":"wp","href":"https:\/\/api.w.org\/{rel}","templated":true}]}}