{"id":147459,"date":"2021-07-11T18:20:11","date_gmt":"2021-07-11T21:20:11","guid":{"rendered":"https:\/\/experienciadevida.com.ar\/portalurbano\/?p=147459"},"modified":"2021-07-11T18:20:41","modified_gmt":"2021-07-11T21:20:41","slug":"gollan-se-mostro-preocupado-por-los-festejos-de-la-copa-america","status":"publish","type":"post","link":"https:\/\/experienciadevida.com.ar\/portalurbano\/gollan-se-mostro-preocupado-por-los-festejos-de-la-copa-america\/","title":{"rendered":"Gollan se mostr\u00f3 preocupado por los festejos de la Copa Am\u00e9rica"},"content":{"rendered":"<p>Gollan se mostr\u00f3 preocupado por los festejos de la Copa Am\u00e9rica, \u201cSi no tuvi\u00e9ramos pandemia, son im\u00e1genes hermosas; pero en pandemia desear\u00edamos evitar este tipo de cosas\u201d, sostuvo.<\/p>\n<p>El ministro de Salud bonaerense, Daniel Gollan, se mostr\u00f3 hoy preocupado por los festejos de ayer en todo el pa\u00eds por la consagraci\u00f3n en la Copa Am\u00e9rica al se\u00f1alar que \u201cno son im\u00e1genes que nos gustan desde el punto de vista sanitario\u201d.<\/p>\n<p>Con caravanas y concentraciones, hinchas de todo el pa\u00eds celebraron ayer la consagraci\u00f3n de la selecci\u00f3n de f\u00fatbol en la victoria por 1 a 0 ante Brasil en el Maracan\u00e1.<\/p>\n<p>El titular de la cartera sanitaria provincial expres\u00f3 hoy su temor por los festejos. \u201cSi no tuvi\u00e9ramos pandemia, son im\u00e1genes hermosas; pero en pandemia y con los casos a la baja como estamos teniendo, y con el avance de la vacunaci\u00f3n, desear\u00edamos evitar este tipo de cosas\u201d, se\u00f1al\u00f3<\/p>\n<p>De cualquier manera, Gollan indic\u00f3 que \u201ces muy dif\u00edcil\u201d controlar este tipo de manifestaciones, se refiri\u00f3 a la situaci\u00f3n complicada que atraviesa la sociedad \u201ccon mucha tensi\u00f3n, angustia y frustraciones\u201d por el avance del coronavirus y a \u201cla pasi\u00f3n que genera la Selecci\u00f3n\u201d.<\/p>\n<p>Gollan se mostr\u00f3 preocupado por los festejos de la Copa Am\u00e9rica por\u00a0 otro lado, a una semana para el comienzo de las vacaciones de invierno, el ministro record\u00f3 que no hay prohibici\u00f3n vigente para que los bonaerenses se trasladen de ciudades, aunque recomend\u00f3 \u201cno salir de vacaciones\u201d.<\/p>\n<p>En tanto, se mostr\u00f3 m\u00e1s esperanzado de cara a los meses de calor. Consider\u00f3 que el 80% de la poblaci\u00f3n estar\u00e1 vacunada con al menos una dosis para mediados o fines de septiembre. \u201cEl verano, si no aparecen cosas raras, va a ser una necesidad de desahogo de la gente\u201d, coment\u00f3.<\/p>\n<p>Sobre la variante Delta mostr\u00f3 cierta preocupaci\u00f3n. \u201cTodas las vacunas bajan un poco su capacidad de evitar la enfermedad, entre 10 y 15%, pero siguen siendo muy efectivas a la hora de evitar casos graves\u201d, explic\u00f3.<\/p>\n<p>Fuente: DIB<\/p>\n","protected":false},"excerpt":{"rendered":"<p>Gollan se mostr\u00f3 preocupado por los festejos de la Copa Am\u00e9rica, \u201cSi no tuvi\u00e9ramos pandemia,&#8230;<\/p>\n","protected":false},"author":1,"featured_media":147460,"comment_status":"closed","ping_status":"closed","sticky":false,"template":"","format":"standard","meta":{"content-type":""},"categories":[64,44],"tags":[],"nelio_content":{"isAutoShareEnabled":false,"autoShareEndMode":"default","automationSources":{"useContentSentences":true,"useSocialTemplates":true,"useCustomSentences":false,"customSentences":[]},"followers":[1],"suggestedReferences":[],"includedReferences":[],"efiUrl":"","efiAlt":"","highlights":[]},"yoast_head":"<!-- This site is optimized with the Yoast SEO plugin v20.7 - https:\/\/yoast.com\/wordpress\/plugins\/seo\/ -->\n<title>Gollan se mostr\u00f3 preocupado por los festejos de la copa Am\u00e9rica<\/title>\n<meta name=\"description\" content=\"Gollan se mostr\u00f3 preocupado por los festejos de la Copa Am\u00e9rica, \u201cSi no tuvi\u00e9ramos pandemia, son im\u00e1genes hermosas pero hay que evitarlas&quot;\" \/>\n<meta name=\"robots\" content=\"index, follow, max-snippet:-1, max-image-preview:large, max-video-preview:-1\" \/>\n<link rel=\"canonical\" href=\"https:\/\/experienciadevida.com.ar\/portalurbano\/gollan-se-mostro-preocupado-por-los-festejos-de-la-copa-america\/\" \/>\n<meta property=\"og:locale\" content=\"es_ES\" \/>\n<meta property=\"og:type\" content=\"article\" \/>\n<meta property=\"og:title\" content=\"Gollan se mostr\u00f3 preocupado por los festejos de la copa Am\u00e9rica\" \/>\n<meta property=\"og:description\" content=\"Gollan se mostr\u00f3 preocupado por los festejos de la Copa Am\u00e9rica, \u201cSi no tuvi\u00e9ramos pandemia, son im\u00e1genes hermosas pero hay que evitarlas&quot;\" \/>\n<meta property=\"og:url\" content=\"https:\/\/experienciadevida.com.ar\/portalurbano\/gollan-se-mostro-preocupado-por-los-festejos-de-la-copa-america\/\" \/>\n<meta property=\"article:publisher\" content=\"https:\/\/www.facebook.com\/Portal-Urbano-171542830093757\/\" \/>\n<meta property=\"article:published_time\" content=\"2021-07-11T21:20:11+00:00\" \/>\n<meta property=\"article:modified_time\" content=\"2021-07-11T21:20:41+00:00\" \/>\n<meta property=\"og:image\" content=\"https:\/\/experienciadevida.com.ar\/portalurbano\/wp-content\/uploads\/2021\/07\/Gollan-se-mostro-preocupado-por.jpg\" \/>\n\t<meta property=\"og:image:width\" content=\"696\" \/>\n\t<meta property=\"og:image:height\" content=\"464\" \/>\n\t<meta property=\"og:image:type\" content=\"image\/jpeg\" \/>\n<meta name=\"author\" content=\"admpu17wp\" \/>\n<meta name=\"twitter:card\" content=\"summary_large_image\" \/>\n<meta name=\"twitter:creator\" content=\"@portalurbanook\" \/>\n<meta name=\"twitter:site\" content=\"@portalurbanook\" \/>\n<meta name=\"twitter:label1\" content=\"Escrito por\" \/>\n\t<meta name=\"twitter:data1\" content=\"admpu17wp\" \/>\n\t<meta name=\"twitter:label2\" content=\"Tiempo de lectura\" \/>\n\t<meta name=\"twitter:data2\" content=\"2 minutos\" \/>\n<script type=\"application\/ld+json\" class=\"yoast-schema-graph\">{\"@context\":\"https:\/\/schema.org\",\"@graph\":[{\"@type\":\"Article\",\"@id\":\"https:\/\/experienciadevida.com.ar\/portalurbano\/gollan-se-mostro-preocupado-por-los-festejos-de-la-copa-america\/#article\",\"isPartOf\":{\"@id\":\"https:\/\/experienciadevida.com.ar\/portalurbano\/gollan-se-mostro-preocupado-por-los-festejos-de-la-copa-america\/\"},\"author\":{\"name\":\"admpu17wp\",\"@id\":\"https:\/\/experienciadevida.com.ar\/portalurbano\/#\/schema\/person\/02dd326b1c4b056e9cc972486934a3a7\"},\"headline\":\"Gollan se mostr\u00f3 preocupado por los festejos de la Copa Am\u00e9rica\",\"datePublished\":\"2021-07-11T21:20:11+00:00\",\"dateModified\":\"2021-07-11T21:20:41+00:00\",\"mainEntityOfPage\":{\"@id\":\"https:\/\/experienciadevida.com.ar\/portalurbano\/gollan-se-mostro-preocupado-por-los-festejos-de-la-copa-america\/\"},\"wordCount\":362,\"publisher\":{\"@id\":\"https:\/\/experienciadevida.com.ar\/portalurbano\/#organization\"},\"articleSection\":[\"Destacadas 2\",\"Provincia\"],\"inLanguage\":\"es\"},{\"@type\":\"WebPage\",\"@id\":\"https:\/\/experienciadevida.com.ar\/portalurbano\/gollan-se-mostro-preocupado-por-los-festejos-de-la-copa-america\/\",\"url\":\"https:\/\/experienciadevida.com.ar\/portalurbano\/gollan-se-mostro-preocupado-por-los-festejos-de-la-copa-america\/\",\"name\":\"Gollan se mostr\u00f3 preocupado por los festejos de la copa Am\u00e9rica\",\"isPartOf\":{\"@id\":\"https:\/\/experienciadevida.com.ar\/portalurbano\/#website\"},\"datePublished\":\"2021-07-11T21:20:11+00:00\",\"dateModified\":\"2021-07-11T21:20:41+00:00\",\"description\":\"Gollan se mostr\u00f3 preocupado por los festejos de la Copa Am\u00e9rica, \u201cSi no tuvi\u00e9ramos pandemia, son im\u00e1genes hermosas pero hay que evitarlas\\\"\",\"breadcrumb\":{\"@id\":\"https:\/\/experienciadevida.com.ar\/portalurbano\/gollan-se-mostro-preocupado-por-los-festejos-de-la-copa-america\/#breadcrumb\"},\"inLanguage\":\"es\",\"potentialAction\":[{\"@type\":\"ReadAction\",\"target\":[\"https:\/\/experienciadevida.com.ar\/portalurbano\/gollan-se-mostro-preocupado-por-los-festejos-de-la-copa-america\/\"]}]},{\"@type\":\"BreadcrumbList\",\"@id\":\"https:\/\/experienciadevida.com.ar\/portalurbano\/gollan-se-mostro-preocupado-por-los-festejos-de-la-copa-america\/#breadcrumb\",\"itemListElement\":[{\"@type\":\"ListItem\",\"position\":1,\"name\":\"Portada\",\"item\":\"https:\/\/experienciadevida.com.ar\/portalurbano\/\"},{\"@type\":\"ListItem\",\"position\":2,\"name\":\"Gollan se mostr\u00f3 preocupado por los festejos de la Copa Am\u00e9rica\"}]},{\"@type\":\"WebSite\",\"@id\":\"https:\/\/experienciadevida.com.ar\/portalurbano\/#website\",\"url\":\"https:\/\/experienciadevida.com.ar\/portalurbano\/\",\"name\":\"\",\"description\":\"\",\"publisher\":{\"@id\":\"https:\/\/experienciadevida.com.ar\/portalurbano\/#organization\"},\"potentialAction\":[{\"@type\":\"SearchAction\",\"target\":{\"@type\":\"EntryPoint\",\"urlTemplate\":\"https:\/\/experienciadevida.com.ar\/portalurbano\/?s={search_term_string}\"},\"query-input\":\"required name=search_term_string\"}],\"inLanguage\":\"es\"},{\"@type\":\"Organization\",\"@id\":\"https:\/\/experienciadevida.com.ar\/portalurbano\/#organization\",\"name\":\"Portal Urbano\",\"url\":\"https:\/\/experienciadevida.com.ar\/portalurbano\/\",\"logo\":{\"@type\":\"ImageObject\",\"inLanguage\":\"es\",\"@id\":\"https:\/\/experienciadevida.com.ar\/portalurbano\/#\/schema\/logo\/image\/\",\"url\":\"https:\/\/experienciadevida.com.ar\/portalurbano\/wp-content\/uploads\/2019\/09\/Logo-Original.png\",\"contentUrl\":\"https:\/\/experienciadevida.com.ar\/portalurbano\/wp-content\/uploads\/2019\/09\/Logo-Original.png\",\"width\":2236,\"height\":1216,\"caption\":\"Portal Urbano\"},\"image\":{\"@id\":\"https:\/\/experienciadevida.com.ar\/portalurbano\/#\/schema\/logo\/image\/\"},\"sameAs\":[\"https:\/\/www.facebook.com\/Portal-Urbano-171542830093757\/\",\"https:\/\/twitter.com\/portalurbanook\",\"https:\/\/www.instagram.com\/_portalurbano\/\",\"https:\/\/www.youtube.com\/channel\/UCXhagIfszH8KxFiOok79zbA?view_as=subscriber\"]},{\"@type\":\"Person\",\"@id\":\"https:\/\/experienciadevida.com.ar\/portalurbano\/#\/schema\/person\/02dd326b1c4b056e9cc972486934a3a7\",\"name\":\"admpu17wp\",\"image\":{\"@type\":\"ImageObject\",\"inLanguage\":\"es\",\"@id\":\"https:\/\/experienciadevida.com.ar\/portalurbano\/#\/schema\/person\/image\/\",\"url\":\"https:\/\/secure.gravatar.com\/avatar\/830d4c57adaae6630765e449a6908047?s=96&d=mm&r=g\",\"contentUrl\":\"https:\/\/secure.gravatar.com\/avatar\/830d4c57adaae6630765e449a6908047?s=96&d=mm&r=g\",\"caption\":\"admpu17wp\"}}]}<\/script>\n<!-- \/ Yoast SEO plugin. -->","yoast_head_json":{"title":"Gollan se mostr\u00f3 preocupado por los festejos de la copa Am\u00e9rica","description":"Gollan se mostr\u00f3 preocupado por los festejos de la Copa Am\u00e9rica, \u201cSi no tuvi\u00e9ramos pandemia, son im\u00e1genes hermosas pero hay que evitarlas\"","robots":{"index":"index","follow":"follow","max-snippet":"max-snippet:-1","max-image-preview":"max-image-preview:large","max-video-preview":"max-video-preview:-1"},"canonical":"https:\/\/experienciadevida.com.ar\/portalurbano\/gollan-se-mostro-preocupado-por-los-festejos-de-la-copa-america\/","og_locale":"es_ES","og_type":"article","og_title":"Gollan se mostr\u00f3 preocupado por los festejos de la copa Am\u00e9rica","og_description":"Gollan se mostr\u00f3 preocupado por los festejos de la Copa Am\u00e9rica, \u201cSi no tuvi\u00e9ramos pandemia, son im\u00e1genes hermosas pero hay que evitarlas\"","og_url":"https:\/\/experienciadevida.com.ar\/portalurbano\/gollan-se-mostro-preocupado-por-los-festejos-de-la-copa-america\/","article_publisher":"https:\/\/www.facebook.com\/Portal-Urbano-171542830093757\/","article_published_time":"2021-07-11T21:20:11+00:00","article_modified_time":"2021-07-11T21:20:41+00:00","og_image":[{"width":696,"height":464,"url":"https:\/\/experienciadevida.com.ar\/portalurbano\/wp-content\/uploads\/2021\/07\/Gollan-se-mostro-preocupado-por.jpg","type":"image\/jpeg"}],"author":"admpu17wp","twitter_card":"summary_large_image","twitter_creator":"@portalurbanook","twitter_site":"@portalurbanook","twitter_misc":{"Escrito por":"admpu17wp","Tiempo de lectura":"2 minutos"},"schema":{"@context":"https:\/\/schema.org","@graph":[{"@type":"Article","@id":"https:\/\/experienciadevida.com.ar\/portalurbano\/gollan-se-mostro-preocupado-por-los-festejos-de-la-copa-america\/#article","isPartOf":{"@id":"https:\/\/experienciadevida.com.ar\/portalurbano\/gollan-se-mostro-preocupado-por-los-festejos-de-la-copa-america\/"},"author":{"name":"admpu17wp","@id":"https:\/\/experienciadevida.com.ar\/portalurbano\/#\/schema\/person\/02dd326b1c4b056e9cc972486934a3a7"},"headline":"Gollan se mostr\u00f3 preocupado por los festejos de la Copa Am\u00e9rica","datePublished":"2021-07-11T21:20:11+00:00","dateModified":"2021-07-11T21:20:41+00:00","mainEntityOfPage":{"@id":"https:\/\/experienciadevida.com.ar\/portalurbano\/gollan-se-mostro-preocupado-por-los-festejos-de-la-copa-america\/"},"wordCount":362,"publisher":{"@id":"https:\/\/experienciadevida.com.ar\/portalurbano\/#organization"},"articleSection":["Destacadas 2","Provincia"],"inLanguage":"es"},{"@type":"WebPage","@id":"https:\/\/experienciadevida.com.ar\/portalurbano\/gollan-se-mostro-preocupado-por-los-festejos-de-la-copa-america\/","url":"https:\/\/experienciadevida.com.ar\/portalurbano\/gollan-se-mostro-preocupado-por-los-festejos-de-la-copa-america\/","name":"Gollan se mostr\u00f3 preocupado por los festejos de la copa Am\u00e9rica","isPartOf":{"@id":"https:\/\/experienciadevida.com.ar\/portalurbano\/#website"},"datePublished":"2021-07-11T21:20:11+00:00","dateModified":"2021-07-11T21:20:41+00:00","description":"Gollan se mostr\u00f3 preocupado por los festejos de la Copa Am\u00e9rica, \u201cSi no tuvi\u00e9ramos pandemia, son im\u00e1genes hermosas pero hay que evitarlas\"","breadcrumb":{"@id":"https:\/\/experienciadevida.com.ar\/portalurbano\/gollan-se-mostro-preocupado-por-los-festejos-de-la-copa-america\/#breadcrumb"},"inLanguage":"es","potentialAction":[{"@type":"ReadAction","target":["https:\/\/experienciadevida.com.ar\/portalurbano\/gollan-se-mostro-preocupado-por-los-festejos-de-la-copa-america\/"]}]},{"@type":"BreadcrumbList","@id":"https:\/\/experienciadevida.com.ar\/portalurbano\/gollan-se-mostro-preocupado-por-los-festejos-de-la-copa-america\/#breadcrumb","itemListElement":[{"@type":"ListItem","position":1,"name":"Portada","item":"https:\/\/experienciadevida.com.ar\/portalurbano\/"},{"@type":"ListItem","position":2,"name":"Gollan se mostr\u00f3 preocupado por los festejos de la Copa Am\u00e9rica"}]},{"@type":"WebSite","@id":"https:\/\/experienciadevida.com.ar\/portalurbano\/#website","url":"https:\/\/experienciadevida.com.ar\/portalurbano\/","name":"","description":"","publisher":{"@id":"https:\/\/experienciadevida.com.ar\/portalurbano\/#organization"},"potentialAction":[{"@type":"SearchAction","target":{"@type":"EntryPoint","urlTemplate":"https:\/\/experienciadevida.com.ar\/portalurbano\/?s={search_term_string}"},"query-input":"required name=search_term_string"}],"inLanguage":"es"},{"@type":"Organization","@id":"https:\/\/experienciadevida.com.ar\/portalurbano\/#organization","name":"Portal Urbano","url":"https:\/\/experienciadevida.com.ar\/portalurbano\/","logo":{"@type":"ImageObject","inLanguage":"es","@id":"https:\/\/experienciadevida.com.ar\/portalurbano\/#\/schema\/logo\/image\/","url":"https:\/\/experienciadevida.com.ar\/portalurbano\/wp-content\/uploads\/2019\/09\/Logo-Original.png","contentUrl":"https:\/\/experienciadevida.com.ar\/portalurbano\/wp-content\/uploads\/2019\/09\/Logo-Original.png","width":2236,"height":1216,"caption":"Portal Urbano"},"image":{"@id":"https:\/\/experienciadevida.com.ar\/portalurbano\/#\/schema\/logo\/image\/"},"sameAs":["https:\/\/www.facebook.com\/Portal-Urbano-171542830093757\/","https:\/\/twitter.com\/portalurbanook","https:\/\/www.instagram.com\/_portalurbano\/","https:\/\/www.youtube.com\/channel\/UCXhagIfszH8KxFiOok79zbA?view_as=subscriber"]},{"@type":"Person","@id":"https:\/\/experienciadevida.com.ar\/portalurbano\/#\/schema\/person\/02dd326b1c4b056e9cc972486934a3a7","name":"admpu17wp","image":{"@type":"ImageObject","inLanguage":"es","@id":"https:\/\/experienciadevida.com.ar\/portalurbano\/#\/schema\/person\/image\/","url":"https:\/\/secure.gravatar.com\/avatar\/830d4c57adaae6630765e449a6908047?s=96&d=mm&r=g","contentUrl":"https:\/\/secure.gravatar.com\/avatar\/830d4c57adaae6630765e449a6908047?s=96&d=mm&r=g","caption":"admpu17wp"}}]}},"featured_image_urls":{"full":["https:\/\/experienciadevida.com.ar\/portalurbano\/wp-content\/uploads\/2021\/07\/Gollan-se-mostro-preocupado-por.jpg",696,464,false],"thumbnail":["https:\/\/experienciadevida.com.ar\/portalurbano\/wp-content\/uploads\/2021\/07\/Gollan-se-mostro-preocupado-por-150x150.jpg",150,150,true],"medium":["https:\/\/experienciadevida.com.ar\/portalurbano\/wp-content\/uploads\/2021\/07\/Gollan-se-mostro-preocupado-por-300x200.jpg",300,200,true],"medium_large":["https:\/\/experienciadevida.com.ar\/portalurbano\/wp-content\/uploads\/2021\/07\/Gollan-se-mostro-preocupado-por.jpg",640,427,false],"large":["https:\/\/experienciadevida.com.ar\/portalurbano\/wp-content\/uploads\/2021\/07\/Gollan-se-mostro-preocupado-por.jpg",640,427,false],"ug_big":["https:\/\/experienciadevida.com.ar\/portalurbano\/wp-content\/uploads\/2021\/07\/Gollan-se-mostro-preocupado-por.jpg",696,464,false],"1536x1536":["https:\/\/experienciadevida.com.ar\/portalurbano\/wp-content\/uploads\/2021\/07\/Gollan-se-mostro-preocupado-por.jpg",696,464,false],"2048x2048":["https:\/\/experienciadevida.com.ar\/portalurbano\/wp-content\/uploads\/2021\/07\/Gollan-se-mostro-preocupado-por.jpg",696,464,false],"newsever-slider-full":["https:\/\/experienciadevida.com.ar\/portalurbano\/wp-content\/uploads\/2021\/07\/Gollan-se-mostro-preocupado-por.jpg",696,464,false],"newsever-featured":["https:\/\/experienciadevida.com.ar\/portalurbano\/wp-content\/uploads\/2021\/07\/Gollan-se-mostro-preocupado-por.jpg",696,464,false],"newsever-medium":["https:\/\/experienciadevida.com.ar\/portalurbano\/wp-content\/uploads\/2021\/07\/Gollan-se-mostro-preocupado-por.jpg",696,464,false],"web-stories-poster-portrait":["https:\/\/experienciadevida.com.ar\/portalurbano\/wp-content\/uploads\/2021\/07\/Gollan-se-mostro-preocupado-por.jpg",640,427,false],"web-stories-publisher-logo":["https:\/\/experienciadevida.com.ar\/portalurbano\/wp-content\/uploads\/2021\/07\/Gollan-se-mostro-preocupado-por.jpg",96,64,false],"web-stories-thumbnail":["https:\/\/experienciadevida.com.ar\/portalurbano\/wp-content\/uploads\/2021\/07\/Gollan-se-mostro-preocupado-por.jpg",150,100,false]},"author_info":{"display_name":"admpu17wp","author_link":"https:\/\/experienciadevida.com.ar\/portalurbano\/author\/admpu17wp\/"},"category_info":"<a href=\"https:\/\/experienciadevida.com.ar\/portalurbano\/category\/destacadas-2\/\" rel=\"category tag\">Destacadas 2<\/a> <a href=\"https:\/\/experienciadevida.com.ar\/portalurbano\/category\/provincia\/\" rel=\"category tag\">Provincia<\/a>","tag_info":"Provincia","comment_count":"0","amp_enabled":true,"_links":{"self":[{"href":"https:\/\/experienciadevida.com.ar\/portalurbano\/wp-json\/wp\/v2\/posts\/147459"}],"collection":[{"href":"https:\/\/experienciadevida.com.ar\/portalurbano\/wp-json\/wp\/v2\/posts"}],"about":[{"href":"https:\/\/experienciadevida.com.ar\/portalurbano\/wp-json\/wp\/v2\/types\/post"}],"author":[{"embeddable":true,"href":"https:\/\/experienciadevida.com.ar\/portalurbano\/wp-json\/wp\/v2\/users\/1"}],"replies":[{"embeddable":true,"href":"https:\/\/experienciadevida.com.ar\/portalurbano\/wp-json\/wp\/v2\/comments?post=147459"}],"version-history":[{"count":1,"href":"https:\/\/experienciadevida.com.ar\/portalurbano\/wp-json\/wp\/v2\/posts\/147459\/revisions"}],"predecessor-version":[{"id":147461,"href":"https:\/\/experienciadevida.com.ar\/portalurbano\/wp-json\/wp\/v2\/posts\/147459\/revisions\/147461"}],"wp:featuredmedia":[{"embeddable":true,"href":"https:\/\/experienciadevida.com.ar\/portalurbano\/wp-json\/wp\/v2\/media\/147460"}],"wp:attachment":[{"href":"https:\/\/experienciadevida.com.ar\/portalurbano\/wp-json\/wp\/v2\/media?parent=147459"}],"wp:term":[{"taxonomy":"category","embeddable":true,"href":"https:\/\/experienciadevida.com.ar\/portalurbano\/wp-json\/wp\/v2\/categories?post=147459"},{"taxonomy":"post_tag","embeddable":true,"href":"https:\/\/experienciadevida.com.ar\/portalurbano\/wp-json\/wp\/v2\/tags?post=147459"}],"curies":[{"name":"wp","href":"https:\/\/api.w.org\/{rel}","templated":true}]}}