{"id":147317,"date":"2021-07-10T11:25:35","date_gmt":"2021-07-10T14:25:35","guid":{"rendered":"https:\/\/experienciadevida.com.ar\/portalurbano\/?p=147317"},"modified":"2021-07-10T11:57:27","modified_gmt":"2021-07-10T14:57:27","slug":"segunda-jornada-especial-de-vacunacion-en-la-provincia-tras-record-de-178-000-inoculados","status":"publish","type":"post","link":"https:\/\/experienciadevida.com.ar\/portalurbano\/segunda-jornada-especial-de-vacunacion-en-la-provincia-tras-record-de-178-000-inoculados\/","title":{"rendered":"Segunda jornada especial de vacunaci\u00f3n en la provincia, tras \u201cr\u00e9cord\u201d de 178.000 inoculados"},"content":{"rendered":"<p>Segunda jornada especial de vacunaci\u00f3n en la provincia, tras \u201cr\u00e9cord\u201d de 178.000 inoculados, la del Gobierno bonaerense \u201cLa vacuna es libertad\u201d contin\u00faa con la apertura de postas itinerantes y \u201ctimbreo vacunatorio\u201d para aplicar primeras dosis del f\u00e1rmaco contra el coronavirus.<\/p>\n<p>El Gobierno bonaerense realizar\u00e1 este s\u00e1bado la segunda jornada especial de vacunaci\u00f3n contra el coronavirus, con recorridos casa por casa y m\u00e1s de 100 postas itinerantes ubicadas en estaciones de trenes, clubes de barrio e instituciones. Seg\u00fan el gobernador Axel Kicillof, ayer se alcanz\u00f3 \u201cun r\u00e9cord\u201d de m\u00e1s de 178.000 personas inmunizadas en un solo d\u00eda.<\/p>\n<p>\u201cEn una jornada hist\u00f3rica, #BuenosAiresVacunate alcanz\u00f3 un nuevo r\u00e9cord al aplicar 178.759 dosis. \u00a1Muchas gracias a todos los trabajadores y trabajadoras que lo hicieron posible, y las y los bonaerenses que se suman d\u00eda a d\u00eda!\u201d, public\u00f3 anoche el mandatario en su cuenta de Twitter, al t\u00e9rmino de la primera jornada especial de vacunaci\u00f3n, bajo la frase \u201cLa vacuna es libertad\u201d que fue utilizada como lema de la campa\u00f1a.<\/p>\n<p>Segunda jornada especial de vacunaci\u00f3n, en las postas itinerantes -que se sumar\u00e1n a los puntos de inmunizaci\u00f3n ya existentes- se aplicar\u00e1n primeras dosis, sin turno previo, para trabajadores de la educaci\u00f3n, la salud y la seguridad; mayores de 40 a\u00f1os sin factores de riesgo, mayores de 18 a\u00f1os con comorbilidades y embarazadas.<\/p>\n<p>\u201cSonrisas bonaerenses\u201d<\/p>\n<p>\u201c\u00a1Un d\u00eda hist\u00f3rico, una jornada de vacunaci\u00f3n \u00fanica! M\u00e1s de 100 postas de vacunaci\u00f3n itinerantes, m\u00e1s de 2 mil trabajadores y trabajadoras y miles de #SonrisasBonaerenses. Ma\u00f1ana contin\u00faa en toda la Provincia. Sumate #LaVacunaEsLibertad\u201d, poste\u00f3 por su parte anoche en Twitter la cuenta oficial del Gobierno bonaerense.<\/p>\n<p>Ayer, para conmemorar la fecha patria, cada vacunatorio adicional estuvo decorado con banderas y globos celestes y blancos. Adem\u00e1s se repartieron escarapelas y son\u00f3 el Himno Nacional para reforzar el concepto de la campa\u00f1a de que \u201cla vacunaci\u00f3n es sin\u00f3nimo de libertad, soberan\u00eda y patriotismo\u201d.<\/p>\n<p>La propuesta, explicaron en el Poder Ejecutivo, se lleva adelante para poder inmunizar a los mayores de 40 a\u00f1os que menos posibilidades o acceso han tenido de acceder a la app y al sistema de inscripci\u00f3n.<\/p>\n<p>Todos los municipios<br \/>\nLas postas est\u00e1n ubicadas en las estaciones de trenes de Merlo, Gonz\u00e1lez Cat\u00e1n, Laferrere, Jos\u00e9 C. Paz, Temperley y Lomas de Zamora.<\/p>\n<p>Los municipios en que se a\u00f1adieron cuatro vacunatorios adicionales a los ya existentes para esas dos jornadas son: Jos\u00e9 C. Paz, Tigre, La Matanza, General San Mart\u00edn, Lomas de Zamora, Pilar, Merlo, Malvinas, Escobar, San Miguel, Moreno, Florencio Varela, Tres de Febrero, Almirante Brown, Esteban Echeverr\u00eda, General Pueyrred\u00f3n, Lan\u00fas y San Isidro.<\/p>\n<p>Sumar\u00e1n tres postas extras en La Plata, Quilmes, Bah\u00eda Blanca, Hurlingham, Mor\u00f3n, General Rodr\u00edguez, Vicente L\u00f3pez, Berazategui, Avellaneda y San Fernando.<\/p>\n<p>En tanto, en Ezeiza, Ituzaing\u00f3, Ensenada, Luj\u00e1n, Berisso y Marcos Paz incorporar\u00e1n dos nuevos puntos de vacunaci\u00f3n.<\/p>\n<p>Fuente: DIB<\/p>\n","protected":false},"excerpt":{"rendered":"<p>Segunda jornada especial de vacunaci\u00f3n en la provincia, tras \u201cr\u00e9cord\u201d de 178.000 inoculados, la del&#8230;<\/p>\n","protected":false},"author":1,"featured_media":147318,"comment_status":"closed","ping_status":"closed","sticky":false,"template":"","format":"standard","meta":{"content-type":""},"categories":[64,44],"tags":[],"nelio_content":{"isAutoShareEnabled":false,"autoShareEndMode":"default","automationSources":{"useContentSentences":true,"useSocialTemplates":true,"useCustomSentences":false,"customSentences":[]},"followers":[1],"suggestedReferences":[],"includedReferences":[],"efiUrl":"","efiAlt":"","highlights":[]},"yoast_head":"<!-- This site is optimized with the Yoast SEO plugin v20.7 - https:\/\/yoast.com\/wordpress\/plugins\/seo\/ -->\n<title>Segunda jornada especial de vacunaci\u00f3n en la provincia tras r\u00e9cord<\/title>\n<meta name=\"description\" content=\"Segunda jornada especial de vacunaci\u00f3n en la provincia, tras \u201cr\u00e9cord\u201d de 178.000 inoculados, la del Gobierno bonaerense\" \/>\n<meta name=\"robots\" content=\"index, follow, max-snippet:-1, max-image-preview:large, max-video-preview:-1\" \/>\n<link rel=\"canonical\" href=\"https:\/\/experienciadevida.com.ar\/portalurbano\/segunda-jornada-especial-de-vacunacion-en-la-provincia-tras-record-de-178-000-inoculados\/\" \/>\n<meta property=\"og:locale\" content=\"es_ES\" \/>\n<meta property=\"og:type\" content=\"article\" \/>\n<meta property=\"og:title\" content=\"Segunda jornada especial de vacunaci\u00f3n en la provincia tras r\u00e9cord\" \/>\n<meta property=\"og:description\" content=\"Segunda jornada especial de vacunaci\u00f3n en la provincia, tras \u201cr\u00e9cord\u201d de 178.000 inoculados, la del Gobierno bonaerense\" \/>\n<meta property=\"og:url\" content=\"https:\/\/experienciadevida.com.ar\/portalurbano\/segunda-jornada-especial-de-vacunacion-en-la-provincia-tras-record-de-178-000-inoculados\/\" \/>\n<meta property=\"article:publisher\" content=\"https:\/\/www.facebook.com\/Portal-Urbano-171542830093757\/\" \/>\n<meta property=\"article:published_time\" content=\"2021-07-10T14:25:35+00:00\" \/>\n<meta property=\"article:modified_time\" content=\"2021-07-10T14:57:27+00:00\" \/>\n<meta property=\"og:image\" content=\"https:\/\/experienciadevida.com.ar\/portalurbano\/wp-content\/uploads\/2021\/07\/Segunda-jornada-especial-de-vacunacion.jpg\" \/>\n\t<meta property=\"og:image:width\" content=\"1068\" \/>\n\t<meta property=\"og:image:height\" content=\"711\" \/>\n\t<meta property=\"og:image:type\" content=\"image\/jpeg\" \/>\n<meta name=\"author\" content=\"admpu17wp\" \/>\n<meta name=\"twitter:card\" content=\"summary_large_image\" \/>\n<meta name=\"twitter:creator\" content=\"@portalurbanook\" \/>\n<meta name=\"twitter:site\" content=\"@portalurbanook\" \/>\n<meta name=\"twitter:label1\" content=\"Escrito por\" \/>\n\t<meta name=\"twitter:data1\" content=\"admpu17wp\" \/>\n\t<meta name=\"twitter:label2\" content=\"Tiempo de lectura\" \/>\n\t<meta name=\"twitter:data2\" content=\"3 minutos\" \/>\n<script type=\"application\/ld+json\" class=\"yoast-schema-graph\">{\"@context\":\"https:\/\/schema.org\",\"@graph\":[{\"@type\":\"Article\",\"@id\":\"https:\/\/experienciadevida.com.ar\/portalurbano\/segunda-jornada-especial-de-vacunacion-en-la-provincia-tras-record-de-178-000-inoculados\/#article\",\"isPartOf\":{\"@id\":\"https:\/\/experienciadevida.com.ar\/portalurbano\/segunda-jornada-especial-de-vacunacion-en-la-provincia-tras-record-de-178-000-inoculados\/\"},\"author\":{\"name\":\"admpu17wp\",\"@id\":\"https:\/\/experienciadevida.com.ar\/portalurbano\/#\/schema\/person\/02dd326b1c4b056e9cc972486934a3a7\"},\"headline\":\"Segunda jornada especial de vacunaci\u00f3n en la provincia, tras \u201cr\u00e9cord\u201d de 178.000 inoculados\",\"datePublished\":\"2021-07-10T14:25:35+00:00\",\"dateModified\":\"2021-07-10T14:57:27+00:00\",\"mainEntityOfPage\":{\"@id\":\"https:\/\/experienciadevida.com.ar\/portalurbano\/segunda-jornada-especial-de-vacunacion-en-la-provincia-tras-record-de-178-000-inoculados\/\"},\"wordCount\":525,\"publisher\":{\"@id\":\"https:\/\/experienciadevida.com.ar\/portalurbano\/#organization\"},\"articleSection\":[\"Destacadas 2\",\"Provincia\"],\"inLanguage\":\"es\"},{\"@type\":\"WebPage\",\"@id\":\"https:\/\/experienciadevida.com.ar\/portalurbano\/segunda-jornada-especial-de-vacunacion-en-la-provincia-tras-record-de-178-000-inoculados\/\",\"url\":\"https:\/\/experienciadevida.com.ar\/portalurbano\/segunda-jornada-especial-de-vacunacion-en-la-provincia-tras-record-de-178-000-inoculados\/\",\"name\":\"Segunda jornada especial de vacunaci\u00f3n en la provincia tras r\u00e9cord\",\"isPartOf\":{\"@id\":\"https:\/\/experienciadevida.com.ar\/portalurbano\/#website\"},\"datePublished\":\"2021-07-10T14:25:35+00:00\",\"dateModified\":\"2021-07-10T14:57:27+00:00\",\"description\":\"Segunda jornada especial de vacunaci\u00f3n en la provincia, tras \u201cr\u00e9cord\u201d de 178.000 inoculados, la del Gobierno bonaerense\",\"breadcrumb\":{\"@id\":\"https:\/\/experienciadevida.com.ar\/portalurbano\/segunda-jornada-especial-de-vacunacion-en-la-provincia-tras-record-de-178-000-inoculados\/#breadcrumb\"},\"inLanguage\":\"es\",\"potentialAction\":[{\"@type\":\"ReadAction\",\"target\":[\"https:\/\/experienciadevida.com.ar\/portalurbano\/segunda-jornada-especial-de-vacunacion-en-la-provincia-tras-record-de-178-000-inoculados\/\"]}]},{\"@type\":\"BreadcrumbList\",\"@id\":\"https:\/\/experienciadevida.com.ar\/portalurbano\/segunda-jornada-especial-de-vacunacion-en-la-provincia-tras-record-de-178-000-inoculados\/#breadcrumb\",\"itemListElement\":[{\"@type\":\"ListItem\",\"position\":1,\"name\":\"Portada\",\"item\":\"https:\/\/experienciadevida.com.ar\/portalurbano\/\"},{\"@type\":\"ListItem\",\"position\":2,\"name\":\"Segunda jornada especial de vacunaci\u00f3n en la provincia, tras \u201cr\u00e9cord\u201d de 178.000 inoculados\"}]},{\"@type\":\"WebSite\",\"@id\":\"https:\/\/experienciadevida.com.ar\/portalurbano\/#website\",\"url\":\"https:\/\/experienciadevida.com.ar\/portalurbano\/\",\"name\":\"\",\"description\":\"\",\"publisher\":{\"@id\":\"https:\/\/experienciadevida.com.ar\/portalurbano\/#organization\"},\"potentialAction\":[{\"@type\":\"SearchAction\",\"target\":{\"@type\":\"EntryPoint\",\"urlTemplate\":\"https:\/\/experienciadevida.com.ar\/portalurbano\/?s={search_term_string}\"},\"query-input\":\"required name=search_term_string\"}],\"inLanguage\":\"es\"},{\"@type\":\"Organization\",\"@id\":\"https:\/\/experienciadevida.com.ar\/portalurbano\/#organization\",\"name\":\"Portal Urbano\",\"url\":\"https:\/\/experienciadevida.com.ar\/portalurbano\/\",\"logo\":{\"@type\":\"ImageObject\",\"inLanguage\":\"es\",\"@id\":\"https:\/\/experienciadevida.com.ar\/portalurbano\/#\/schema\/logo\/image\/\",\"url\":\"https:\/\/experienciadevida.com.ar\/portalurbano\/wp-content\/uploads\/2019\/09\/Logo-Original.png\",\"contentUrl\":\"https:\/\/experienciadevida.com.ar\/portalurbano\/wp-content\/uploads\/2019\/09\/Logo-Original.png\",\"width\":2236,\"height\":1216,\"caption\":\"Portal Urbano\"},\"image\":{\"@id\":\"https:\/\/experienciadevida.com.ar\/portalurbano\/#\/schema\/logo\/image\/\"},\"sameAs\":[\"https:\/\/www.facebook.com\/Portal-Urbano-171542830093757\/\",\"https:\/\/twitter.com\/portalurbanook\",\"https:\/\/www.instagram.com\/_portalurbano\/\",\"https:\/\/www.youtube.com\/channel\/UCXhagIfszH8KxFiOok79zbA?view_as=subscriber\"]},{\"@type\":\"Person\",\"@id\":\"https:\/\/experienciadevida.com.ar\/portalurbano\/#\/schema\/person\/02dd326b1c4b056e9cc972486934a3a7\",\"name\":\"admpu17wp\",\"image\":{\"@type\":\"ImageObject\",\"inLanguage\":\"es\",\"@id\":\"https:\/\/experienciadevida.com.ar\/portalurbano\/#\/schema\/person\/image\/\",\"url\":\"https:\/\/secure.gravatar.com\/avatar\/830d4c57adaae6630765e449a6908047?s=96&d=mm&r=g\",\"contentUrl\":\"https:\/\/secure.gravatar.com\/avatar\/830d4c57adaae6630765e449a6908047?s=96&d=mm&r=g\",\"caption\":\"admpu17wp\"}}]}<\/script>\n<!-- \/ Yoast SEO plugin. -->","yoast_head_json":{"title":"Segunda jornada especial de vacunaci\u00f3n en la provincia tras r\u00e9cord","description":"Segunda jornada especial de vacunaci\u00f3n en la provincia, tras \u201cr\u00e9cord\u201d de 178.000 inoculados, la del Gobierno bonaerense","robots":{"index":"index","follow":"follow","max-snippet":"max-snippet:-1","max-image-preview":"max-image-preview:large","max-video-preview":"max-video-preview:-1"},"canonical":"https:\/\/experienciadevida.com.ar\/portalurbano\/segunda-jornada-especial-de-vacunacion-en-la-provincia-tras-record-de-178-000-inoculados\/","og_locale":"es_ES","og_type":"article","og_title":"Segunda jornada especial de vacunaci\u00f3n en la provincia tras r\u00e9cord","og_description":"Segunda jornada especial de vacunaci\u00f3n en la provincia, tras \u201cr\u00e9cord\u201d de 178.000 inoculados, la del Gobierno bonaerense","og_url":"https:\/\/experienciadevida.com.ar\/portalurbano\/segunda-jornada-especial-de-vacunacion-en-la-provincia-tras-record-de-178-000-inoculados\/","article_publisher":"https:\/\/www.facebook.com\/Portal-Urbano-171542830093757\/","article_published_time":"2021-07-10T14:25:35+00:00","article_modified_time":"2021-07-10T14:57:27+00:00","og_image":[{"width":1068,"height":711,"url":"https:\/\/experienciadevida.com.ar\/portalurbano\/wp-content\/uploads\/2021\/07\/Segunda-jornada-especial-de-vacunacion.jpg","type":"image\/jpeg"}],"author":"admpu17wp","twitter_card":"summary_large_image","twitter_creator":"@portalurbanook","twitter_site":"@portalurbanook","twitter_misc":{"Escrito por":"admpu17wp","Tiempo de lectura":"3 minutos"},"schema":{"@context":"https:\/\/schema.org","@graph":[{"@type":"Article","@id":"https:\/\/experienciadevida.com.ar\/portalurbano\/segunda-jornada-especial-de-vacunacion-en-la-provincia-tras-record-de-178-000-inoculados\/#article","isPartOf":{"@id":"https:\/\/experienciadevida.com.ar\/portalurbano\/segunda-jornada-especial-de-vacunacion-en-la-provincia-tras-record-de-178-000-inoculados\/"},"author":{"name":"admpu17wp","@id":"https:\/\/experienciadevida.com.ar\/portalurbano\/#\/schema\/person\/02dd326b1c4b056e9cc972486934a3a7"},"headline":"Segunda jornada especial de vacunaci\u00f3n en la provincia, tras \u201cr\u00e9cord\u201d de 178.000 inoculados","datePublished":"2021-07-10T14:25:35+00:00","dateModified":"2021-07-10T14:57:27+00:00","mainEntityOfPage":{"@id":"https:\/\/experienciadevida.com.ar\/portalurbano\/segunda-jornada-especial-de-vacunacion-en-la-provincia-tras-record-de-178-000-inoculados\/"},"wordCount":525,"publisher":{"@id":"https:\/\/experienciadevida.com.ar\/portalurbano\/#organization"},"articleSection":["Destacadas 2","Provincia"],"inLanguage":"es"},{"@type":"WebPage","@id":"https:\/\/experienciadevida.com.ar\/portalurbano\/segunda-jornada-especial-de-vacunacion-en-la-provincia-tras-record-de-178-000-inoculados\/","url":"https:\/\/experienciadevida.com.ar\/portalurbano\/segunda-jornada-especial-de-vacunacion-en-la-provincia-tras-record-de-178-000-inoculados\/","name":"Segunda jornada especial de vacunaci\u00f3n en la provincia tras r\u00e9cord","isPartOf":{"@id":"https:\/\/experienciadevida.com.ar\/portalurbano\/#website"},"datePublished":"2021-07-10T14:25:35+00:00","dateModified":"2021-07-10T14:57:27+00:00","description":"Segunda jornada especial de vacunaci\u00f3n en la provincia, tras \u201cr\u00e9cord\u201d de 178.000 inoculados, la del Gobierno bonaerense","breadcrumb":{"@id":"https:\/\/experienciadevida.com.ar\/portalurbano\/segunda-jornada-especial-de-vacunacion-en-la-provincia-tras-record-de-178-000-inoculados\/#breadcrumb"},"inLanguage":"es","potentialAction":[{"@type":"ReadAction","target":["https:\/\/experienciadevida.com.ar\/portalurbano\/segunda-jornada-especial-de-vacunacion-en-la-provincia-tras-record-de-178-000-inoculados\/"]}]},{"@type":"BreadcrumbList","@id":"https:\/\/experienciadevida.com.ar\/portalurbano\/segunda-jornada-especial-de-vacunacion-en-la-provincia-tras-record-de-178-000-inoculados\/#breadcrumb","itemListElement":[{"@type":"ListItem","position":1,"name":"Portada","item":"https:\/\/experienciadevida.com.ar\/portalurbano\/"},{"@type":"ListItem","position":2,"name":"Segunda jornada especial de vacunaci\u00f3n en la provincia, tras \u201cr\u00e9cord\u201d de 178.000 inoculados"}]},{"@type":"WebSite","@id":"https:\/\/experienciadevida.com.ar\/portalurbano\/#website","url":"https:\/\/experienciadevida.com.ar\/portalurbano\/","name":"","description":"","publisher":{"@id":"https:\/\/experienciadevida.com.ar\/portalurbano\/#organization"},"potentialAction":[{"@type":"SearchAction","target":{"@type":"EntryPoint","urlTemplate":"https:\/\/experienciadevida.com.ar\/portalurbano\/?s={search_term_string}"},"query-input":"required name=search_term_string"}],"inLanguage":"es"},{"@type":"Organization","@id":"https:\/\/experienciadevida.com.ar\/portalurbano\/#organization","name":"Portal Urbano","url":"https:\/\/experienciadevida.com.ar\/portalurbano\/","logo":{"@type":"ImageObject","inLanguage":"es","@id":"https:\/\/experienciadevida.com.ar\/portalurbano\/#\/schema\/logo\/image\/","url":"https:\/\/experienciadevida.com.ar\/portalurbano\/wp-content\/uploads\/2019\/09\/Logo-Original.png","contentUrl":"https:\/\/experienciadevida.com.ar\/portalurbano\/wp-content\/uploads\/2019\/09\/Logo-Original.png","width":2236,"height":1216,"caption":"Portal Urbano"},"image":{"@id":"https:\/\/experienciadevida.com.ar\/portalurbano\/#\/schema\/logo\/image\/"},"sameAs":["https:\/\/www.facebook.com\/Portal-Urbano-171542830093757\/","https:\/\/twitter.com\/portalurbanook","https:\/\/www.instagram.com\/_portalurbano\/","https:\/\/www.youtube.com\/channel\/UCXhagIfszH8KxFiOok79zbA?view_as=subscriber"]},{"@type":"Person","@id":"https:\/\/experienciadevida.com.ar\/portalurbano\/#\/schema\/person\/02dd326b1c4b056e9cc972486934a3a7","name":"admpu17wp","image":{"@type":"ImageObject","inLanguage":"es","@id":"https:\/\/experienciadevida.com.ar\/portalurbano\/#\/schema\/person\/image\/","url":"https:\/\/secure.gravatar.com\/avatar\/830d4c57adaae6630765e449a6908047?s=96&d=mm&r=g","contentUrl":"https:\/\/secure.gravatar.com\/avatar\/830d4c57adaae6630765e449a6908047?s=96&d=mm&r=g","caption":"admpu17wp"}}]}},"featured_image_urls":{"full":["https:\/\/experienciadevida.com.ar\/portalurbano\/wp-content\/uploads\/2021\/07\/Segunda-jornada-especial-de-vacunacion.jpg",1068,711,false],"thumbnail":["https:\/\/experienciadevida.com.ar\/portalurbano\/wp-content\/uploads\/2021\/07\/Segunda-jornada-especial-de-vacunacion-150x150.jpg",150,150,true],"medium":["https:\/\/experienciadevida.com.ar\/portalurbano\/wp-content\/uploads\/2021\/07\/Segunda-jornada-especial-de-vacunacion-300x200.jpg",300,200,true],"medium_large":["https:\/\/experienciadevida.com.ar\/portalurbano\/wp-content\/uploads\/2021\/07\/Segunda-jornada-especial-de-vacunacion-768x511.jpg",640,426,true],"large":["https:\/\/experienciadevida.com.ar\/portalurbano\/wp-content\/uploads\/2021\/07\/Segunda-jornada-especial-de-vacunacion-1024x682.jpg",640,426,true],"ug_big":["https:\/\/experienciadevida.com.ar\/portalurbano\/wp-content\/uploads\/2021\/07\/Segunda-jornada-especial-de-vacunacion-768x511.jpg",768,511,true],"1536x1536":["https:\/\/experienciadevida.com.ar\/portalurbano\/wp-content\/uploads\/2021\/07\/Segunda-jornada-especial-de-vacunacion.jpg",1068,711,false],"2048x2048":["https:\/\/experienciadevida.com.ar\/portalurbano\/wp-content\/uploads\/2021\/07\/Segunda-jornada-especial-de-vacunacion.jpg",1068,711,false],"newsever-slider-full":["https:\/\/experienciadevida.com.ar\/portalurbano\/wp-content\/uploads\/2021\/07\/Segunda-jornada-especial-de-vacunacion.jpg",1068,711,false],"newsever-featured":["https:\/\/experienciadevida.com.ar\/portalurbano\/wp-content\/uploads\/2021\/07\/Segunda-jornada-especial-de-vacunacion.jpg",1024,682,false],"newsever-medium":["https:\/\/experienciadevida.com.ar\/portalurbano\/wp-content\/uploads\/2021\/07\/Segunda-jornada-especial-de-vacunacion.jpg",714,475,false],"web-stories-poster-portrait":["https:\/\/experienciadevida.com.ar\/portalurbano\/wp-content\/uploads\/2021\/07\/Segunda-jornada-especial-de-vacunacion.jpg",640,426,false],"web-stories-publisher-logo":["https:\/\/experienciadevida.com.ar\/portalurbano\/wp-content\/uploads\/2021\/07\/Segunda-jornada-especial-de-vacunacion.jpg",96,64,false],"web-stories-thumbnail":["https:\/\/experienciadevida.com.ar\/portalurbano\/wp-content\/uploads\/2021\/07\/Segunda-jornada-especial-de-vacunacion.jpg",150,100,false]},"author_info":{"display_name":"admpu17wp","author_link":"https:\/\/experienciadevida.com.ar\/portalurbano\/author\/admpu17wp\/"},"category_info":"<a href=\"https:\/\/experienciadevida.com.ar\/portalurbano\/category\/destacadas-2\/\" rel=\"category tag\">Destacadas 2<\/a> <a href=\"https:\/\/experienciadevida.com.ar\/portalurbano\/category\/provincia\/\" rel=\"category tag\">Provincia<\/a>","tag_info":"Provincia","comment_count":"0","amp_enabled":true,"_links":{"self":[{"href":"https:\/\/experienciadevida.com.ar\/portalurbano\/wp-json\/wp\/v2\/posts\/147317"}],"collection":[{"href":"https:\/\/experienciadevida.com.ar\/portalurbano\/wp-json\/wp\/v2\/posts"}],"about":[{"href":"https:\/\/experienciadevida.com.ar\/portalurbano\/wp-json\/wp\/v2\/types\/post"}],"author":[{"embeddable":true,"href":"https:\/\/experienciadevida.com.ar\/portalurbano\/wp-json\/wp\/v2\/users\/1"}],"replies":[{"embeddable":true,"href":"https:\/\/experienciadevida.com.ar\/portalurbano\/wp-json\/wp\/v2\/comments?post=147317"}],"version-history":[{"count":2,"href":"https:\/\/experienciadevida.com.ar\/portalurbano\/wp-json\/wp\/v2\/posts\/147317\/revisions"}],"predecessor-version":[{"id":147320,"href":"https:\/\/experienciadevida.com.ar\/portalurbano\/wp-json\/wp\/v2\/posts\/147317\/revisions\/147320"}],"wp:featuredmedia":[{"embeddable":true,"href":"https:\/\/experienciadevida.com.ar\/portalurbano\/wp-json\/wp\/v2\/media\/147318"}],"wp:attachment":[{"href":"https:\/\/experienciadevida.com.ar\/portalurbano\/wp-json\/wp\/v2\/media?parent=147317"}],"wp:term":[{"taxonomy":"category","embeddable":true,"href":"https:\/\/experienciadevida.com.ar\/portalurbano\/wp-json\/wp\/v2\/categories?post=147317"},{"taxonomy":"post_tag","embeddable":true,"href":"https:\/\/experienciadevida.com.ar\/portalurbano\/wp-json\/wp\/v2\/tags?post=147317"}],"curies":[{"name":"wp","href":"https:\/\/api.w.org\/{rel}","templated":true}]}}