{"id":147284,"date":"2021-07-09T17:06:16","date_gmt":"2021-07-09T20:06:16","guid":{"rendered":"https:\/\/experienciadevida.com.ar\/portalurbano\/?p=147284"},"modified":"2021-07-09T17:15:12","modified_gmt":"2021-07-09T20:15:12","slug":"galli-encabezo-el-acto-por-el-dia-de-la-independencia","status":"publish","type":"post","link":"https:\/\/experienciadevida.com.ar\/portalurbano\/galli-encabezo-el-acto-por-el-dia-de-la-independencia\/","title":{"rendered":"Galli encabez\u00f3 el acto por el D\u00eda de la Independencia"},"content":{"rendered":"<p>Galli encabez\u00f3 el acto por el D\u00eda de la Independencia, fue en la ma\u00f1ana de este viernes.<\/p>\n<p>En la ocasi\u00f3n acompa\u00f1aron al jefe comunal el presidente del Honorable Concejo Deliberante Bruno Cenizo, miembros de su gabinete, concejales, Bomberos Voluntarios, autoridades del Regimiento de Caballer\u00eda de Tanques II, representantes de instituciones locales y vecinos.<\/p>\n<p>La actividad comenz\u00f3 con el izamiento de la Bandera Nacional en la Plaza Central y posteriormente se llev\u00f3 a cabo el tradicional Tedeum en la iglesia San Jos\u00e9.<\/p>\n<p>Galli encabez\u00f3 el acto por el d\u00eda de la independencia, Tras ello, el intendente Ezequiel <a href=\"https:\/\/www.facebook.com\/galliezequiel\/\">Galli<\/a> y los funcionarios municipales se trasladaron al Hall del Palacio San Mart\u00edn donde se sirvi\u00f3 un chocolate.<\/p>\n<p>Finalmente los festejos concluir\u00e1n a las 19 horas con la Velada de Gala prevista para la fecha, que se realizar\u00e1 en la sala del Teatro Municipal con la presentaci\u00f3n anual de la Orquesta Sinf\u00f3nica Municipal \u201cMtro. Mario Patan\u00e9\u201d, con un homenaje a Astor Piazzolla; bajo la direcci\u00f3n del Maestro Diego Lurbe.<\/p>\n<p>La entrada es libre y gratuita. Sin embargo, cabe reiterar que la capacidad estar\u00e1 adecuada al 30% aforo permitido.<\/p>\n<p><a href=\"https:\/\/experienciadevida.com.ar\/portalurbano\/galli-encabezo-el-acto-por-el-dia-de-la-independencia\/galli-encabezo-2\/\" rel=\"attachment wp-att-147288\"><img decoding=\"async\" class=\"alignnone size-large wp-image-147288\" src=\"https:\/\/experienciadevida.com.ar\/portalurbano\/wp-content\/uploads\/2021\/07\/Galli-encabezo-1024x684.jpg\" alt=\"Galli encabez\u00f3\" width=\"900\" height=\"601\" \/><\/a><\/p>\n<p><a href=\"https:\/\/experienciadevida.com.ar\/portalurbano\/galli-encabezo-el-acto-por-el-dia-de-la-independencia\/el-acto-por\/\" rel=\"attachment wp-att-147289\"><img decoding=\"async\" class=\"alignnone size-large wp-image-147289\" src=\"https:\/\/experienciadevida.com.ar\/portalurbano\/wp-content\/uploads\/2021\/07\/el-acto-por-1024x684.jpg\" alt=\"el acto por \" width=\"900\" height=\"601\" \/><\/a><\/p>\n<p><a href=\"https:\/\/experienciadevida.com.ar\/portalurbano\/galli-encabezo-el-acto-por-el-dia-de-la-independencia\/ezequiel-galli-5\/\" rel=\"attachment wp-att-147290\"><img decoding=\"async\" class=\"alignnone size-large wp-image-147290\" src=\"https:\/\/experienciadevida.com.ar\/portalurbano\/wp-content\/uploads\/2021\/07\/Ezequiel-Galli-1024x684.jpg\" alt=\"Ezequiel Galli\" width=\"900\" height=\"601\" \/><\/a><\/p>\n<p><a href=\"https:\/\/experienciadevida.com.ar\/portalurbano\/galli-encabezo-el-acto-por-el-dia-de-la-independencia\/galli-103\/\" rel=\"attachment wp-att-147291\"><img decoding=\"async\" class=\"alignnone size-large wp-image-147291\" src=\"https:\/\/experienciadevida.com.ar\/portalurbano\/wp-content\/uploads\/2021\/07\/Galli-1024x684.jpg\" alt=\"Galli\" width=\"900\" height=\"601\" \/><\/a><\/p>\n","protected":false},"excerpt":{"rendered":"<p>Galli encabez\u00f3 el acto por el D\u00eda de la Independencia, fue en la ma\u00f1ana de&#8230;<\/p>\n","protected":false},"author":1,"featured_media":147285,"comment_status":"closed","ping_status":"closed","sticky":false,"template":"","format":"standard","meta":{"content-type":""},"categories":[27,64],"tags":[],"nelio_content":{"isAutoShareEnabled":false,"autoShareEndMode":"default","automationSources":{"useContentSentences":true,"useSocialTemplates":true,"useCustomSentences":false,"customSentences":[]},"followers":[1],"suggestedReferences":[],"includedReferences":[],"efiUrl":"","efiAlt":"","highlights":[]},"yoast_head":"<!-- This site is optimized with the Yoast SEO plugin v20.7 - https:\/\/yoast.com\/wordpress\/plugins\/seo\/ -->\n<title>Galli encabez\u00f3 el acto por el d\u00eda de la Independencia<\/title>\n<meta name=\"description\" content=\"Galli encabez\u00f3 el acto por el D\u00eda de la Independencia, fue en la ma\u00f1ana de este viernes, en la ocasi\u00f3n estuvo acompa\u00f1ado por su equipo\" \/>\n<meta name=\"robots\" content=\"index, follow, max-snippet:-1, max-image-preview:large, max-video-preview:-1\" \/>\n<link rel=\"canonical\" href=\"https:\/\/experienciadevida.com.ar\/portalurbano\/galli-encabezo-el-acto-por-el-dia-de-la-independencia\/\" \/>\n<meta property=\"og:locale\" content=\"es_ES\" \/>\n<meta property=\"og:type\" content=\"article\" \/>\n<meta property=\"og:title\" content=\"Galli encabez\u00f3 el acto por el d\u00eda de la Independencia\" \/>\n<meta property=\"og:description\" content=\"Galli encabez\u00f3 el acto por el D\u00eda de la Independencia, fue en la ma\u00f1ana de este viernes, en la ocasi\u00f3n estuvo acompa\u00f1ado por su equipo\" \/>\n<meta property=\"og:url\" content=\"https:\/\/experienciadevida.com.ar\/portalurbano\/galli-encabezo-el-acto-por-el-dia-de-la-independencia\/\" \/>\n<meta property=\"article:publisher\" content=\"https:\/\/www.facebook.com\/Portal-Urbano-171542830093757\/\" \/>\n<meta property=\"article:published_time\" content=\"2021-07-09T20:06:16+00:00\" \/>\n<meta property=\"article:modified_time\" content=\"2021-07-09T20:15:12+00:00\" \/>\n<meta property=\"og:image\" content=\"https:\/\/experienciadevida.com.ar\/portalurbano\/wp-content\/uploads\/2021\/07\/Galli-encabezo-el-acto-por-e1625861166765.jpg\" \/>\n\t<meta property=\"og:image:width\" content=\"765\" \/>\n\t<meta property=\"og:image:height\" content=\"511\" \/>\n\t<meta property=\"og:image:type\" content=\"image\/jpeg\" \/>\n<meta name=\"author\" content=\"admpu17wp\" \/>\n<meta name=\"twitter:card\" content=\"summary_large_image\" \/>\n<meta name=\"twitter:creator\" content=\"@portalurbanook\" \/>\n<meta name=\"twitter:site\" content=\"@portalurbanook\" \/>\n<meta name=\"twitter:label1\" content=\"Escrito por\" \/>\n\t<meta name=\"twitter:data1\" content=\"admpu17wp\" \/>\n\t<meta name=\"twitter:label2\" content=\"Tiempo de lectura\" \/>\n\t<meta name=\"twitter:data2\" content=\"2 minutos\" \/>\n<script type=\"application\/ld+json\" class=\"yoast-schema-graph\">{\"@context\":\"https:\/\/schema.org\",\"@graph\":[{\"@type\":\"Article\",\"@id\":\"https:\/\/experienciadevida.com.ar\/portalurbano\/galli-encabezo-el-acto-por-el-dia-de-la-independencia\/#article\",\"isPartOf\":{\"@id\":\"https:\/\/experienciadevida.com.ar\/portalurbano\/galli-encabezo-el-acto-por-el-dia-de-la-independencia\/\"},\"author\":{\"name\":\"admpu17wp\",\"@id\":\"https:\/\/experienciadevida.com.ar\/portalurbano\/#\/schema\/person\/02dd326b1c4b056e9cc972486934a3a7\"},\"headline\":\"Galli encabez\u00f3 el acto por el D\u00eda de la Independencia\",\"datePublished\":\"2021-07-09T20:06:16+00:00\",\"dateModified\":\"2021-07-09T20:15:12+00:00\",\"mainEntityOfPage\":{\"@id\":\"https:\/\/experienciadevida.com.ar\/portalurbano\/galli-encabezo-el-acto-por-el-dia-de-la-independencia\/\"},\"wordCount\":204,\"publisher\":{\"@id\":\"https:\/\/experienciadevida.com.ar\/portalurbano\/#organization\"},\"articleSection\":[\"Ciudad\",\"Destacadas 2\"],\"inLanguage\":\"es\"},{\"@type\":\"WebPage\",\"@id\":\"https:\/\/experienciadevida.com.ar\/portalurbano\/galli-encabezo-el-acto-por-el-dia-de-la-independencia\/\",\"url\":\"https:\/\/experienciadevida.com.ar\/portalurbano\/galli-encabezo-el-acto-por-el-dia-de-la-independencia\/\",\"name\":\"Galli encabez\u00f3 el acto por el d\u00eda de la Independencia\",\"isPartOf\":{\"@id\":\"https:\/\/experienciadevida.com.ar\/portalurbano\/#website\"},\"datePublished\":\"2021-07-09T20:06:16+00:00\",\"dateModified\":\"2021-07-09T20:15:12+00:00\",\"description\":\"Galli encabez\u00f3 el acto por el D\u00eda de la Independencia, fue en la ma\u00f1ana de este viernes, en la ocasi\u00f3n estuvo acompa\u00f1ado por su equipo\",\"breadcrumb\":{\"@id\":\"https:\/\/experienciadevida.com.ar\/portalurbano\/galli-encabezo-el-acto-por-el-dia-de-la-independencia\/#breadcrumb\"},\"inLanguage\":\"es\",\"potentialAction\":[{\"@type\":\"ReadAction\",\"target\":[\"https:\/\/experienciadevida.com.ar\/portalurbano\/galli-encabezo-el-acto-por-el-dia-de-la-independencia\/\"]}]},{\"@type\":\"BreadcrumbList\",\"@id\":\"https:\/\/experienciadevida.com.ar\/portalurbano\/galli-encabezo-el-acto-por-el-dia-de-la-independencia\/#breadcrumb\",\"itemListElement\":[{\"@type\":\"ListItem\",\"position\":1,\"name\":\"Portada\",\"item\":\"https:\/\/experienciadevida.com.ar\/portalurbano\/\"},{\"@type\":\"ListItem\",\"position\":2,\"name\":\"Galli encabez\u00f3 el acto por el D\u00eda de la Independencia\"}]},{\"@type\":\"WebSite\",\"@id\":\"https:\/\/experienciadevida.com.ar\/portalurbano\/#website\",\"url\":\"https:\/\/experienciadevida.com.ar\/portalurbano\/\",\"name\":\"\",\"description\":\"\",\"publisher\":{\"@id\":\"https:\/\/experienciadevida.com.ar\/portalurbano\/#organization\"},\"potentialAction\":[{\"@type\":\"SearchAction\",\"target\":{\"@type\":\"EntryPoint\",\"urlTemplate\":\"https:\/\/experienciadevida.com.ar\/portalurbano\/?s={search_term_string}\"},\"query-input\":\"required name=search_term_string\"}],\"inLanguage\":\"es\"},{\"@type\":\"Organization\",\"@id\":\"https:\/\/experienciadevida.com.ar\/portalurbano\/#organization\",\"name\":\"Portal Urbano\",\"url\":\"https:\/\/experienciadevida.com.ar\/portalurbano\/\",\"logo\":{\"@type\":\"ImageObject\",\"inLanguage\":\"es\",\"@id\":\"https:\/\/experienciadevida.com.ar\/portalurbano\/#\/schema\/logo\/image\/\",\"url\":\"https:\/\/experienciadevida.com.ar\/portalurbano\/wp-content\/uploads\/2019\/09\/Logo-Original.png\",\"contentUrl\":\"https:\/\/experienciadevida.com.ar\/portalurbano\/wp-content\/uploads\/2019\/09\/Logo-Original.png\",\"width\":2236,\"height\":1216,\"caption\":\"Portal Urbano\"},\"image\":{\"@id\":\"https:\/\/experienciadevida.com.ar\/portalurbano\/#\/schema\/logo\/image\/\"},\"sameAs\":[\"https:\/\/www.facebook.com\/Portal-Urbano-171542830093757\/\",\"https:\/\/twitter.com\/portalurbanook\",\"https:\/\/www.instagram.com\/_portalurbano\/\",\"https:\/\/www.youtube.com\/channel\/UCXhagIfszH8KxFiOok79zbA?view_as=subscriber\"]},{\"@type\":\"Person\",\"@id\":\"https:\/\/experienciadevida.com.ar\/portalurbano\/#\/schema\/person\/02dd326b1c4b056e9cc972486934a3a7\",\"name\":\"admpu17wp\",\"image\":{\"@type\":\"ImageObject\",\"inLanguage\":\"es\",\"@id\":\"https:\/\/experienciadevida.com.ar\/portalurbano\/#\/schema\/person\/image\/\",\"url\":\"https:\/\/secure.gravatar.com\/avatar\/830d4c57adaae6630765e449a6908047?s=96&d=mm&r=g\",\"contentUrl\":\"https:\/\/secure.gravatar.com\/avatar\/830d4c57adaae6630765e449a6908047?s=96&d=mm&r=g\",\"caption\":\"admpu17wp\"}}]}<\/script>\n<!-- \/ Yoast SEO plugin. -->","yoast_head_json":{"title":"Galli encabez\u00f3 el acto por el d\u00eda de la Independencia","description":"Galli encabez\u00f3 el acto por el D\u00eda de la Independencia, fue en la ma\u00f1ana de este viernes, en la ocasi\u00f3n estuvo acompa\u00f1ado por su equipo","robots":{"index":"index","follow":"follow","max-snippet":"max-snippet:-1","max-image-preview":"max-image-preview:large","max-video-preview":"max-video-preview:-1"},"canonical":"https:\/\/experienciadevida.com.ar\/portalurbano\/galli-encabezo-el-acto-por-el-dia-de-la-independencia\/","og_locale":"es_ES","og_type":"article","og_title":"Galli encabez\u00f3 el acto por el d\u00eda de la Independencia","og_description":"Galli encabez\u00f3 el acto por el D\u00eda de la Independencia, fue en la ma\u00f1ana de este viernes, en la ocasi\u00f3n estuvo acompa\u00f1ado por su equipo","og_url":"https:\/\/experienciadevida.com.ar\/portalurbano\/galli-encabezo-el-acto-por-el-dia-de-la-independencia\/","article_publisher":"https:\/\/www.facebook.com\/Portal-Urbano-171542830093757\/","article_published_time":"2021-07-09T20:06:16+00:00","article_modified_time":"2021-07-09T20:15:12+00:00","og_image":[{"width":765,"height":511,"url":"https:\/\/experienciadevida.com.ar\/portalurbano\/wp-content\/uploads\/2021\/07\/Galli-encabezo-el-acto-por-e1625861166765.jpg","type":"image\/jpeg"}],"author":"admpu17wp","twitter_card":"summary_large_image","twitter_creator":"@portalurbanook","twitter_site":"@portalurbanook","twitter_misc":{"Escrito por":"admpu17wp","Tiempo de lectura":"2 minutos"},"schema":{"@context":"https:\/\/schema.org","@graph":[{"@type":"Article","@id":"https:\/\/experienciadevida.com.ar\/portalurbano\/galli-encabezo-el-acto-por-el-dia-de-la-independencia\/#article","isPartOf":{"@id":"https:\/\/experienciadevida.com.ar\/portalurbano\/galli-encabezo-el-acto-por-el-dia-de-la-independencia\/"},"author":{"name":"admpu17wp","@id":"https:\/\/experienciadevida.com.ar\/portalurbano\/#\/schema\/person\/02dd326b1c4b056e9cc972486934a3a7"},"headline":"Galli encabez\u00f3 el acto por el D\u00eda de la Independencia","datePublished":"2021-07-09T20:06:16+00:00","dateModified":"2021-07-09T20:15:12+00:00","mainEntityOfPage":{"@id":"https:\/\/experienciadevida.com.ar\/portalurbano\/galli-encabezo-el-acto-por-el-dia-de-la-independencia\/"},"wordCount":204,"publisher":{"@id":"https:\/\/experienciadevida.com.ar\/portalurbano\/#organization"},"articleSection":["Ciudad","Destacadas 2"],"inLanguage":"es"},{"@type":"WebPage","@id":"https:\/\/experienciadevida.com.ar\/portalurbano\/galli-encabezo-el-acto-por-el-dia-de-la-independencia\/","url":"https:\/\/experienciadevida.com.ar\/portalurbano\/galli-encabezo-el-acto-por-el-dia-de-la-independencia\/","name":"Galli encabez\u00f3 el acto por el d\u00eda de la Independencia","isPartOf":{"@id":"https:\/\/experienciadevida.com.ar\/portalurbano\/#website"},"datePublished":"2021-07-09T20:06:16+00:00","dateModified":"2021-07-09T20:15:12+00:00","description":"Galli encabez\u00f3 el acto por el D\u00eda de la Independencia, fue en la ma\u00f1ana de este viernes, en la ocasi\u00f3n estuvo acompa\u00f1ado por su equipo","breadcrumb":{"@id":"https:\/\/experienciadevida.com.ar\/portalurbano\/galli-encabezo-el-acto-por-el-dia-de-la-independencia\/#breadcrumb"},"inLanguage":"es","potentialAction":[{"@type":"ReadAction","target":["https:\/\/experienciadevida.com.ar\/portalurbano\/galli-encabezo-el-acto-por-el-dia-de-la-independencia\/"]}]},{"@type":"BreadcrumbList","@id":"https:\/\/experienciadevida.com.ar\/portalurbano\/galli-encabezo-el-acto-por-el-dia-de-la-independencia\/#breadcrumb","itemListElement":[{"@type":"ListItem","position":1,"name":"Portada","item":"https:\/\/experienciadevida.com.ar\/portalurbano\/"},{"@type":"ListItem","position":2,"name":"Galli encabez\u00f3 el acto por el D\u00eda de la Independencia"}]},{"@type":"WebSite","@id":"https:\/\/experienciadevida.com.ar\/portalurbano\/#website","url":"https:\/\/experienciadevida.com.ar\/portalurbano\/","name":"","description":"","publisher":{"@id":"https:\/\/experienciadevida.com.ar\/portalurbano\/#organization"},"potentialAction":[{"@type":"SearchAction","target":{"@type":"EntryPoint","urlTemplate":"https:\/\/experienciadevida.com.ar\/portalurbano\/?s={search_term_string}"},"query-input":"required name=search_term_string"}],"inLanguage":"es"},{"@type":"Organization","@id":"https:\/\/experienciadevida.com.ar\/portalurbano\/#organization","name":"Portal Urbano","url":"https:\/\/experienciadevida.com.ar\/portalurbano\/","logo":{"@type":"ImageObject","inLanguage":"es","@id":"https:\/\/experienciadevida.com.ar\/portalurbano\/#\/schema\/logo\/image\/","url":"https:\/\/experienciadevida.com.ar\/portalurbano\/wp-content\/uploads\/2019\/09\/Logo-Original.png","contentUrl":"https:\/\/experienciadevida.com.ar\/portalurbano\/wp-content\/uploads\/2019\/09\/Logo-Original.png","width":2236,"height":1216,"caption":"Portal Urbano"},"image":{"@id":"https:\/\/experienciadevida.com.ar\/portalurbano\/#\/schema\/logo\/image\/"},"sameAs":["https:\/\/www.facebook.com\/Portal-Urbano-171542830093757\/","https:\/\/twitter.com\/portalurbanook","https:\/\/www.instagram.com\/_portalurbano\/","https:\/\/www.youtube.com\/channel\/UCXhagIfszH8KxFiOok79zbA?view_as=subscriber"]},{"@type":"Person","@id":"https:\/\/experienciadevida.com.ar\/portalurbano\/#\/schema\/person\/02dd326b1c4b056e9cc972486934a3a7","name":"admpu17wp","image":{"@type":"ImageObject","inLanguage":"es","@id":"https:\/\/experienciadevida.com.ar\/portalurbano\/#\/schema\/person\/image\/","url":"https:\/\/secure.gravatar.com\/avatar\/830d4c57adaae6630765e449a6908047?s=96&d=mm&r=g","contentUrl":"https:\/\/secure.gravatar.com\/avatar\/830d4c57adaae6630765e449a6908047?s=96&d=mm&r=g","caption":"admpu17wp"}}]}},"featured_image_urls":{"full":["https:\/\/experienciadevida.com.ar\/portalurbano\/wp-content\/uploads\/2021\/07\/Galli-encabezo-el-acto-por-e1625861166765.jpg",765,511,false],"thumbnail":["https:\/\/experienciadevida.com.ar\/portalurbano\/wp-content\/uploads\/2021\/07\/Galli-encabezo-el-acto-por-150x150.jpg",150,150,true],"medium":["https:\/\/experienciadevida.com.ar\/portalurbano\/wp-content\/uploads\/2021\/07\/Galli-encabezo-el-acto-por-300x201.jpg",300,201,true],"medium_large":["https:\/\/experienciadevida.com.ar\/portalurbano\/wp-content\/uploads\/2021\/07\/Galli-encabezo-el-acto-por-768x513.jpg",640,428,true],"large":["https:\/\/experienciadevida.com.ar\/portalurbano\/wp-content\/uploads\/2021\/07\/Galli-encabezo-el-acto-por-1024x684.jpg",640,428,true],"ug_big":["https:\/\/experienciadevida.com.ar\/portalurbano\/wp-content\/uploads\/2021\/07\/Galli-encabezo-el-acto-por-768x513.jpg",768,513,true],"1536x1536":["https:\/\/experienciadevida.com.ar\/portalurbano\/wp-content\/uploads\/2021\/07\/Galli-encabezo-el-acto-por-1536x1027.jpg",1536,1027,true],"2048x2048":["https:\/\/experienciadevida.com.ar\/portalurbano\/wp-content\/uploads\/2021\/07\/Galli-encabezo-el-acto-por-2048x1369.jpg",2048,1369,true],"newsever-slider-full":["https:\/\/experienciadevida.com.ar\/portalurbano\/wp-content\/uploads\/2021\/07\/Galli-encabezo-el-acto-por-e1625861166765.jpg",765,511,false],"newsever-featured":["https:\/\/experienciadevida.com.ar\/portalurbano\/wp-content\/uploads\/2021\/07\/Galli-encabezo-el-acto-por-e1625861166765.jpg",765,511,false],"newsever-medium":["https:\/\/experienciadevida.com.ar\/portalurbano\/wp-content\/uploads\/2021\/07\/Galli-encabezo-el-acto-por-e1625861166765.jpg",711,475,false],"web-stories-poster-portrait":["https:\/\/experienciadevida.com.ar\/portalurbano\/wp-content\/uploads\/2021\/07\/Galli-encabezo-el-acto-por-e1625861166765.jpg",640,428,false],"web-stories-publisher-logo":["https:\/\/experienciadevida.com.ar\/portalurbano\/wp-content\/uploads\/2021\/07\/Galli-encabezo-el-acto-por-e1625861166765.jpg",96,64,false],"web-stories-thumbnail":["https:\/\/experienciadevida.com.ar\/portalurbano\/wp-content\/uploads\/2021\/07\/Galli-encabezo-el-acto-por-e1625861166765.jpg",150,100,false]},"author_info":{"display_name":"admpu17wp","author_link":"https:\/\/experienciadevida.com.ar\/portalurbano\/author\/admpu17wp\/"},"category_info":"<a href=\"https:\/\/experienciadevida.com.ar\/portalurbano\/category\/ciudad\/\" rel=\"category tag\">Ciudad<\/a> <a href=\"https:\/\/experienciadevida.com.ar\/portalurbano\/category\/destacadas-2\/\" rel=\"category tag\">Destacadas 2<\/a>","tag_info":"Destacadas 2","comment_count":"0","amp_enabled":true,"_links":{"self":[{"href":"https:\/\/experienciadevida.com.ar\/portalurbano\/wp-json\/wp\/v2\/posts\/147284"}],"collection":[{"href":"https:\/\/experienciadevida.com.ar\/portalurbano\/wp-json\/wp\/v2\/posts"}],"about":[{"href":"https:\/\/experienciadevida.com.ar\/portalurbano\/wp-json\/wp\/v2\/types\/post"}],"author":[{"embeddable":true,"href":"https:\/\/experienciadevida.com.ar\/portalurbano\/wp-json\/wp\/v2\/users\/1"}],"replies":[{"embeddable":true,"href":"https:\/\/experienciadevida.com.ar\/portalurbano\/wp-json\/wp\/v2\/comments?post=147284"}],"version-history":[{"count":3,"href":"https:\/\/experienciadevida.com.ar\/portalurbano\/wp-json\/wp\/v2\/posts\/147284\/revisions"}],"predecessor-version":[{"id":147292,"href":"https:\/\/experienciadevida.com.ar\/portalurbano\/wp-json\/wp\/v2\/posts\/147284\/revisions\/147292"}],"wp:featuredmedia":[{"embeddable":true,"href":"https:\/\/experienciadevida.com.ar\/portalurbano\/wp-json\/wp\/v2\/media\/147285"}],"wp:attachment":[{"href":"https:\/\/experienciadevida.com.ar\/portalurbano\/wp-json\/wp\/v2\/media?parent=147284"}],"wp:term":[{"taxonomy":"category","embeddable":true,"href":"https:\/\/experienciadevida.com.ar\/portalurbano\/wp-json\/wp\/v2\/categories?post=147284"},{"taxonomy":"post_tag","embeddable":true,"href":"https:\/\/experienciadevida.com.ar\/portalurbano\/wp-json\/wp\/v2\/tags?post=147284"}],"curies":[{"name":"wp","href":"https:\/\/api.w.org\/{rel}","templated":true}]}}