{"id":147228,"date":"2021-07-09T12:07:33","date_gmt":"2021-07-09T15:07:33","guid":{"rendered":"https:\/\/experienciadevida.com.ar\/portalurbano\/?p=147228"},"modified":"2021-07-09T12:10:59","modified_gmt":"2021-07-09T15:10:59","slug":"foro-olavarria-celebra-el-dia-de-la-independencia-con-herencia-serrana","status":"publish","type":"post","link":"https:\/\/experienciadevida.com.ar\/portalurbano\/foro-olavarria-celebra-el-dia-de-la-independencia-con-herencia-serrana\/","title":{"rendered":"Foro Olavarr\u00eda celebra el D\u00eda de la Independencia con Herencia Serrana"},"content":{"rendered":"<p>Foro Olavarr\u00eda celebra el D\u00eda de la Independencia con Herencia Serrana, el espacio que conducen el concejal Eduardo <a href=\"https:\/\/www.facebook.com\/rodriguezolav\">Rodr\u00edguez<\/a> y la concejal In\u00e9s <a href=\"https:\/\/www.facebook.com\/ines.creimer\">Creimer<\/a> celebran con una nueva producci\u00f3n audiovisual.<\/p>\n<p>Foro Olavarr\u00eda suma una nueva producci\u00f3n audiovisual con motivo de celebrar el D\u00eda de la Independencia, esta vez con la participaci\u00f3n del ballet folcl\u00f3rico \u201cHerencia Serrana\u201d. La misma est\u00e1 disponible en las redes del Foro Olavarr\u00eda.<\/p>\n<p>La producci\u00f3n del material estuvo a cargo del equipo de Foro Olavarr\u00eda, con Agust\u00edn Alfonzo, Gonzalo Cabri y Luis Donatelli en c\u00e1maras y postproducci\u00f3n. La grabaci\u00f3n fue realizada en el teatro Municipal y cont\u00f3 con la participaci\u00f3n del bailar\u00edn Ivan Pad\u00edn y la bailarina Karen Tinta. A esto se suman Jorge Luis Andes en conducci\u00f3n y Cristi\u00e1n Di Pino en locuci\u00f3n.<\/p>\n<p>&#8220;Agradecemos enormemente la participaci\u00f3n de Herencia Serrana en nuestra celebraci\u00f3n del D\u00eda de la Independencia&#8221;, dijo la concejala In\u00e9s Creimer. Adem\u00e1s, destac\u00f3 &#8220;el gran trabajo que Roxana Garc\u00eda y todo el ballet<br \/>\nfolcl\u00f3rico viene desarrollando en la localidad de Sierra Chica, aportando para mantener vivas nuestras tradiciones&#8221;.<\/p>\n<p>Foro Olavarr\u00eda celebra el D\u00eda de la Independencia, esta nueva producci\u00f3n del Foro Olavarr\u00eda forma parte de la celebraci\u00f3n por el D\u00eda de la Independencia que el espacio inici\u00f3 con la presentaci\u00f3n de la versi\u00f3n del Himno Nacional interpretada por Ignacion Montoya Carlotto e In\u00e9s Madd\u00edo. La misma fue estrenada en las redes del Foro Olavarr\u00eda en el d\u00eda de ayer.<\/p>\n<p>Esta versi\u00f3n del Himno Nacional tendr\u00e1 alcance nacional al ser presentada hoy en la TV P\u00fablica en el programa que conduce Gabriel Corrado, \u201cMa\u00f1anas P\u00fablicas\u201d, de 10 a 12 horas.<\/p>\n<p>Enlace: https:\/\/youtu.be\/BSuD5V4-DuU<\/p>\n","protected":false},"excerpt":{"rendered":"<p>Foro Olavarr\u00eda celebra el D\u00eda de la Independencia con Herencia Serrana, el espacio que conducen&#8230;<\/p>\n","protected":false},"author":1,"featured_media":147229,"comment_status":"closed","ping_status":"closed","sticky":false,"template":"","format":"standard","meta":{"content-type":""},"categories":[27,64],"tags":[],"nelio_content":{"isAutoShareEnabled":false,"autoShareEndMode":"default","automationSources":{"useContentSentences":true,"useSocialTemplates":true,"useCustomSentences":false,"customSentences":[]},"followers":[1],"suggestedReferences":[],"includedReferences":[],"efiUrl":"","efiAlt":"","highlights":[]},"yoast_head":"<!-- This site is optimized with the Yoast SEO plugin v20.7 - https:\/\/yoast.com\/wordpress\/plugins\/seo\/ -->\n<title>Foro Olavarr\u00eda celebra el d\u00eda de la independencia con &quot;herencia serrana&quot;<\/title>\n<meta name=\"description\" content=\"Foro Olavarr\u00eda celebra el D\u00eda de la Independencia con Herencia Serrana, el espacio que conducen el concejal Rodr\u00edguez e In\u00e9s Creimer\" \/>\n<meta name=\"robots\" content=\"index, follow, max-snippet:-1, max-image-preview:large, max-video-preview:-1\" \/>\n<link rel=\"canonical\" href=\"https:\/\/experienciadevida.com.ar\/portalurbano\/foro-olavarria-celebra-el-dia-de-la-independencia-con-herencia-serrana\/\" \/>\n<meta property=\"og:locale\" content=\"es_ES\" \/>\n<meta property=\"og:type\" content=\"article\" \/>\n<meta property=\"og:title\" content=\"Foro Olavarr\u00eda celebra el d\u00eda de la independencia con &quot;herencia serrana&quot;\" \/>\n<meta property=\"og:description\" content=\"Foro Olavarr\u00eda celebra el D\u00eda de la Independencia con Herencia Serrana, el espacio que conducen el concejal Rodr\u00edguez e In\u00e9s Creimer\" \/>\n<meta property=\"og:url\" content=\"https:\/\/experienciadevida.com.ar\/portalurbano\/foro-olavarria-celebra-el-dia-de-la-independencia-con-herencia-serrana\/\" \/>\n<meta property=\"article:publisher\" content=\"https:\/\/www.facebook.com\/Portal-Urbano-171542830093757\/\" \/>\n<meta property=\"article:published_time\" content=\"2021-07-09T15:07:33+00:00\" \/>\n<meta property=\"article:modified_time\" content=\"2021-07-09T15:10:59+00:00\" \/>\n<meta property=\"og:image\" content=\"https:\/\/experienciadevida.com.ar\/portalurbano\/wp-content\/uploads\/2021\/07\/Foro-Olavarria-celebra-el-Dia.jpg\" \/>\n\t<meta property=\"og:image:width\" content=\"800\" \/>\n\t<meta property=\"og:image:height\" content=\"500\" \/>\n\t<meta property=\"og:image:type\" content=\"image\/jpeg\" \/>\n<meta name=\"author\" content=\"admpu17wp\" \/>\n<meta name=\"twitter:card\" content=\"summary_large_image\" \/>\n<meta name=\"twitter:creator\" content=\"@portalurbanook\" \/>\n<meta name=\"twitter:site\" content=\"@portalurbanook\" \/>\n<meta name=\"twitter:label1\" content=\"Escrito por\" \/>\n\t<meta name=\"twitter:data1\" content=\"admpu17wp\" \/>\n\t<meta name=\"twitter:label2\" content=\"Tiempo de lectura\" \/>\n\t<meta name=\"twitter:data2\" content=\"2 minutos\" \/>\n<script type=\"application\/ld+json\" class=\"yoast-schema-graph\">{\"@context\":\"https:\/\/schema.org\",\"@graph\":[{\"@type\":\"Article\",\"@id\":\"https:\/\/experienciadevida.com.ar\/portalurbano\/foro-olavarria-celebra-el-dia-de-la-independencia-con-herencia-serrana\/#article\",\"isPartOf\":{\"@id\":\"https:\/\/experienciadevida.com.ar\/portalurbano\/foro-olavarria-celebra-el-dia-de-la-independencia-con-herencia-serrana\/\"},\"author\":{\"name\":\"admpu17wp\",\"@id\":\"https:\/\/experienciadevida.com.ar\/portalurbano\/#\/schema\/person\/02dd326b1c4b056e9cc972486934a3a7\"},\"headline\":\"Foro Olavarr\u00eda celebra el D\u00eda de la Independencia con Herencia Serrana\",\"datePublished\":\"2021-07-09T15:07:33+00:00\",\"dateModified\":\"2021-07-09T15:10:59+00:00\",\"mainEntityOfPage\":{\"@id\":\"https:\/\/experienciadevida.com.ar\/portalurbano\/foro-olavarria-celebra-el-dia-de-la-independencia-con-herencia-serrana\/\"},\"wordCount\":329,\"publisher\":{\"@id\":\"https:\/\/experienciadevida.com.ar\/portalurbano\/#organization\"},\"articleSection\":[\"Ciudad\",\"Destacadas 2\"],\"inLanguage\":\"es\"},{\"@type\":\"WebPage\",\"@id\":\"https:\/\/experienciadevida.com.ar\/portalurbano\/foro-olavarria-celebra-el-dia-de-la-independencia-con-herencia-serrana\/\",\"url\":\"https:\/\/experienciadevida.com.ar\/portalurbano\/foro-olavarria-celebra-el-dia-de-la-independencia-con-herencia-serrana\/\",\"name\":\"Foro Olavarr\u00eda celebra el d\u00eda de la independencia con \\\"herencia serrana\\\"\",\"isPartOf\":{\"@id\":\"https:\/\/experienciadevida.com.ar\/portalurbano\/#website\"},\"datePublished\":\"2021-07-09T15:07:33+00:00\",\"dateModified\":\"2021-07-09T15:10:59+00:00\",\"description\":\"Foro Olavarr\u00eda celebra el D\u00eda de la Independencia con Herencia Serrana, el espacio que conducen el concejal Rodr\u00edguez e In\u00e9s Creimer\",\"breadcrumb\":{\"@id\":\"https:\/\/experienciadevida.com.ar\/portalurbano\/foro-olavarria-celebra-el-dia-de-la-independencia-con-herencia-serrana\/#breadcrumb\"},\"inLanguage\":\"es\",\"potentialAction\":[{\"@type\":\"ReadAction\",\"target\":[\"https:\/\/experienciadevida.com.ar\/portalurbano\/foro-olavarria-celebra-el-dia-de-la-independencia-con-herencia-serrana\/\"]}]},{\"@type\":\"BreadcrumbList\",\"@id\":\"https:\/\/experienciadevida.com.ar\/portalurbano\/foro-olavarria-celebra-el-dia-de-la-independencia-con-herencia-serrana\/#breadcrumb\",\"itemListElement\":[{\"@type\":\"ListItem\",\"position\":1,\"name\":\"Portada\",\"item\":\"https:\/\/experienciadevida.com.ar\/portalurbano\/\"},{\"@type\":\"ListItem\",\"position\":2,\"name\":\"Foro Olavarr\u00eda celebra el D\u00eda de la Independencia con Herencia Serrana\"}]},{\"@type\":\"WebSite\",\"@id\":\"https:\/\/experienciadevida.com.ar\/portalurbano\/#website\",\"url\":\"https:\/\/experienciadevida.com.ar\/portalurbano\/\",\"name\":\"\",\"description\":\"\",\"publisher\":{\"@id\":\"https:\/\/experienciadevida.com.ar\/portalurbano\/#organization\"},\"potentialAction\":[{\"@type\":\"SearchAction\",\"target\":{\"@type\":\"EntryPoint\",\"urlTemplate\":\"https:\/\/experienciadevida.com.ar\/portalurbano\/?s={search_term_string}\"},\"query-input\":\"required name=search_term_string\"}],\"inLanguage\":\"es\"},{\"@type\":\"Organization\",\"@id\":\"https:\/\/experienciadevida.com.ar\/portalurbano\/#organization\",\"name\":\"Portal Urbano\",\"url\":\"https:\/\/experienciadevida.com.ar\/portalurbano\/\",\"logo\":{\"@type\":\"ImageObject\",\"inLanguage\":\"es\",\"@id\":\"https:\/\/experienciadevida.com.ar\/portalurbano\/#\/schema\/logo\/image\/\",\"url\":\"https:\/\/experienciadevida.com.ar\/portalurbano\/wp-content\/uploads\/2019\/09\/Logo-Original.png\",\"contentUrl\":\"https:\/\/experienciadevida.com.ar\/portalurbano\/wp-content\/uploads\/2019\/09\/Logo-Original.png\",\"width\":2236,\"height\":1216,\"caption\":\"Portal Urbano\"},\"image\":{\"@id\":\"https:\/\/experienciadevida.com.ar\/portalurbano\/#\/schema\/logo\/image\/\"},\"sameAs\":[\"https:\/\/www.facebook.com\/Portal-Urbano-171542830093757\/\",\"https:\/\/twitter.com\/portalurbanook\",\"https:\/\/www.instagram.com\/_portalurbano\/\",\"https:\/\/www.youtube.com\/channel\/UCXhagIfszH8KxFiOok79zbA?view_as=subscriber\"]},{\"@type\":\"Person\",\"@id\":\"https:\/\/experienciadevida.com.ar\/portalurbano\/#\/schema\/person\/02dd326b1c4b056e9cc972486934a3a7\",\"name\":\"admpu17wp\",\"image\":{\"@type\":\"ImageObject\",\"inLanguage\":\"es\",\"@id\":\"https:\/\/experienciadevida.com.ar\/portalurbano\/#\/schema\/person\/image\/\",\"url\":\"https:\/\/secure.gravatar.com\/avatar\/830d4c57adaae6630765e449a6908047?s=96&d=mm&r=g\",\"contentUrl\":\"https:\/\/secure.gravatar.com\/avatar\/830d4c57adaae6630765e449a6908047?s=96&d=mm&r=g\",\"caption\":\"admpu17wp\"}}]}<\/script>\n<!-- \/ Yoast SEO plugin. -->","yoast_head_json":{"title":"Foro Olavarr\u00eda celebra el d\u00eda de la independencia con \"herencia serrana\"","description":"Foro Olavarr\u00eda celebra el D\u00eda de la Independencia con Herencia Serrana, el espacio que conducen el concejal Rodr\u00edguez e In\u00e9s Creimer","robots":{"index":"index","follow":"follow","max-snippet":"max-snippet:-1","max-image-preview":"max-image-preview:large","max-video-preview":"max-video-preview:-1"},"canonical":"https:\/\/experienciadevida.com.ar\/portalurbano\/foro-olavarria-celebra-el-dia-de-la-independencia-con-herencia-serrana\/","og_locale":"es_ES","og_type":"article","og_title":"Foro Olavarr\u00eda celebra el d\u00eda de la independencia con \"herencia serrana\"","og_description":"Foro Olavarr\u00eda celebra el D\u00eda de la Independencia con Herencia Serrana, el espacio que conducen el concejal Rodr\u00edguez e In\u00e9s Creimer","og_url":"https:\/\/experienciadevida.com.ar\/portalurbano\/foro-olavarria-celebra-el-dia-de-la-independencia-con-herencia-serrana\/","article_publisher":"https:\/\/www.facebook.com\/Portal-Urbano-171542830093757\/","article_published_time":"2021-07-09T15:07:33+00:00","article_modified_time":"2021-07-09T15:10:59+00:00","og_image":[{"width":800,"height":500,"url":"https:\/\/experienciadevida.com.ar\/portalurbano\/wp-content\/uploads\/2021\/07\/Foro-Olavarria-celebra-el-Dia.jpg","type":"image\/jpeg"}],"author":"admpu17wp","twitter_card":"summary_large_image","twitter_creator":"@portalurbanook","twitter_site":"@portalurbanook","twitter_misc":{"Escrito por":"admpu17wp","Tiempo de lectura":"2 minutos"},"schema":{"@context":"https:\/\/schema.org","@graph":[{"@type":"Article","@id":"https:\/\/experienciadevida.com.ar\/portalurbano\/foro-olavarria-celebra-el-dia-de-la-independencia-con-herencia-serrana\/#article","isPartOf":{"@id":"https:\/\/experienciadevida.com.ar\/portalurbano\/foro-olavarria-celebra-el-dia-de-la-independencia-con-herencia-serrana\/"},"author":{"name":"admpu17wp","@id":"https:\/\/experienciadevida.com.ar\/portalurbano\/#\/schema\/person\/02dd326b1c4b056e9cc972486934a3a7"},"headline":"Foro Olavarr\u00eda celebra el D\u00eda de la Independencia con Herencia Serrana","datePublished":"2021-07-09T15:07:33+00:00","dateModified":"2021-07-09T15:10:59+00:00","mainEntityOfPage":{"@id":"https:\/\/experienciadevida.com.ar\/portalurbano\/foro-olavarria-celebra-el-dia-de-la-independencia-con-herencia-serrana\/"},"wordCount":329,"publisher":{"@id":"https:\/\/experienciadevida.com.ar\/portalurbano\/#organization"},"articleSection":["Ciudad","Destacadas 2"],"inLanguage":"es"},{"@type":"WebPage","@id":"https:\/\/experienciadevida.com.ar\/portalurbano\/foro-olavarria-celebra-el-dia-de-la-independencia-con-herencia-serrana\/","url":"https:\/\/experienciadevida.com.ar\/portalurbano\/foro-olavarria-celebra-el-dia-de-la-independencia-con-herencia-serrana\/","name":"Foro Olavarr\u00eda celebra el d\u00eda de la independencia con \"herencia serrana\"","isPartOf":{"@id":"https:\/\/experienciadevida.com.ar\/portalurbano\/#website"},"datePublished":"2021-07-09T15:07:33+00:00","dateModified":"2021-07-09T15:10:59+00:00","description":"Foro Olavarr\u00eda celebra el D\u00eda de la Independencia con Herencia Serrana, el espacio que conducen el concejal Rodr\u00edguez e In\u00e9s Creimer","breadcrumb":{"@id":"https:\/\/experienciadevida.com.ar\/portalurbano\/foro-olavarria-celebra-el-dia-de-la-independencia-con-herencia-serrana\/#breadcrumb"},"inLanguage":"es","potentialAction":[{"@type":"ReadAction","target":["https:\/\/experienciadevida.com.ar\/portalurbano\/foro-olavarria-celebra-el-dia-de-la-independencia-con-herencia-serrana\/"]}]},{"@type":"BreadcrumbList","@id":"https:\/\/experienciadevida.com.ar\/portalurbano\/foro-olavarria-celebra-el-dia-de-la-independencia-con-herencia-serrana\/#breadcrumb","itemListElement":[{"@type":"ListItem","position":1,"name":"Portada","item":"https:\/\/experienciadevida.com.ar\/portalurbano\/"},{"@type":"ListItem","position":2,"name":"Foro Olavarr\u00eda celebra el D\u00eda de la Independencia con Herencia Serrana"}]},{"@type":"WebSite","@id":"https:\/\/experienciadevida.com.ar\/portalurbano\/#website","url":"https:\/\/experienciadevida.com.ar\/portalurbano\/","name":"","description":"","publisher":{"@id":"https:\/\/experienciadevida.com.ar\/portalurbano\/#organization"},"potentialAction":[{"@type":"SearchAction","target":{"@type":"EntryPoint","urlTemplate":"https:\/\/experienciadevida.com.ar\/portalurbano\/?s={search_term_string}"},"query-input":"required name=search_term_string"}],"inLanguage":"es"},{"@type":"Organization","@id":"https:\/\/experienciadevida.com.ar\/portalurbano\/#organization","name":"Portal Urbano","url":"https:\/\/experienciadevida.com.ar\/portalurbano\/","logo":{"@type":"ImageObject","inLanguage":"es","@id":"https:\/\/experienciadevida.com.ar\/portalurbano\/#\/schema\/logo\/image\/","url":"https:\/\/experienciadevida.com.ar\/portalurbano\/wp-content\/uploads\/2019\/09\/Logo-Original.png","contentUrl":"https:\/\/experienciadevida.com.ar\/portalurbano\/wp-content\/uploads\/2019\/09\/Logo-Original.png","width":2236,"height":1216,"caption":"Portal Urbano"},"image":{"@id":"https:\/\/experienciadevida.com.ar\/portalurbano\/#\/schema\/logo\/image\/"},"sameAs":["https:\/\/www.facebook.com\/Portal-Urbano-171542830093757\/","https:\/\/twitter.com\/portalurbanook","https:\/\/www.instagram.com\/_portalurbano\/","https:\/\/www.youtube.com\/channel\/UCXhagIfszH8KxFiOok79zbA?view_as=subscriber"]},{"@type":"Person","@id":"https:\/\/experienciadevida.com.ar\/portalurbano\/#\/schema\/person\/02dd326b1c4b056e9cc972486934a3a7","name":"admpu17wp","image":{"@type":"ImageObject","inLanguage":"es","@id":"https:\/\/experienciadevida.com.ar\/portalurbano\/#\/schema\/person\/image\/","url":"https:\/\/secure.gravatar.com\/avatar\/830d4c57adaae6630765e449a6908047?s=96&d=mm&r=g","contentUrl":"https:\/\/secure.gravatar.com\/avatar\/830d4c57adaae6630765e449a6908047?s=96&d=mm&r=g","caption":"admpu17wp"}}]}},"featured_image_urls":{"full":["https:\/\/experienciadevida.com.ar\/portalurbano\/wp-content\/uploads\/2021\/07\/Foro-Olavarria-celebra-el-Dia.jpg",800,500,false],"thumbnail":["https:\/\/experienciadevida.com.ar\/portalurbano\/wp-content\/uploads\/2021\/07\/Foro-Olavarria-celebra-el-Dia-150x150.jpg",150,150,true],"medium":["https:\/\/experienciadevida.com.ar\/portalurbano\/wp-content\/uploads\/2021\/07\/Foro-Olavarria-celebra-el-Dia-300x188.jpg",300,188,true],"medium_large":["https:\/\/experienciadevida.com.ar\/portalurbano\/wp-content\/uploads\/2021\/07\/Foro-Olavarria-celebra-el-Dia-768x480.jpg",640,400,true],"large":["https:\/\/experienciadevida.com.ar\/portalurbano\/wp-content\/uploads\/2021\/07\/Foro-Olavarria-celebra-el-Dia.jpg",640,400,false],"ug_big":["https:\/\/experienciadevida.com.ar\/portalurbano\/wp-content\/uploads\/2021\/07\/Foro-Olavarria-celebra-el-Dia-768x480.jpg",768,480,true],"1536x1536":["https:\/\/experienciadevida.com.ar\/portalurbano\/wp-content\/uploads\/2021\/07\/Foro-Olavarria-celebra-el-Dia.jpg",800,500,false],"2048x2048":["https:\/\/experienciadevida.com.ar\/portalurbano\/wp-content\/uploads\/2021\/07\/Foro-Olavarria-celebra-el-Dia.jpg",800,500,false],"newsever-slider-full":["https:\/\/experienciadevida.com.ar\/portalurbano\/wp-content\/uploads\/2021\/07\/Foro-Olavarria-celebra-el-Dia.jpg",800,500,false],"newsever-featured":["https:\/\/experienciadevida.com.ar\/portalurbano\/wp-content\/uploads\/2021\/07\/Foro-Olavarria-celebra-el-Dia.jpg",800,500,false],"newsever-medium":["https:\/\/experienciadevida.com.ar\/portalurbano\/wp-content\/uploads\/2021\/07\/Foro-Olavarria-celebra-el-Dia.jpg",720,450,false],"web-stories-poster-portrait":["https:\/\/experienciadevida.com.ar\/portalurbano\/wp-content\/uploads\/2021\/07\/Foro-Olavarria-celebra-el-Dia.jpg",640,400,false],"web-stories-publisher-logo":["https:\/\/experienciadevida.com.ar\/portalurbano\/wp-content\/uploads\/2021\/07\/Foro-Olavarria-celebra-el-Dia.jpg",96,60,false],"web-stories-thumbnail":["https:\/\/experienciadevida.com.ar\/portalurbano\/wp-content\/uploads\/2021\/07\/Foro-Olavarria-celebra-el-Dia.jpg",150,94,false]},"author_info":{"display_name":"admpu17wp","author_link":"https:\/\/experienciadevida.com.ar\/portalurbano\/author\/admpu17wp\/"},"category_info":"<a href=\"https:\/\/experienciadevida.com.ar\/portalurbano\/category\/ciudad\/\" rel=\"category tag\">Ciudad<\/a> <a href=\"https:\/\/experienciadevida.com.ar\/portalurbano\/category\/destacadas-2\/\" rel=\"category tag\">Destacadas 2<\/a>","tag_info":"Destacadas 2","comment_count":"0","amp_enabled":true,"_links":{"self":[{"href":"https:\/\/experienciadevida.com.ar\/portalurbano\/wp-json\/wp\/v2\/posts\/147228"}],"collection":[{"href":"https:\/\/experienciadevida.com.ar\/portalurbano\/wp-json\/wp\/v2\/posts"}],"about":[{"href":"https:\/\/experienciadevida.com.ar\/portalurbano\/wp-json\/wp\/v2\/types\/post"}],"author":[{"embeddable":true,"href":"https:\/\/experienciadevida.com.ar\/portalurbano\/wp-json\/wp\/v2\/users\/1"}],"replies":[{"embeddable":true,"href":"https:\/\/experienciadevida.com.ar\/portalurbano\/wp-json\/wp\/v2\/comments?post=147228"}],"version-history":[{"count":3,"href":"https:\/\/experienciadevida.com.ar\/portalurbano\/wp-json\/wp\/v2\/posts\/147228\/revisions"}],"predecessor-version":[{"id":147232,"href":"https:\/\/experienciadevida.com.ar\/portalurbano\/wp-json\/wp\/v2\/posts\/147228\/revisions\/147232"}],"wp:featuredmedia":[{"embeddable":true,"href":"https:\/\/experienciadevida.com.ar\/portalurbano\/wp-json\/wp\/v2\/media\/147229"}],"wp:attachment":[{"href":"https:\/\/experienciadevida.com.ar\/portalurbano\/wp-json\/wp\/v2\/media?parent=147228"}],"wp:term":[{"taxonomy":"category","embeddable":true,"href":"https:\/\/experienciadevida.com.ar\/portalurbano\/wp-json\/wp\/v2\/categories?post=147228"},{"taxonomy":"post_tag","embeddable":true,"href":"https:\/\/experienciadevida.com.ar\/portalurbano\/wp-json\/wp\/v2\/tags?post=147228"}],"curies":[{"name":"wp","href":"https:\/\/api.w.org\/{rel}","templated":true}]}}