{"id":147158,"date":"2021-07-08T17:43:35","date_gmt":"2021-07-08T20:43:35","guid":{"rendered":"https:\/\/experienciadevida.com.ar\/portalurbano\/?p=147158"},"modified":"2021-07-08T17:47:06","modified_gmt":"2021-07-08T20:47:06","slug":"gaston-sarachu-se-reunio-con-jose-arteaga-en-la-sede-central-de-cnrt","status":"publish","type":"post","link":"https:\/\/experienciadevida.com.ar\/portalurbano\/gaston-sarachu-se-reunio-con-jose-arteaga-en-la-sede-central-de-cnrt\/","title":{"rendered":"Gast\u00f3n Sarachu se reuni\u00f3 con Jos\u00e9 Arteaga en la sede central de CNRT"},"content":{"rendered":"<p>Gast\u00f3n Sarachu se reuni\u00f3 con Jos\u00e9 Arteaga en la sede central de CNRT, el Director Ejecutivo de la Comisi\u00f3n Nacional de Regulaci\u00f3n del Transporte<br \/>\n(CNRT) recibi\u00f3 en sus oficinas al subdelegado de la CNRT Olavarr\u00eda, Gast\u00f3n Sarachu.<\/p>\n<p>Jos\u00e9 Arteaga, Director Ejecutivo de CNRT, recibi\u00f3 al subdelegado de CNRT Olavarr\u00eda, Gast\u00f3n Sarachu. Fue en la tarde de este lunes en las oficinas<br \/>\ncentrales de la CNRT, en Ciudad Aut\u00f3noma de Buenos Aires. En el encuentro, se trabaj\u00f3 sobre los objetivos de control en la ciudad y la regi\u00f3n.<\/p>\n<p>Gast\u00f3n Sarachu se reuni\u00f3 con Jos\u00e9 Arteaga y\u00a0 lleg\u00f3 a las oficinas de CNRT acompa\u00f1ado de los concejales In\u00e9s <a href=\"https:\/\/www.facebook.com\/ines.creimer\">Creimer<\/a> y Eduardo <a href=\"https:\/\/www.facebook.com\/rodriguezolav\">Rodr\u00edguez<\/a>. Sobre el encuentro, Sarachu manifest\u00f3 que &#8220;la reuni\u00f3n sirvi\u00f3 para hacer un balance del trabajo que viene realizando la CNRT en la regi\u00f3n centro&#8221;.<\/p>\n<p>Adem\u00e1s, el subdelegado se\u00f1al\u00f3 que &#8220;las evaluaciones son muy positivas a 6 meses de la apertura de la oficina en Olavarr\u00eda, debido a los buenos resultados de los distintos operativos que hemos realizado&#8221;. Por \u00faltimo, Sarachu comparti\u00f3 que &#8220;con Jos\u00e9 coincidimos en que este camino es el indicado para que CNRT Olavarr\u00eda siga creciendo hacia el futuro&#8221;.<\/p>\n<p><a href=\"https:\/\/experienciadevida.com.ar\/portalurbano\/gaston-sarachu-se-reunio-con-jose-arteaga-en-la-sede-central-de-cnrt\/gaston-sarachu-se-reunio\/\" rel=\"attachment wp-att-147161\"><img decoding=\"async\" class=\"alignnone size-large wp-image-147161\" src=\"https:\/\/experienciadevida.com.ar\/portalurbano\/wp-content\/uploads\/2021\/07\/Gaston-Sarachu-se-reunio-1024x705.jpeg\" alt=\"Gast\u00f3n Sarachu se reuni\u00f3\" width=\"900\" height=\"620\" srcset=\"https:\/\/experienciadevida.com.ar\/portalurbano\/wp-content\/uploads\/2021\/07\/Gaston-Sarachu-se-reunio-1024x705.jpeg 1024w, https:\/\/experienciadevida.com.ar\/portalurbano\/wp-content\/uploads\/2021\/07\/Gaston-Sarachu-se-reunio-300x207.jpeg 300w, https:\/\/experienciadevida.com.ar\/portalurbano\/wp-content\/uploads\/2021\/07\/Gaston-Sarachu-se-reunio-768x529.jpeg 768w, https:\/\/experienciadevida.com.ar\/portalurbano\/wp-content\/uploads\/2021\/07\/Gaston-Sarachu-se-reunio.jpeg 1245w\" sizes=\"(max-width: 900px) 100vw, 900px\" \/><\/a><\/p>\n","protected":false},"excerpt":{"rendered":"<p>Gast\u00f3n Sarachu se reuni\u00f3 con Jos\u00e9 Arteaga en la sede central de CNRT, el Director&#8230;<\/p>\n","protected":false},"author":1,"featured_media":147159,"comment_status":"closed","ping_status":"closed","sticky":false,"template":"","format":"standard","meta":{"content-type":""},"categories":[27,64],"tags":[],"nelio_content":{"isAutoShareEnabled":false,"autoShareEndMode":"default","automationSources":{"useContentSentences":true,"useSocialTemplates":true,"useCustomSentences":false,"customSentences":[]},"followers":[1],"suggestedReferences":[],"includedReferences":[],"efiUrl":"","efiAlt":"","highlights":[]},"yoast_head":"<!-- This site is optimized with the Yoast SEO plugin v20.7 - https:\/\/yoast.com\/wordpress\/plugins\/seo\/ -->\n<title>Gast\u00f3n Sarachu se reuni\u00f3 con Jose Arteaga en la sede central de CNRT<\/title>\n<meta name=\"description\" content=\"Gast\u00f3n Sarachu se reuni\u00f3 con Jos\u00e9 Arteaga en la sede central de CNRT, el Director Ejecutivo de la Comisi\u00f3n Nacional de Regulaci\u00f3n\" \/>\n<meta name=\"robots\" content=\"index, follow, max-snippet:-1, max-image-preview:large, max-video-preview:-1\" \/>\n<link rel=\"canonical\" href=\"https:\/\/experienciadevida.com.ar\/portalurbano\/gaston-sarachu-se-reunio-con-jose-arteaga-en-la-sede-central-de-cnrt\/\" \/>\n<meta property=\"og:locale\" content=\"es_ES\" \/>\n<meta property=\"og:type\" content=\"article\" \/>\n<meta property=\"og:title\" content=\"Gast\u00f3n Sarachu se reuni\u00f3 con Jose Arteaga en la sede central de CNRT\" \/>\n<meta property=\"og:description\" content=\"Gast\u00f3n Sarachu se reuni\u00f3 con Jos\u00e9 Arteaga en la sede central de CNRT, el Director Ejecutivo de la Comisi\u00f3n Nacional de Regulaci\u00f3n\" \/>\n<meta property=\"og:url\" content=\"https:\/\/experienciadevida.com.ar\/portalurbano\/gaston-sarachu-se-reunio-con-jose-arteaga-en-la-sede-central-de-cnrt\/\" \/>\n<meta property=\"article:publisher\" content=\"https:\/\/www.facebook.com\/Portal-Urbano-171542830093757\/\" \/>\n<meta property=\"article:published_time\" content=\"2021-07-08T20:43:35+00:00\" \/>\n<meta property=\"article:modified_time\" content=\"2021-07-08T20:47:06+00:00\" \/>\n<meta property=\"og:image\" content=\"https:\/\/experienciadevida.com.ar\/portalurbano\/wp-content\/uploads\/2021\/07\/Gaston-Sarachu-se-reunio-con.jpeg\" \/>\n\t<meta property=\"og:image:width\" content=\"1280\" \/>\n\t<meta property=\"og:image:height\" content=\"781\" \/>\n\t<meta property=\"og:image:type\" content=\"image\/jpeg\" \/>\n<meta name=\"author\" content=\"admpu17wp\" \/>\n<meta name=\"twitter:card\" content=\"summary_large_image\" \/>\n<meta name=\"twitter:creator\" content=\"@portalurbanook\" \/>\n<meta name=\"twitter:site\" content=\"@portalurbanook\" \/>\n<meta name=\"twitter:label1\" content=\"Escrito por\" \/>\n\t<meta name=\"twitter:data1\" content=\"admpu17wp\" \/>\n\t<meta name=\"twitter:label2\" content=\"Tiempo de lectura\" \/>\n\t<meta name=\"twitter:data2\" content=\"2 minutos\" \/>\n<script type=\"application\/ld+json\" class=\"yoast-schema-graph\">{\"@context\":\"https:\/\/schema.org\",\"@graph\":[{\"@type\":\"Article\",\"@id\":\"https:\/\/experienciadevida.com.ar\/portalurbano\/gaston-sarachu-se-reunio-con-jose-arteaga-en-la-sede-central-de-cnrt\/#article\",\"isPartOf\":{\"@id\":\"https:\/\/experienciadevida.com.ar\/portalurbano\/gaston-sarachu-se-reunio-con-jose-arteaga-en-la-sede-central-de-cnrt\/\"},\"author\":{\"name\":\"admpu17wp\",\"@id\":\"https:\/\/experienciadevida.com.ar\/portalurbano\/#\/schema\/person\/02dd326b1c4b056e9cc972486934a3a7\"},\"headline\":\"Gast\u00f3n Sarachu se reuni\u00f3 con Jos\u00e9 Arteaga en la sede central de CNRT\",\"datePublished\":\"2021-07-08T20:43:35+00:00\",\"dateModified\":\"2021-07-08T20:47:06+00:00\",\"mainEntityOfPage\":{\"@id\":\"https:\/\/experienciadevida.com.ar\/portalurbano\/gaston-sarachu-se-reunio-con-jose-arteaga-en-la-sede-central-de-cnrt\/\"},\"wordCount\":223,\"publisher\":{\"@id\":\"https:\/\/experienciadevida.com.ar\/portalurbano\/#organization\"},\"articleSection\":[\"Ciudad\",\"Destacadas 2\"],\"inLanguage\":\"es\"},{\"@type\":\"WebPage\",\"@id\":\"https:\/\/experienciadevida.com.ar\/portalurbano\/gaston-sarachu-se-reunio-con-jose-arteaga-en-la-sede-central-de-cnrt\/\",\"url\":\"https:\/\/experienciadevida.com.ar\/portalurbano\/gaston-sarachu-se-reunio-con-jose-arteaga-en-la-sede-central-de-cnrt\/\",\"name\":\"Gast\u00f3n Sarachu se reuni\u00f3 con Jose Arteaga en la sede central de CNRT\",\"isPartOf\":{\"@id\":\"https:\/\/experienciadevida.com.ar\/portalurbano\/#website\"},\"datePublished\":\"2021-07-08T20:43:35+00:00\",\"dateModified\":\"2021-07-08T20:47:06+00:00\",\"description\":\"Gast\u00f3n Sarachu se reuni\u00f3 con Jos\u00e9 Arteaga en la sede central de CNRT, el Director Ejecutivo de la Comisi\u00f3n Nacional de Regulaci\u00f3n\",\"breadcrumb\":{\"@id\":\"https:\/\/experienciadevida.com.ar\/portalurbano\/gaston-sarachu-se-reunio-con-jose-arteaga-en-la-sede-central-de-cnrt\/#breadcrumb\"},\"inLanguage\":\"es\",\"potentialAction\":[{\"@type\":\"ReadAction\",\"target\":[\"https:\/\/experienciadevida.com.ar\/portalurbano\/gaston-sarachu-se-reunio-con-jose-arteaga-en-la-sede-central-de-cnrt\/\"]}]},{\"@type\":\"BreadcrumbList\",\"@id\":\"https:\/\/experienciadevida.com.ar\/portalurbano\/gaston-sarachu-se-reunio-con-jose-arteaga-en-la-sede-central-de-cnrt\/#breadcrumb\",\"itemListElement\":[{\"@type\":\"ListItem\",\"position\":1,\"name\":\"Portada\",\"item\":\"https:\/\/experienciadevida.com.ar\/portalurbano\/\"},{\"@type\":\"ListItem\",\"position\":2,\"name\":\"Gast\u00f3n Sarachu se reuni\u00f3 con Jos\u00e9 Arteaga en la sede central de CNRT\"}]},{\"@type\":\"WebSite\",\"@id\":\"https:\/\/experienciadevida.com.ar\/portalurbano\/#website\",\"url\":\"https:\/\/experienciadevida.com.ar\/portalurbano\/\",\"name\":\"\",\"description\":\"\",\"publisher\":{\"@id\":\"https:\/\/experienciadevida.com.ar\/portalurbano\/#organization\"},\"potentialAction\":[{\"@type\":\"SearchAction\",\"target\":{\"@type\":\"EntryPoint\",\"urlTemplate\":\"https:\/\/experienciadevida.com.ar\/portalurbano\/?s={search_term_string}\"},\"query-input\":\"required name=search_term_string\"}],\"inLanguage\":\"es\"},{\"@type\":\"Organization\",\"@id\":\"https:\/\/experienciadevida.com.ar\/portalurbano\/#organization\",\"name\":\"Portal Urbano\",\"url\":\"https:\/\/experienciadevida.com.ar\/portalurbano\/\",\"logo\":{\"@type\":\"ImageObject\",\"inLanguage\":\"es\",\"@id\":\"https:\/\/experienciadevida.com.ar\/portalurbano\/#\/schema\/logo\/image\/\",\"url\":\"https:\/\/experienciadevida.com.ar\/portalurbano\/wp-content\/uploads\/2019\/09\/Logo-Original.png\",\"contentUrl\":\"https:\/\/experienciadevida.com.ar\/portalurbano\/wp-content\/uploads\/2019\/09\/Logo-Original.png\",\"width\":2236,\"height\":1216,\"caption\":\"Portal Urbano\"},\"image\":{\"@id\":\"https:\/\/experienciadevida.com.ar\/portalurbano\/#\/schema\/logo\/image\/\"},\"sameAs\":[\"https:\/\/www.facebook.com\/Portal-Urbano-171542830093757\/\",\"https:\/\/twitter.com\/portalurbanook\",\"https:\/\/www.instagram.com\/_portalurbano\/\",\"https:\/\/www.youtube.com\/channel\/UCXhagIfszH8KxFiOok79zbA?view_as=subscriber\"]},{\"@type\":\"Person\",\"@id\":\"https:\/\/experienciadevida.com.ar\/portalurbano\/#\/schema\/person\/02dd326b1c4b056e9cc972486934a3a7\",\"name\":\"admpu17wp\",\"image\":{\"@type\":\"ImageObject\",\"inLanguage\":\"es\",\"@id\":\"https:\/\/experienciadevida.com.ar\/portalurbano\/#\/schema\/person\/image\/\",\"url\":\"https:\/\/secure.gravatar.com\/avatar\/830d4c57adaae6630765e449a6908047?s=96&d=mm&r=g\",\"contentUrl\":\"https:\/\/secure.gravatar.com\/avatar\/830d4c57adaae6630765e449a6908047?s=96&d=mm&r=g\",\"caption\":\"admpu17wp\"}}]}<\/script>\n<!-- \/ Yoast SEO plugin. -->","yoast_head_json":{"title":"Gast\u00f3n Sarachu se reuni\u00f3 con Jose Arteaga en la sede central de CNRT","description":"Gast\u00f3n Sarachu se reuni\u00f3 con Jos\u00e9 Arteaga en la sede central de CNRT, el Director Ejecutivo de la Comisi\u00f3n Nacional de Regulaci\u00f3n","robots":{"index":"index","follow":"follow","max-snippet":"max-snippet:-1","max-image-preview":"max-image-preview:large","max-video-preview":"max-video-preview:-1"},"canonical":"https:\/\/experienciadevida.com.ar\/portalurbano\/gaston-sarachu-se-reunio-con-jose-arteaga-en-la-sede-central-de-cnrt\/","og_locale":"es_ES","og_type":"article","og_title":"Gast\u00f3n Sarachu se reuni\u00f3 con Jose Arteaga en la sede central de CNRT","og_description":"Gast\u00f3n Sarachu se reuni\u00f3 con Jos\u00e9 Arteaga en la sede central de CNRT, el Director Ejecutivo de la Comisi\u00f3n Nacional de Regulaci\u00f3n","og_url":"https:\/\/experienciadevida.com.ar\/portalurbano\/gaston-sarachu-se-reunio-con-jose-arteaga-en-la-sede-central-de-cnrt\/","article_publisher":"https:\/\/www.facebook.com\/Portal-Urbano-171542830093757\/","article_published_time":"2021-07-08T20:43:35+00:00","article_modified_time":"2021-07-08T20:47:06+00:00","og_image":[{"width":1280,"height":781,"url":"https:\/\/experienciadevida.com.ar\/portalurbano\/wp-content\/uploads\/2021\/07\/Gaston-Sarachu-se-reunio-con.jpeg","type":"image\/jpeg"}],"author":"admpu17wp","twitter_card":"summary_large_image","twitter_creator":"@portalurbanook","twitter_site":"@portalurbanook","twitter_misc":{"Escrito por":"admpu17wp","Tiempo de lectura":"2 minutos"},"schema":{"@context":"https:\/\/schema.org","@graph":[{"@type":"Article","@id":"https:\/\/experienciadevida.com.ar\/portalurbano\/gaston-sarachu-se-reunio-con-jose-arteaga-en-la-sede-central-de-cnrt\/#article","isPartOf":{"@id":"https:\/\/experienciadevida.com.ar\/portalurbano\/gaston-sarachu-se-reunio-con-jose-arteaga-en-la-sede-central-de-cnrt\/"},"author":{"name":"admpu17wp","@id":"https:\/\/experienciadevida.com.ar\/portalurbano\/#\/schema\/person\/02dd326b1c4b056e9cc972486934a3a7"},"headline":"Gast\u00f3n Sarachu se reuni\u00f3 con Jos\u00e9 Arteaga en la sede central de CNRT","datePublished":"2021-07-08T20:43:35+00:00","dateModified":"2021-07-08T20:47:06+00:00","mainEntityOfPage":{"@id":"https:\/\/experienciadevida.com.ar\/portalurbano\/gaston-sarachu-se-reunio-con-jose-arteaga-en-la-sede-central-de-cnrt\/"},"wordCount":223,"publisher":{"@id":"https:\/\/experienciadevida.com.ar\/portalurbano\/#organization"},"articleSection":["Ciudad","Destacadas 2"],"inLanguage":"es"},{"@type":"WebPage","@id":"https:\/\/experienciadevida.com.ar\/portalurbano\/gaston-sarachu-se-reunio-con-jose-arteaga-en-la-sede-central-de-cnrt\/","url":"https:\/\/experienciadevida.com.ar\/portalurbano\/gaston-sarachu-se-reunio-con-jose-arteaga-en-la-sede-central-de-cnrt\/","name":"Gast\u00f3n Sarachu se reuni\u00f3 con Jose Arteaga en la sede central de CNRT","isPartOf":{"@id":"https:\/\/experienciadevida.com.ar\/portalurbano\/#website"},"datePublished":"2021-07-08T20:43:35+00:00","dateModified":"2021-07-08T20:47:06+00:00","description":"Gast\u00f3n Sarachu se reuni\u00f3 con Jos\u00e9 Arteaga en la sede central de CNRT, el Director Ejecutivo de la Comisi\u00f3n Nacional de Regulaci\u00f3n","breadcrumb":{"@id":"https:\/\/experienciadevida.com.ar\/portalurbano\/gaston-sarachu-se-reunio-con-jose-arteaga-en-la-sede-central-de-cnrt\/#breadcrumb"},"inLanguage":"es","potentialAction":[{"@type":"ReadAction","target":["https:\/\/experienciadevida.com.ar\/portalurbano\/gaston-sarachu-se-reunio-con-jose-arteaga-en-la-sede-central-de-cnrt\/"]}]},{"@type":"BreadcrumbList","@id":"https:\/\/experienciadevida.com.ar\/portalurbano\/gaston-sarachu-se-reunio-con-jose-arteaga-en-la-sede-central-de-cnrt\/#breadcrumb","itemListElement":[{"@type":"ListItem","position":1,"name":"Portada","item":"https:\/\/experienciadevida.com.ar\/portalurbano\/"},{"@type":"ListItem","position":2,"name":"Gast\u00f3n Sarachu se reuni\u00f3 con Jos\u00e9 Arteaga en la sede central de CNRT"}]},{"@type":"WebSite","@id":"https:\/\/experienciadevida.com.ar\/portalurbano\/#website","url":"https:\/\/experienciadevida.com.ar\/portalurbano\/","name":"","description":"","publisher":{"@id":"https:\/\/experienciadevida.com.ar\/portalurbano\/#organization"},"potentialAction":[{"@type":"SearchAction","target":{"@type":"EntryPoint","urlTemplate":"https:\/\/experienciadevida.com.ar\/portalurbano\/?s={search_term_string}"},"query-input":"required name=search_term_string"}],"inLanguage":"es"},{"@type":"Organization","@id":"https:\/\/experienciadevida.com.ar\/portalurbano\/#organization","name":"Portal Urbano","url":"https:\/\/experienciadevida.com.ar\/portalurbano\/","logo":{"@type":"ImageObject","inLanguage":"es","@id":"https:\/\/experienciadevida.com.ar\/portalurbano\/#\/schema\/logo\/image\/","url":"https:\/\/experienciadevida.com.ar\/portalurbano\/wp-content\/uploads\/2019\/09\/Logo-Original.png","contentUrl":"https:\/\/experienciadevida.com.ar\/portalurbano\/wp-content\/uploads\/2019\/09\/Logo-Original.png","width":2236,"height":1216,"caption":"Portal Urbano"},"image":{"@id":"https:\/\/experienciadevida.com.ar\/portalurbano\/#\/schema\/logo\/image\/"},"sameAs":["https:\/\/www.facebook.com\/Portal-Urbano-171542830093757\/","https:\/\/twitter.com\/portalurbanook","https:\/\/www.instagram.com\/_portalurbano\/","https:\/\/www.youtube.com\/channel\/UCXhagIfszH8KxFiOok79zbA?view_as=subscriber"]},{"@type":"Person","@id":"https:\/\/experienciadevida.com.ar\/portalurbano\/#\/schema\/person\/02dd326b1c4b056e9cc972486934a3a7","name":"admpu17wp","image":{"@type":"ImageObject","inLanguage":"es","@id":"https:\/\/experienciadevida.com.ar\/portalurbano\/#\/schema\/person\/image\/","url":"https:\/\/secure.gravatar.com\/avatar\/830d4c57adaae6630765e449a6908047?s=96&d=mm&r=g","contentUrl":"https:\/\/secure.gravatar.com\/avatar\/830d4c57adaae6630765e449a6908047?s=96&d=mm&r=g","caption":"admpu17wp"}}]}},"featured_image_urls":{"full":["https:\/\/experienciadevida.com.ar\/portalurbano\/wp-content\/uploads\/2021\/07\/Gaston-Sarachu-se-reunio-con.jpeg",1280,781,false],"thumbnail":["https:\/\/experienciadevida.com.ar\/portalurbano\/wp-content\/uploads\/2021\/07\/Gaston-Sarachu-se-reunio-con-150x150.jpeg",150,150,true],"medium":["https:\/\/experienciadevida.com.ar\/portalurbano\/wp-content\/uploads\/2021\/07\/Gaston-Sarachu-se-reunio-con-300x183.jpeg",300,183,true],"medium_large":["https:\/\/experienciadevida.com.ar\/portalurbano\/wp-content\/uploads\/2021\/07\/Gaston-Sarachu-se-reunio-con-768x469.jpeg",640,391,true],"large":["https:\/\/experienciadevida.com.ar\/portalurbano\/wp-content\/uploads\/2021\/07\/Gaston-Sarachu-se-reunio-con-1024x625.jpeg",640,391,true],"ug_big":["https:\/\/experienciadevida.com.ar\/portalurbano\/wp-content\/uploads\/2021\/07\/Gaston-Sarachu-se-reunio-con-768x469.jpeg",768,469,true],"1536x1536":["https:\/\/experienciadevida.com.ar\/portalurbano\/wp-content\/uploads\/2021\/07\/Gaston-Sarachu-se-reunio-con.jpeg",1280,781,false],"2048x2048":["https:\/\/experienciadevida.com.ar\/portalurbano\/wp-content\/uploads\/2021\/07\/Gaston-Sarachu-se-reunio-con.jpeg",1280,781,false],"newsever-slider-full":["https:\/\/experienciadevida.com.ar\/portalurbano\/wp-content\/uploads\/2021\/07\/Gaston-Sarachu-se-reunio-con.jpeg",1280,781,false],"newsever-featured":["https:\/\/experienciadevida.com.ar\/portalurbano\/wp-content\/uploads\/2021\/07\/Gaston-Sarachu-se-reunio-con.jpeg",1024,625,false],"newsever-medium":["https:\/\/experienciadevida.com.ar\/portalurbano\/wp-content\/uploads\/2021\/07\/Gaston-Sarachu-se-reunio-con.jpeg",720,439,false],"web-stories-poster-portrait":["https:\/\/experienciadevida.com.ar\/portalurbano\/wp-content\/uploads\/2021\/07\/Gaston-Sarachu-se-reunio-con.jpeg",640,391,false],"web-stories-publisher-logo":["https:\/\/experienciadevida.com.ar\/portalurbano\/wp-content\/uploads\/2021\/07\/Gaston-Sarachu-se-reunio-con.jpeg",96,59,false],"web-stories-thumbnail":["https:\/\/experienciadevida.com.ar\/portalurbano\/wp-content\/uploads\/2021\/07\/Gaston-Sarachu-se-reunio-con.jpeg",150,92,false]},"author_info":{"display_name":"admpu17wp","author_link":"https:\/\/experienciadevida.com.ar\/portalurbano\/author\/admpu17wp\/"},"category_info":"<a href=\"https:\/\/experienciadevida.com.ar\/portalurbano\/category\/ciudad\/\" rel=\"category tag\">Ciudad<\/a> <a href=\"https:\/\/experienciadevida.com.ar\/portalurbano\/category\/destacadas-2\/\" rel=\"category tag\">Destacadas 2<\/a>","tag_info":"Destacadas 2","comment_count":"0","amp_enabled":true,"_links":{"self":[{"href":"https:\/\/experienciadevida.com.ar\/portalurbano\/wp-json\/wp\/v2\/posts\/147158"}],"collection":[{"href":"https:\/\/experienciadevida.com.ar\/portalurbano\/wp-json\/wp\/v2\/posts"}],"about":[{"href":"https:\/\/experienciadevida.com.ar\/portalurbano\/wp-json\/wp\/v2\/types\/post"}],"author":[{"embeddable":true,"href":"https:\/\/experienciadevida.com.ar\/portalurbano\/wp-json\/wp\/v2\/users\/1"}],"replies":[{"embeddable":true,"href":"https:\/\/experienciadevida.com.ar\/portalurbano\/wp-json\/wp\/v2\/comments?post=147158"}],"version-history":[{"count":5,"href":"https:\/\/experienciadevida.com.ar\/portalurbano\/wp-json\/wp\/v2\/posts\/147158\/revisions"}],"predecessor-version":[{"id":147165,"href":"https:\/\/experienciadevida.com.ar\/portalurbano\/wp-json\/wp\/v2\/posts\/147158\/revisions\/147165"}],"wp:featuredmedia":[{"embeddable":true,"href":"https:\/\/experienciadevida.com.ar\/portalurbano\/wp-json\/wp\/v2\/media\/147159"}],"wp:attachment":[{"href":"https:\/\/experienciadevida.com.ar\/portalurbano\/wp-json\/wp\/v2\/media?parent=147158"}],"wp:term":[{"taxonomy":"category","embeddable":true,"href":"https:\/\/experienciadevida.com.ar\/portalurbano\/wp-json\/wp\/v2\/categories?post=147158"},{"taxonomy":"post_tag","embeddable":true,"href":"https:\/\/experienciadevida.com.ar\/portalurbano\/wp-json\/wp\/v2\/tags?post=147158"}],"curies":[{"name":"wp","href":"https:\/\/api.w.org\/{rel}","templated":true}]}}