{"id":147116,"date":"2021-07-08T09:53:20","date_gmt":"2021-07-08T12:53:20","guid":{"rendered":"https:\/\/experienciadevida.com.ar\/portalurbano\/?p=147116"},"modified":"2021-07-08T09:58:56","modified_gmt":"2021-07-08T12:58:56","slug":"tratamiento-responsable-de-noticias-una-treintena-de-periodistas-locales-participaron-del-primer-encuentro","status":"publish","type":"post","link":"https:\/\/experienciadevida.com.ar\/portalurbano\/tratamiento-responsable-de-noticias-una-treintena-de-periodistas-locales-participaron-del-primer-encuentro\/","title":{"rendered":"Tratamiento responsable de noticias: una treintena de periodistas locales participaron del primer encuentro"},"content":{"rendered":"<p>Tratamiento responsable de noticias: una treintena de periodistas locales participaron del primer encuentro, este mi\u00e9rcoles por la tarde, una treintena de periodistas locales participaron del primer encuentro desarrollado tras la<a href=\"https:\/\/experienciadevida.com.ar\/portalurbano\/se-firmo-un-acta-acuerdo-para-el-tratamiento-responsable-de-noticias\/\"> firma del Acta Acuerdo con referentes de medios de comunicaci\u00f3n<\/a>, con el compromiso de realizar un tratamiento responsable de noticias respecto de situaciones de violencia por razones de g\u00e9nero, especialmente vinculadas con mujeres, y\/o contra ni\u00f1as, ni\u00f1os y adolescentes, y\/o personas del colectivo LGTTTBIQ+.<\/p>\n<p>Integrantes del \u00e1rea de Comunicaci\u00f3n y G\u00e9neros de la Mesa Local contra la Violencia Familiar y de <a href=\"https:\/\/www.facebook.com\/municipiodeolavarria\">G\u00e9nero<\/a> encabezaron la reuni\u00f3n. Mar\u00eda Eugenia Iturralde (del Frente Ni Una Menos) repas\u00f3 el recorrido de trabajo hasta llegar a la concreci\u00f3n de la firma del Acta Acuerdo que \u201cbusca que se pueda realizar un abordaje con acciones que nos involucren en el tema. Por eso hoy estamos para escucharles y saber en qu\u00e9 \u00e1reas de la problem\u00e1tica tendr\u00edamos que avanzar\u201d.<\/p>\n<p>Por su parte, la docente e investigadora de FACSO UNICEN Patricia P\u00e9rez agradeci\u00f3 \u201cel compromiso de participar por parte de periodistas, para pensar en co-constru\u00edr qu\u00e9 es lo mejor para la ciudad y el momento que estamos atravesando\u201d y tanto la secretaria del Ministerio P\u00fablico Guadalupe Barraza (que desempe\u00f1a funciones en la Ayudant\u00eda Fiscal con competencia en Delitos contra la Integridad Sexual) como la directora de Pol\u00edticas de G\u00e9nero del Municipio Florencia Ju\u00e1rez se mostraron expectantes del encuentro porque \u201ces un paso muy grande el que estamos dando\u201d.<\/p>\n<p>En cuanto al desarrollo de la reuni\u00f3n, se gener\u00f3 un rico intercambio de opiniones e inquietudes que hacen a un trabajo en conjunto en pos de de desarrollar una estrategia para el adecuado tratamiento informativo de hechos vinculados a situaciones de violencia por razones de g\u00e9nero, y tambi\u00e9n para no vulnerar derechos de ni\u00f1as, ni\u00f1os y adolescentes en los medios de comunicaci\u00f3n. En conjunto, se estableci\u00f3 que el pr\u00f3ximo encuentro tendr\u00e1 como eje el marco normativo legal para el abordaje de las noticias.<\/p>\n<p>Quienes participaron en esta oportunidad fueron: Mart\u00edn Rodr\u00edguez (LU32 Radio Olavarr\u00eda); Agostina Monteleone (Portal Urbano); Sebasti\u00e1n Magallanes y Sol Pallero (Verte Tv); Jorge Arabito (Miradas del Centro); Jorgelina Perez (Planeta Cultural); Ignacio Cerdera (Central de Noticias); Josefina Bargas (Central de Noticias y El Popular Medios); Bel\u00e9n Castares, Yamila Palma y Gabriel Schmale (Radio Sapiens); Jorge Scotton (En L\u00ednea Noticias); Georgina Muller (FM 107.1); Betina Burani (FM Integraci\u00f3n 90.7); Anah\u00ed Lemma, Alejandra Herrera, Luciana Pedernera, Federico Colmenero, Gast\u00f3n Rodr\u00edguez y Nicol\u00e1s Larios (Infoeme); Soledad Restivo, Celeste Briguez, C\u00e9sar Edery y Angie Gallardo (Radio Universidad); Fernanda \u00c1lvarez (Agencia Comunica); Dar\u00edo Machado, Solange Rivarola Vales y Andr\u00e9s Pellegrini (El Popular Medios).<\/p>\n<p><a href=\"https:\/\/experienciadevida.com.ar\/portalurbano\/tratamiento-responsable-de-noticias-una-treintena-de-periodistas-locales-participaron-del-primer-encuentro\/tratamiento-responsable\/\" rel=\"attachment wp-att-147120\"><img decoding=\"async\" class=\"alignnone size-large wp-image-147120\" src=\"https:\/\/experienciadevida.com.ar\/portalurbano\/wp-content\/uploads\/2021\/07\/Tratamiento-responsable-1024x682.jpeg\" alt=\"Tratamiento responsable\" width=\"900\" height=\"599\" srcset=\"https:\/\/experienciadevida.com.ar\/portalurbano\/wp-content\/uploads\/2021\/07\/Tratamiento-responsable-1024x682.jpeg 1024w, https:\/\/experienciadevida.com.ar\/portalurbano\/wp-content\/uploads\/2021\/07\/Tratamiento-responsable-300x200.jpeg 300w, https:\/\/experienciadevida.com.ar\/portalurbano\/wp-content\/uploads\/2021\/07\/Tratamiento-responsable-768x512.jpeg 768w, https:\/\/experienciadevida.com.ar\/portalurbano\/wp-content\/uploads\/2021\/07\/Tratamiento-responsable.jpeg 1181w\" sizes=\"(max-width: 900px) 100vw, 900px\" \/><\/a><\/p>\n","protected":false},"excerpt":{"rendered":"<p>Tratamiento responsable de noticias: una treintena de periodistas locales participaron del primer encuentro, este mi\u00e9rcoles&#8230;<\/p>\n","protected":false},"author":1,"featured_media":147117,"comment_status":"closed","ping_status":"closed","sticky":false,"template":"","format":"standard","meta":{"content-type":""},"categories":[27,64],"tags":[],"nelio_content":{"isAutoShareEnabled":false,"autoShareEndMode":"default","automationSources":{"useContentSentences":true,"useSocialTemplates":true,"useCustomSentences":false,"customSentences":[]},"followers":[1],"suggestedReferences":[],"includedReferences":[],"efiUrl":"","efiAlt":"","highlights":[]},"yoast_head":"<!-- This site is optimized with the Yoast SEO plugin v20.7 - https:\/\/yoast.com\/wordpress\/plugins\/seo\/ -->\n<title>Tratamiento responsable de noticias: participaron periodistas locales<\/title>\n<meta name=\"description\" content=\"Tratamiento responsable de noticias: una treintena de periodistas locales participaron del primer encuentro, fue este mi\u00e9rcoles por la tarde\" \/>\n<meta name=\"robots\" content=\"index, follow, max-snippet:-1, max-image-preview:large, max-video-preview:-1\" \/>\n<link rel=\"canonical\" href=\"https:\/\/experienciadevida.com.ar\/portalurbano\/tratamiento-responsable-de-noticias-una-treintena-de-periodistas-locales-participaron-del-primer-encuentro\/\" \/>\n<meta property=\"og:locale\" content=\"es_ES\" \/>\n<meta property=\"og:type\" content=\"article\" \/>\n<meta property=\"og:title\" content=\"Tratamiento responsable de noticias: participaron periodistas locales\" \/>\n<meta property=\"og:description\" content=\"Tratamiento responsable de noticias: una treintena de periodistas locales participaron del primer encuentro, fue este mi\u00e9rcoles por la tarde\" \/>\n<meta property=\"og:url\" content=\"https:\/\/experienciadevida.com.ar\/portalurbano\/tratamiento-responsable-de-noticias-una-treintena-de-periodistas-locales-participaron-del-primer-encuentro\/\" \/>\n<meta property=\"article:publisher\" content=\"https:\/\/www.facebook.com\/Portal-Urbano-171542830093757\/\" \/>\n<meta property=\"article:published_time\" content=\"2021-07-08T12:53:20+00:00\" \/>\n<meta property=\"article:modified_time\" content=\"2021-07-08T12:58:56+00:00\" \/>\n<meta property=\"og:image\" content=\"https:\/\/experienciadevida.com.ar\/portalurbano\/wp-content\/uploads\/2021\/07\/Tratamiento-responsable-de-noticias.jpg\" \/>\n\t<meta property=\"og:image:width\" content=\"2560\" \/>\n\t<meta property=\"og:image:height\" content=\"1711\" \/>\n\t<meta property=\"og:image:type\" content=\"image\/jpeg\" \/>\n<meta name=\"author\" content=\"admpu17wp\" \/>\n<meta name=\"twitter:card\" content=\"summary_large_image\" \/>\n<meta name=\"twitter:creator\" content=\"@portalurbanook\" \/>\n<meta name=\"twitter:site\" content=\"@portalurbanook\" \/>\n<meta name=\"twitter:label1\" content=\"Escrito por\" \/>\n\t<meta name=\"twitter:data1\" content=\"admpu17wp\" \/>\n\t<meta name=\"twitter:label2\" content=\"Tiempo de lectura\" \/>\n\t<meta name=\"twitter:data2\" content=\"3 minutos\" \/>\n<script type=\"application\/ld+json\" class=\"yoast-schema-graph\">{\"@context\":\"https:\/\/schema.org\",\"@graph\":[{\"@type\":\"Article\",\"@id\":\"https:\/\/experienciadevida.com.ar\/portalurbano\/tratamiento-responsable-de-noticias-una-treintena-de-periodistas-locales-participaron-del-primer-encuentro\/#article\",\"isPartOf\":{\"@id\":\"https:\/\/experienciadevida.com.ar\/portalurbano\/tratamiento-responsable-de-noticias-una-treintena-de-periodistas-locales-participaron-del-primer-encuentro\/\"},\"author\":{\"name\":\"admpu17wp\",\"@id\":\"https:\/\/experienciadevida.com.ar\/portalurbano\/#\/schema\/person\/02dd326b1c4b056e9cc972486934a3a7\"},\"headline\":\"Tratamiento responsable de noticias: una treintena de periodistas locales participaron del primer encuentro\",\"datePublished\":\"2021-07-08T12:53:20+00:00\",\"dateModified\":\"2021-07-08T12:58:56+00:00\",\"mainEntityOfPage\":{\"@id\":\"https:\/\/experienciadevida.com.ar\/portalurbano\/tratamiento-responsable-de-noticias-una-treintena-de-periodistas-locales-participaron-del-primer-encuentro\/\"},\"wordCount\":485,\"publisher\":{\"@id\":\"https:\/\/experienciadevida.com.ar\/portalurbano\/#organization\"},\"articleSection\":[\"Ciudad\",\"Destacadas 2\"],\"inLanguage\":\"es\"},{\"@type\":\"WebPage\",\"@id\":\"https:\/\/experienciadevida.com.ar\/portalurbano\/tratamiento-responsable-de-noticias-una-treintena-de-periodistas-locales-participaron-del-primer-encuentro\/\",\"url\":\"https:\/\/experienciadevida.com.ar\/portalurbano\/tratamiento-responsable-de-noticias-una-treintena-de-periodistas-locales-participaron-del-primer-encuentro\/\",\"name\":\"Tratamiento responsable de noticias: participaron periodistas locales\",\"isPartOf\":{\"@id\":\"https:\/\/experienciadevida.com.ar\/portalurbano\/#website\"},\"datePublished\":\"2021-07-08T12:53:20+00:00\",\"dateModified\":\"2021-07-08T12:58:56+00:00\",\"description\":\"Tratamiento responsable de noticias: una treintena de periodistas locales participaron del primer encuentro, fue este mi\u00e9rcoles por la tarde\",\"breadcrumb\":{\"@id\":\"https:\/\/experienciadevida.com.ar\/portalurbano\/tratamiento-responsable-de-noticias-una-treintena-de-periodistas-locales-participaron-del-primer-encuentro\/#breadcrumb\"},\"inLanguage\":\"es\",\"potentialAction\":[{\"@type\":\"ReadAction\",\"target\":[\"https:\/\/experienciadevida.com.ar\/portalurbano\/tratamiento-responsable-de-noticias-una-treintena-de-periodistas-locales-participaron-del-primer-encuentro\/\"]}]},{\"@type\":\"BreadcrumbList\",\"@id\":\"https:\/\/experienciadevida.com.ar\/portalurbano\/tratamiento-responsable-de-noticias-una-treintena-de-periodistas-locales-participaron-del-primer-encuentro\/#breadcrumb\",\"itemListElement\":[{\"@type\":\"ListItem\",\"position\":1,\"name\":\"Portada\",\"item\":\"https:\/\/experienciadevida.com.ar\/portalurbano\/\"},{\"@type\":\"ListItem\",\"position\":2,\"name\":\"Tratamiento responsable de noticias: una treintena de periodistas locales participaron del primer encuentro\"}]},{\"@type\":\"WebSite\",\"@id\":\"https:\/\/experienciadevida.com.ar\/portalurbano\/#website\",\"url\":\"https:\/\/experienciadevida.com.ar\/portalurbano\/\",\"name\":\"\",\"description\":\"\",\"publisher\":{\"@id\":\"https:\/\/experienciadevida.com.ar\/portalurbano\/#organization\"},\"potentialAction\":[{\"@type\":\"SearchAction\",\"target\":{\"@type\":\"EntryPoint\",\"urlTemplate\":\"https:\/\/experienciadevida.com.ar\/portalurbano\/?s={search_term_string}\"},\"query-input\":\"required name=search_term_string\"}],\"inLanguage\":\"es\"},{\"@type\":\"Organization\",\"@id\":\"https:\/\/experienciadevida.com.ar\/portalurbano\/#organization\",\"name\":\"Portal Urbano\",\"url\":\"https:\/\/experienciadevida.com.ar\/portalurbano\/\",\"logo\":{\"@type\":\"ImageObject\",\"inLanguage\":\"es\",\"@id\":\"https:\/\/experienciadevida.com.ar\/portalurbano\/#\/schema\/logo\/image\/\",\"url\":\"https:\/\/experienciadevida.com.ar\/portalurbano\/wp-content\/uploads\/2019\/09\/Logo-Original.png\",\"contentUrl\":\"https:\/\/experienciadevida.com.ar\/portalurbano\/wp-content\/uploads\/2019\/09\/Logo-Original.png\",\"width\":2236,\"height\":1216,\"caption\":\"Portal Urbano\"},\"image\":{\"@id\":\"https:\/\/experienciadevida.com.ar\/portalurbano\/#\/schema\/logo\/image\/\"},\"sameAs\":[\"https:\/\/www.facebook.com\/Portal-Urbano-171542830093757\/\",\"https:\/\/twitter.com\/portalurbanook\",\"https:\/\/www.instagram.com\/_portalurbano\/\",\"https:\/\/www.youtube.com\/channel\/UCXhagIfszH8KxFiOok79zbA?view_as=subscriber\"]},{\"@type\":\"Person\",\"@id\":\"https:\/\/experienciadevida.com.ar\/portalurbano\/#\/schema\/person\/02dd326b1c4b056e9cc972486934a3a7\",\"name\":\"admpu17wp\",\"image\":{\"@type\":\"ImageObject\",\"inLanguage\":\"es\",\"@id\":\"https:\/\/experienciadevida.com.ar\/portalurbano\/#\/schema\/person\/image\/\",\"url\":\"https:\/\/secure.gravatar.com\/avatar\/830d4c57adaae6630765e449a6908047?s=96&d=mm&r=g\",\"contentUrl\":\"https:\/\/secure.gravatar.com\/avatar\/830d4c57adaae6630765e449a6908047?s=96&d=mm&r=g\",\"caption\":\"admpu17wp\"}}]}<\/script>\n<!-- \/ Yoast SEO plugin. -->","yoast_head_json":{"title":"Tratamiento responsable de noticias: participaron periodistas locales","description":"Tratamiento responsable de noticias: una treintena de periodistas locales participaron del primer encuentro, fue este mi\u00e9rcoles por la tarde","robots":{"index":"index","follow":"follow","max-snippet":"max-snippet:-1","max-image-preview":"max-image-preview:large","max-video-preview":"max-video-preview:-1"},"canonical":"https:\/\/experienciadevida.com.ar\/portalurbano\/tratamiento-responsable-de-noticias-una-treintena-de-periodistas-locales-participaron-del-primer-encuentro\/","og_locale":"es_ES","og_type":"article","og_title":"Tratamiento responsable de noticias: participaron periodistas locales","og_description":"Tratamiento responsable de noticias: una treintena de periodistas locales participaron del primer encuentro, fue este mi\u00e9rcoles por la tarde","og_url":"https:\/\/experienciadevida.com.ar\/portalurbano\/tratamiento-responsable-de-noticias-una-treintena-de-periodistas-locales-participaron-del-primer-encuentro\/","article_publisher":"https:\/\/www.facebook.com\/Portal-Urbano-171542830093757\/","article_published_time":"2021-07-08T12:53:20+00:00","article_modified_time":"2021-07-08T12:58:56+00:00","og_image":[{"width":2560,"height":1711,"url":"https:\/\/experienciadevida.com.ar\/portalurbano\/wp-content\/uploads\/2021\/07\/Tratamiento-responsable-de-noticias.jpg","type":"image\/jpeg"}],"author":"admpu17wp","twitter_card":"summary_large_image","twitter_creator":"@portalurbanook","twitter_site":"@portalurbanook","twitter_misc":{"Escrito por":"admpu17wp","Tiempo de lectura":"3 minutos"},"schema":{"@context":"https:\/\/schema.org","@graph":[{"@type":"Article","@id":"https:\/\/experienciadevida.com.ar\/portalurbano\/tratamiento-responsable-de-noticias-una-treintena-de-periodistas-locales-participaron-del-primer-encuentro\/#article","isPartOf":{"@id":"https:\/\/experienciadevida.com.ar\/portalurbano\/tratamiento-responsable-de-noticias-una-treintena-de-periodistas-locales-participaron-del-primer-encuentro\/"},"author":{"name":"admpu17wp","@id":"https:\/\/experienciadevida.com.ar\/portalurbano\/#\/schema\/person\/02dd326b1c4b056e9cc972486934a3a7"},"headline":"Tratamiento responsable de noticias: una treintena de periodistas locales participaron del primer encuentro","datePublished":"2021-07-08T12:53:20+00:00","dateModified":"2021-07-08T12:58:56+00:00","mainEntityOfPage":{"@id":"https:\/\/experienciadevida.com.ar\/portalurbano\/tratamiento-responsable-de-noticias-una-treintena-de-periodistas-locales-participaron-del-primer-encuentro\/"},"wordCount":485,"publisher":{"@id":"https:\/\/experienciadevida.com.ar\/portalurbano\/#organization"},"articleSection":["Ciudad","Destacadas 2"],"inLanguage":"es"},{"@type":"WebPage","@id":"https:\/\/experienciadevida.com.ar\/portalurbano\/tratamiento-responsable-de-noticias-una-treintena-de-periodistas-locales-participaron-del-primer-encuentro\/","url":"https:\/\/experienciadevida.com.ar\/portalurbano\/tratamiento-responsable-de-noticias-una-treintena-de-periodistas-locales-participaron-del-primer-encuentro\/","name":"Tratamiento responsable de noticias: participaron periodistas locales","isPartOf":{"@id":"https:\/\/experienciadevida.com.ar\/portalurbano\/#website"},"datePublished":"2021-07-08T12:53:20+00:00","dateModified":"2021-07-08T12:58:56+00:00","description":"Tratamiento responsable de noticias: una treintena de periodistas locales participaron del primer encuentro, fue este mi\u00e9rcoles por la tarde","breadcrumb":{"@id":"https:\/\/experienciadevida.com.ar\/portalurbano\/tratamiento-responsable-de-noticias-una-treintena-de-periodistas-locales-participaron-del-primer-encuentro\/#breadcrumb"},"inLanguage":"es","potentialAction":[{"@type":"ReadAction","target":["https:\/\/experienciadevida.com.ar\/portalurbano\/tratamiento-responsable-de-noticias-una-treintena-de-periodistas-locales-participaron-del-primer-encuentro\/"]}]},{"@type":"BreadcrumbList","@id":"https:\/\/experienciadevida.com.ar\/portalurbano\/tratamiento-responsable-de-noticias-una-treintena-de-periodistas-locales-participaron-del-primer-encuentro\/#breadcrumb","itemListElement":[{"@type":"ListItem","position":1,"name":"Portada","item":"https:\/\/experienciadevida.com.ar\/portalurbano\/"},{"@type":"ListItem","position":2,"name":"Tratamiento responsable de noticias: una treintena de periodistas locales participaron del primer encuentro"}]},{"@type":"WebSite","@id":"https:\/\/experienciadevida.com.ar\/portalurbano\/#website","url":"https:\/\/experienciadevida.com.ar\/portalurbano\/","name":"","description":"","publisher":{"@id":"https:\/\/experienciadevida.com.ar\/portalurbano\/#organization"},"potentialAction":[{"@type":"SearchAction","target":{"@type":"EntryPoint","urlTemplate":"https:\/\/experienciadevida.com.ar\/portalurbano\/?s={search_term_string}"},"query-input":"required name=search_term_string"}],"inLanguage":"es"},{"@type":"Organization","@id":"https:\/\/experienciadevida.com.ar\/portalurbano\/#organization","name":"Portal Urbano","url":"https:\/\/experienciadevida.com.ar\/portalurbano\/","logo":{"@type":"ImageObject","inLanguage":"es","@id":"https:\/\/experienciadevida.com.ar\/portalurbano\/#\/schema\/logo\/image\/","url":"https:\/\/experienciadevida.com.ar\/portalurbano\/wp-content\/uploads\/2019\/09\/Logo-Original.png","contentUrl":"https:\/\/experienciadevida.com.ar\/portalurbano\/wp-content\/uploads\/2019\/09\/Logo-Original.png","width":2236,"height":1216,"caption":"Portal Urbano"},"image":{"@id":"https:\/\/experienciadevida.com.ar\/portalurbano\/#\/schema\/logo\/image\/"},"sameAs":["https:\/\/www.facebook.com\/Portal-Urbano-171542830093757\/","https:\/\/twitter.com\/portalurbanook","https:\/\/www.instagram.com\/_portalurbano\/","https:\/\/www.youtube.com\/channel\/UCXhagIfszH8KxFiOok79zbA?view_as=subscriber"]},{"@type":"Person","@id":"https:\/\/experienciadevida.com.ar\/portalurbano\/#\/schema\/person\/02dd326b1c4b056e9cc972486934a3a7","name":"admpu17wp","image":{"@type":"ImageObject","inLanguage":"es","@id":"https:\/\/experienciadevida.com.ar\/portalurbano\/#\/schema\/person\/image\/","url":"https:\/\/secure.gravatar.com\/avatar\/830d4c57adaae6630765e449a6908047?s=96&d=mm&r=g","contentUrl":"https:\/\/secure.gravatar.com\/avatar\/830d4c57adaae6630765e449a6908047?s=96&d=mm&r=g","caption":"admpu17wp"}}]}},"featured_image_urls":{"full":["https:\/\/experienciadevida.com.ar\/portalurbano\/wp-content\/uploads\/2021\/07\/Tratamiento-responsable-de-noticias.jpg",2560,1711,false],"thumbnail":["https:\/\/experienciadevida.com.ar\/portalurbano\/wp-content\/uploads\/2021\/07\/Tratamiento-responsable-de-noticias-150x150.jpg",150,150,true],"medium":["https:\/\/experienciadevida.com.ar\/portalurbano\/wp-content\/uploads\/2021\/07\/Tratamiento-responsable-de-noticias-300x201.jpg",300,201,true],"medium_large":["https:\/\/experienciadevida.com.ar\/portalurbano\/wp-content\/uploads\/2021\/07\/Tratamiento-responsable-de-noticias-768x513.jpg",640,428,true],"large":["https:\/\/experienciadevida.com.ar\/portalurbano\/wp-content\/uploads\/2021\/07\/Tratamiento-responsable-de-noticias-1024x684.jpg",640,428,true],"ug_big":["https:\/\/experienciadevida.com.ar\/portalurbano\/wp-content\/uploads\/2021\/07\/Tratamiento-responsable-de-noticias-768x513.jpg",768,513,true],"1536x1536":["https:\/\/experienciadevida.com.ar\/portalurbano\/wp-content\/uploads\/2021\/07\/Tratamiento-responsable-de-noticias-1536x1027.jpg",1536,1027,true],"2048x2048":["https:\/\/experienciadevida.com.ar\/portalurbano\/wp-content\/uploads\/2021\/07\/Tratamiento-responsable-de-noticias-2048x1369.jpg",2048,1369,true],"newsever-slider-full":["https:\/\/experienciadevida.com.ar\/portalurbano\/wp-content\/uploads\/2021\/07\/Tratamiento-responsable-de-noticias.jpg",1264,845,false],"newsever-featured":["https:\/\/experienciadevida.com.ar\/portalurbano\/wp-content\/uploads\/2021\/07\/Tratamiento-responsable-de-noticias.jpg",1024,684,false],"newsever-medium":["https:\/\/experienciadevida.com.ar\/portalurbano\/wp-content\/uploads\/2021\/07\/Tratamiento-responsable-de-noticias.jpg",711,475,false],"web-stories-poster-portrait":["https:\/\/experienciadevida.com.ar\/portalurbano\/wp-content\/uploads\/2021\/07\/Tratamiento-responsable-de-noticias.jpg",640,428,false],"web-stories-publisher-logo":["https:\/\/experienciadevida.com.ar\/portalurbano\/wp-content\/uploads\/2021\/07\/Tratamiento-responsable-de-noticias.jpg",96,64,false],"web-stories-thumbnail":["https:\/\/experienciadevida.com.ar\/portalurbano\/wp-content\/uploads\/2021\/07\/Tratamiento-responsable-de-noticias.jpg",150,100,false]},"author_info":{"display_name":"admpu17wp","author_link":"https:\/\/experienciadevida.com.ar\/portalurbano\/author\/admpu17wp\/"},"category_info":"<a href=\"https:\/\/experienciadevida.com.ar\/portalurbano\/category\/ciudad\/\" rel=\"category tag\">Ciudad<\/a> <a href=\"https:\/\/experienciadevida.com.ar\/portalurbano\/category\/destacadas-2\/\" rel=\"category tag\">Destacadas 2<\/a>","tag_info":"Destacadas 2","comment_count":"0","amp_enabled":true,"_links":{"self":[{"href":"https:\/\/experienciadevida.com.ar\/portalurbano\/wp-json\/wp\/v2\/posts\/147116"}],"collection":[{"href":"https:\/\/experienciadevida.com.ar\/portalurbano\/wp-json\/wp\/v2\/posts"}],"about":[{"href":"https:\/\/experienciadevida.com.ar\/portalurbano\/wp-json\/wp\/v2\/types\/post"}],"author":[{"embeddable":true,"href":"https:\/\/experienciadevida.com.ar\/portalurbano\/wp-json\/wp\/v2\/users\/1"}],"replies":[{"embeddable":true,"href":"https:\/\/experienciadevida.com.ar\/portalurbano\/wp-json\/wp\/v2\/comments?post=147116"}],"version-history":[{"count":5,"href":"https:\/\/experienciadevida.com.ar\/portalurbano\/wp-json\/wp\/v2\/posts\/147116\/revisions"}],"predecessor-version":[{"id":147123,"href":"https:\/\/experienciadevida.com.ar\/portalurbano\/wp-json\/wp\/v2\/posts\/147116\/revisions\/147123"}],"wp:featuredmedia":[{"embeddable":true,"href":"https:\/\/experienciadevida.com.ar\/portalurbano\/wp-json\/wp\/v2\/media\/147117"}],"wp:attachment":[{"href":"https:\/\/experienciadevida.com.ar\/portalurbano\/wp-json\/wp\/v2\/media?parent=147116"}],"wp:term":[{"taxonomy":"category","embeddable":true,"href":"https:\/\/experienciadevida.com.ar\/portalurbano\/wp-json\/wp\/v2\/categories?post=147116"},{"taxonomy":"post_tag","embeddable":true,"href":"https:\/\/experienciadevida.com.ar\/portalurbano\/wp-json\/wp\/v2\/tags?post=147116"}],"curies":[{"name":"wp","href":"https:\/\/api.w.org\/{rel}","templated":true}]}}