{"id":147026,"date":"2021-07-07T11:34:52","date_gmt":"2021-07-07T14:34:52","guid":{"rendered":"https:\/\/experienciadevida.com.ar\/portalurbano\/?p=147026"},"modified":"2021-07-07T11:35:19","modified_gmt":"2021-07-07T14:35:19","slug":"el-frente-de-todos-presento-un-proyecto-en-apoyo-a-la-ley-de-fortalecimiento-del-sistema-nacional-de-bomberos-voluntarios-de-la-republica-argentina","status":"publish","type":"post","link":"https:\/\/experienciadevida.com.ar\/portalurbano\/el-frente-de-todos-presento-un-proyecto-en-apoyo-a-la-ley-de-fortalecimiento-del-sistema-nacional-de-bomberos-voluntarios-de-la-republica-argentina\/","title":{"rendered":"El Frente de Todos present\u00f3 un proyecto en apoyo a la Ley de Fortalecimiento del Sistema Nacional de Bomberos Voluntarios de la Rep\u00fablica Argentina"},"content":{"rendered":"<p>El Frente de Todos present\u00f3 un proyecto en apoyo a la Ley de Fortalecimiento del Sistema Nacional de Bomberos Voluntarios de la Rep\u00fablica Argentina.<\/p>\n<p>En la <a href=\"https:\/\/www.youtube.com\/channel\/UCtZCoknXQfZ5srZV-m7x_Mg\">sesi\u00f3n ordinaria<\/a> del d\u00eda de ma\u00f1ana se tratar\u00e1 el benepl\u00e1cito presentado por el interbloque del Frente de Todos para reivindicar el trabajo que realizan a diario los bomberos en todo el pa\u00eds.<\/p>\n<p>Se trata de la Ley N\u00ba 27629 \u201cLey de Fortalecimiento del Sistema Nacional de Bomberos Voluntarios de la Rep\u00fablica Argentina\u201d, recientemente aprobada en el Congreso de la Naci\u00f3n Argentina.<\/p>\n<p>La normativa entre los beneficios que brinda se destaca que las entidades gozar\u00e1n de un tratamiento tarifario especial gratuito para los servicios p\u00fablicos y prev\u00e9 ampliar la cobertura ante riesgos y contingencias que los bomberos y bomberas voluntarios puedan sufrir en el ejercicio de sus funciones. Adem\u00e1s busca hacer m\u00e1s eficiente el uso de recursos para equipamiento y capacitaciones por parte de las asociaciones de bomberos.<\/p>\n<p>El frente de todos present\u00f3 un proyecto en apoyo a la ley, Por otro lado, la Ley contempla un r\u00e9gimen de reintegro del impuesto al valor agregado (IVA) contenido en el monto de las operaciones realizadas por las asociaciones y federaciones de bomberos voluntarios, el Consejo de Federaciones de Bomberos Voluntarios de la Rep\u00fablica Argentina y la Fundaci\u00f3n Bomberos de Argentina por las compras y contrataciones que para el cumplimiento de su funci\u00f3n realicen.<\/p>\n<p>Por su parte la concejala Mercedes <a href=\"https:\/\/www.facebook.com\/mercedes.landivar\">Landivar<\/a> indic\u00f3: \u201cEs una ley hist\u00f3rica, sumamente importante, que por supuesto va a alcanzar tambi\u00e9n a los bomberos del Partido de Olavarr\u00eda, recordemos que durante la gesti\u00f3n de Macri en el a\u00f1o 2018 se produjo un ajuste del 40% del presupuesto, ya que se realiz\u00f3 un recorte en los fondos que aportan las aseguradoras por las p\u00f3lizas que venden. Adem\u00e1s a trav\u00e9s de la Ley provincial de Asociaciones Civiles se le brindan otros beneficios a dichas instituciones, lo que demuestra el compromiso del Gobierno provincial y nacional quienes vienen trabajando hace tiempo para reconocer el trabajo fundamental que realizan los bomberos voluntarios\u201d.<\/p>\n<p>Foto: ilustrativa- archivo<\/p>\n","protected":false},"excerpt":{"rendered":"<p>El Frente de Todos present\u00f3 un proyecto en apoyo a la Ley de Fortalecimiento del&#8230;<\/p>\n","protected":false},"author":1,"featured_media":0,"comment_status":"closed","ping_status":"closed","sticky":false,"template":"","format":"standard","meta":{"content-type":""},"categories":[64,43],"tags":[],"nelio_content":{"isAutoShareEnabled":false,"autoShareEndMode":"default","automationSources":{"useContentSentences":true,"useSocialTemplates":true,"useCustomSentences":false,"customSentences":[]},"followers":[1],"suggestedReferences":[],"includedReferences":["https:\/\/www.youtube.com\/channel\/UCtZCoknXQfZ5srZV-m7x_Mg"],"efiUrl":"","efiAlt":"","highlights":[]},"yoast_head":"<!-- This site is optimized with the Yoast SEO plugin v20.7 - https:\/\/yoast.com\/wordpress\/plugins\/seo\/ -->\n<title>El Frente de todos present\u00f3 un proyecto en apoyo a la ley<\/title>\n<meta name=\"description\" content=\"El Frente de Todos present\u00f3 un proyecto en apoyo a la Ley de Fortalecimiento del Sistema Nacional de Bomberos Voluntarios de la Rep\u00fablica\" \/>\n<meta name=\"robots\" content=\"index, follow, max-snippet:-1, max-image-preview:large, max-video-preview:-1\" \/>\n<link rel=\"canonical\" href=\"https:\/\/experienciadevida.com.ar\/portalurbano\/el-frente-de-todos-presento-un-proyecto-en-apoyo-a-la-ley-de-fortalecimiento-del-sistema-nacional-de-bomberos-voluntarios-de-la-republica-argentina\/\" \/>\n<meta property=\"og:locale\" content=\"es_ES\" \/>\n<meta property=\"og:type\" content=\"article\" \/>\n<meta property=\"og:title\" content=\"El Frente de todos present\u00f3 un proyecto en apoyo a la ley\" \/>\n<meta property=\"og:description\" content=\"El Frente de Todos present\u00f3 un proyecto en apoyo a la Ley de Fortalecimiento del Sistema Nacional de Bomberos Voluntarios de la Rep\u00fablica\" \/>\n<meta property=\"og:url\" content=\"https:\/\/experienciadevida.com.ar\/portalurbano\/el-frente-de-todos-presento-un-proyecto-en-apoyo-a-la-ley-de-fortalecimiento-del-sistema-nacional-de-bomberos-voluntarios-de-la-republica-argentina\/\" \/>\n<meta property=\"article:publisher\" content=\"https:\/\/www.facebook.com\/Portal-Urbano-171542830093757\/\" \/>\n<meta property=\"article:published_time\" content=\"2021-07-07T14:34:52+00:00\" \/>\n<meta property=\"article:modified_time\" content=\"2021-07-07T14:35:19+00:00\" \/>\n<meta property=\"og:image\" content=\"https:\/\/experienciadevida.com.ar\/portalurbano\/wp-content\/uploads\/2017\/11\/BOMBEROS-1.jpg\" \/>\n\t<meta property=\"og:image:width\" content=\"500\" \/>\n\t<meta property=\"og:image:height\" content=\"295\" \/>\n\t<meta property=\"og:image:type\" content=\"image\/jpeg\" \/>\n<meta name=\"author\" content=\"admpu17wp\" \/>\n<meta name=\"twitter:card\" content=\"summary_large_image\" \/>\n<meta name=\"twitter:creator\" content=\"@portalurbanook\" \/>\n<meta name=\"twitter:site\" content=\"@portalurbanook\" \/>\n<meta name=\"twitter:label1\" content=\"Escrito por\" \/>\n\t<meta name=\"twitter:data1\" content=\"admpu17wp\" \/>\n\t<meta name=\"twitter:label2\" content=\"Tiempo de lectura\" \/>\n\t<meta name=\"twitter:data2\" content=\"2 minutos\" \/>\n<script type=\"application\/ld+json\" class=\"yoast-schema-graph\">{\"@context\":\"https:\/\/schema.org\",\"@graph\":[{\"@type\":\"Article\",\"@id\":\"https:\/\/experienciadevida.com.ar\/portalurbano\/el-frente-de-todos-presento-un-proyecto-en-apoyo-a-la-ley-de-fortalecimiento-del-sistema-nacional-de-bomberos-voluntarios-de-la-republica-argentina\/#article\",\"isPartOf\":{\"@id\":\"https:\/\/experienciadevida.com.ar\/portalurbano\/el-frente-de-todos-presento-un-proyecto-en-apoyo-a-la-ley-de-fortalecimiento-del-sistema-nacional-de-bomberos-voluntarios-de-la-republica-argentina\/\"},\"author\":{\"name\":\"admpu17wp\",\"@id\":\"https:\/\/experienciadevida.com.ar\/portalurbano\/#\/schema\/person\/02dd326b1c4b056e9cc972486934a3a7\"},\"headline\":\"El Frente de Todos present\u00f3 un proyecto en apoyo a la Ley de Fortalecimiento del Sistema Nacional de Bomberos Voluntarios de la Rep\u00fablica Argentina\",\"datePublished\":\"2021-07-07T14:34:52+00:00\",\"dateModified\":\"2021-07-07T14:35:19+00:00\",\"mainEntityOfPage\":{\"@id\":\"https:\/\/experienciadevida.com.ar\/portalurbano\/el-frente-de-todos-presento-un-proyecto-en-apoyo-a-la-ley-de-fortalecimiento-del-sistema-nacional-de-bomberos-voluntarios-de-la-republica-argentina\/\"},\"wordCount\":384,\"publisher\":{\"@id\":\"https:\/\/experienciadevida.com.ar\/portalurbano\/#organization\"},\"articleSection\":[\"Destacadas 2\",\"Pol\u00edtica\"],\"inLanguage\":\"es\"},{\"@type\":\"WebPage\",\"@id\":\"https:\/\/experienciadevida.com.ar\/portalurbano\/el-frente-de-todos-presento-un-proyecto-en-apoyo-a-la-ley-de-fortalecimiento-del-sistema-nacional-de-bomberos-voluntarios-de-la-republica-argentina\/\",\"url\":\"https:\/\/experienciadevida.com.ar\/portalurbano\/el-frente-de-todos-presento-un-proyecto-en-apoyo-a-la-ley-de-fortalecimiento-del-sistema-nacional-de-bomberos-voluntarios-de-la-republica-argentina\/\",\"name\":\"El Frente de todos present\u00f3 un proyecto en apoyo a la ley\",\"isPartOf\":{\"@id\":\"https:\/\/experienciadevida.com.ar\/portalurbano\/#website\"},\"datePublished\":\"2021-07-07T14:34:52+00:00\",\"dateModified\":\"2021-07-07T14:35:19+00:00\",\"description\":\"El Frente de Todos present\u00f3 un proyecto en apoyo a la Ley de Fortalecimiento del Sistema Nacional de Bomberos Voluntarios de la Rep\u00fablica\",\"breadcrumb\":{\"@id\":\"https:\/\/experienciadevida.com.ar\/portalurbano\/el-frente-de-todos-presento-un-proyecto-en-apoyo-a-la-ley-de-fortalecimiento-del-sistema-nacional-de-bomberos-voluntarios-de-la-republica-argentina\/#breadcrumb\"},\"inLanguage\":\"es\",\"potentialAction\":[{\"@type\":\"ReadAction\",\"target\":[\"https:\/\/experienciadevida.com.ar\/portalurbano\/el-frente-de-todos-presento-un-proyecto-en-apoyo-a-la-ley-de-fortalecimiento-del-sistema-nacional-de-bomberos-voluntarios-de-la-republica-argentina\/\"]}]},{\"@type\":\"BreadcrumbList\",\"@id\":\"https:\/\/experienciadevida.com.ar\/portalurbano\/el-frente-de-todos-presento-un-proyecto-en-apoyo-a-la-ley-de-fortalecimiento-del-sistema-nacional-de-bomberos-voluntarios-de-la-republica-argentina\/#breadcrumb\",\"itemListElement\":[{\"@type\":\"ListItem\",\"position\":1,\"name\":\"Portada\",\"item\":\"https:\/\/experienciadevida.com.ar\/portalurbano\/\"},{\"@type\":\"ListItem\",\"position\":2,\"name\":\"El Frente de Todos present\u00f3 un proyecto en apoyo a la Ley de Fortalecimiento del Sistema Nacional de Bomberos Voluntarios de la Rep\u00fablica Argentina\"}]},{\"@type\":\"WebSite\",\"@id\":\"https:\/\/experienciadevida.com.ar\/portalurbano\/#website\",\"url\":\"https:\/\/experienciadevida.com.ar\/portalurbano\/\",\"name\":\"\",\"description\":\"\",\"publisher\":{\"@id\":\"https:\/\/experienciadevida.com.ar\/portalurbano\/#organization\"},\"potentialAction\":[{\"@type\":\"SearchAction\",\"target\":{\"@type\":\"EntryPoint\",\"urlTemplate\":\"https:\/\/experienciadevida.com.ar\/portalurbano\/?s={search_term_string}\"},\"query-input\":\"required name=search_term_string\"}],\"inLanguage\":\"es\"},{\"@type\":\"Organization\",\"@id\":\"https:\/\/experienciadevida.com.ar\/portalurbano\/#organization\",\"name\":\"Portal Urbano\",\"url\":\"https:\/\/experienciadevida.com.ar\/portalurbano\/\",\"logo\":{\"@type\":\"ImageObject\",\"inLanguage\":\"es\",\"@id\":\"https:\/\/experienciadevida.com.ar\/portalurbano\/#\/schema\/logo\/image\/\",\"url\":\"https:\/\/experienciadevida.com.ar\/portalurbano\/wp-content\/uploads\/2019\/09\/Logo-Original.png\",\"contentUrl\":\"https:\/\/experienciadevida.com.ar\/portalurbano\/wp-content\/uploads\/2019\/09\/Logo-Original.png\",\"width\":2236,\"height\":1216,\"caption\":\"Portal Urbano\"},\"image\":{\"@id\":\"https:\/\/experienciadevida.com.ar\/portalurbano\/#\/schema\/logo\/image\/\"},\"sameAs\":[\"https:\/\/www.facebook.com\/Portal-Urbano-171542830093757\/\",\"https:\/\/twitter.com\/portalurbanook\",\"https:\/\/www.instagram.com\/_portalurbano\/\",\"https:\/\/www.youtube.com\/channel\/UCXhagIfszH8KxFiOok79zbA?view_as=subscriber\"]},{\"@type\":\"Person\",\"@id\":\"https:\/\/experienciadevida.com.ar\/portalurbano\/#\/schema\/person\/02dd326b1c4b056e9cc972486934a3a7\",\"name\":\"admpu17wp\",\"image\":{\"@type\":\"ImageObject\",\"inLanguage\":\"es\",\"@id\":\"https:\/\/experienciadevida.com.ar\/portalurbano\/#\/schema\/person\/image\/\",\"url\":\"https:\/\/secure.gravatar.com\/avatar\/830d4c57adaae6630765e449a6908047?s=96&d=mm&r=g\",\"contentUrl\":\"https:\/\/secure.gravatar.com\/avatar\/830d4c57adaae6630765e449a6908047?s=96&d=mm&r=g\",\"caption\":\"admpu17wp\"}}]}<\/script>\n<!-- \/ Yoast SEO plugin. -->","yoast_head_json":{"title":"El Frente de todos present\u00f3 un proyecto en apoyo a la ley","description":"El Frente de Todos present\u00f3 un proyecto en apoyo a la Ley de Fortalecimiento del Sistema Nacional de Bomberos Voluntarios de la Rep\u00fablica","robots":{"index":"index","follow":"follow","max-snippet":"max-snippet:-1","max-image-preview":"max-image-preview:large","max-video-preview":"max-video-preview:-1"},"canonical":"https:\/\/experienciadevida.com.ar\/portalurbano\/el-frente-de-todos-presento-un-proyecto-en-apoyo-a-la-ley-de-fortalecimiento-del-sistema-nacional-de-bomberos-voluntarios-de-la-republica-argentina\/","og_locale":"es_ES","og_type":"article","og_title":"El Frente de todos present\u00f3 un proyecto en apoyo a la ley","og_description":"El Frente de Todos present\u00f3 un proyecto en apoyo a la Ley de Fortalecimiento del Sistema Nacional de Bomberos Voluntarios de la Rep\u00fablica","og_url":"https:\/\/experienciadevida.com.ar\/portalurbano\/el-frente-de-todos-presento-un-proyecto-en-apoyo-a-la-ley-de-fortalecimiento-del-sistema-nacional-de-bomberos-voluntarios-de-la-republica-argentina\/","article_publisher":"https:\/\/www.facebook.com\/Portal-Urbano-171542830093757\/","article_published_time":"2021-07-07T14:34:52+00:00","article_modified_time":"2021-07-07T14:35:19+00:00","og_image":[{"width":500,"height":295,"url":"https:\/\/experienciadevida.com.ar\/portalurbano\/wp-content\/uploads\/2017\/11\/BOMBEROS-1.jpg","type":"image\/jpeg"}],"author":"admpu17wp","twitter_card":"summary_large_image","twitter_creator":"@portalurbanook","twitter_site":"@portalurbanook","twitter_misc":{"Escrito por":"admpu17wp","Tiempo de lectura":"2 minutos"},"schema":{"@context":"https:\/\/schema.org","@graph":[{"@type":"Article","@id":"https:\/\/experienciadevida.com.ar\/portalurbano\/el-frente-de-todos-presento-un-proyecto-en-apoyo-a-la-ley-de-fortalecimiento-del-sistema-nacional-de-bomberos-voluntarios-de-la-republica-argentina\/#article","isPartOf":{"@id":"https:\/\/experienciadevida.com.ar\/portalurbano\/el-frente-de-todos-presento-un-proyecto-en-apoyo-a-la-ley-de-fortalecimiento-del-sistema-nacional-de-bomberos-voluntarios-de-la-republica-argentina\/"},"author":{"name":"admpu17wp","@id":"https:\/\/experienciadevida.com.ar\/portalurbano\/#\/schema\/person\/02dd326b1c4b056e9cc972486934a3a7"},"headline":"El Frente de Todos present\u00f3 un proyecto en apoyo a la Ley de Fortalecimiento del Sistema Nacional de Bomberos Voluntarios de la Rep\u00fablica Argentina","datePublished":"2021-07-07T14:34:52+00:00","dateModified":"2021-07-07T14:35:19+00:00","mainEntityOfPage":{"@id":"https:\/\/experienciadevida.com.ar\/portalurbano\/el-frente-de-todos-presento-un-proyecto-en-apoyo-a-la-ley-de-fortalecimiento-del-sistema-nacional-de-bomberos-voluntarios-de-la-republica-argentina\/"},"wordCount":384,"publisher":{"@id":"https:\/\/experienciadevida.com.ar\/portalurbano\/#organization"},"articleSection":["Destacadas 2","Pol\u00edtica"],"inLanguage":"es"},{"@type":"WebPage","@id":"https:\/\/experienciadevida.com.ar\/portalurbano\/el-frente-de-todos-presento-un-proyecto-en-apoyo-a-la-ley-de-fortalecimiento-del-sistema-nacional-de-bomberos-voluntarios-de-la-republica-argentina\/","url":"https:\/\/experienciadevida.com.ar\/portalurbano\/el-frente-de-todos-presento-un-proyecto-en-apoyo-a-la-ley-de-fortalecimiento-del-sistema-nacional-de-bomberos-voluntarios-de-la-republica-argentina\/","name":"El Frente de todos present\u00f3 un proyecto en apoyo a la ley","isPartOf":{"@id":"https:\/\/experienciadevida.com.ar\/portalurbano\/#website"},"datePublished":"2021-07-07T14:34:52+00:00","dateModified":"2021-07-07T14:35:19+00:00","description":"El Frente de Todos present\u00f3 un proyecto en apoyo a la Ley de Fortalecimiento del Sistema Nacional de Bomberos Voluntarios de la Rep\u00fablica","breadcrumb":{"@id":"https:\/\/experienciadevida.com.ar\/portalurbano\/el-frente-de-todos-presento-un-proyecto-en-apoyo-a-la-ley-de-fortalecimiento-del-sistema-nacional-de-bomberos-voluntarios-de-la-republica-argentina\/#breadcrumb"},"inLanguage":"es","potentialAction":[{"@type":"ReadAction","target":["https:\/\/experienciadevida.com.ar\/portalurbano\/el-frente-de-todos-presento-un-proyecto-en-apoyo-a-la-ley-de-fortalecimiento-del-sistema-nacional-de-bomberos-voluntarios-de-la-republica-argentina\/"]}]},{"@type":"BreadcrumbList","@id":"https:\/\/experienciadevida.com.ar\/portalurbano\/el-frente-de-todos-presento-un-proyecto-en-apoyo-a-la-ley-de-fortalecimiento-del-sistema-nacional-de-bomberos-voluntarios-de-la-republica-argentina\/#breadcrumb","itemListElement":[{"@type":"ListItem","position":1,"name":"Portada","item":"https:\/\/experienciadevida.com.ar\/portalurbano\/"},{"@type":"ListItem","position":2,"name":"El Frente de Todos present\u00f3 un proyecto en apoyo a la Ley de Fortalecimiento del Sistema Nacional de Bomberos Voluntarios de la Rep\u00fablica Argentina"}]},{"@type":"WebSite","@id":"https:\/\/experienciadevida.com.ar\/portalurbano\/#website","url":"https:\/\/experienciadevida.com.ar\/portalurbano\/","name":"","description":"","publisher":{"@id":"https:\/\/experienciadevida.com.ar\/portalurbano\/#organization"},"potentialAction":[{"@type":"SearchAction","target":{"@type":"EntryPoint","urlTemplate":"https:\/\/experienciadevida.com.ar\/portalurbano\/?s={search_term_string}"},"query-input":"required name=search_term_string"}],"inLanguage":"es"},{"@type":"Organization","@id":"https:\/\/experienciadevida.com.ar\/portalurbano\/#organization","name":"Portal Urbano","url":"https:\/\/experienciadevida.com.ar\/portalurbano\/","logo":{"@type":"ImageObject","inLanguage":"es","@id":"https:\/\/experienciadevida.com.ar\/portalurbano\/#\/schema\/logo\/image\/","url":"https:\/\/experienciadevida.com.ar\/portalurbano\/wp-content\/uploads\/2019\/09\/Logo-Original.png","contentUrl":"https:\/\/experienciadevida.com.ar\/portalurbano\/wp-content\/uploads\/2019\/09\/Logo-Original.png","width":2236,"height":1216,"caption":"Portal Urbano"},"image":{"@id":"https:\/\/experienciadevida.com.ar\/portalurbano\/#\/schema\/logo\/image\/"},"sameAs":["https:\/\/www.facebook.com\/Portal-Urbano-171542830093757\/","https:\/\/twitter.com\/portalurbanook","https:\/\/www.instagram.com\/_portalurbano\/","https:\/\/www.youtube.com\/channel\/UCXhagIfszH8KxFiOok79zbA?view_as=subscriber"]},{"@type":"Person","@id":"https:\/\/experienciadevida.com.ar\/portalurbano\/#\/schema\/person\/02dd326b1c4b056e9cc972486934a3a7","name":"admpu17wp","image":{"@type":"ImageObject","inLanguage":"es","@id":"https:\/\/experienciadevida.com.ar\/portalurbano\/#\/schema\/person\/image\/","url":"https:\/\/secure.gravatar.com\/avatar\/830d4c57adaae6630765e449a6908047?s=96&d=mm&r=g","contentUrl":"https:\/\/secure.gravatar.com\/avatar\/830d4c57adaae6630765e449a6908047?s=96&d=mm&r=g","caption":"admpu17wp"}}]}},"featured_image_urls":{"full":"","thumbnail":"","medium":"","medium_large":"","large":"","ug_big":"","1536x1536":"","2048x2048":"","newsever-slider-full":"","newsever-featured":"","newsever-medium":"","web-stories-poster-portrait":"","web-stories-publisher-logo":"","web-stories-thumbnail":""},"author_info":{"display_name":"admpu17wp","author_link":"https:\/\/experienciadevida.com.ar\/portalurbano\/author\/admpu17wp\/"},"category_info":"<a href=\"https:\/\/experienciadevida.com.ar\/portalurbano\/category\/destacadas-2\/\" rel=\"category tag\">Destacadas 2<\/a> <a href=\"https:\/\/experienciadevida.com.ar\/portalurbano\/category\/politica\/\" rel=\"category tag\">Pol\u00edtica<\/a>","tag_info":"Pol\u00edtica","comment_count":"0","amp_enabled":true,"_links":{"self":[{"href":"https:\/\/experienciadevida.com.ar\/portalurbano\/wp-json\/wp\/v2\/posts\/147026"}],"collection":[{"href":"https:\/\/experienciadevida.com.ar\/portalurbano\/wp-json\/wp\/v2\/posts"}],"about":[{"href":"https:\/\/experienciadevida.com.ar\/portalurbano\/wp-json\/wp\/v2\/types\/post"}],"author":[{"embeddable":true,"href":"https:\/\/experienciadevida.com.ar\/portalurbano\/wp-json\/wp\/v2\/users\/1"}],"replies":[{"embeddable":true,"href":"https:\/\/experienciadevida.com.ar\/portalurbano\/wp-json\/wp\/v2\/comments?post=147026"}],"version-history":[{"count":2,"href":"https:\/\/experienciadevida.com.ar\/portalurbano\/wp-json\/wp\/v2\/posts\/147026\/revisions"}],"predecessor-version":[{"id":147028,"href":"https:\/\/experienciadevida.com.ar\/portalurbano\/wp-json\/wp\/v2\/posts\/147026\/revisions\/147028"}],"wp:attachment":[{"href":"https:\/\/experienciadevida.com.ar\/portalurbano\/wp-json\/wp\/v2\/media?parent=147026"}],"wp:term":[{"taxonomy":"category","embeddable":true,"href":"https:\/\/experienciadevida.com.ar\/portalurbano\/wp-json\/wp\/v2\/categories?post=147026"},{"taxonomy":"post_tag","embeddable":true,"href":"https:\/\/experienciadevida.com.ar\/portalurbano\/wp-json\/wp\/v2\/tags?post=147026"}],"curies":[{"name":"wp","href":"https:\/\/api.w.org\/{rel}","templated":true}]}}