{"id":147012,"date":"2021-07-07T10:01:51","date_gmt":"2021-07-07T13:01:51","guid":{"rendered":"https:\/\/experienciadevida.com.ar\/portalurbano\/?p=147012"},"modified":"2021-07-07T10:04:12","modified_gmt":"2021-07-07T13:04:12","slug":"promulgan-la-ley-que-reduce-las-tarifas-de-gas-beneficia-a-94-distritos-bonaerenses","status":"publish","type":"post","link":"https:\/\/experienciadevida.com.ar\/portalurbano\/promulgan-la-ley-que-reduce-las-tarifas-de-gas-beneficia-a-94-distritos-bonaerenses\/","title":{"rendered":"Promulgan la ley que reduce las tarifas de gas: beneficia a 94 distritos bonaerenses"},"content":{"rendered":"<p>Promulgan la ley que reduce las tarifas de gas: beneficia a 94 distritos bonaerenses, la normativa beneficia a m\u00e1s de tres millones de habitantes del pa\u00eds, y 1,2 millones en la provincia de Buenos Aires.<\/p>\n<p>El Gobierno promulg\u00f3 la Ley 27.637 que propone una reducci\u00f3n en las tarifas de gas para municipios donde se registran bajas temperaturas, a trav\u00e9s del Decreto 441\/2021 publicado este mi\u00e9rcoles en el Bolet\u00edn Oficial y que beneficia a un total de 94 comunas de la provincia de Buenos Aires.<\/p>\n<p>La normativa, sancionada por el Senado el 25 de junio, modifica el art\u00edculo 75 del Presupuesto 2021 para beneficiar a m\u00e1s de tres millones de habitantes de municipios de las provincias de Buenos Aires, Santa Fe, C\u00f3rdoba, Mendoza, Jujuy, San Juan, San Luis y Salta en los que se registran bajas temperaturas.<\/p>\n<p>Adem\u00e1s, reduce en alrededor del 50% las tarifas a los beneficiarios de las asignaciones universales por Hijo (AUH) y por Embarazo (AUE), de pensiones no contributivas y jubilados -hasta 4 salarios m\u00ednimos-, del monotributo social, de usuarios que perciben seguro de desempleo y de empleadas de casas particulares.<\/p>\n<p>Promulgan la ley que reduce las tarifas de gas, Tambi\u00e9n podr\u00e1n tener este beneficio quienes est\u00e9n exentos en el pago de ABL o tributos locales de igual naturaleza o los que tengan una pensi\u00f3n vitalicia como veteranos de Guerra del Atl\u00e1ntico Sur. Respecto del resto de los usuarios residenciales, la tarifa diferencial implicar\u00e1 una disminuci\u00f3n del 30% de la factura de gas correspondiente.<\/p>\n<p>La ley tambi\u00e9n prorroga por diez a\u00f1os el Fondo Fiduciario de Consumos Residenciales de Gas (art\u00edculo 75, Ley 25.565) y aumenta la cantidad de departamentos y localidades de todo el pa\u00eds de temperaturas bajas comprendidos en este beneficio.<\/p>\n<p>Con esta ley, m\u00e1s del 65% de los municipios bonaerenses quedaron incluidos en la ley y m\u00e1s de 1.200.000 usuarios de la provincia de Buenos Aires pagar\u00e1n entre un 30% y un 50% menos en sus facturas de gas.<\/p>\n<p>Esta iniciativa lleg\u00f3 al Congreso con el aval del jefe del bloque del Frente de Todos M\u00e1ximo Kirchner, y unific\u00f3 iniciativas del mendocino Jos\u00e9 Luis Ram\u00f3n, la legisladora de Olavarr\u00eda Liliana Schwindt y el tandilense Alejandro \u201cTopo\u201d Rodr\u00edguez, tres de las jurisdicciones que se ver\u00e1n beneficiadas con la normativa.<\/p>\n<p>Promulgan la ley que reduce las tarifas de gas, En territorio bonaerense, tras una ampliaci\u00f3n que se produjo en Diputados, est\u00e1n incluidos m\u00e1s de 90 municipios, entre los cuales se encuentran los partidos de La Costa, Pinamar, Villa Gesell, Mar Chiquita, General Pueyrred\u00f3n, General Alvarado, Lober\u00eda, Necochea, Tres Arroyos, San Cayetano, Coronel Dorrego, Monte Hermoso, Coronel Rosales, Bah\u00eda Blanca y Villarino.<\/p>\n<p>Tambi\u00e9n Jun\u00edn, Pergamino, Arregifes Patagones, Tandil, Olavarr\u00eda, Azul, General La Madrid, Coronel Su\u00e1rez, Saavedra, Tornquist, Coronel Pringles, Laprida, Benito Ju\u00e1rez, Gonz\u00e1les Ch\u00e1ves, General Juan de Madariaga, General Lavalle, Ayacucho, Rauch, Pellegrini, Salliquel\u00f3, Guamin\u00ed, Tres Lomas, Daireaux, Balcarce, Puan, Adolfo Alsina, Tapalqu\u00e9, General Guido, Castelli, Dolores, Maip\u00fa, Tordillo, Bol\u00edvar y Pehuaj\u00f3, entre otros.<\/p>\n<p>Los beneficiarios, municipio por municipio<\/p>\n<p>En Castelli pagar\u00e1n menores tarifas un total de 2.016 usuarios; en General Paz, 2.606; en Monte, 4.312; en Salto 7.163; en 25 de Mayo 7.691; en Chacabuco 12.368; en General Pinto 2.216; en Monte Hermoso 6.266; en San Andr\u00e9s de Giles 4.651; en 9 de Julio 13.701; en Chivilcoy 20.609; en General Pueyrred\u00f3n 262.306; en Navarro 2.946 y en San Antonio de Areco 5.876.<\/p>\n<p>Asimismo, en Adolfo Alsina ser\u00e1n 5.817; en Col\u00f3n 6.221; en General Rodr\u00edguez 12.250; en Necochea 33.611; en San Cayetano 2.767; en Adolfo G. Chaves 3.414; en Coronel Rosales 19.257; en General Viamonte 3.876; en Olavarr\u00eda 40.350; en San Nicol\u00e1s 42.366; en Alberti 2.783; en Coronel Dorrego 4.822; en General Villegas 3.526 y en Patagones 11.292.<\/p>\n<p>Tambi\u00e9n en San Pedro 12.118; en Arrecifes 7.026; en Coronel Pringles 6.280; en Guamin\u00ed 3.126; en Pehuaj\u00f3 12.153 y en Suipacha 2.962. En Ayacucho 5.716; Coronel Su\u00e1rez 13.782; Hip\u00f3lito Yrigoyen 3.003; Pellegrini 2.009; Tandil 47.631; Azul 21.521; Daireaux 3.814; Jun\u00edn 27.642; Pergamino 27.324; Tapalqu\u00e9 2.918; Bah\u00eda Blanca 117.541; Dolores 7.317; La Costa 37.603; Pila 881; Tordillo 328; Balcarce 11.957 y Florentino Ameghino 2.377.<\/p>\n<p>Adem\u00e1s, en Laprida 3.474; Pinamar 25.271; Tornquist 4.182; Baradero 7.634 General Alvarado 15.130; Las Flores 6.886; Pu\u00e1n 6.249; Trenque Lauquen 15.070; Benito Ju\u00e1rez 6.469; General Alvear 2.568; Leandro N. Alem 4.420; Ramallo 6.659; Tres Arroyos 20.626; Bol\u00edvar 10.385 General Arenales 4.462; Lincoln 12.108; Rauch 5.030; Tres Lomas 2.691 y Bragado 12.407.<\/p>\n<p>Y por \u00faltimo, en General Belgrano 5.308; en Lober\u00eda 4.622; en Rivadavia 3.511; en Villa Gesell 11.763; en Ca\u00f1uelas 7.715; General Guido 594; Lobos 9.198; Rojas 6.135; Villarino 5.689; Capit\u00e1n Sarmiento 3.871; General Madariaga 4.318; Maip\u00fa 2.713; Roque P\u00e9rez 3.375; Carlos Casares 6.304; General La Madrid 2.896; Mar Chiquita 8.949; Saavedra 7.331; Carlos Tejedor 2.507 General; Las Heras 2.679; Marcos Paz 7.597; Saladillo 8.790; Carmen de Areco 3.232; General Lavalle 557; Mercedes 17.274 y Salliquell\u00f3 3.283.<\/p>\n<p>Fuente: DIB<\/p>\n","protected":false},"excerpt":{"rendered":"<p>Promulgan la ley que reduce las tarifas de gas: beneficia a 94 distritos bonaerenses, la&#8230;<\/p>\n","protected":false},"author":1,"featured_media":147013,"comment_status":"closed","ping_status":"closed","sticky":false,"template":"","format":"standard","meta":{"content-type":""},"categories":[64,44],"tags":[],"nelio_content":{"isAutoShareEnabled":false,"autoShareEndMode":"default","automationSources":{"useContentSentences":true,"useSocialTemplates":true,"useCustomSentences":false,"customSentences":[]},"followers":[1],"suggestedReferences":[],"includedReferences":[],"efiUrl":"","efiAlt":"","highlights":[]},"yoast_head":"<!-- This site is optimized with the Yoast SEO plugin v20.7 - https:\/\/yoast.com\/wordpress\/plugins\/seo\/ -->\n<title>Promulgan la ley que reduce las tarifas de gas: beneficia a 94 distritos<\/title>\n<meta name=\"description\" content=\"Promulgan la ley que reduce las tarifas de gas: beneficia a 94 distritos bonaerenses, la normativa beneficia a m\u00e1s de tres millones\" \/>\n<meta name=\"robots\" content=\"index, follow, max-snippet:-1, max-image-preview:large, max-video-preview:-1\" \/>\n<link rel=\"canonical\" href=\"https:\/\/experienciadevida.com.ar\/portalurbano\/promulgan-la-ley-que-reduce-las-tarifas-de-gas-beneficia-a-94-distritos-bonaerenses\/\" \/>\n<meta property=\"og:locale\" content=\"es_ES\" \/>\n<meta property=\"og:type\" content=\"article\" \/>\n<meta property=\"og:title\" content=\"Promulgan la ley que reduce las tarifas de gas: beneficia a 94 distritos\" \/>\n<meta property=\"og:description\" content=\"Promulgan la ley que reduce las tarifas de gas: beneficia a 94 distritos bonaerenses, la normativa beneficia a m\u00e1s de tres millones\" \/>\n<meta property=\"og:url\" content=\"https:\/\/experienciadevida.com.ar\/portalurbano\/promulgan-la-ley-que-reduce-las-tarifas-de-gas-beneficia-a-94-distritos-bonaerenses\/\" \/>\n<meta property=\"article:publisher\" content=\"https:\/\/www.facebook.com\/Portal-Urbano-171542830093757\/\" \/>\n<meta property=\"article:published_time\" content=\"2021-07-07T13:01:51+00:00\" \/>\n<meta property=\"article:modified_time\" content=\"2021-07-07T13:04:12+00:00\" \/>\n<meta property=\"og:image\" content=\"https:\/\/experienciadevida.com.ar\/portalurbano\/wp-content\/uploads\/2021\/07\/Promulgan-la-ley-que-reduce.jpg\" \/>\n\t<meta property=\"og:image:width\" content=\"696\" \/>\n\t<meta property=\"og:image:height\" content=\"466\" \/>\n\t<meta property=\"og:image:type\" content=\"image\/jpeg\" \/>\n<meta name=\"author\" content=\"admpu17wp\" \/>\n<meta name=\"twitter:card\" content=\"summary_large_image\" \/>\n<meta name=\"twitter:creator\" content=\"@portalurbanook\" \/>\n<meta name=\"twitter:site\" content=\"@portalurbanook\" \/>\n<meta name=\"twitter:label1\" content=\"Escrito por\" \/>\n\t<meta name=\"twitter:data1\" content=\"admpu17wp\" \/>\n\t<meta name=\"twitter:label2\" content=\"Tiempo de lectura\" \/>\n\t<meta name=\"twitter:data2\" content=\"4 minutos\" \/>\n<script type=\"application\/ld+json\" class=\"yoast-schema-graph\">{\"@context\":\"https:\/\/schema.org\",\"@graph\":[{\"@type\":\"Article\",\"@id\":\"https:\/\/experienciadevida.com.ar\/portalurbano\/promulgan-la-ley-que-reduce-las-tarifas-de-gas-beneficia-a-94-distritos-bonaerenses\/#article\",\"isPartOf\":{\"@id\":\"https:\/\/experienciadevida.com.ar\/portalurbano\/promulgan-la-ley-que-reduce-las-tarifas-de-gas-beneficia-a-94-distritos-bonaerenses\/\"},\"author\":{\"name\":\"admpu17wp\",\"@id\":\"https:\/\/experienciadevida.com.ar\/portalurbano\/#\/schema\/person\/02dd326b1c4b056e9cc972486934a3a7\"},\"headline\":\"Promulgan la ley que reduce las tarifas de gas: beneficia a 94 distritos bonaerenses\",\"datePublished\":\"2021-07-07T13:01:51+00:00\",\"dateModified\":\"2021-07-07T13:04:12+00:00\",\"mainEntityOfPage\":{\"@id\":\"https:\/\/experienciadevida.com.ar\/portalurbano\/promulgan-la-ley-que-reduce-las-tarifas-de-gas-beneficia-a-94-distritos-bonaerenses\/\"},\"wordCount\":764,\"publisher\":{\"@id\":\"https:\/\/experienciadevida.com.ar\/portalurbano\/#organization\"},\"articleSection\":[\"Destacadas 2\",\"Provincia\"],\"inLanguage\":\"es\"},{\"@type\":\"WebPage\",\"@id\":\"https:\/\/experienciadevida.com.ar\/portalurbano\/promulgan-la-ley-que-reduce-las-tarifas-de-gas-beneficia-a-94-distritos-bonaerenses\/\",\"url\":\"https:\/\/experienciadevida.com.ar\/portalurbano\/promulgan-la-ley-que-reduce-las-tarifas-de-gas-beneficia-a-94-distritos-bonaerenses\/\",\"name\":\"Promulgan la ley que reduce las tarifas de gas: beneficia a 94 distritos\",\"isPartOf\":{\"@id\":\"https:\/\/experienciadevida.com.ar\/portalurbano\/#website\"},\"datePublished\":\"2021-07-07T13:01:51+00:00\",\"dateModified\":\"2021-07-07T13:04:12+00:00\",\"description\":\"Promulgan la ley que reduce las tarifas de gas: beneficia a 94 distritos bonaerenses, la normativa beneficia a m\u00e1s de tres millones\",\"breadcrumb\":{\"@id\":\"https:\/\/experienciadevida.com.ar\/portalurbano\/promulgan-la-ley-que-reduce-las-tarifas-de-gas-beneficia-a-94-distritos-bonaerenses\/#breadcrumb\"},\"inLanguage\":\"es\",\"potentialAction\":[{\"@type\":\"ReadAction\",\"target\":[\"https:\/\/experienciadevida.com.ar\/portalurbano\/promulgan-la-ley-que-reduce-las-tarifas-de-gas-beneficia-a-94-distritos-bonaerenses\/\"]}]},{\"@type\":\"BreadcrumbList\",\"@id\":\"https:\/\/experienciadevida.com.ar\/portalurbano\/promulgan-la-ley-que-reduce-las-tarifas-de-gas-beneficia-a-94-distritos-bonaerenses\/#breadcrumb\",\"itemListElement\":[{\"@type\":\"ListItem\",\"position\":1,\"name\":\"Portada\",\"item\":\"https:\/\/experienciadevida.com.ar\/portalurbano\/\"},{\"@type\":\"ListItem\",\"position\":2,\"name\":\"Promulgan la ley que reduce las tarifas de gas: beneficia a 94 distritos bonaerenses\"}]},{\"@type\":\"WebSite\",\"@id\":\"https:\/\/experienciadevida.com.ar\/portalurbano\/#website\",\"url\":\"https:\/\/experienciadevida.com.ar\/portalurbano\/\",\"name\":\"\",\"description\":\"\",\"publisher\":{\"@id\":\"https:\/\/experienciadevida.com.ar\/portalurbano\/#organization\"},\"potentialAction\":[{\"@type\":\"SearchAction\",\"target\":{\"@type\":\"EntryPoint\",\"urlTemplate\":\"https:\/\/experienciadevida.com.ar\/portalurbano\/?s={search_term_string}\"},\"query-input\":\"required name=search_term_string\"}],\"inLanguage\":\"es\"},{\"@type\":\"Organization\",\"@id\":\"https:\/\/experienciadevida.com.ar\/portalurbano\/#organization\",\"name\":\"Portal Urbano\",\"url\":\"https:\/\/experienciadevida.com.ar\/portalurbano\/\",\"logo\":{\"@type\":\"ImageObject\",\"inLanguage\":\"es\",\"@id\":\"https:\/\/experienciadevida.com.ar\/portalurbano\/#\/schema\/logo\/image\/\",\"url\":\"https:\/\/experienciadevida.com.ar\/portalurbano\/wp-content\/uploads\/2019\/09\/Logo-Original.png\",\"contentUrl\":\"https:\/\/experienciadevida.com.ar\/portalurbano\/wp-content\/uploads\/2019\/09\/Logo-Original.png\",\"width\":2236,\"height\":1216,\"caption\":\"Portal Urbano\"},\"image\":{\"@id\":\"https:\/\/experienciadevida.com.ar\/portalurbano\/#\/schema\/logo\/image\/\"},\"sameAs\":[\"https:\/\/www.facebook.com\/Portal-Urbano-171542830093757\/\",\"https:\/\/twitter.com\/portalurbanook\",\"https:\/\/www.instagram.com\/_portalurbano\/\",\"https:\/\/www.youtube.com\/channel\/UCXhagIfszH8KxFiOok79zbA?view_as=subscriber\"]},{\"@type\":\"Person\",\"@id\":\"https:\/\/experienciadevida.com.ar\/portalurbano\/#\/schema\/person\/02dd326b1c4b056e9cc972486934a3a7\",\"name\":\"admpu17wp\",\"image\":{\"@type\":\"ImageObject\",\"inLanguage\":\"es\",\"@id\":\"https:\/\/experienciadevida.com.ar\/portalurbano\/#\/schema\/person\/image\/\",\"url\":\"https:\/\/secure.gravatar.com\/avatar\/830d4c57adaae6630765e449a6908047?s=96&d=mm&r=g\",\"contentUrl\":\"https:\/\/secure.gravatar.com\/avatar\/830d4c57adaae6630765e449a6908047?s=96&d=mm&r=g\",\"caption\":\"admpu17wp\"}}]}<\/script>\n<!-- \/ Yoast SEO plugin. -->","yoast_head_json":{"title":"Promulgan la ley que reduce las tarifas de gas: beneficia a 94 distritos","description":"Promulgan la ley que reduce las tarifas de gas: beneficia a 94 distritos bonaerenses, la normativa beneficia a m\u00e1s de tres millones","robots":{"index":"index","follow":"follow","max-snippet":"max-snippet:-1","max-image-preview":"max-image-preview:large","max-video-preview":"max-video-preview:-1"},"canonical":"https:\/\/experienciadevida.com.ar\/portalurbano\/promulgan-la-ley-que-reduce-las-tarifas-de-gas-beneficia-a-94-distritos-bonaerenses\/","og_locale":"es_ES","og_type":"article","og_title":"Promulgan la ley que reduce las tarifas de gas: beneficia a 94 distritos","og_description":"Promulgan la ley que reduce las tarifas de gas: beneficia a 94 distritos bonaerenses, la normativa beneficia a m\u00e1s de tres millones","og_url":"https:\/\/experienciadevida.com.ar\/portalurbano\/promulgan-la-ley-que-reduce-las-tarifas-de-gas-beneficia-a-94-distritos-bonaerenses\/","article_publisher":"https:\/\/www.facebook.com\/Portal-Urbano-171542830093757\/","article_published_time":"2021-07-07T13:01:51+00:00","article_modified_time":"2021-07-07T13:04:12+00:00","og_image":[{"width":696,"height":466,"url":"https:\/\/experienciadevida.com.ar\/portalurbano\/wp-content\/uploads\/2021\/07\/Promulgan-la-ley-que-reduce.jpg","type":"image\/jpeg"}],"author":"admpu17wp","twitter_card":"summary_large_image","twitter_creator":"@portalurbanook","twitter_site":"@portalurbanook","twitter_misc":{"Escrito por":"admpu17wp","Tiempo de lectura":"4 minutos"},"schema":{"@context":"https:\/\/schema.org","@graph":[{"@type":"Article","@id":"https:\/\/experienciadevida.com.ar\/portalurbano\/promulgan-la-ley-que-reduce-las-tarifas-de-gas-beneficia-a-94-distritos-bonaerenses\/#article","isPartOf":{"@id":"https:\/\/experienciadevida.com.ar\/portalurbano\/promulgan-la-ley-que-reduce-las-tarifas-de-gas-beneficia-a-94-distritos-bonaerenses\/"},"author":{"name":"admpu17wp","@id":"https:\/\/experienciadevida.com.ar\/portalurbano\/#\/schema\/person\/02dd326b1c4b056e9cc972486934a3a7"},"headline":"Promulgan la ley que reduce las tarifas de gas: beneficia a 94 distritos bonaerenses","datePublished":"2021-07-07T13:01:51+00:00","dateModified":"2021-07-07T13:04:12+00:00","mainEntityOfPage":{"@id":"https:\/\/experienciadevida.com.ar\/portalurbano\/promulgan-la-ley-que-reduce-las-tarifas-de-gas-beneficia-a-94-distritos-bonaerenses\/"},"wordCount":764,"publisher":{"@id":"https:\/\/experienciadevida.com.ar\/portalurbano\/#organization"},"articleSection":["Destacadas 2","Provincia"],"inLanguage":"es"},{"@type":"WebPage","@id":"https:\/\/experienciadevida.com.ar\/portalurbano\/promulgan-la-ley-que-reduce-las-tarifas-de-gas-beneficia-a-94-distritos-bonaerenses\/","url":"https:\/\/experienciadevida.com.ar\/portalurbano\/promulgan-la-ley-que-reduce-las-tarifas-de-gas-beneficia-a-94-distritos-bonaerenses\/","name":"Promulgan la ley que reduce las tarifas de gas: beneficia a 94 distritos","isPartOf":{"@id":"https:\/\/experienciadevida.com.ar\/portalurbano\/#website"},"datePublished":"2021-07-07T13:01:51+00:00","dateModified":"2021-07-07T13:04:12+00:00","description":"Promulgan la ley que reduce las tarifas de gas: beneficia a 94 distritos bonaerenses, la normativa beneficia a m\u00e1s de tres millones","breadcrumb":{"@id":"https:\/\/experienciadevida.com.ar\/portalurbano\/promulgan-la-ley-que-reduce-las-tarifas-de-gas-beneficia-a-94-distritos-bonaerenses\/#breadcrumb"},"inLanguage":"es","potentialAction":[{"@type":"ReadAction","target":["https:\/\/experienciadevida.com.ar\/portalurbano\/promulgan-la-ley-que-reduce-las-tarifas-de-gas-beneficia-a-94-distritos-bonaerenses\/"]}]},{"@type":"BreadcrumbList","@id":"https:\/\/experienciadevida.com.ar\/portalurbano\/promulgan-la-ley-que-reduce-las-tarifas-de-gas-beneficia-a-94-distritos-bonaerenses\/#breadcrumb","itemListElement":[{"@type":"ListItem","position":1,"name":"Portada","item":"https:\/\/experienciadevida.com.ar\/portalurbano\/"},{"@type":"ListItem","position":2,"name":"Promulgan la ley que reduce las tarifas de gas: beneficia a 94 distritos bonaerenses"}]},{"@type":"WebSite","@id":"https:\/\/experienciadevida.com.ar\/portalurbano\/#website","url":"https:\/\/experienciadevida.com.ar\/portalurbano\/","name":"","description":"","publisher":{"@id":"https:\/\/experienciadevida.com.ar\/portalurbano\/#organization"},"potentialAction":[{"@type":"SearchAction","target":{"@type":"EntryPoint","urlTemplate":"https:\/\/experienciadevida.com.ar\/portalurbano\/?s={search_term_string}"},"query-input":"required name=search_term_string"}],"inLanguage":"es"},{"@type":"Organization","@id":"https:\/\/experienciadevida.com.ar\/portalurbano\/#organization","name":"Portal Urbano","url":"https:\/\/experienciadevida.com.ar\/portalurbano\/","logo":{"@type":"ImageObject","inLanguage":"es","@id":"https:\/\/experienciadevida.com.ar\/portalurbano\/#\/schema\/logo\/image\/","url":"https:\/\/experienciadevida.com.ar\/portalurbano\/wp-content\/uploads\/2019\/09\/Logo-Original.png","contentUrl":"https:\/\/experienciadevida.com.ar\/portalurbano\/wp-content\/uploads\/2019\/09\/Logo-Original.png","width":2236,"height":1216,"caption":"Portal Urbano"},"image":{"@id":"https:\/\/experienciadevida.com.ar\/portalurbano\/#\/schema\/logo\/image\/"},"sameAs":["https:\/\/www.facebook.com\/Portal-Urbano-171542830093757\/","https:\/\/twitter.com\/portalurbanook","https:\/\/www.instagram.com\/_portalurbano\/","https:\/\/www.youtube.com\/channel\/UCXhagIfszH8KxFiOok79zbA?view_as=subscriber"]},{"@type":"Person","@id":"https:\/\/experienciadevida.com.ar\/portalurbano\/#\/schema\/person\/02dd326b1c4b056e9cc972486934a3a7","name":"admpu17wp","image":{"@type":"ImageObject","inLanguage":"es","@id":"https:\/\/experienciadevida.com.ar\/portalurbano\/#\/schema\/person\/image\/","url":"https:\/\/secure.gravatar.com\/avatar\/830d4c57adaae6630765e449a6908047?s=96&d=mm&r=g","contentUrl":"https:\/\/secure.gravatar.com\/avatar\/830d4c57adaae6630765e449a6908047?s=96&d=mm&r=g","caption":"admpu17wp"}}]}},"featured_image_urls":{"full":["https:\/\/experienciadevida.com.ar\/portalurbano\/wp-content\/uploads\/2021\/07\/Promulgan-la-ley-que-reduce.jpg",696,466,false],"thumbnail":["https:\/\/experienciadevida.com.ar\/portalurbano\/wp-content\/uploads\/2021\/07\/Promulgan-la-ley-que-reduce-150x150.jpg",150,150,true],"medium":["https:\/\/experienciadevida.com.ar\/portalurbano\/wp-content\/uploads\/2021\/07\/Promulgan-la-ley-que-reduce-300x201.jpg",300,201,true],"medium_large":["https:\/\/experienciadevida.com.ar\/portalurbano\/wp-content\/uploads\/2021\/07\/Promulgan-la-ley-que-reduce.jpg",640,429,false],"large":["https:\/\/experienciadevida.com.ar\/portalurbano\/wp-content\/uploads\/2021\/07\/Promulgan-la-ley-que-reduce.jpg",640,429,false],"ug_big":["https:\/\/experienciadevida.com.ar\/portalurbano\/wp-content\/uploads\/2021\/07\/Promulgan-la-ley-que-reduce.jpg",696,466,false],"1536x1536":["https:\/\/experienciadevida.com.ar\/portalurbano\/wp-content\/uploads\/2021\/07\/Promulgan-la-ley-que-reduce.jpg",696,466,false],"2048x2048":["https:\/\/experienciadevida.com.ar\/portalurbano\/wp-content\/uploads\/2021\/07\/Promulgan-la-ley-que-reduce.jpg",696,466,false],"newsever-slider-full":["https:\/\/experienciadevida.com.ar\/portalurbano\/wp-content\/uploads\/2021\/07\/Promulgan-la-ley-que-reduce.jpg",696,466,false],"newsever-featured":["https:\/\/experienciadevida.com.ar\/portalurbano\/wp-content\/uploads\/2021\/07\/Promulgan-la-ley-que-reduce.jpg",696,466,false],"newsever-medium":["https:\/\/experienciadevida.com.ar\/portalurbano\/wp-content\/uploads\/2021\/07\/Promulgan-la-ley-que-reduce.jpg",696,466,false],"web-stories-poster-portrait":["https:\/\/experienciadevida.com.ar\/portalurbano\/wp-content\/uploads\/2021\/07\/Promulgan-la-ley-que-reduce.jpg",640,429,false],"web-stories-publisher-logo":["https:\/\/experienciadevida.com.ar\/portalurbano\/wp-content\/uploads\/2021\/07\/Promulgan-la-ley-que-reduce.jpg",96,64,false],"web-stories-thumbnail":["https:\/\/experienciadevida.com.ar\/portalurbano\/wp-content\/uploads\/2021\/07\/Promulgan-la-ley-que-reduce.jpg",150,100,false]},"author_info":{"display_name":"admpu17wp","author_link":"https:\/\/experienciadevida.com.ar\/portalurbano\/author\/admpu17wp\/"},"category_info":"<a href=\"https:\/\/experienciadevida.com.ar\/portalurbano\/category\/destacadas-2\/\" rel=\"category tag\">Destacadas 2<\/a> <a href=\"https:\/\/experienciadevida.com.ar\/portalurbano\/category\/provincia\/\" rel=\"category tag\">Provincia<\/a>","tag_info":"Provincia","comment_count":"0","amp_enabled":true,"_links":{"self":[{"href":"https:\/\/experienciadevida.com.ar\/portalurbano\/wp-json\/wp\/v2\/posts\/147012"}],"collection":[{"href":"https:\/\/experienciadevida.com.ar\/portalurbano\/wp-json\/wp\/v2\/posts"}],"about":[{"href":"https:\/\/experienciadevida.com.ar\/portalurbano\/wp-json\/wp\/v2\/types\/post"}],"author":[{"embeddable":true,"href":"https:\/\/experienciadevida.com.ar\/portalurbano\/wp-json\/wp\/v2\/users\/1"}],"replies":[{"embeddable":true,"href":"https:\/\/experienciadevida.com.ar\/portalurbano\/wp-json\/wp\/v2\/comments?post=147012"}],"version-history":[{"count":2,"href":"https:\/\/experienciadevida.com.ar\/portalurbano\/wp-json\/wp\/v2\/posts\/147012\/revisions"}],"predecessor-version":[{"id":147015,"href":"https:\/\/experienciadevida.com.ar\/portalurbano\/wp-json\/wp\/v2\/posts\/147012\/revisions\/147015"}],"wp:featuredmedia":[{"embeddable":true,"href":"https:\/\/experienciadevida.com.ar\/portalurbano\/wp-json\/wp\/v2\/media\/147013"}],"wp:attachment":[{"href":"https:\/\/experienciadevida.com.ar\/portalurbano\/wp-json\/wp\/v2\/media?parent=147012"}],"wp:term":[{"taxonomy":"category","embeddable":true,"href":"https:\/\/experienciadevida.com.ar\/portalurbano\/wp-json\/wp\/v2\/categories?post=147012"},{"taxonomy":"post_tag","embeddable":true,"href":"https:\/\/experienciadevida.com.ar\/portalurbano\/wp-json\/wp\/v2\/tags?post=147012"}],"curies":[{"name":"wp","href":"https:\/\/api.w.org\/{rel}","templated":true}]}}