{"id":146928,"date":"2021-07-06T12:21:38","date_gmt":"2021-07-06T15:21:38","guid":{"rendered":"https:\/\/experienciadevida.com.ar\/portalurbano\/?p=146928"},"modified":"2021-07-06T12:28:46","modified_gmt":"2021-07-06T15:28:46","slug":"sergio-massa-recibio-en-la-camara-de-diputados-a-los-referentes-olavarrienses-del-frente-renovador","status":"publish","type":"post","link":"https:\/\/experienciadevida.com.ar\/portalurbano\/sergio-massa-recibio-en-la-camara-de-diputados-a-los-referentes-olavarrienses-del-frente-renovador\/","title":{"rendered":"Sergio Massa recibi\u00f3 en la C\u00e1mara de Diputados a los referentes olavarrienses del Frente Renovador"},"content":{"rendered":"<p>Sergio Massa recibi\u00f3 en la C\u00e1mara de Diputados a los referentes olavarrienses del Frente Renovador, fue en la tarde del lunes. En la reuni\u00f3n participaron In\u00e9s <a href=\"https:\/\/www.facebook.com\/IneCreimer\">Creimer<\/a> y Eduardo <a href=\"https:\/\/www.facebook.com\/rodriguezolav\">Rodr\u00edguez<\/a>, y el subdelegado de CNRT Olavarr\u00eda, Gast\u00f3n <a href=\"https:\/\/www.instagram.com\/gastonsarachu\/?hl=es-la\">Sarachu<\/a>.<\/p>\n<p>El encuentro tuvo lugar en la tarde del lunes, extendi\u00e9ndose por alrededor de una hora, en donde Sergio Massa reafirm\u00f3 la importancia de la gesti\u00f3n del Gobierno Nacional para la recuperaci\u00f3n de la Argentina.<\/p>\n<p>Sergio Massa se\u00f1al\u00f3 a los olavarrienses la &#8220;importancia y consolidaci\u00f3n del trabajo del Frente de Todos, con unidad en la diversidad. Argentina va a<br \/>\nsalir adelante si nos encuentra con uni\u00f3n. Es clave entender que el esfuerzo en conjunto del Estado con cada habitante de nuestro pa\u00eds es el<br \/>\ncamino para superar los desaf\u00edos que se nos presentan\u201d.<\/p>\n<p>Sergio Massa recibi\u00f3 en la C\u00e1mara de Dipuatados a los referentes Olavarrienses del Frente Renovador, sobre la reuni\u00f3n, el concejal Eduardo Rodr\u00edguez manifest\u00f3 que \u201cpudimos transmitirle al presidente de la C\u00e1mara de Diputados de la Naci\u00f3n el intenso trabajo comunitario y social que viene realizando el Frente Renovador en Olavarr\u00eda\u201d.<\/p>\n<p>En este sentido, el concejal agreg\u00f3 que \u201cla tarea es poner el foco en los ciudadanos y ciudadanas. Esto significa recuperar la econom\u00eda, generar trabajo, avanzar con la vacunaci\u00f3n y los cuidados sanitarios contra el COVID-19. \u201cEstas deben ser la prioridades del Frente de Todos\u201d, culmin\u00f3 Rodr\u00edguez.<\/p>\n","protected":false},"excerpt":{"rendered":"<p>Sergio Massa recibi\u00f3 en la C\u00e1mara de Diputados a los referentes olavarrienses del Frente Renovador,&#8230;<\/p>\n","protected":false},"author":1,"featured_media":146929,"comment_status":"closed","ping_status":"closed","sticky":false,"template":"","format":"standard","meta":{"content-type":""},"categories":[51,43],"tags":[],"nelio_content":{"isAutoShareEnabled":false,"autoShareEndMode":"default","automationSources":{"useContentSentences":true,"useSocialTemplates":true,"useCustomSentences":false,"customSentences":[]},"followers":[1],"suggestedReferences":[],"includedReferences":["https:\/\/www.instagram.com\/gastonsarachu\/?hl=es-la"],"efiUrl":"","efiAlt":"","highlights":[]},"yoast_head":"<!-- This site is optimized with the Yoast SEO plugin v20.7 - https:\/\/yoast.com\/wordpress\/plugins\/seo\/ -->\n<title>Sergio Massa recibi\u00f3 en la C\u00e1mara de Diputados a Olavarrienses<\/title>\n<meta name=\"description\" content=\"Sergio Massa recibi\u00f3 en la C\u00e1mara de Diputados a los referentes olavarrienses del Frente Renovador, fue en la tarde del lunes\" \/>\n<meta name=\"robots\" content=\"index, follow, max-snippet:-1, max-image-preview:large, max-video-preview:-1\" \/>\n<link rel=\"canonical\" href=\"https:\/\/experienciadevida.com.ar\/portalurbano\/sergio-massa-recibio-en-la-camara-de-diputados-a-los-referentes-olavarrienses-del-frente-renovador\/\" \/>\n<meta property=\"og:locale\" content=\"es_ES\" \/>\n<meta property=\"og:type\" content=\"article\" \/>\n<meta property=\"og:title\" content=\"Sergio Massa recibi\u00f3 en la C\u00e1mara de Diputados a Olavarrienses\" \/>\n<meta property=\"og:description\" content=\"Sergio Massa recibi\u00f3 en la C\u00e1mara de Diputados a los referentes olavarrienses del Frente Renovador, fue en la tarde del lunes\" \/>\n<meta property=\"og:url\" content=\"https:\/\/experienciadevida.com.ar\/portalurbano\/sergio-massa-recibio-en-la-camara-de-diputados-a-los-referentes-olavarrienses-del-frente-renovador\/\" \/>\n<meta property=\"article:publisher\" content=\"https:\/\/www.facebook.com\/Portal-Urbano-171542830093757\/\" \/>\n<meta property=\"article:published_time\" content=\"2021-07-06T15:21:38+00:00\" \/>\n<meta property=\"article:modified_time\" content=\"2021-07-06T15:28:46+00:00\" \/>\n<meta property=\"og:image\" content=\"https:\/\/experienciadevida.com.ar\/portalurbano\/wp-content\/uploads\/2021\/07\/Sergio-Massa-recibio-en-la.jpeg\" \/>\n\t<meta property=\"og:image:width\" content=\"1280\" \/>\n\t<meta property=\"og:image:height\" content=\"853\" \/>\n\t<meta property=\"og:image:type\" content=\"image\/jpeg\" \/>\n<meta name=\"author\" content=\"admpu17wp\" \/>\n<meta name=\"twitter:card\" content=\"summary_large_image\" \/>\n<meta name=\"twitter:creator\" content=\"@portalurbanook\" \/>\n<meta name=\"twitter:site\" content=\"@portalurbanook\" \/>\n<meta name=\"twitter:label1\" content=\"Escrito por\" \/>\n\t<meta name=\"twitter:data1\" content=\"admpu17wp\" \/>\n\t<meta name=\"twitter:label2\" content=\"Tiempo de lectura\" \/>\n\t<meta name=\"twitter:data2\" content=\"1 minuto\" \/>\n<script type=\"application\/ld+json\" class=\"yoast-schema-graph\">{\"@context\":\"https:\/\/schema.org\",\"@graph\":[{\"@type\":\"Article\",\"@id\":\"https:\/\/experienciadevida.com.ar\/portalurbano\/sergio-massa-recibio-en-la-camara-de-diputados-a-los-referentes-olavarrienses-del-frente-renovador\/#article\",\"isPartOf\":{\"@id\":\"https:\/\/experienciadevida.com.ar\/portalurbano\/sergio-massa-recibio-en-la-camara-de-diputados-a-los-referentes-olavarrienses-del-frente-renovador\/\"},\"author\":{\"name\":\"admpu17wp\",\"@id\":\"https:\/\/experienciadevida.com.ar\/portalurbano\/#\/schema\/person\/02dd326b1c4b056e9cc972486934a3a7\"},\"headline\":\"Sergio Massa recibi\u00f3 en la C\u00e1mara de Diputados a los referentes olavarrienses del Frente Renovador\",\"datePublished\":\"2021-07-06T15:21:38+00:00\",\"dateModified\":\"2021-07-06T15:28:46+00:00\",\"mainEntityOfPage\":{\"@id\":\"https:\/\/experienciadevida.com.ar\/portalurbano\/sergio-massa-recibio-en-la-camara-de-diputados-a-los-referentes-olavarrienses-del-frente-renovador\/\"},\"wordCount\":266,\"publisher\":{\"@id\":\"https:\/\/experienciadevida.com.ar\/portalurbano\/#organization\"},\"articleSection\":[\"Destacadas\",\"Pol\u00edtica\"],\"inLanguage\":\"es\"},{\"@type\":\"WebPage\",\"@id\":\"https:\/\/experienciadevida.com.ar\/portalurbano\/sergio-massa-recibio-en-la-camara-de-diputados-a-los-referentes-olavarrienses-del-frente-renovador\/\",\"url\":\"https:\/\/experienciadevida.com.ar\/portalurbano\/sergio-massa-recibio-en-la-camara-de-diputados-a-los-referentes-olavarrienses-del-frente-renovador\/\",\"name\":\"Sergio Massa recibi\u00f3 en la C\u00e1mara de Diputados a Olavarrienses\",\"isPartOf\":{\"@id\":\"https:\/\/experienciadevida.com.ar\/portalurbano\/#website\"},\"datePublished\":\"2021-07-06T15:21:38+00:00\",\"dateModified\":\"2021-07-06T15:28:46+00:00\",\"description\":\"Sergio Massa recibi\u00f3 en la C\u00e1mara de Diputados a los referentes olavarrienses del Frente Renovador, fue en la tarde del lunes\",\"breadcrumb\":{\"@id\":\"https:\/\/experienciadevida.com.ar\/portalurbano\/sergio-massa-recibio-en-la-camara-de-diputados-a-los-referentes-olavarrienses-del-frente-renovador\/#breadcrumb\"},\"inLanguage\":\"es\",\"potentialAction\":[{\"@type\":\"ReadAction\",\"target\":[\"https:\/\/experienciadevida.com.ar\/portalurbano\/sergio-massa-recibio-en-la-camara-de-diputados-a-los-referentes-olavarrienses-del-frente-renovador\/\"]}]},{\"@type\":\"BreadcrumbList\",\"@id\":\"https:\/\/experienciadevida.com.ar\/portalurbano\/sergio-massa-recibio-en-la-camara-de-diputados-a-los-referentes-olavarrienses-del-frente-renovador\/#breadcrumb\",\"itemListElement\":[{\"@type\":\"ListItem\",\"position\":1,\"name\":\"Portada\",\"item\":\"https:\/\/experienciadevida.com.ar\/portalurbano\/\"},{\"@type\":\"ListItem\",\"position\":2,\"name\":\"Sergio Massa recibi\u00f3 en la C\u00e1mara de Diputados a los referentes olavarrienses del Frente Renovador\"}]},{\"@type\":\"WebSite\",\"@id\":\"https:\/\/experienciadevida.com.ar\/portalurbano\/#website\",\"url\":\"https:\/\/experienciadevida.com.ar\/portalurbano\/\",\"name\":\"\",\"description\":\"\",\"publisher\":{\"@id\":\"https:\/\/experienciadevida.com.ar\/portalurbano\/#organization\"},\"potentialAction\":[{\"@type\":\"SearchAction\",\"target\":{\"@type\":\"EntryPoint\",\"urlTemplate\":\"https:\/\/experienciadevida.com.ar\/portalurbano\/?s={search_term_string}\"},\"query-input\":\"required name=search_term_string\"}],\"inLanguage\":\"es\"},{\"@type\":\"Organization\",\"@id\":\"https:\/\/experienciadevida.com.ar\/portalurbano\/#organization\",\"name\":\"Portal Urbano\",\"url\":\"https:\/\/experienciadevida.com.ar\/portalurbano\/\",\"logo\":{\"@type\":\"ImageObject\",\"inLanguage\":\"es\",\"@id\":\"https:\/\/experienciadevida.com.ar\/portalurbano\/#\/schema\/logo\/image\/\",\"url\":\"https:\/\/experienciadevida.com.ar\/portalurbano\/wp-content\/uploads\/2019\/09\/Logo-Original.png\",\"contentUrl\":\"https:\/\/experienciadevida.com.ar\/portalurbano\/wp-content\/uploads\/2019\/09\/Logo-Original.png\",\"width\":2236,\"height\":1216,\"caption\":\"Portal Urbano\"},\"image\":{\"@id\":\"https:\/\/experienciadevida.com.ar\/portalurbano\/#\/schema\/logo\/image\/\"},\"sameAs\":[\"https:\/\/www.facebook.com\/Portal-Urbano-171542830093757\/\",\"https:\/\/twitter.com\/portalurbanook\",\"https:\/\/www.instagram.com\/_portalurbano\/\",\"https:\/\/www.youtube.com\/channel\/UCXhagIfszH8KxFiOok79zbA?view_as=subscriber\"]},{\"@type\":\"Person\",\"@id\":\"https:\/\/experienciadevida.com.ar\/portalurbano\/#\/schema\/person\/02dd326b1c4b056e9cc972486934a3a7\",\"name\":\"admpu17wp\",\"image\":{\"@type\":\"ImageObject\",\"inLanguage\":\"es\",\"@id\":\"https:\/\/experienciadevida.com.ar\/portalurbano\/#\/schema\/person\/image\/\",\"url\":\"https:\/\/secure.gravatar.com\/avatar\/830d4c57adaae6630765e449a6908047?s=96&d=mm&r=g\",\"contentUrl\":\"https:\/\/secure.gravatar.com\/avatar\/830d4c57adaae6630765e449a6908047?s=96&d=mm&r=g\",\"caption\":\"admpu17wp\"}}]}<\/script>\n<!-- \/ Yoast SEO plugin. -->","yoast_head_json":{"title":"Sergio Massa recibi\u00f3 en la C\u00e1mara de Diputados a Olavarrienses","description":"Sergio Massa recibi\u00f3 en la C\u00e1mara de Diputados a los referentes olavarrienses del Frente Renovador, fue en la tarde del lunes","robots":{"index":"index","follow":"follow","max-snippet":"max-snippet:-1","max-image-preview":"max-image-preview:large","max-video-preview":"max-video-preview:-1"},"canonical":"https:\/\/experienciadevida.com.ar\/portalurbano\/sergio-massa-recibio-en-la-camara-de-diputados-a-los-referentes-olavarrienses-del-frente-renovador\/","og_locale":"es_ES","og_type":"article","og_title":"Sergio Massa recibi\u00f3 en la C\u00e1mara de Diputados a Olavarrienses","og_description":"Sergio Massa recibi\u00f3 en la C\u00e1mara de Diputados a los referentes olavarrienses del Frente Renovador, fue en la tarde del lunes","og_url":"https:\/\/experienciadevida.com.ar\/portalurbano\/sergio-massa-recibio-en-la-camara-de-diputados-a-los-referentes-olavarrienses-del-frente-renovador\/","article_publisher":"https:\/\/www.facebook.com\/Portal-Urbano-171542830093757\/","article_published_time":"2021-07-06T15:21:38+00:00","article_modified_time":"2021-07-06T15:28:46+00:00","og_image":[{"width":1280,"height":853,"url":"https:\/\/experienciadevida.com.ar\/portalurbano\/wp-content\/uploads\/2021\/07\/Sergio-Massa-recibio-en-la.jpeg","type":"image\/jpeg"}],"author":"admpu17wp","twitter_card":"summary_large_image","twitter_creator":"@portalurbanook","twitter_site":"@portalurbanook","twitter_misc":{"Escrito por":"admpu17wp","Tiempo de lectura":"1 minuto"},"schema":{"@context":"https:\/\/schema.org","@graph":[{"@type":"Article","@id":"https:\/\/experienciadevida.com.ar\/portalurbano\/sergio-massa-recibio-en-la-camara-de-diputados-a-los-referentes-olavarrienses-del-frente-renovador\/#article","isPartOf":{"@id":"https:\/\/experienciadevida.com.ar\/portalurbano\/sergio-massa-recibio-en-la-camara-de-diputados-a-los-referentes-olavarrienses-del-frente-renovador\/"},"author":{"name":"admpu17wp","@id":"https:\/\/experienciadevida.com.ar\/portalurbano\/#\/schema\/person\/02dd326b1c4b056e9cc972486934a3a7"},"headline":"Sergio Massa recibi\u00f3 en la C\u00e1mara de Diputados a los referentes olavarrienses del Frente Renovador","datePublished":"2021-07-06T15:21:38+00:00","dateModified":"2021-07-06T15:28:46+00:00","mainEntityOfPage":{"@id":"https:\/\/experienciadevida.com.ar\/portalurbano\/sergio-massa-recibio-en-la-camara-de-diputados-a-los-referentes-olavarrienses-del-frente-renovador\/"},"wordCount":266,"publisher":{"@id":"https:\/\/experienciadevida.com.ar\/portalurbano\/#organization"},"articleSection":["Destacadas","Pol\u00edtica"],"inLanguage":"es"},{"@type":"WebPage","@id":"https:\/\/experienciadevida.com.ar\/portalurbano\/sergio-massa-recibio-en-la-camara-de-diputados-a-los-referentes-olavarrienses-del-frente-renovador\/","url":"https:\/\/experienciadevida.com.ar\/portalurbano\/sergio-massa-recibio-en-la-camara-de-diputados-a-los-referentes-olavarrienses-del-frente-renovador\/","name":"Sergio Massa recibi\u00f3 en la C\u00e1mara de Diputados a Olavarrienses","isPartOf":{"@id":"https:\/\/experienciadevida.com.ar\/portalurbano\/#website"},"datePublished":"2021-07-06T15:21:38+00:00","dateModified":"2021-07-06T15:28:46+00:00","description":"Sergio Massa recibi\u00f3 en la C\u00e1mara de Diputados a los referentes olavarrienses del Frente Renovador, fue en la tarde del lunes","breadcrumb":{"@id":"https:\/\/experienciadevida.com.ar\/portalurbano\/sergio-massa-recibio-en-la-camara-de-diputados-a-los-referentes-olavarrienses-del-frente-renovador\/#breadcrumb"},"inLanguage":"es","potentialAction":[{"@type":"ReadAction","target":["https:\/\/experienciadevida.com.ar\/portalurbano\/sergio-massa-recibio-en-la-camara-de-diputados-a-los-referentes-olavarrienses-del-frente-renovador\/"]}]},{"@type":"BreadcrumbList","@id":"https:\/\/experienciadevida.com.ar\/portalurbano\/sergio-massa-recibio-en-la-camara-de-diputados-a-los-referentes-olavarrienses-del-frente-renovador\/#breadcrumb","itemListElement":[{"@type":"ListItem","position":1,"name":"Portada","item":"https:\/\/experienciadevida.com.ar\/portalurbano\/"},{"@type":"ListItem","position":2,"name":"Sergio Massa recibi\u00f3 en la C\u00e1mara de Diputados a los referentes olavarrienses del Frente Renovador"}]},{"@type":"WebSite","@id":"https:\/\/experienciadevida.com.ar\/portalurbano\/#website","url":"https:\/\/experienciadevida.com.ar\/portalurbano\/","name":"","description":"","publisher":{"@id":"https:\/\/experienciadevida.com.ar\/portalurbano\/#organization"},"potentialAction":[{"@type":"SearchAction","target":{"@type":"EntryPoint","urlTemplate":"https:\/\/experienciadevida.com.ar\/portalurbano\/?s={search_term_string}"},"query-input":"required name=search_term_string"}],"inLanguage":"es"},{"@type":"Organization","@id":"https:\/\/experienciadevida.com.ar\/portalurbano\/#organization","name":"Portal Urbano","url":"https:\/\/experienciadevida.com.ar\/portalurbano\/","logo":{"@type":"ImageObject","inLanguage":"es","@id":"https:\/\/experienciadevida.com.ar\/portalurbano\/#\/schema\/logo\/image\/","url":"https:\/\/experienciadevida.com.ar\/portalurbano\/wp-content\/uploads\/2019\/09\/Logo-Original.png","contentUrl":"https:\/\/experienciadevida.com.ar\/portalurbano\/wp-content\/uploads\/2019\/09\/Logo-Original.png","width":2236,"height":1216,"caption":"Portal Urbano"},"image":{"@id":"https:\/\/experienciadevida.com.ar\/portalurbano\/#\/schema\/logo\/image\/"},"sameAs":["https:\/\/www.facebook.com\/Portal-Urbano-171542830093757\/","https:\/\/twitter.com\/portalurbanook","https:\/\/www.instagram.com\/_portalurbano\/","https:\/\/www.youtube.com\/channel\/UCXhagIfszH8KxFiOok79zbA?view_as=subscriber"]},{"@type":"Person","@id":"https:\/\/experienciadevida.com.ar\/portalurbano\/#\/schema\/person\/02dd326b1c4b056e9cc972486934a3a7","name":"admpu17wp","image":{"@type":"ImageObject","inLanguage":"es","@id":"https:\/\/experienciadevida.com.ar\/portalurbano\/#\/schema\/person\/image\/","url":"https:\/\/secure.gravatar.com\/avatar\/830d4c57adaae6630765e449a6908047?s=96&d=mm&r=g","contentUrl":"https:\/\/secure.gravatar.com\/avatar\/830d4c57adaae6630765e449a6908047?s=96&d=mm&r=g","caption":"admpu17wp"}}]}},"featured_image_urls":{"full":["https:\/\/experienciadevida.com.ar\/portalurbano\/wp-content\/uploads\/2021\/07\/Sergio-Massa-recibio-en-la.jpeg",1280,853,false],"thumbnail":["https:\/\/experienciadevida.com.ar\/portalurbano\/wp-content\/uploads\/2021\/07\/Sergio-Massa-recibio-en-la-150x150.jpeg",150,150,true],"medium":["https:\/\/experienciadevida.com.ar\/portalurbano\/wp-content\/uploads\/2021\/07\/Sergio-Massa-recibio-en-la-300x200.jpeg",300,200,true],"medium_large":["https:\/\/experienciadevida.com.ar\/portalurbano\/wp-content\/uploads\/2021\/07\/Sergio-Massa-recibio-en-la-768x512.jpeg",640,427,true],"large":["https:\/\/experienciadevida.com.ar\/portalurbano\/wp-content\/uploads\/2021\/07\/Sergio-Massa-recibio-en-la-1024x682.jpeg",640,426,true],"ug_big":["https:\/\/experienciadevida.com.ar\/portalurbano\/wp-content\/uploads\/2021\/07\/Sergio-Massa-recibio-en-la-768x512.jpeg",768,512,true],"1536x1536":["https:\/\/experienciadevida.com.ar\/portalurbano\/wp-content\/uploads\/2021\/07\/Sergio-Massa-recibio-en-la.jpeg",1280,853,false],"2048x2048":["https:\/\/experienciadevida.com.ar\/portalurbano\/wp-content\/uploads\/2021\/07\/Sergio-Massa-recibio-en-la.jpeg",1280,853,false],"newsever-slider-full":["https:\/\/experienciadevida.com.ar\/portalurbano\/wp-content\/uploads\/2021\/07\/Sergio-Massa-recibio-en-la.jpeg",1268,845,false],"newsever-featured":["https:\/\/experienciadevida.com.ar\/portalurbano\/wp-content\/uploads\/2021\/07\/Sergio-Massa-recibio-en-la.jpeg",1024,682,false],"newsever-medium":["https:\/\/experienciadevida.com.ar\/portalurbano\/wp-content\/uploads\/2021\/07\/Sergio-Massa-recibio-en-la.jpeg",713,475,false],"web-stories-poster-portrait":["https:\/\/experienciadevida.com.ar\/portalurbano\/wp-content\/uploads\/2021\/07\/Sergio-Massa-recibio-en-la.jpeg",640,427,false],"web-stories-publisher-logo":["https:\/\/experienciadevida.com.ar\/portalurbano\/wp-content\/uploads\/2021\/07\/Sergio-Massa-recibio-en-la.jpeg",96,64,false],"web-stories-thumbnail":["https:\/\/experienciadevida.com.ar\/portalurbano\/wp-content\/uploads\/2021\/07\/Sergio-Massa-recibio-en-la.jpeg",150,100,false]},"author_info":{"display_name":"admpu17wp","author_link":"https:\/\/experienciadevida.com.ar\/portalurbano\/author\/admpu17wp\/"},"category_info":"<a href=\"https:\/\/experienciadevida.com.ar\/portalurbano\/category\/destacadas\/\" rel=\"category tag\">Destacadas<\/a> <a href=\"https:\/\/experienciadevida.com.ar\/portalurbano\/category\/politica\/\" rel=\"category tag\">Pol\u00edtica<\/a>","tag_info":"Pol\u00edtica","comment_count":"0","amp_enabled":true,"_links":{"self":[{"href":"https:\/\/experienciadevida.com.ar\/portalurbano\/wp-json\/wp\/v2\/posts\/146928"}],"collection":[{"href":"https:\/\/experienciadevida.com.ar\/portalurbano\/wp-json\/wp\/v2\/posts"}],"about":[{"href":"https:\/\/experienciadevida.com.ar\/portalurbano\/wp-json\/wp\/v2\/types\/post"}],"author":[{"embeddable":true,"href":"https:\/\/experienciadevida.com.ar\/portalurbano\/wp-json\/wp\/v2\/users\/1"}],"replies":[{"embeddable":true,"href":"https:\/\/experienciadevida.com.ar\/portalurbano\/wp-json\/wp\/v2\/comments?post=146928"}],"version-history":[{"count":3,"href":"https:\/\/experienciadevida.com.ar\/portalurbano\/wp-json\/wp\/v2\/posts\/146928\/revisions"}],"predecessor-version":[{"id":146932,"href":"https:\/\/experienciadevida.com.ar\/portalurbano\/wp-json\/wp\/v2\/posts\/146928\/revisions\/146932"}],"wp:featuredmedia":[{"embeddable":true,"href":"https:\/\/experienciadevida.com.ar\/portalurbano\/wp-json\/wp\/v2\/media\/146929"}],"wp:attachment":[{"href":"https:\/\/experienciadevida.com.ar\/portalurbano\/wp-json\/wp\/v2\/media?parent=146928"}],"wp:term":[{"taxonomy":"category","embeddable":true,"href":"https:\/\/experienciadevida.com.ar\/portalurbano\/wp-json\/wp\/v2\/categories?post=146928"},{"taxonomy":"post_tag","embeddable":true,"href":"https:\/\/experienciadevida.com.ar\/portalurbano\/wp-json\/wp\/v2\/tags?post=146928"}],"curies":[{"name":"wp","href":"https:\/\/api.w.org\/{rel}","templated":true}]}}