{"id":146687,"date":"2021-07-02T21:57:54","date_gmt":"2021-07-03T00:57:54","guid":{"rendered":"https:\/\/experienciadevida.com.ar\/portalurbano\/?p=146687"},"modified":"2021-07-02T22:02:09","modified_gmt":"2021-07-03T01:02:09","slug":"procrear-cuando-nos-hablaban-me-daban-ganas-de-llorar-porque-la-verdad-que-es-el-sueno-de-nosotros-como-familia","status":"publish","type":"post","link":"https:\/\/experienciadevida.com.ar\/portalurbano\/procrear-cuando-nos-hablaban-me-daban-ganas-de-llorar-porque-la-verdad-que-es-el-sueno-de-nosotros-como-familia\/","title":{"rendered":"Procrear: \u201cCuando nos hablaban, me daban ganas de llorar, porque la verdad, que es el sue\u00f1o de nosotros como familia\u201d"},"content":{"rendered":"<p>Procrear: \u201cCuando nos hablaban, me daban ganas de llorar, porque la verdad, que es el sue\u00f1o de nosotros como familia\u201d, as\u00ed lo manifest\u00f3 una de las integrantes de 12 familias olavarrienses que empiezan hacer posible el sue\u00f1o de su casa propia.<\/p>\n<p>Hoy por la tarde, 12 familias de nuestra ciudad participaron de un acto virtual en el marco de la firma de cr\u00e9ditos otorgados para la l\u00ednea Lotes con Viviendas a Construir del Procrear II, que impulsa el Ministerio de Desarrollo Territorial y H\u00e1bitat del Gobierno Nacional.<\/p>\n<p>La aprobaci\u00f3n de 12 cr\u00e9ditos para familias olavarrienses, de un total de 97 sorteadas, se formaliz\u00f3 en un acto que tuvo lugar de manera virtual y fue encabezado por el Ministro nacional, Jorge Ferraresi. Participaron del mismo 4 familias de las 12 y fueron acompa\u00f1adas por el responsable de la Delegaci\u00f3n de ANSES Olavarr\u00eda <a href=\"https:\/\/www.facebook.com\/Maximiliano-Wesner-112197630546124\">Maximiliano Wesner.<\/a><\/p>\n<p>En ese sentido el representante de ANSES local destac\u00f3 que &#8220;con estas pol\u00edticas p\u00fablicas del gobierno nacional se empieza a poner en marcha al pa\u00eds, se pone en marcha la econom\u00eda a trav\u00e9s del trabajo. Como dijo el Ministro Ferraresi a las familias presentes, es necesario que les cuenten a m\u00e1s argentinos sobre estos Programas, para que cada vez m\u00e1s argentinos se sumen y que la vivienda empiece a ser un derecho&#8221;<\/p>\n<p>En el marco de la charla con las distintas familias Wesner se\u00f1al\u00f3 &#8220;cada cr\u00e9dito que ustedes toman y empiezan a construir son dos o tres puestos de trabajo que impactan directamente en la regi\u00f3n y de esta forma se empieza a recuperar a la Argentina a trav\u00e9s del trabajo y de un Estado presente&#8221;.<\/p>\n<p>Por \u00faltimo, una de las beneficiarias del cr\u00e9dito indic\u00f3 &#8220;no lo puedo creer, no cre\u00ed que me pod\u00eda pasar, de echo cuando me llamaron no entend\u00eda nada, no sabia que me estaban diciendo. Al principio asustada, porque hab\u00eda que seguir pasos, pero a medida que \u00edbamos avanzando una emoci\u00f3n sumamente grande, ya que cre\u00eda que nunca nos iba a pasar. Cuando nos hablaban, me daban ganas de llorar, porque la verdad, que es el sue\u00f1o de nosotros como familia&#8221;.<\/p>\n<p><a href=\"https:\/\/experienciadevida.com.ar\/portalurbano\/procrear-cuando-nos-hablaban-me-daban-ganas-de-llorar-porque-la-verdad-que-es-el-sueno-de-nosotros-como-familia\/b221efc7-fe9f-44fe-a933-41852a3c1eea\/\" rel=\"attachment wp-att-146691\"><img decoding=\"async\" class=\"alignnone size-large wp-image-146691\" src=\"https:\/\/experienciadevida.com.ar\/portalurbano\/wp-content\/uploads\/2021\/07\/b221efc7-fe9f-44fe-a933-41852a3c1eea-1024x766.jpg\" alt=\"\" width=\"900\" height=\"673\" srcset=\"https:\/\/experienciadevida.com.ar\/portalurbano\/wp-content\/uploads\/2021\/07\/b221efc7-fe9f-44fe-a933-41852a3c1eea-1024x766.jpg 1024w, https:\/\/experienciadevida.com.ar\/portalurbano\/wp-content\/uploads\/2021\/07\/b221efc7-fe9f-44fe-a933-41852a3c1eea-300x225.jpg 300w, https:\/\/experienciadevida.com.ar\/portalurbano\/wp-content\/uploads\/2021\/07\/b221efc7-fe9f-44fe-a933-41852a3c1eea-768x575.jpg 768w, https:\/\/experienciadevida.com.ar\/portalurbano\/wp-content\/uploads\/2021\/07\/b221efc7-fe9f-44fe-a933-41852a3c1eea.jpg 1280w\" sizes=\"(max-width: 900px) 100vw, 900px\" \/><\/a><\/p>\n<p><a href=\"https:\/\/experienciadevida.com.ar\/portalurbano\/procrear-cuando-nos-hablaban-me-daban-ganas-de-llorar-porque-la-verdad-que-es-el-sueno-de-nosotros-como-familia\/1cf0266f-0805-4c4c-b602-fd678f6f7f7f\/\" rel=\"attachment wp-att-146693\"><img decoding=\"async\" class=\"alignnone size-large wp-image-146693\" src=\"https:\/\/experienciadevida.com.ar\/portalurbano\/wp-content\/uploads\/2021\/07\/1cf0266f-0805-4c4c-b602-fd678f6f7f7f-1024x766.jpg\" alt=\"\" width=\"900\" height=\"673\" srcset=\"https:\/\/experienciadevida.com.ar\/portalurbano\/wp-content\/uploads\/2021\/07\/1cf0266f-0805-4c4c-b602-fd678f6f7f7f-1024x766.jpg 1024w, https:\/\/experienciadevida.com.ar\/portalurbano\/wp-content\/uploads\/2021\/07\/1cf0266f-0805-4c4c-b602-fd678f6f7f7f-300x225.jpg 300w, https:\/\/experienciadevida.com.ar\/portalurbano\/wp-content\/uploads\/2021\/07\/1cf0266f-0805-4c4c-b602-fd678f6f7f7f-768x575.jpg 768w, https:\/\/experienciadevida.com.ar\/portalurbano\/wp-content\/uploads\/2021\/07\/1cf0266f-0805-4c4c-b602-fd678f6f7f7f.jpg 1280w\" sizes=\"(max-width: 900px) 100vw, 900px\" \/><\/a><\/p>\n<p><a href=\"https:\/\/experienciadevida.com.ar\/portalurbano\/procrear-cuando-nos-hablaban-me-daban-ganas-de-llorar-porque-la-verdad-que-es-el-sueno-de-nosotros-como-familia\/bb674cd5-6261-498b-8dc4-eb4a4af0b457\/\" rel=\"attachment wp-att-146694\"><img decoding=\"async\" class=\"alignnone size-large wp-image-146694\" src=\"https:\/\/experienciadevida.com.ar\/portalurbano\/wp-content\/uploads\/2021\/07\/bb674cd5-6261-498b-8dc4-eb4a4af0b457-1024x766.jpg\" alt=\"\" width=\"900\" height=\"673\" srcset=\"https:\/\/experienciadevida.com.ar\/portalurbano\/wp-content\/uploads\/2021\/07\/bb674cd5-6261-498b-8dc4-eb4a4af0b457-1024x766.jpg 1024w, https:\/\/experienciadevida.com.ar\/portalurbano\/wp-content\/uploads\/2021\/07\/bb674cd5-6261-498b-8dc4-eb4a4af0b457-300x225.jpg 300w, https:\/\/experienciadevida.com.ar\/portalurbano\/wp-content\/uploads\/2021\/07\/bb674cd5-6261-498b-8dc4-eb4a4af0b457-768x575.jpg 768w, https:\/\/experienciadevida.com.ar\/portalurbano\/wp-content\/uploads\/2021\/07\/bb674cd5-6261-498b-8dc4-eb4a4af0b457.jpg 1280w\" sizes=\"(max-width: 900px) 100vw, 900px\" \/><\/a><\/p>\n","protected":false},"excerpt":{"rendered":"<p>Procrear: \u201cCuando nos hablaban, me daban ganas de llorar, porque la verdad, que es el&#8230;<\/p>\n","protected":false},"author":1,"featured_media":146688,"comment_status":"closed","ping_status":"closed","sticky":false,"template":"","format":"standard","meta":{"content-type":""},"categories":[27,64],"tags":[],"nelio_content":{"isAutoShareEnabled":false,"autoShareEndMode":"default","automationSources":{"useContentSentences":true,"useSocialTemplates":true,"useCustomSentences":false,"customSentences":[]},"followers":[1],"suggestedReferences":[],"includedReferences":[],"efiUrl":"","efiAlt":"","highlights":[]},"yoast_head":"<!-- This site is optimized with the Yoast SEO plugin v20.7 - https:\/\/yoast.com\/wordpress\/plugins\/seo\/ -->\n<title>Procrear: &quot;Cuando nos hablaban me daban ganas de llorar&quot;<\/title>\n<meta name=\"description\" content=\"Procrear: \u201cCuando nos hablaban, me daban ganas de llorar, porque la verdad, que es el sue\u00f1o de nosotros como familia\u201d, integrante\" \/>\n<meta name=\"robots\" content=\"index, follow, max-snippet:-1, max-image-preview:large, max-video-preview:-1\" \/>\n<link rel=\"canonical\" href=\"https:\/\/experienciadevida.com.ar\/portalurbano\/procrear-cuando-nos-hablaban-me-daban-ganas-de-llorar-porque-la-verdad-que-es-el-sueno-de-nosotros-como-familia\/\" \/>\n<meta property=\"og:locale\" content=\"es_ES\" \/>\n<meta property=\"og:type\" content=\"article\" \/>\n<meta property=\"og:title\" content=\"Procrear: &quot;Cuando nos hablaban me daban ganas de llorar&quot;\" \/>\n<meta property=\"og:description\" content=\"Procrear: \u201cCuando nos hablaban, me daban ganas de llorar, porque la verdad, que es el sue\u00f1o de nosotros como familia\u201d, integrante\" \/>\n<meta property=\"og:url\" content=\"https:\/\/experienciadevida.com.ar\/portalurbano\/procrear-cuando-nos-hablaban-me-daban-ganas-de-llorar-porque-la-verdad-que-es-el-sueno-de-nosotros-como-familia\/\" \/>\n<meta property=\"article:publisher\" content=\"https:\/\/www.facebook.com\/Portal-Urbano-171542830093757\/\" \/>\n<meta property=\"article:published_time\" content=\"2021-07-03T00:57:54+00:00\" \/>\n<meta property=\"article:modified_time\" content=\"2021-07-03T01:02:09+00:00\" \/>\n<meta property=\"og:image\" content=\"https:\/\/experienciadevida.com.ar\/portalurbano\/wp-content\/uploads\/2021\/07\/Procrear.jpg\" \/>\n\t<meta property=\"og:image:width\" content=\"1280\" \/>\n\t<meta property=\"og:image:height\" content=\"958\" \/>\n\t<meta property=\"og:image:type\" content=\"image\/jpeg\" \/>\n<meta name=\"author\" content=\"admpu17wp\" \/>\n<meta name=\"twitter:card\" content=\"summary_large_image\" \/>\n<meta name=\"twitter:creator\" content=\"@portalurbanook\" \/>\n<meta name=\"twitter:site\" content=\"@portalurbanook\" \/>\n<meta name=\"twitter:label1\" content=\"Escrito por\" \/>\n\t<meta name=\"twitter:data1\" content=\"admpu17wp\" \/>\n\t<meta name=\"twitter:label2\" content=\"Tiempo de lectura\" \/>\n\t<meta name=\"twitter:data2\" content=\"3 minutos\" \/>\n<script type=\"application\/ld+json\" class=\"yoast-schema-graph\">{\"@context\":\"https:\/\/schema.org\",\"@graph\":[{\"@type\":\"Article\",\"@id\":\"https:\/\/experienciadevida.com.ar\/portalurbano\/procrear-cuando-nos-hablaban-me-daban-ganas-de-llorar-porque-la-verdad-que-es-el-sueno-de-nosotros-como-familia\/#article\",\"isPartOf\":{\"@id\":\"https:\/\/experienciadevida.com.ar\/portalurbano\/procrear-cuando-nos-hablaban-me-daban-ganas-de-llorar-porque-la-verdad-que-es-el-sueno-de-nosotros-como-familia\/\"},\"author\":{\"name\":\"admpu17wp\",\"@id\":\"https:\/\/experienciadevida.com.ar\/portalurbano\/#\/schema\/person\/02dd326b1c4b056e9cc972486934a3a7\"},\"headline\":\"Procrear: \u201cCuando nos hablaban, me daban ganas de llorar, porque la verdad, que es el sue\u00f1o de nosotros como familia\u201d\",\"datePublished\":\"2021-07-03T00:57:54+00:00\",\"dateModified\":\"2021-07-03T01:02:09+00:00\",\"mainEntityOfPage\":{\"@id\":\"https:\/\/experienciadevida.com.ar\/portalurbano\/procrear-cuando-nos-hablaban-me-daban-ganas-de-llorar-porque-la-verdad-que-es-el-sueno-de-nosotros-como-familia\/\"},\"wordCount\":391,\"publisher\":{\"@id\":\"https:\/\/experienciadevida.com.ar\/portalurbano\/#organization\"},\"articleSection\":[\"Ciudad\",\"Destacadas 2\"],\"inLanguage\":\"es\"},{\"@type\":\"WebPage\",\"@id\":\"https:\/\/experienciadevida.com.ar\/portalurbano\/procrear-cuando-nos-hablaban-me-daban-ganas-de-llorar-porque-la-verdad-que-es-el-sueno-de-nosotros-como-familia\/\",\"url\":\"https:\/\/experienciadevida.com.ar\/portalurbano\/procrear-cuando-nos-hablaban-me-daban-ganas-de-llorar-porque-la-verdad-que-es-el-sueno-de-nosotros-como-familia\/\",\"name\":\"Procrear: \\\"Cuando nos hablaban me daban ganas de llorar\\\"\",\"isPartOf\":{\"@id\":\"https:\/\/experienciadevida.com.ar\/portalurbano\/#website\"},\"datePublished\":\"2021-07-03T00:57:54+00:00\",\"dateModified\":\"2021-07-03T01:02:09+00:00\",\"description\":\"Procrear: \u201cCuando nos hablaban, me daban ganas de llorar, porque la verdad, que es el sue\u00f1o de nosotros como familia\u201d, integrante\",\"breadcrumb\":{\"@id\":\"https:\/\/experienciadevida.com.ar\/portalurbano\/procrear-cuando-nos-hablaban-me-daban-ganas-de-llorar-porque-la-verdad-que-es-el-sueno-de-nosotros-como-familia\/#breadcrumb\"},\"inLanguage\":\"es\",\"potentialAction\":[{\"@type\":\"ReadAction\",\"target\":[\"https:\/\/experienciadevida.com.ar\/portalurbano\/procrear-cuando-nos-hablaban-me-daban-ganas-de-llorar-porque-la-verdad-que-es-el-sueno-de-nosotros-como-familia\/\"]}]},{\"@type\":\"BreadcrumbList\",\"@id\":\"https:\/\/experienciadevida.com.ar\/portalurbano\/procrear-cuando-nos-hablaban-me-daban-ganas-de-llorar-porque-la-verdad-que-es-el-sueno-de-nosotros-como-familia\/#breadcrumb\",\"itemListElement\":[{\"@type\":\"ListItem\",\"position\":1,\"name\":\"Portada\",\"item\":\"https:\/\/experienciadevida.com.ar\/portalurbano\/\"},{\"@type\":\"ListItem\",\"position\":2,\"name\":\"Procrear: \u201cCuando nos hablaban, me daban ganas de llorar, porque la verdad, que es el sue\u00f1o de nosotros como familia\u201d\"}]},{\"@type\":\"WebSite\",\"@id\":\"https:\/\/experienciadevida.com.ar\/portalurbano\/#website\",\"url\":\"https:\/\/experienciadevida.com.ar\/portalurbano\/\",\"name\":\"\",\"description\":\"\",\"publisher\":{\"@id\":\"https:\/\/experienciadevida.com.ar\/portalurbano\/#organization\"},\"potentialAction\":[{\"@type\":\"SearchAction\",\"target\":{\"@type\":\"EntryPoint\",\"urlTemplate\":\"https:\/\/experienciadevida.com.ar\/portalurbano\/?s={search_term_string}\"},\"query-input\":\"required name=search_term_string\"}],\"inLanguage\":\"es\"},{\"@type\":\"Organization\",\"@id\":\"https:\/\/experienciadevida.com.ar\/portalurbano\/#organization\",\"name\":\"Portal Urbano\",\"url\":\"https:\/\/experienciadevida.com.ar\/portalurbano\/\",\"logo\":{\"@type\":\"ImageObject\",\"inLanguage\":\"es\",\"@id\":\"https:\/\/experienciadevida.com.ar\/portalurbano\/#\/schema\/logo\/image\/\",\"url\":\"https:\/\/experienciadevida.com.ar\/portalurbano\/wp-content\/uploads\/2019\/09\/Logo-Original.png\",\"contentUrl\":\"https:\/\/experienciadevida.com.ar\/portalurbano\/wp-content\/uploads\/2019\/09\/Logo-Original.png\",\"width\":2236,\"height\":1216,\"caption\":\"Portal Urbano\"},\"image\":{\"@id\":\"https:\/\/experienciadevida.com.ar\/portalurbano\/#\/schema\/logo\/image\/\"},\"sameAs\":[\"https:\/\/www.facebook.com\/Portal-Urbano-171542830093757\/\",\"https:\/\/twitter.com\/portalurbanook\",\"https:\/\/www.instagram.com\/_portalurbano\/\",\"https:\/\/www.youtube.com\/channel\/UCXhagIfszH8KxFiOok79zbA?view_as=subscriber\"]},{\"@type\":\"Person\",\"@id\":\"https:\/\/experienciadevida.com.ar\/portalurbano\/#\/schema\/person\/02dd326b1c4b056e9cc972486934a3a7\",\"name\":\"admpu17wp\",\"image\":{\"@type\":\"ImageObject\",\"inLanguage\":\"es\",\"@id\":\"https:\/\/experienciadevida.com.ar\/portalurbano\/#\/schema\/person\/image\/\",\"url\":\"https:\/\/secure.gravatar.com\/avatar\/830d4c57adaae6630765e449a6908047?s=96&d=mm&r=g\",\"contentUrl\":\"https:\/\/secure.gravatar.com\/avatar\/830d4c57adaae6630765e449a6908047?s=96&d=mm&r=g\",\"caption\":\"admpu17wp\"}}]}<\/script>\n<!-- \/ Yoast SEO plugin. -->","yoast_head_json":{"title":"Procrear: \"Cuando nos hablaban me daban ganas de llorar\"","description":"Procrear: \u201cCuando nos hablaban, me daban ganas de llorar, porque la verdad, que es el sue\u00f1o de nosotros como familia\u201d, integrante","robots":{"index":"index","follow":"follow","max-snippet":"max-snippet:-1","max-image-preview":"max-image-preview:large","max-video-preview":"max-video-preview:-1"},"canonical":"https:\/\/experienciadevida.com.ar\/portalurbano\/procrear-cuando-nos-hablaban-me-daban-ganas-de-llorar-porque-la-verdad-que-es-el-sueno-de-nosotros-como-familia\/","og_locale":"es_ES","og_type":"article","og_title":"Procrear: \"Cuando nos hablaban me daban ganas de llorar\"","og_description":"Procrear: \u201cCuando nos hablaban, me daban ganas de llorar, porque la verdad, que es el sue\u00f1o de nosotros como familia\u201d, integrante","og_url":"https:\/\/experienciadevida.com.ar\/portalurbano\/procrear-cuando-nos-hablaban-me-daban-ganas-de-llorar-porque-la-verdad-que-es-el-sueno-de-nosotros-como-familia\/","article_publisher":"https:\/\/www.facebook.com\/Portal-Urbano-171542830093757\/","article_published_time":"2021-07-03T00:57:54+00:00","article_modified_time":"2021-07-03T01:02:09+00:00","og_image":[{"width":1280,"height":958,"url":"https:\/\/experienciadevida.com.ar\/portalurbano\/wp-content\/uploads\/2021\/07\/Procrear.jpg","type":"image\/jpeg"}],"author":"admpu17wp","twitter_card":"summary_large_image","twitter_creator":"@portalurbanook","twitter_site":"@portalurbanook","twitter_misc":{"Escrito por":"admpu17wp","Tiempo de lectura":"3 minutos"},"schema":{"@context":"https:\/\/schema.org","@graph":[{"@type":"Article","@id":"https:\/\/experienciadevida.com.ar\/portalurbano\/procrear-cuando-nos-hablaban-me-daban-ganas-de-llorar-porque-la-verdad-que-es-el-sueno-de-nosotros-como-familia\/#article","isPartOf":{"@id":"https:\/\/experienciadevida.com.ar\/portalurbano\/procrear-cuando-nos-hablaban-me-daban-ganas-de-llorar-porque-la-verdad-que-es-el-sueno-de-nosotros-como-familia\/"},"author":{"name":"admpu17wp","@id":"https:\/\/experienciadevida.com.ar\/portalurbano\/#\/schema\/person\/02dd326b1c4b056e9cc972486934a3a7"},"headline":"Procrear: \u201cCuando nos hablaban, me daban ganas de llorar, porque la verdad, que es el sue\u00f1o de nosotros como familia\u201d","datePublished":"2021-07-03T00:57:54+00:00","dateModified":"2021-07-03T01:02:09+00:00","mainEntityOfPage":{"@id":"https:\/\/experienciadevida.com.ar\/portalurbano\/procrear-cuando-nos-hablaban-me-daban-ganas-de-llorar-porque-la-verdad-que-es-el-sueno-de-nosotros-como-familia\/"},"wordCount":391,"publisher":{"@id":"https:\/\/experienciadevida.com.ar\/portalurbano\/#organization"},"articleSection":["Ciudad","Destacadas 2"],"inLanguage":"es"},{"@type":"WebPage","@id":"https:\/\/experienciadevida.com.ar\/portalurbano\/procrear-cuando-nos-hablaban-me-daban-ganas-de-llorar-porque-la-verdad-que-es-el-sueno-de-nosotros-como-familia\/","url":"https:\/\/experienciadevida.com.ar\/portalurbano\/procrear-cuando-nos-hablaban-me-daban-ganas-de-llorar-porque-la-verdad-que-es-el-sueno-de-nosotros-como-familia\/","name":"Procrear: \"Cuando nos hablaban me daban ganas de llorar\"","isPartOf":{"@id":"https:\/\/experienciadevida.com.ar\/portalurbano\/#website"},"datePublished":"2021-07-03T00:57:54+00:00","dateModified":"2021-07-03T01:02:09+00:00","description":"Procrear: \u201cCuando nos hablaban, me daban ganas de llorar, porque la verdad, que es el sue\u00f1o de nosotros como familia\u201d, integrante","breadcrumb":{"@id":"https:\/\/experienciadevida.com.ar\/portalurbano\/procrear-cuando-nos-hablaban-me-daban-ganas-de-llorar-porque-la-verdad-que-es-el-sueno-de-nosotros-como-familia\/#breadcrumb"},"inLanguage":"es","potentialAction":[{"@type":"ReadAction","target":["https:\/\/experienciadevida.com.ar\/portalurbano\/procrear-cuando-nos-hablaban-me-daban-ganas-de-llorar-porque-la-verdad-que-es-el-sueno-de-nosotros-como-familia\/"]}]},{"@type":"BreadcrumbList","@id":"https:\/\/experienciadevida.com.ar\/portalurbano\/procrear-cuando-nos-hablaban-me-daban-ganas-de-llorar-porque-la-verdad-que-es-el-sueno-de-nosotros-como-familia\/#breadcrumb","itemListElement":[{"@type":"ListItem","position":1,"name":"Portada","item":"https:\/\/experienciadevida.com.ar\/portalurbano\/"},{"@type":"ListItem","position":2,"name":"Procrear: \u201cCuando nos hablaban, me daban ganas de llorar, porque la verdad, que es el sue\u00f1o de nosotros como familia\u201d"}]},{"@type":"WebSite","@id":"https:\/\/experienciadevida.com.ar\/portalurbano\/#website","url":"https:\/\/experienciadevida.com.ar\/portalurbano\/","name":"","description":"","publisher":{"@id":"https:\/\/experienciadevida.com.ar\/portalurbano\/#organization"},"potentialAction":[{"@type":"SearchAction","target":{"@type":"EntryPoint","urlTemplate":"https:\/\/experienciadevida.com.ar\/portalurbano\/?s={search_term_string}"},"query-input":"required name=search_term_string"}],"inLanguage":"es"},{"@type":"Organization","@id":"https:\/\/experienciadevida.com.ar\/portalurbano\/#organization","name":"Portal Urbano","url":"https:\/\/experienciadevida.com.ar\/portalurbano\/","logo":{"@type":"ImageObject","inLanguage":"es","@id":"https:\/\/experienciadevida.com.ar\/portalurbano\/#\/schema\/logo\/image\/","url":"https:\/\/experienciadevida.com.ar\/portalurbano\/wp-content\/uploads\/2019\/09\/Logo-Original.png","contentUrl":"https:\/\/experienciadevida.com.ar\/portalurbano\/wp-content\/uploads\/2019\/09\/Logo-Original.png","width":2236,"height":1216,"caption":"Portal Urbano"},"image":{"@id":"https:\/\/experienciadevida.com.ar\/portalurbano\/#\/schema\/logo\/image\/"},"sameAs":["https:\/\/www.facebook.com\/Portal-Urbano-171542830093757\/","https:\/\/twitter.com\/portalurbanook","https:\/\/www.instagram.com\/_portalurbano\/","https:\/\/www.youtube.com\/channel\/UCXhagIfszH8KxFiOok79zbA?view_as=subscriber"]},{"@type":"Person","@id":"https:\/\/experienciadevida.com.ar\/portalurbano\/#\/schema\/person\/02dd326b1c4b056e9cc972486934a3a7","name":"admpu17wp","image":{"@type":"ImageObject","inLanguage":"es","@id":"https:\/\/experienciadevida.com.ar\/portalurbano\/#\/schema\/person\/image\/","url":"https:\/\/secure.gravatar.com\/avatar\/830d4c57adaae6630765e449a6908047?s=96&d=mm&r=g","contentUrl":"https:\/\/secure.gravatar.com\/avatar\/830d4c57adaae6630765e449a6908047?s=96&d=mm&r=g","caption":"admpu17wp"}}]}},"featured_image_urls":{"full":["https:\/\/experienciadevida.com.ar\/portalurbano\/wp-content\/uploads\/2021\/07\/Procrear.jpg",1280,958,false],"thumbnail":["https:\/\/experienciadevida.com.ar\/portalurbano\/wp-content\/uploads\/2021\/07\/Procrear-150x150.jpg",150,150,true],"medium":["https:\/\/experienciadevida.com.ar\/portalurbano\/wp-content\/uploads\/2021\/07\/Procrear-300x225.jpg",300,225,true],"medium_large":["https:\/\/experienciadevida.com.ar\/portalurbano\/wp-content\/uploads\/2021\/07\/Procrear-768x575.jpg",640,479,true],"large":["https:\/\/experienciadevida.com.ar\/portalurbano\/wp-content\/uploads\/2021\/07\/Procrear-1024x766.jpg",640,479,true],"ug_big":["https:\/\/experienciadevida.com.ar\/portalurbano\/wp-content\/uploads\/2021\/07\/Procrear-768x575.jpg",768,575,true],"1536x1536":["https:\/\/experienciadevida.com.ar\/portalurbano\/wp-content\/uploads\/2021\/07\/Procrear.jpg",1280,958,false],"2048x2048":["https:\/\/experienciadevida.com.ar\/portalurbano\/wp-content\/uploads\/2021\/07\/Procrear.jpg",1280,958,false],"newsever-slider-full":["https:\/\/experienciadevida.com.ar\/portalurbano\/wp-content\/uploads\/2021\/07\/Procrear.jpg",1129,845,false],"newsever-featured":["https:\/\/experienciadevida.com.ar\/portalurbano\/wp-content\/uploads\/2021\/07\/Procrear.jpg",1024,766,false],"newsever-medium":["https:\/\/experienciadevida.com.ar\/portalurbano\/wp-content\/uploads\/2021\/07\/Procrear.jpg",635,475,false],"web-stories-poster-portrait":["https:\/\/experienciadevida.com.ar\/portalurbano\/wp-content\/uploads\/2021\/07\/Procrear.jpg",640,479,false],"web-stories-publisher-logo":["https:\/\/experienciadevida.com.ar\/portalurbano\/wp-content\/uploads\/2021\/07\/Procrear.jpg",96,72,false],"web-stories-thumbnail":["https:\/\/experienciadevida.com.ar\/portalurbano\/wp-content\/uploads\/2021\/07\/Procrear.jpg",150,112,false]},"author_info":{"display_name":"admpu17wp","author_link":"https:\/\/experienciadevida.com.ar\/portalurbano\/author\/admpu17wp\/"},"category_info":"<a href=\"https:\/\/experienciadevida.com.ar\/portalurbano\/category\/ciudad\/\" rel=\"category tag\">Ciudad<\/a> <a href=\"https:\/\/experienciadevida.com.ar\/portalurbano\/category\/destacadas-2\/\" rel=\"category tag\">Destacadas 2<\/a>","tag_info":"Destacadas 2","comment_count":"0","amp_enabled":true,"_links":{"self":[{"href":"https:\/\/experienciadevida.com.ar\/portalurbano\/wp-json\/wp\/v2\/posts\/146687"}],"collection":[{"href":"https:\/\/experienciadevida.com.ar\/portalurbano\/wp-json\/wp\/v2\/posts"}],"about":[{"href":"https:\/\/experienciadevida.com.ar\/portalurbano\/wp-json\/wp\/v2\/types\/post"}],"author":[{"embeddable":true,"href":"https:\/\/experienciadevida.com.ar\/portalurbano\/wp-json\/wp\/v2\/users\/1"}],"replies":[{"embeddable":true,"href":"https:\/\/experienciadevida.com.ar\/portalurbano\/wp-json\/wp\/v2\/comments?post=146687"}],"version-history":[{"count":5,"href":"https:\/\/experienciadevida.com.ar\/portalurbano\/wp-json\/wp\/v2\/posts\/146687\/revisions"}],"predecessor-version":[{"id":146696,"href":"https:\/\/experienciadevida.com.ar\/portalurbano\/wp-json\/wp\/v2\/posts\/146687\/revisions\/146696"}],"wp:featuredmedia":[{"embeddable":true,"href":"https:\/\/experienciadevida.com.ar\/portalurbano\/wp-json\/wp\/v2\/media\/146688"}],"wp:attachment":[{"href":"https:\/\/experienciadevida.com.ar\/portalurbano\/wp-json\/wp\/v2\/media?parent=146687"}],"wp:term":[{"taxonomy":"category","embeddable":true,"href":"https:\/\/experienciadevida.com.ar\/portalurbano\/wp-json\/wp\/v2\/categories?post=146687"},{"taxonomy":"post_tag","embeddable":true,"href":"https:\/\/experienciadevida.com.ar\/portalurbano\/wp-json\/wp\/v2\/tags?post=146687"}],"curies":[{"name":"wp","href":"https:\/\/api.w.org\/{rel}","templated":true}]}}