{"id":146665,"date":"2021-07-02T17:15:05","date_gmt":"2021-07-02T20:15:05","guid":{"rendered":"https:\/\/experienciadevida.com.ar\/portalurbano\/?p=146665"},"modified":"2021-07-02T17:48:08","modified_gmt":"2021-07-02T20:48:08","slug":"aguilera-avanza-en-las-negociaciones-para-el-edificio-del-instituto-de-educacion-fisica","status":"publish","type":"post","link":"https:\/\/experienciadevida.com.ar\/portalurbano\/aguilera-avanza-en-las-negociaciones-para-el-edificio-del-instituto-de-educacion-fisica\/","title":{"rendered":"Aguilera avanza en las negociaciones para el edificio del Instituto de Educaci\u00f3n F\u00edsica"},"content":{"rendered":"<p>Aguilera avanza en las negociaciones para el edificio del Instituto de Educaci\u00f3n F\u00edsica, esta tarde el funcionario provincial Federico Aguilera recibi\u00f3 al Subsecretario de Infraestructura Escolar, Ariel Lambezat y mantuvo una reuni\u00f3n con autoridades del Instituto de Educaci\u00f3n F\u00edsica para empezar a trabajar en el proyecto de construcci\u00f3n de una sede para el funcionamiento de dicha instituci\u00f3n.<\/p>\n<p>Los representantes del Instituto realizaron una presentaci\u00f3n durante la reuni\u00f3n para mostrar las ideas que tienen sobre la infraestructura necesaria. Adem\u00e1s durante el encuentro le entregaron una nota en mano al Subsecretario Lambezat con la solicitud.<\/p>\n<p>Aguilera avanza en las negociaciones para el edificio del Instituto de educaci\u00f3n f\u00edsica, Por \u00faltimo firmaron el convenio con el Intendente para el edificio de Artes Visuales, cuya obra ya hab\u00eda sido confirmada por Aguilera tiempo atr\u00e1s con un presupuesto de $23.682.382 y que funcionar\u00e1 en el predio de la Escuela de Educaci\u00f3n Agraria, lugar que tambi\u00e9n recorrieron durante esta tarde.<\/p>\n","protected":false},"excerpt":{"rendered":"<p>Aguilera avanza en las negociaciones para el edificio del Instituto de Educaci\u00f3n F\u00edsica, esta tarde&#8230;<\/p>\n","protected":false},"author":1,"featured_media":146666,"comment_status":"closed","ping_status":"closed","sticky":false,"template":"","format":"standard","meta":{"content-type":""},"categories":[27,64],"tags":[],"nelio_content":{"isAutoShareEnabled":false,"autoShareEndMode":"default","automationSources":{"useContentSentences":true,"useSocialTemplates":true,"useCustomSentences":false,"customSentences":[]},"followers":[1],"suggestedReferences":[],"includedReferences":[],"efiUrl":"","efiAlt":"","highlights":[]},"yoast_head":"<!-- This site is optimized with the Yoast SEO plugin v20.7 - https:\/\/yoast.com\/wordpress\/plugins\/seo\/ -->\n<title>Aguilera avanza en las negociaciones para el edificio del Instituto de E.F<\/title>\n<meta name=\"description\" content=\"Aguilera avanza en las negociaciones para el edificio del Instituto de Educaci\u00f3n F\u00edsica, recibi\u00f3 al Subsecretario de Infraestructura Escolar\" \/>\n<meta name=\"robots\" content=\"index, follow, max-snippet:-1, max-image-preview:large, max-video-preview:-1\" \/>\n<link rel=\"canonical\" href=\"https:\/\/experienciadevida.com.ar\/portalurbano\/aguilera-avanza-en-las-negociaciones-para-el-edificio-del-instituto-de-educacion-fisica\/\" \/>\n<meta property=\"og:locale\" content=\"es_ES\" \/>\n<meta property=\"og:type\" content=\"article\" \/>\n<meta property=\"og:title\" content=\"Aguilera avanza en las negociaciones para el edificio del Instituto de E.F\" \/>\n<meta property=\"og:description\" content=\"Aguilera avanza en las negociaciones para el edificio del Instituto de Educaci\u00f3n F\u00edsica, recibi\u00f3 al Subsecretario de Infraestructura Escolar\" \/>\n<meta property=\"og:url\" content=\"https:\/\/experienciadevida.com.ar\/portalurbano\/aguilera-avanza-en-las-negociaciones-para-el-edificio-del-instituto-de-educacion-fisica\/\" \/>\n<meta property=\"article:publisher\" content=\"https:\/\/www.facebook.com\/Portal-Urbano-171542830093757\/\" \/>\n<meta property=\"article:published_time\" content=\"2021-07-02T20:15:05+00:00\" \/>\n<meta property=\"article:modified_time\" content=\"2021-07-02T20:48:08+00:00\" \/>\n<meta property=\"og:image\" content=\"https:\/\/experienciadevida.com.ar\/portalurbano\/wp-content\/uploads\/2021\/07\/Aguilera-avanza-en-las-negociaciones.jpg\" \/>\n\t<meta property=\"og:image:width\" content=\"1232\" \/>\n\t<meta property=\"og:image:height\" content=\"719\" \/>\n\t<meta property=\"og:image:type\" content=\"image\/jpeg\" \/>\n<meta name=\"author\" content=\"admpu17wp\" \/>\n<meta name=\"twitter:card\" content=\"summary_large_image\" \/>\n<meta name=\"twitter:creator\" content=\"@portalurbanook\" \/>\n<meta name=\"twitter:site\" content=\"@portalurbanook\" \/>\n<meta name=\"twitter:label1\" content=\"Escrito por\" \/>\n\t<meta name=\"twitter:data1\" content=\"admpu17wp\" \/>\n\t<meta name=\"twitter:label2\" content=\"Tiempo de lectura\" \/>\n\t<meta name=\"twitter:data2\" content=\"1 minuto\" \/>\n<script type=\"application\/ld+json\" class=\"yoast-schema-graph\">{\"@context\":\"https:\/\/schema.org\",\"@graph\":[{\"@type\":\"Article\",\"@id\":\"https:\/\/experienciadevida.com.ar\/portalurbano\/aguilera-avanza-en-las-negociaciones-para-el-edificio-del-instituto-de-educacion-fisica\/#article\",\"isPartOf\":{\"@id\":\"https:\/\/experienciadevida.com.ar\/portalurbano\/aguilera-avanza-en-las-negociaciones-para-el-edificio-del-instituto-de-educacion-fisica\/\"},\"author\":{\"name\":\"admpu17wp\",\"@id\":\"https:\/\/experienciadevida.com.ar\/portalurbano\/#\/schema\/person\/02dd326b1c4b056e9cc972486934a3a7\"},\"headline\":\"Aguilera avanza en las negociaciones para el edificio del Instituto de Educaci\u00f3n F\u00edsica\",\"datePublished\":\"2021-07-02T20:15:05+00:00\",\"dateModified\":\"2021-07-02T20:48:08+00:00\",\"mainEntityOfPage\":{\"@id\":\"https:\/\/experienciadevida.com.ar\/portalurbano\/aguilera-avanza-en-las-negociaciones-para-el-edificio-del-instituto-de-educacion-fisica\/\"},\"wordCount\":184,\"publisher\":{\"@id\":\"https:\/\/experienciadevida.com.ar\/portalurbano\/#organization\"},\"articleSection\":[\"Ciudad\",\"Destacadas 2\"],\"inLanguage\":\"es\"},{\"@type\":\"WebPage\",\"@id\":\"https:\/\/experienciadevida.com.ar\/portalurbano\/aguilera-avanza-en-las-negociaciones-para-el-edificio-del-instituto-de-educacion-fisica\/\",\"url\":\"https:\/\/experienciadevida.com.ar\/portalurbano\/aguilera-avanza-en-las-negociaciones-para-el-edificio-del-instituto-de-educacion-fisica\/\",\"name\":\"Aguilera avanza en las negociaciones para el edificio del Instituto de E.F\",\"isPartOf\":{\"@id\":\"https:\/\/experienciadevida.com.ar\/portalurbano\/#website\"},\"datePublished\":\"2021-07-02T20:15:05+00:00\",\"dateModified\":\"2021-07-02T20:48:08+00:00\",\"description\":\"Aguilera avanza en las negociaciones para el edificio del Instituto de Educaci\u00f3n F\u00edsica, recibi\u00f3 al Subsecretario de Infraestructura Escolar\",\"breadcrumb\":{\"@id\":\"https:\/\/experienciadevida.com.ar\/portalurbano\/aguilera-avanza-en-las-negociaciones-para-el-edificio-del-instituto-de-educacion-fisica\/#breadcrumb\"},\"inLanguage\":\"es\",\"potentialAction\":[{\"@type\":\"ReadAction\",\"target\":[\"https:\/\/experienciadevida.com.ar\/portalurbano\/aguilera-avanza-en-las-negociaciones-para-el-edificio-del-instituto-de-educacion-fisica\/\"]}]},{\"@type\":\"BreadcrumbList\",\"@id\":\"https:\/\/experienciadevida.com.ar\/portalurbano\/aguilera-avanza-en-las-negociaciones-para-el-edificio-del-instituto-de-educacion-fisica\/#breadcrumb\",\"itemListElement\":[{\"@type\":\"ListItem\",\"position\":1,\"name\":\"Portada\",\"item\":\"https:\/\/experienciadevida.com.ar\/portalurbano\/\"},{\"@type\":\"ListItem\",\"position\":2,\"name\":\"Aguilera avanza en las negociaciones para el edificio del Instituto de Educaci\u00f3n F\u00edsica\"}]},{\"@type\":\"WebSite\",\"@id\":\"https:\/\/experienciadevida.com.ar\/portalurbano\/#website\",\"url\":\"https:\/\/experienciadevida.com.ar\/portalurbano\/\",\"name\":\"\",\"description\":\"\",\"publisher\":{\"@id\":\"https:\/\/experienciadevida.com.ar\/portalurbano\/#organization\"},\"potentialAction\":[{\"@type\":\"SearchAction\",\"target\":{\"@type\":\"EntryPoint\",\"urlTemplate\":\"https:\/\/experienciadevida.com.ar\/portalurbano\/?s={search_term_string}\"},\"query-input\":\"required name=search_term_string\"}],\"inLanguage\":\"es\"},{\"@type\":\"Organization\",\"@id\":\"https:\/\/experienciadevida.com.ar\/portalurbano\/#organization\",\"name\":\"Portal Urbano\",\"url\":\"https:\/\/experienciadevida.com.ar\/portalurbano\/\",\"logo\":{\"@type\":\"ImageObject\",\"inLanguage\":\"es\",\"@id\":\"https:\/\/experienciadevida.com.ar\/portalurbano\/#\/schema\/logo\/image\/\",\"url\":\"https:\/\/experienciadevida.com.ar\/portalurbano\/wp-content\/uploads\/2019\/09\/Logo-Original.png\",\"contentUrl\":\"https:\/\/experienciadevida.com.ar\/portalurbano\/wp-content\/uploads\/2019\/09\/Logo-Original.png\",\"width\":2236,\"height\":1216,\"caption\":\"Portal Urbano\"},\"image\":{\"@id\":\"https:\/\/experienciadevida.com.ar\/portalurbano\/#\/schema\/logo\/image\/\"},\"sameAs\":[\"https:\/\/www.facebook.com\/Portal-Urbano-171542830093757\/\",\"https:\/\/twitter.com\/portalurbanook\",\"https:\/\/www.instagram.com\/_portalurbano\/\",\"https:\/\/www.youtube.com\/channel\/UCXhagIfszH8KxFiOok79zbA?view_as=subscriber\"]},{\"@type\":\"Person\",\"@id\":\"https:\/\/experienciadevida.com.ar\/portalurbano\/#\/schema\/person\/02dd326b1c4b056e9cc972486934a3a7\",\"name\":\"admpu17wp\",\"image\":{\"@type\":\"ImageObject\",\"inLanguage\":\"es\",\"@id\":\"https:\/\/experienciadevida.com.ar\/portalurbano\/#\/schema\/person\/image\/\",\"url\":\"https:\/\/secure.gravatar.com\/avatar\/830d4c57adaae6630765e449a6908047?s=96&d=mm&r=g\",\"contentUrl\":\"https:\/\/secure.gravatar.com\/avatar\/830d4c57adaae6630765e449a6908047?s=96&d=mm&r=g\",\"caption\":\"admpu17wp\"}}]}<\/script>\n<!-- \/ Yoast SEO plugin. -->","yoast_head_json":{"title":"Aguilera avanza en las negociaciones para el edificio del Instituto de E.F","description":"Aguilera avanza en las negociaciones para el edificio del Instituto de Educaci\u00f3n F\u00edsica, recibi\u00f3 al Subsecretario de Infraestructura Escolar","robots":{"index":"index","follow":"follow","max-snippet":"max-snippet:-1","max-image-preview":"max-image-preview:large","max-video-preview":"max-video-preview:-1"},"canonical":"https:\/\/experienciadevida.com.ar\/portalurbano\/aguilera-avanza-en-las-negociaciones-para-el-edificio-del-instituto-de-educacion-fisica\/","og_locale":"es_ES","og_type":"article","og_title":"Aguilera avanza en las negociaciones para el edificio del Instituto de E.F","og_description":"Aguilera avanza en las negociaciones para el edificio del Instituto de Educaci\u00f3n F\u00edsica, recibi\u00f3 al Subsecretario de Infraestructura Escolar","og_url":"https:\/\/experienciadevida.com.ar\/portalurbano\/aguilera-avanza-en-las-negociaciones-para-el-edificio-del-instituto-de-educacion-fisica\/","article_publisher":"https:\/\/www.facebook.com\/Portal-Urbano-171542830093757\/","article_published_time":"2021-07-02T20:15:05+00:00","article_modified_time":"2021-07-02T20:48:08+00:00","og_image":[{"width":1232,"height":719,"url":"https:\/\/experienciadevida.com.ar\/portalurbano\/wp-content\/uploads\/2021\/07\/Aguilera-avanza-en-las-negociaciones.jpg","type":"image\/jpeg"}],"author":"admpu17wp","twitter_card":"summary_large_image","twitter_creator":"@portalurbanook","twitter_site":"@portalurbanook","twitter_misc":{"Escrito por":"admpu17wp","Tiempo de lectura":"1 minuto"},"schema":{"@context":"https:\/\/schema.org","@graph":[{"@type":"Article","@id":"https:\/\/experienciadevida.com.ar\/portalurbano\/aguilera-avanza-en-las-negociaciones-para-el-edificio-del-instituto-de-educacion-fisica\/#article","isPartOf":{"@id":"https:\/\/experienciadevida.com.ar\/portalurbano\/aguilera-avanza-en-las-negociaciones-para-el-edificio-del-instituto-de-educacion-fisica\/"},"author":{"name":"admpu17wp","@id":"https:\/\/experienciadevida.com.ar\/portalurbano\/#\/schema\/person\/02dd326b1c4b056e9cc972486934a3a7"},"headline":"Aguilera avanza en las negociaciones para el edificio del Instituto de Educaci\u00f3n F\u00edsica","datePublished":"2021-07-02T20:15:05+00:00","dateModified":"2021-07-02T20:48:08+00:00","mainEntityOfPage":{"@id":"https:\/\/experienciadevida.com.ar\/portalurbano\/aguilera-avanza-en-las-negociaciones-para-el-edificio-del-instituto-de-educacion-fisica\/"},"wordCount":184,"publisher":{"@id":"https:\/\/experienciadevida.com.ar\/portalurbano\/#organization"},"articleSection":["Ciudad","Destacadas 2"],"inLanguage":"es"},{"@type":"WebPage","@id":"https:\/\/experienciadevida.com.ar\/portalurbano\/aguilera-avanza-en-las-negociaciones-para-el-edificio-del-instituto-de-educacion-fisica\/","url":"https:\/\/experienciadevida.com.ar\/portalurbano\/aguilera-avanza-en-las-negociaciones-para-el-edificio-del-instituto-de-educacion-fisica\/","name":"Aguilera avanza en las negociaciones para el edificio del Instituto de E.F","isPartOf":{"@id":"https:\/\/experienciadevida.com.ar\/portalurbano\/#website"},"datePublished":"2021-07-02T20:15:05+00:00","dateModified":"2021-07-02T20:48:08+00:00","description":"Aguilera avanza en las negociaciones para el edificio del Instituto de Educaci\u00f3n F\u00edsica, recibi\u00f3 al Subsecretario de Infraestructura Escolar","breadcrumb":{"@id":"https:\/\/experienciadevida.com.ar\/portalurbano\/aguilera-avanza-en-las-negociaciones-para-el-edificio-del-instituto-de-educacion-fisica\/#breadcrumb"},"inLanguage":"es","potentialAction":[{"@type":"ReadAction","target":["https:\/\/experienciadevida.com.ar\/portalurbano\/aguilera-avanza-en-las-negociaciones-para-el-edificio-del-instituto-de-educacion-fisica\/"]}]},{"@type":"BreadcrumbList","@id":"https:\/\/experienciadevida.com.ar\/portalurbano\/aguilera-avanza-en-las-negociaciones-para-el-edificio-del-instituto-de-educacion-fisica\/#breadcrumb","itemListElement":[{"@type":"ListItem","position":1,"name":"Portada","item":"https:\/\/experienciadevida.com.ar\/portalurbano\/"},{"@type":"ListItem","position":2,"name":"Aguilera avanza en las negociaciones para el edificio del Instituto de Educaci\u00f3n F\u00edsica"}]},{"@type":"WebSite","@id":"https:\/\/experienciadevida.com.ar\/portalurbano\/#website","url":"https:\/\/experienciadevida.com.ar\/portalurbano\/","name":"","description":"","publisher":{"@id":"https:\/\/experienciadevida.com.ar\/portalurbano\/#organization"},"potentialAction":[{"@type":"SearchAction","target":{"@type":"EntryPoint","urlTemplate":"https:\/\/experienciadevida.com.ar\/portalurbano\/?s={search_term_string}"},"query-input":"required name=search_term_string"}],"inLanguage":"es"},{"@type":"Organization","@id":"https:\/\/experienciadevida.com.ar\/portalurbano\/#organization","name":"Portal Urbano","url":"https:\/\/experienciadevida.com.ar\/portalurbano\/","logo":{"@type":"ImageObject","inLanguage":"es","@id":"https:\/\/experienciadevida.com.ar\/portalurbano\/#\/schema\/logo\/image\/","url":"https:\/\/experienciadevida.com.ar\/portalurbano\/wp-content\/uploads\/2019\/09\/Logo-Original.png","contentUrl":"https:\/\/experienciadevida.com.ar\/portalurbano\/wp-content\/uploads\/2019\/09\/Logo-Original.png","width":2236,"height":1216,"caption":"Portal Urbano"},"image":{"@id":"https:\/\/experienciadevida.com.ar\/portalurbano\/#\/schema\/logo\/image\/"},"sameAs":["https:\/\/www.facebook.com\/Portal-Urbano-171542830093757\/","https:\/\/twitter.com\/portalurbanook","https:\/\/www.instagram.com\/_portalurbano\/","https:\/\/www.youtube.com\/channel\/UCXhagIfszH8KxFiOok79zbA?view_as=subscriber"]},{"@type":"Person","@id":"https:\/\/experienciadevida.com.ar\/portalurbano\/#\/schema\/person\/02dd326b1c4b056e9cc972486934a3a7","name":"admpu17wp","image":{"@type":"ImageObject","inLanguage":"es","@id":"https:\/\/experienciadevida.com.ar\/portalurbano\/#\/schema\/person\/image\/","url":"https:\/\/secure.gravatar.com\/avatar\/830d4c57adaae6630765e449a6908047?s=96&d=mm&r=g","contentUrl":"https:\/\/secure.gravatar.com\/avatar\/830d4c57adaae6630765e449a6908047?s=96&d=mm&r=g","caption":"admpu17wp"}}]}},"featured_image_urls":{"full":["https:\/\/experienciadevida.com.ar\/portalurbano\/wp-content\/uploads\/2021\/07\/Aguilera-avanza-en-las-negociaciones.jpg",1232,719,false],"thumbnail":["https:\/\/experienciadevida.com.ar\/portalurbano\/wp-content\/uploads\/2021\/07\/Aguilera-avanza-en-las-negociaciones-150x150.jpg",150,150,true],"medium":["https:\/\/experienciadevida.com.ar\/portalurbano\/wp-content\/uploads\/2021\/07\/Aguilera-avanza-en-las-negociaciones-300x175.jpg",300,175,true],"medium_large":["https:\/\/experienciadevida.com.ar\/portalurbano\/wp-content\/uploads\/2021\/07\/Aguilera-avanza-en-las-negociaciones-768x448.jpg",640,373,true],"large":["https:\/\/experienciadevida.com.ar\/portalurbano\/wp-content\/uploads\/2021\/07\/Aguilera-avanza-en-las-negociaciones-1024x598.jpg",640,374,true],"ug_big":["https:\/\/experienciadevida.com.ar\/portalurbano\/wp-content\/uploads\/2021\/07\/Aguilera-avanza-en-las-negociaciones-768x448.jpg",768,448,true],"1536x1536":["https:\/\/experienciadevida.com.ar\/portalurbano\/wp-content\/uploads\/2021\/07\/Aguilera-avanza-en-las-negociaciones.jpg",1232,719,false],"2048x2048":["https:\/\/experienciadevida.com.ar\/portalurbano\/wp-content\/uploads\/2021\/07\/Aguilera-avanza-en-las-negociaciones.jpg",1232,719,false],"newsever-slider-full":["https:\/\/experienciadevida.com.ar\/portalurbano\/wp-content\/uploads\/2021\/07\/Aguilera-avanza-en-las-negociaciones.jpg",1232,719,false],"newsever-featured":["https:\/\/experienciadevida.com.ar\/portalurbano\/wp-content\/uploads\/2021\/07\/Aguilera-avanza-en-las-negociaciones.jpg",1024,598,false],"newsever-medium":["https:\/\/experienciadevida.com.ar\/portalurbano\/wp-content\/uploads\/2021\/07\/Aguilera-avanza-en-las-negociaciones.jpg",720,420,false],"web-stories-poster-portrait":["https:\/\/experienciadevida.com.ar\/portalurbano\/wp-content\/uploads\/2021\/07\/Aguilera-avanza-en-las-negociaciones.jpg",640,374,false],"web-stories-publisher-logo":["https:\/\/experienciadevida.com.ar\/portalurbano\/wp-content\/uploads\/2021\/07\/Aguilera-avanza-en-las-negociaciones.jpg",96,56,false],"web-stories-thumbnail":["https:\/\/experienciadevida.com.ar\/portalurbano\/wp-content\/uploads\/2021\/07\/Aguilera-avanza-en-las-negociaciones.jpg",150,88,false]},"author_info":{"display_name":"admpu17wp","author_link":"https:\/\/experienciadevida.com.ar\/portalurbano\/author\/admpu17wp\/"},"category_info":"<a href=\"https:\/\/experienciadevida.com.ar\/portalurbano\/category\/ciudad\/\" rel=\"category tag\">Ciudad<\/a> <a href=\"https:\/\/experienciadevida.com.ar\/portalurbano\/category\/destacadas-2\/\" rel=\"category tag\">Destacadas 2<\/a>","tag_info":"Destacadas 2","comment_count":"0","amp_enabled":true,"_links":{"self":[{"href":"https:\/\/experienciadevida.com.ar\/portalurbano\/wp-json\/wp\/v2\/posts\/146665"}],"collection":[{"href":"https:\/\/experienciadevida.com.ar\/portalurbano\/wp-json\/wp\/v2\/posts"}],"about":[{"href":"https:\/\/experienciadevida.com.ar\/portalurbano\/wp-json\/wp\/v2\/types\/post"}],"author":[{"embeddable":true,"href":"https:\/\/experienciadevida.com.ar\/portalurbano\/wp-json\/wp\/v2\/users\/1"}],"replies":[{"embeddable":true,"href":"https:\/\/experienciadevida.com.ar\/portalurbano\/wp-json\/wp\/v2\/comments?post=146665"}],"version-history":[{"count":2,"href":"https:\/\/experienciadevida.com.ar\/portalurbano\/wp-json\/wp\/v2\/posts\/146665\/revisions"}],"predecessor-version":[{"id":146683,"href":"https:\/\/experienciadevida.com.ar\/portalurbano\/wp-json\/wp\/v2\/posts\/146665\/revisions\/146683"}],"wp:featuredmedia":[{"embeddable":true,"href":"https:\/\/experienciadevida.com.ar\/portalurbano\/wp-json\/wp\/v2\/media\/146666"}],"wp:attachment":[{"href":"https:\/\/experienciadevida.com.ar\/portalurbano\/wp-json\/wp\/v2\/media?parent=146665"}],"wp:term":[{"taxonomy":"category","embeddable":true,"href":"https:\/\/experienciadevida.com.ar\/portalurbano\/wp-json\/wp\/v2\/categories?post=146665"},{"taxonomy":"post_tag","embeddable":true,"href":"https:\/\/experienciadevida.com.ar\/portalurbano\/wp-json\/wp\/v2\/tags?post=146665"}],"curies":[{"name":"wp","href":"https:\/\/api.w.org\/{rel}","templated":true}]}}