{"id":146632,"date":"2021-07-02T12:18:44","date_gmt":"2021-07-02T15:18:44","guid":{"rendered":"https:\/\/experienciadevida.com.ar\/portalurbano\/?p=146632"},"modified":"2021-07-02T12:19:51","modified_gmt":"2021-07-02T15:19:51","slug":"el-municipio-abonara-sueldos-del-mes-de-junio-hemos-determinado-un-8-de-aumento-para-los-agentes-municipales","status":"publish","type":"post","link":"https:\/\/experienciadevida.com.ar\/portalurbano\/el-municipio-abonara-sueldos-del-mes-de-junio-hemos-determinado-un-8-de-aumento-para-los-agentes-municipales\/","title":{"rendered":"El Municipio abonar\u00e1 sueldos del mes de junio: &#8220;Hemos determinado un 8% de aumento para los agentes municipales&#8221;"},"content":{"rendered":"<p>El Municipio abonar\u00e1 sueldos del mes de junio: &#8220;Hemos determinado un 8% de aumento para los agentes municipales&#8221; La Direcci\u00f3n de Personal del Municipio inform\u00f3 que, este viernes 2 de julio estar\u00e1n disponibles los haberes del mes de junio y el medio aguinaldo para todos los agentes municipales.<\/p>\n<p>Seg\u00fan indicaron, en esta oportunidad el cobro ser\u00e1 con un 8% de aumento retroactivo al mes de mayo.<\/p>\n<p>Al respecto, el Secretario de Gobierno Hilario Galli expres\u00f3: \u201cmientras continuamos con la negociaci\u00f3n paritaria hemos determinado un aumento del 8% para los agentes municipales, retroactivo a mayo\u201d.<\/p>\n<p>El Municipio abonar\u00e1 sueldos del mes de junio \u201cEste incremento aplicado a los meses de mayo y junio permitir\u00e1 que los trabajadores perciban el aumento en el cobro del aguinaldo y de esta manera generar un alivio\u201d, agreg\u00f3 el funcionario municipal.<\/p>\n<p>Asimismo, el propio Galli dijo que: \u201ces una decisi\u00f3n que se tom\u00f3 pensando en recomponer el salario de los <a href=\"https:\/\/www.facebook.com\/municipiodeolavarria\">trabajadores municipales<\/a> ante la dilataci\u00f3n de la paritaria\u201d, agreg\u00f3.<\/p>\n<p>Cabe aclarar que el Ejecutivo ya hab\u00eda otorgado un 2% de aumento para el mes de mayo por lo que este mes los trabajadores cobrar\u00e1n el 6% restante correspondiente al mes de mayo.<\/p>\n<p>De esta manera los\/as agentes municipales, a partir de las 00 horas de este viernes tendr\u00e1n a disposici\u00f3n su respectiva liquidaci\u00f3n a trav\u00e9s del sistema Bapro del Banco Provincia y -quienes no est\u00e1n incluidos- mediante el sistema convencional de cobro.<\/p>\n","protected":false},"excerpt":{"rendered":"<p>El Municipio abonar\u00e1 sueldos del mes de junio: &#8220;Hemos determinado un 8% de aumento para&#8230;<\/p>\n","protected":false},"author":1,"featured_media":71980,"comment_status":"closed","ping_status":"closed","sticky":false,"template":"","format":"standard","meta":{"content-type":""},"categories":[27,64],"tags":[],"nelio_content":{"isAutoShareEnabled":false,"autoShareEndMode":"default","automationSources":{"useContentSentences":true,"useSocialTemplates":true,"useCustomSentences":false,"customSentences":[]},"followers":[1],"suggestedReferences":[],"includedReferences":[],"efiUrl":"","efiAlt":"","highlights":[]},"yoast_head":"<!-- This site is optimized with the Yoast SEO plugin v20.7 - https:\/\/yoast.com\/wordpress\/plugins\/seo\/ -->\n<title>El Municipio abonar\u00e1 sueldos del mes de junio: &quot;un 8% de aumento&quot;<\/title>\n<meta name=\"description\" content=\"El Municipio abonar\u00e1 sueldos del mes de junio: &quot;Hemos determinado un 8% de aumento para los agentes municipales&quot;, informado en un comunicado\" \/>\n<meta name=\"robots\" content=\"index, follow, max-snippet:-1, max-image-preview:large, max-video-preview:-1\" \/>\n<link rel=\"canonical\" href=\"https:\/\/experienciadevida.com.ar\/portalurbano\/el-municipio-abonara-sueldos-del-mes-de-junio-hemos-determinado-un-8-de-aumento-para-los-agentes-municipales\/\" \/>\n<meta property=\"og:locale\" content=\"es_ES\" \/>\n<meta property=\"og:type\" content=\"article\" \/>\n<meta property=\"og:title\" content=\"El Municipio abonar\u00e1 sueldos del mes de junio: &quot;un 8% de aumento&quot;\" \/>\n<meta property=\"og:description\" content=\"El Municipio abonar\u00e1 sueldos del mes de junio: &quot;Hemos determinado un 8% de aumento para los agentes municipales&quot;, informado en un comunicado\" \/>\n<meta property=\"og:url\" content=\"https:\/\/experienciadevida.com.ar\/portalurbano\/el-municipio-abonara-sueldos-del-mes-de-junio-hemos-determinado-un-8-de-aumento-para-los-agentes-municipales\/\" \/>\n<meta property=\"article:publisher\" content=\"https:\/\/www.facebook.com\/Portal-Urbano-171542830093757\/\" \/>\n<meta property=\"article:published_time\" content=\"2021-07-02T15:18:44+00:00\" \/>\n<meta property=\"article:modified_time\" content=\"2021-07-02T15:19:51+00:00\" \/>\n<meta property=\"og:image\" content=\"https:\/\/experienciadevida.com.ar\/portalurbano\/wp-content\/uploads\/2019\/06\/municipio-e1564323007515.jpg\" \/>\n\t<meta property=\"og:image:width\" content=\"750\" \/>\n\t<meta property=\"og:image:height\" content=\"500\" \/>\n\t<meta property=\"og:image:type\" content=\"image\/jpeg\" \/>\n<meta name=\"author\" content=\"admpu17wp\" \/>\n<meta name=\"twitter:card\" content=\"summary_large_image\" \/>\n<meta name=\"twitter:creator\" content=\"@portalurbanook\" \/>\n<meta name=\"twitter:site\" content=\"@portalurbanook\" \/>\n<meta name=\"twitter:label1\" content=\"Escrito por\" \/>\n\t<meta name=\"twitter:data1\" content=\"admpu17wp\" \/>\n\t<meta name=\"twitter:label2\" content=\"Tiempo de lectura\" \/>\n\t<meta name=\"twitter:data2\" content=\"2 minutos\" \/>\n<script type=\"application\/ld+json\" class=\"yoast-schema-graph\">{\"@context\":\"https:\/\/schema.org\",\"@graph\":[{\"@type\":\"Article\",\"@id\":\"https:\/\/experienciadevida.com.ar\/portalurbano\/el-municipio-abonara-sueldos-del-mes-de-junio-hemos-determinado-un-8-de-aumento-para-los-agentes-municipales\/#article\",\"isPartOf\":{\"@id\":\"https:\/\/experienciadevida.com.ar\/portalurbano\/el-municipio-abonara-sueldos-del-mes-de-junio-hemos-determinado-un-8-de-aumento-para-los-agentes-municipales\/\"},\"author\":{\"name\":\"admpu17wp\",\"@id\":\"https:\/\/experienciadevida.com.ar\/portalurbano\/#\/schema\/person\/02dd326b1c4b056e9cc972486934a3a7\"},\"headline\":\"El Municipio abonar\u00e1 sueldos del mes de junio: &#8220;Hemos determinado un 8% de aumento para los agentes municipales&#8221;\",\"datePublished\":\"2021-07-02T15:18:44+00:00\",\"dateModified\":\"2021-07-02T15:19:51+00:00\",\"mainEntityOfPage\":{\"@id\":\"https:\/\/experienciadevida.com.ar\/portalurbano\/el-municipio-abonara-sueldos-del-mes-de-junio-hemos-determinado-un-8-de-aumento-para-los-agentes-municipales\/\"},\"wordCount\":260,\"publisher\":{\"@id\":\"https:\/\/experienciadevida.com.ar\/portalurbano\/#organization\"},\"articleSection\":[\"Ciudad\",\"Destacadas 2\"],\"inLanguage\":\"es\"},{\"@type\":\"WebPage\",\"@id\":\"https:\/\/experienciadevida.com.ar\/portalurbano\/el-municipio-abonara-sueldos-del-mes-de-junio-hemos-determinado-un-8-de-aumento-para-los-agentes-municipales\/\",\"url\":\"https:\/\/experienciadevida.com.ar\/portalurbano\/el-municipio-abonara-sueldos-del-mes-de-junio-hemos-determinado-un-8-de-aumento-para-los-agentes-municipales\/\",\"name\":\"El Municipio abonar\u00e1 sueldos del mes de junio: \\\"un 8% de aumento\\\"\",\"isPartOf\":{\"@id\":\"https:\/\/experienciadevida.com.ar\/portalurbano\/#website\"},\"datePublished\":\"2021-07-02T15:18:44+00:00\",\"dateModified\":\"2021-07-02T15:19:51+00:00\",\"description\":\"El Municipio abonar\u00e1 sueldos del mes de junio: \\\"Hemos determinado un 8% de aumento para los agentes municipales\\\", informado en un comunicado\",\"breadcrumb\":{\"@id\":\"https:\/\/experienciadevida.com.ar\/portalurbano\/el-municipio-abonara-sueldos-del-mes-de-junio-hemos-determinado-un-8-de-aumento-para-los-agentes-municipales\/#breadcrumb\"},\"inLanguage\":\"es\",\"potentialAction\":[{\"@type\":\"ReadAction\",\"target\":[\"https:\/\/experienciadevida.com.ar\/portalurbano\/el-municipio-abonara-sueldos-del-mes-de-junio-hemos-determinado-un-8-de-aumento-para-los-agentes-municipales\/\"]}]},{\"@type\":\"BreadcrumbList\",\"@id\":\"https:\/\/experienciadevida.com.ar\/portalurbano\/el-municipio-abonara-sueldos-del-mes-de-junio-hemos-determinado-un-8-de-aumento-para-los-agentes-municipales\/#breadcrumb\",\"itemListElement\":[{\"@type\":\"ListItem\",\"position\":1,\"name\":\"Portada\",\"item\":\"https:\/\/experienciadevida.com.ar\/portalurbano\/\"},{\"@type\":\"ListItem\",\"position\":2,\"name\":\"El Municipio abonar\u00e1 sueldos del mes de junio: \u00abHemos determinado un 8% de aumento para los agentes municipales\u00bb\"}]},{\"@type\":\"WebSite\",\"@id\":\"https:\/\/experienciadevida.com.ar\/portalurbano\/#website\",\"url\":\"https:\/\/experienciadevida.com.ar\/portalurbano\/\",\"name\":\"\",\"description\":\"\",\"publisher\":{\"@id\":\"https:\/\/experienciadevida.com.ar\/portalurbano\/#organization\"},\"potentialAction\":[{\"@type\":\"SearchAction\",\"target\":{\"@type\":\"EntryPoint\",\"urlTemplate\":\"https:\/\/experienciadevida.com.ar\/portalurbano\/?s={search_term_string}\"},\"query-input\":\"required name=search_term_string\"}],\"inLanguage\":\"es\"},{\"@type\":\"Organization\",\"@id\":\"https:\/\/experienciadevida.com.ar\/portalurbano\/#organization\",\"name\":\"Portal Urbano\",\"url\":\"https:\/\/experienciadevida.com.ar\/portalurbano\/\",\"logo\":{\"@type\":\"ImageObject\",\"inLanguage\":\"es\",\"@id\":\"https:\/\/experienciadevida.com.ar\/portalurbano\/#\/schema\/logo\/image\/\",\"url\":\"https:\/\/experienciadevida.com.ar\/portalurbano\/wp-content\/uploads\/2019\/09\/Logo-Original.png\",\"contentUrl\":\"https:\/\/experienciadevida.com.ar\/portalurbano\/wp-content\/uploads\/2019\/09\/Logo-Original.png\",\"width\":2236,\"height\":1216,\"caption\":\"Portal Urbano\"},\"image\":{\"@id\":\"https:\/\/experienciadevida.com.ar\/portalurbano\/#\/schema\/logo\/image\/\"},\"sameAs\":[\"https:\/\/www.facebook.com\/Portal-Urbano-171542830093757\/\",\"https:\/\/twitter.com\/portalurbanook\",\"https:\/\/www.instagram.com\/_portalurbano\/\",\"https:\/\/www.youtube.com\/channel\/UCXhagIfszH8KxFiOok79zbA?view_as=subscriber\"]},{\"@type\":\"Person\",\"@id\":\"https:\/\/experienciadevida.com.ar\/portalurbano\/#\/schema\/person\/02dd326b1c4b056e9cc972486934a3a7\",\"name\":\"admpu17wp\",\"image\":{\"@type\":\"ImageObject\",\"inLanguage\":\"es\",\"@id\":\"https:\/\/experienciadevida.com.ar\/portalurbano\/#\/schema\/person\/image\/\",\"url\":\"https:\/\/secure.gravatar.com\/avatar\/830d4c57adaae6630765e449a6908047?s=96&d=mm&r=g\",\"contentUrl\":\"https:\/\/secure.gravatar.com\/avatar\/830d4c57adaae6630765e449a6908047?s=96&d=mm&r=g\",\"caption\":\"admpu17wp\"}}]}<\/script>\n<!-- \/ Yoast SEO plugin. -->","yoast_head_json":{"title":"El Municipio abonar\u00e1 sueldos del mes de junio: \"un 8% de aumento\"","description":"El Municipio abonar\u00e1 sueldos del mes de junio: \"Hemos determinado un 8% de aumento para los agentes municipales\", informado en un comunicado","robots":{"index":"index","follow":"follow","max-snippet":"max-snippet:-1","max-image-preview":"max-image-preview:large","max-video-preview":"max-video-preview:-1"},"canonical":"https:\/\/experienciadevida.com.ar\/portalurbano\/el-municipio-abonara-sueldos-del-mes-de-junio-hemos-determinado-un-8-de-aumento-para-los-agentes-municipales\/","og_locale":"es_ES","og_type":"article","og_title":"El Municipio abonar\u00e1 sueldos del mes de junio: \"un 8% de aumento\"","og_description":"El Municipio abonar\u00e1 sueldos del mes de junio: \"Hemos determinado un 8% de aumento para los agentes municipales\", informado en un comunicado","og_url":"https:\/\/experienciadevida.com.ar\/portalurbano\/el-municipio-abonara-sueldos-del-mes-de-junio-hemos-determinado-un-8-de-aumento-para-los-agentes-municipales\/","article_publisher":"https:\/\/www.facebook.com\/Portal-Urbano-171542830093757\/","article_published_time":"2021-07-02T15:18:44+00:00","article_modified_time":"2021-07-02T15:19:51+00:00","og_image":[{"width":750,"height":500,"url":"https:\/\/experienciadevida.com.ar\/portalurbano\/wp-content\/uploads\/2019\/06\/municipio-e1564323007515.jpg","type":"image\/jpeg"}],"author":"admpu17wp","twitter_card":"summary_large_image","twitter_creator":"@portalurbanook","twitter_site":"@portalurbanook","twitter_misc":{"Escrito por":"admpu17wp","Tiempo de lectura":"2 minutos"},"schema":{"@context":"https:\/\/schema.org","@graph":[{"@type":"Article","@id":"https:\/\/experienciadevida.com.ar\/portalurbano\/el-municipio-abonara-sueldos-del-mes-de-junio-hemos-determinado-un-8-de-aumento-para-los-agentes-municipales\/#article","isPartOf":{"@id":"https:\/\/experienciadevida.com.ar\/portalurbano\/el-municipio-abonara-sueldos-del-mes-de-junio-hemos-determinado-un-8-de-aumento-para-los-agentes-municipales\/"},"author":{"name":"admpu17wp","@id":"https:\/\/experienciadevida.com.ar\/portalurbano\/#\/schema\/person\/02dd326b1c4b056e9cc972486934a3a7"},"headline":"El Municipio abonar\u00e1 sueldos del mes de junio: &#8220;Hemos determinado un 8% de aumento para los agentes municipales&#8221;","datePublished":"2021-07-02T15:18:44+00:00","dateModified":"2021-07-02T15:19:51+00:00","mainEntityOfPage":{"@id":"https:\/\/experienciadevida.com.ar\/portalurbano\/el-municipio-abonara-sueldos-del-mes-de-junio-hemos-determinado-un-8-de-aumento-para-los-agentes-municipales\/"},"wordCount":260,"publisher":{"@id":"https:\/\/experienciadevida.com.ar\/portalurbano\/#organization"},"articleSection":["Ciudad","Destacadas 2"],"inLanguage":"es"},{"@type":"WebPage","@id":"https:\/\/experienciadevida.com.ar\/portalurbano\/el-municipio-abonara-sueldos-del-mes-de-junio-hemos-determinado-un-8-de-aumento-para-los-agentes-municipales\/","url":"https:\/\/experienciadevida.com.ar\/portalurbano\/el-municipio-abonara-sueldos-del-mes-de-junio-hemos-determinado-un-8-de-aumento-para-los-agentes-municipales\/","name":"El Municipio abonar\u00e1 sueldos del mes de junio: \"un 8% de aumento\"","isPartOf":{"@id":"https:\/\/experienciadevida.com.ar\/portalurbano\/#website"},"datePublished":"2021-07-02T15:18:44+00:00","dateModified":"2021-07-02T15:19:51+00:00","description":"El Municipio abonar\u00e1 sueldos del mes de junio: \"Hemos determinado un 8% de aumento para los agentes municipales\", informado en un comunicado","breadcrumb":{"@id":"https:\/\/experienciadevida.com.ar\/portalurbano\/el-municipio-abonara-sueldos-del-mes-de-junio-hemos-determinado-un-8-de-aumento-para-los-agentes-municipales\/#breadcrumb"},"inLanguage":"es","potentialAction":[{"@type":"ReadAction","target":["https:\/\/experienciadevida.com.ar\/portalurbano\/el-municipio-abonara-sueldos-del-mes-de-junio-hemos-determinado-un-8-de-aumento-para-los-agentes-municipales\/"]}]},{"@type":"BreadcrumbList","@id":"https:\/\/experienciadevida.com.ar\/portalurbano\/el-municipio-abonara-sueldos-del-mes-de-junio-hemos-determinado-un-8-de-aumento-para-los-agentes-municipales\/#breadcrumb","itemListElement":[{"@type":"ListItem","position":1,"name":"Portada","item":"https:\/\/experienciadevida.com.ar\/portalurbano\/"},{"@type":"ListItem","position":2,"name":"El Municipio abonar\u00e1 sueldos del mes de junio: \u00abHemos determinado un 8% de aumento para los agentes municipales\u00bb"}]},{"@type":"WebSite","@id":"https:\/\/experienciadevida.com.ar\/portalurbano\/#website","url":"https:\/\/experienciadevida.com.ar\/portalurbano\/","name":"","description":"","publisher":{"@id":"https:\/\/experienciadevida.com.ar\/portalurbano\/#organization"},"potentialAction":[{"@type":"SearchAction","target":{"@type":"EntryPoint","urlTemplate":"https:\/\/experienciadevida.com.ar\/portalurbano\/?s={search_term_string}"},"query-input":"required name=search_term_string"}],"inLanguage":"es"},{"@type":"Organization","@id":"https:\/\/experienciadevida.com.ar\/portalurbano\/#organization","name":"Portal Urbano","url":"https:\/\/experienciadevida.com.ar\/portalurbano\/","logo":{"@type":"ImageObject","inLanguage":"es","@id":"https:\/\/experienciadevida.com.ar\/portalurbano\/#\/schema\/logo\/image\/","url":"https:\/\/experienciadevida.com.ar\/portalurbano\/wp-content\/uploads\/2019\/09\/Logo-Original.png","contentUrl":"https:\/\/experienciadevida.com.ar\/portalurbano\/wp-content\/uploads\/2019\/09\/Logo-Original.png","width":2236,"height":1216,"caption":"Portal Urbano"},"image":{"@id":"https:\/\/experienciadevida.com.ar\/portalurbano\/#\/schema\/logo\/image\/"},"sameAs":["https:\/\/www.facebook.com\/Portal-Urbano-171542830093757\/","https:\/\/twitter.com\/portalurbanook","https:\/\/www.instagram.com\/_portalurbano\/","https:\/\/www.youtube.com\/channel\/UCXhagIfszH8KxFiOok79zbA?view_as=subscriber"]},{"@type":"Person","@id":"https:\/\/experienciadevida.com.ar\/portalurbano\/#\/schema\/person\/02dd326b1c4b056e9cc972486934a3a7","name":"admpu17wp","image":{"@type":"ImageObject","inLanguage":"es","@id":"https:\/\/experienciadevida.com.ar\/portalurbano\/#\/schema\/person\/image\/","url":"https:\/\/secure.gravatar.com\/avatar\/830d4c57adaae6630765e449a6908047?s=96&d=mm&r=g","contentUrl":"https:\/\/secure.gravatar.com\/avatar\/830d4c57adaae6630765e449a6908047?s=96&d=mm&r=g","caption":"admpu17wp"}}]}},"featured_image_urls":{"full":["https:\/\/experienciadevida.com.ar\/portalurbano\/wp-content\/uploads\/2019\/06\/municipio-e1564323007515.jpg",750,500,false],"thumbnail":["https:\/\/experienciadevida.com.ar\/portalurbano\/wp-content\/uploads\/2019\/06\/municipio-150x150.jpg",150,150,true],"medium":["https:\/\/experienciadevida.com.ar\/portalurbano\/wp-content\/uploads\/2019\/06\/municipio-300x200.jpg",300,200,true],"medium_large":["https:\/\/experienciadevida.com.ar\/portalurbano\/wp-content\/uploads\/2019\/06\/municipio-768x512.jpg",640,427,true],"large":["https:\/\/experienciadevida.com.ar\/portalurbano\/wp-content\/uploads\/2019\/06\/municipio-1024x682.jpg",640,426,true],"ug_big":["https:\/\/experienciadevida.com.ar\/portalurbano\/wp-content\/uploads\/2019\/06\/municipio-768x512.jpg",768,512,true],"1536x1536":["https:\/\/experienciadevida.com.ar\/portalurbano\/wp-content\/uploads\/2019\/06\/municipio-e1564323007515.jpg",750,500,false],"2048x2048":["https:\/\/experienciadevida.com.ar\/portalurbano\/wp-content\/uploads\/2019\/06\/municipio-e1564323007515.jpg",750,500,false],"newsever-slider-full":["https:\/\/experienciadevida.com.ar\/portalurbano\/wp-content\/uploads\/2019\/06\/municipio-e1564323007515.jpg",750,500,false],"newsever-featured":["https:\/\/experienciadevida.com.ar\/portalurbano\/wp-content\/uploads\/2019\/06\/municipio-e1564323007515.jpg",750,500,false],"newsever-medium":["https:\/\/experienciadevida.com.ar\/portalurbano\/wp-content\/uploads\/2019\/06\/municipio-e1564323007515.jpg",713,475,false],"web-stories-poster-portrait":["https:\/\/experienciadevida.com.ar\/portalurbano\/wp-content\/uploads\/2019\/06\/municipio-e1564323007515.jpg",640,427,false],"web-stories-publisher-logo":["https:\/\/experienciadevida.com.ar\/portalurbano\/wp-content\/uploads\/2019\/06\/municipio-e1564323007515.jpg",96,64,false],"web-stories-thumbnail":["https:\/\/experienciadevida.com.ar\/portalurbano\/wp-content\/uploads\/2019\/06\/municipio-e1564323007515.jpg",150,100,false]},"author_info":{"display_name":"admpu17wp","author_link":"https:\/\/experienciadevida.com.ar\/portalurbano\/author\/admpu17wp\/"},"category_info":"<a href=\"https:\/\/experienciadevida.com.ar\/portalurbano\/category\/ciudad\/\" rel=\"category tag\">Ciudad<\/a> <a href=\"https:\/\/experienciadevida.com.ar\/portalurbano\/category\/destacadas-2\/\" rel=\"category tag\">Destacadas 2<\/a>","tag_info":"Destacadas 2","comment_count":"0","amp_enabled":true,"_links":{"self":[{"href":"https:\/\/experienciadevida.com.ar\/portalurbano\/wp-json\/wp\/v2\/posts\/146632"}],"collection":[{"href":"https:\/\/experienciadevida.com.ar\/portalurbano\/wp-json\/wp\/v2\/posts"}],"about":[{"href":"https:\/\/experienciadevida.com.ar\/portalurbano\/wp-json\/wp\/v2\/types\/post"}],"author":[{"embeddable":true,"href":"https:\/\/experienciadevida.com.ar\/portalurbano\/wp-json\/wp\/v2\/users\/1"}],"replies":[{"embeddable":true,"href":"https:\/\/experienciadevida.com.ar\/portalurbano\/wp-json\/wp\/v2\/comments?post=146632"}],"version-history":[{"count":3,"href":"https:\/\/experienciadevida.com.ar\/portalurbano\/wp-json\/wp\/v2\/posts\/146632\/revisions"}],"predecessor-version":[{"id":146635,"href":"https:\/\/experienciadevida.com.ar\/portalurbano\/wp-json\/wp\/v2\/posts\/146632\/revisions\/146635"}],"wp:featuredmedia":[{"embeddable":true,"href":"https:\/\/experienciadevida.com.ar\/portalurbano\/wp-json\/wp\/v2\/media\/71980"}],"wp:attachment":[{"href":"https:\/\/experienciadevida.com.ar\/portalurbano\/wp-json\/wp\/v2\/media?parent=146632"}],"wp:term":[{"taxonomy":"category","embeddable":true,"href":"https:\/\/experienciadevida.com.ar\/portalurbano\/wp-json\/wp\/v2\/categories?post=146632"},{"taxonomy":"post_tag","embeddable":true,"href":"https:\/\/experienciadevida.com.ar\/portalurbano\/wp-json\/wp\/v2\/tags?post=146632"}],"curies":[{"name":"wp","href":"https:\/\/api.w.org\/{rel}","templated":true}]}}