{"id":146588,"date":"2021-07-01T19:50:11","date_gmt":"2021-07-01T22:50:11","guid":{"rendered":"https:\/\/experienciadevida.com.ar\/portalurbano\/?p=146588"},"modified":"2021-07-01T19:51:55","modified_gmt":"2021-07-01T22:51:55","slug":"hasta-el-15-de-julio-estara-abierta-la-inscripcion-para-el-plan-fines","status":"publish","type":"post","link":"https:\/\/experienciadevida.com.ar\/portalurbano\/hasta-el-15-de-julio-estara-abierta-la-inscripcion-para-el-plan-fines\/","title":{"rendered":"Hasta el 15 de julio estar\u00e1 abierta la inscripci\u00f3n para el plan fines"},"content":{"rendered":"<p>Hasta el 15 de julio estar\u00e1 abierta la inscripci\u00f3n para el plan fines de estudios secundarios. La coordinadora Mariana Mart\u00ednez indic\u00f3 que ser\u00e1 para la modalidad Terminalidad Secundaria y los interesados podr\u00e1n acercarse los d\u00edas lunes y mi\u00e9rcoles de 18 a 21 hs a la E.E.S. N\u00b0 8, situada en Lavalle y Roque S. Pe\u00f1a.<\/p>\n<p>Quienes deseen acceder al Programa deber\u00e1n presentar la siguiente documentaci\u00f3n: Fotocopia de DNI, Constancia CUIL, Fotocopia de acta de nacimiento, Fotocopia de libro matriz de \u00faltimos estudios alcanzados (se solicita en la escuela secundaria donde curso por \u00faltima vez) o certificado de terminalidad de primaria. Toda la documentaci\u00f3n requerida debe ser presentada en un folio A4.<\/p>\n<p>Esta iniciativa representa una oportunidad para los y las j\u00f3venes y adultos de todo el pa\u00eds de finalizar sus estudios secundarios, a trav\u00e9s del desarrollo de experiencias educativas diferentes, significativas y basadas en la construcci\u00f3n colectiva de conocimientos para que puedan obtener su t\u00edtulo.<\/p>\n<p>Foto: internet<\/p>\n","protected":false},"excerpt":{"rendered":"<p>Hasta el 15 de julio estar\u00e1 abierta la inscripci\u00f3n para el plan fines de estudios&#8230;<\/p>\n","protected":false},"author":1,"featured_media":146592,"comment_status":"closed","ping_status":"closed","sticky":false,"template":"","format":"standard","meta":{"content-type":""},"categories":[64,31],"tags":[],"nelio_content":{"isAutoShareEnabled":false,"autoShareEndMode":"default","automationSources":{"useContentSentences":true,"useSocialTemplates":true,"useCustomSentences":false,"customSentences":[]},"followers":[1],"suggestedReferences":[],"includedReferences":[],"efiUrl":"","efiAlt":"","highlights":[]},"yoast_head":"<!-- This site is optimized with the Yoast SEO plugin v20.7 - https:\/\/yoast.com\/wordpress\/plugins\/seo\/ -->\n<title>Hasta el 15 de julio estar\u00e1 abierta la inscripci\u00f3n para el plan fines<\/title>\n<meta name=\"description\" content=\"Hasta el 15 de julio estar\u00e1 abierta la inscripci\u00f3n para el plan fines de estudios secundarios, ser\u00e1 para la modalidad secundaria.\" \/>\n<meta name=\"robots\" content=\"index, follow, max-snippet:-1, max-image-preview:large, max-video-preview:-1\" \/>\n<link rel=\"canonical\" href=\"https:\/\/experienciadevida.com.ar\/portalurbano\/hasta-el-15-de-julio-estara-abierta-la-inscripcion-para-el-plan-fines\/\" \/>\n<meta property=\"og:locale\" content=\"es_ES\" \/>\n<meta property=\"og:type\" content=\"article\" \/>\n<meta property=\"og:title\" content=\"Hasta el 15 de julio estar\u00e1 abierta la inscripci\u00f3n para el plan fines\" \/>\n<meta property=\"og:description\" content=\"Hasta el 15 de julio estar\u00e1 abierta la inscripci\u00f3n para el plan fines de estudios secundarios, ser\u00e1 para la modalidad secundaria.\" \/>\n<meta property=\"og:url\" content=\"https:\/\/experienciadevida.com.ar\/portalurbano\/hasta-el-15-de-julio-estara-abierta-la-inscripcion-para-el-plan-fines\/\" \/>\n<meta property=\"article:publisher\" content=\"https:\/\/www.facebook.com\/Portal-Urbano-171542830093757\/\" \/>\n<meta property=\"article:published_time\" content=\"2021-07-01T22:50:11+00:00\" \/>\n<meta property=\"article:modified_time\" content=\"2021-07-01T22:51:55+00:00\" \/>\n<meta property=\"og:image\" content=\"https:\/\/experienciadevida.com.ar\/portalurbano\/wp-content\/uploads\/2021\/07\/Plan-FinEs.jpeg\" \/>\n\t<meta property=\"og:image:width\" content=\"1200\" \/>\n\t<meta property=\"og:image:height\" content=\"768\" \/>\n\t<meta property=\"og:image:type\" content=\"image\/jpeg\" \/>\n<meta name=\"author\" content=\"admpu17wp\" \/>\n<meta name=\"twitter:card\" content=\"summary_large_image\" \/>\n<meta name=\"twitter:creator\" content=\"@portalurbanook\" \/>\n<meta name=\"twitter:site\" content=\"@portalurbanook\" \/>\n<meta name=\"twitter:label1\" content=\"Escrito por\" \/>\n\t<meta name=\"twitter:data1\" content=\"admpu17wp\" \/>\n\t<meta name=\"twitter:label2\" content=\"Tiempo de lectura\" \/>\n\t<meta name=\"twitter:data2\" content=\"1 minuto\" \/>\n<script type=\"application\/ld+json\" class=\"yoast-schema-graph\">{\"@context\":\"https:\/\/schema.org\",\"@graph\":[{\"@type\":\"Article\",\"@id\":\"https:\/\/experienciadevida.com.ar\/portalurbano\/hasta-el-15-de-julio-estara-abierta-la-inscripcion-para-el-plan-fines\/#article\",\"isPartOf\":{\"@id\":\"https:\/\/experienciadevida.com.ar\/portalurbano\/hasta-el-15-de-julio-estara-abierta-la-inscripcion-para-el-plan-fines\/\"},\"author\":{\"name\":\"admpu17wp\",\"@id\":\"https:\/\/experienciadevida.com.ar\/portalurbano\/#\/schema\/person\/02dd326b1c4b056e9cc972486934a3a7\"},\"headline\":\"Hasta el 15 de julio estar\u00e1 abierta la inscripci\u00f3n para el plan fines\",\"datePublished\":\"2021-07-01T22:50:11+00:00\",\"dateModified\":\"2021-07-01T22:51:55+00:00\",\"mainEntityOfPage\":{\"@id\":\"https:\/\/experienciadevida.com.ar\/portalurbano\/hasta-el-15-de-julio-estara-abierta-la-inscripcion-para-el-plan-fines\/\"},\"wordCount\":182,\"publisher\":{\"@id\":\"https:\/\/experienciadevida.com.ar\/portalurbano\/#organization\"},\"articleSection\":[\"Destacadas 2\",\"Educaci\u00f3n\"],\"inLanguage\":\"es\"},{\"@type\":\"WebPage\",\"@id\":\"https:\/\/experienciadevida.com.ar\/portalurbano\/hasta-el-15-de-julio-estara-abierta-la-inscripcion-para-el-plan-fines\/\",\"url\":\"https:\/\/experienciadevida.com.ar\/portalurbano\/hasta-el-15-de-julio-estara-abierta-la-inscripcion-para-el-plan-fines\/\",\"name\":\"Hasta el 15 de julio estar\u00e1 abierta la inscripci\u00f3n para el plan fines\",\"isPartOf\":{\"@id\":\"https:\/\/experienciadevida.com.ar\/portalurbano\/#website\"},\"datePublished\":\"2021-07-01T22:50:11+00:00\",\"dateModified\":\"2021-07-01T22:51:55+00:00\",\"description\":\"Hasta el 15 de julio estar\u00e1 abierta la inscripci\u00f3n para el plan fines de estudios secundarios, ser\u00e1 para la modalidad secundaria.\",\"breadcrumb\":{\"@id\":\"https:\/\/experienciadevida.com.ar\/portalurbano\/hasta-el-15-de-julio-estara-abierta-la-inscripcion-para-el-plan-fines\/#breadcrumb\"},\"inLanguage\":\"es\",\"potentialAction\":[{\"@type\":\"ReadAction\",\"target\":[\"https:\/\/experienciadevida.com.ar\/portalurbano\/hasta-el-15-de-julio-estara-abierta-la-inscripcion-para-el-plan-fines\/\"]}]},{\"@type\":\"BreadcrumbList\",\"@id\":\"https:\/\/experienciadevida.com.ar\/portalurbano\/hasta-el-15-de-julio-estara-abierta-la-inscripcion-para-el-plan-fines\/#breadcrumb\",\"itemListElement\":[{\"@type\":\"ListItem\",\"position\":1,\"name\":\"Portada\",\"item\":\"https:\/\/experienciadevida.com.ar\/portalurbano\/\"},{\"@type\":\"ListItem\",\"position\":2,\"name\":\"Hasta el 15 de julio estar\u00e1 abierta la inscripci\u00f3n para el plan fines\"}]},{\"@type\":\"WebSite\",\"@id\":\"https:\/\/experienciadevida.com.ar\/portalurbano\/#website\",\"url\":\"https:\/\/experienciadevida.com.ar\/portalurbano\/\",\"name\":\"\",\"description\":\"\",\"publisher\":{\"@id\":\"https:\/\/experienciadevida.com.ar\/portalurbano\/#organization\"},\"potentialAction\":[{\"@type\":\"SearchAction\",\"target\":{\"@type\":\"EntryPoint\",\"urlTemplate\":\"https:\/\/experienciadevida.com.ar\/portalurbano\/?s={search_term_string}\"},\"query-input\":\"required name=search_term_string\"}],\"inLanguage\":\"es\"},{\"@type\":\"Organization\",\"@id\":\"https:\/\/experienciadevida.com.ar\/portalurbano\/#organization\",\"name\":\"Portal Urbano\",\"url\":\"https:\/\/experienciadevida.com.ar\/portalurbano\/\",\"logo\":{\"@type\":\"ImageObject\",\"inLanguage\":\"es\",\"@id\":\"https:\/\/experienciadevida.com.ar\/portalurbano\/#\/schema\/logo\/image\/\",\"url\":\"https:\/\/experienciadevida.com.ar\/portalurbano\/wp-content\/uploads\/2019\/09\/Logo-Original.png\",\"contentUrl\":\"https:\/\/experienciadevida.com.ar\/portalurbano\/wp-content\/uploads\/2019\/09\/Logo-Original.png\",\"width\":2236,\"height\":1216,\"caption\":\"Portal Urbano\"},\"image\":{\"@id\":\"https:\/\/experienciadevida.com.ar\/portalurbano\/#\/schema\/logo\/image\/\"},\"sameAs\":[\"https:\/\/www.facebook.com\/Portal-Urbano-171542830093757\/\",\"https:\/\/twitter.com\/portalurbanook\",\"https:\/\/www.instagram.com\/_portalurbano\/\",\"https:\/\/www.youtube.com\/channel\/UCXhagIfszH8KxFiOok79zbA?view_as=subscriber\"]},{\"@type\":\"Person\",\"@id\":\"https:\/\/experienciadevida.com.ar\/portalurbano\/#\/schema\/person\/02dd326b1c4b056e9cc972486934a3a7\",\"name\":\"admpu17wp\",\"image\":{\"@type\":\"ImageObject\",\"inLanguage\":\"es\",\"@id\":\"https:\/\/experienciadevida.com.ar\/portalurbano\/#\/schema\/person\/image\/\",\"url\":\"https:\/\/secure.gravatar.com\/avatar\/830d4c57adaae6630765e449a6908047?s=96&d=mm&r=g\",\"contentUrl\":\"https:\/\/secure.gravatar.com\/avatar\/830d4c57adaae6630765e449a6908047?s=96&d=mm&r=g\",\"caption\":\"admpu17wp\"}}]}<\/script>\n<!-- \/ Yoast SEO plugin. -->","yoast_head_json":{"title":"Hasta el 15 de julio estar\u00e1 abierta la inscripci\u00f3n para el plan fines","description":"Hasta el 15 de julio estar\u00e1 abierta la inscripci\u00f3n para el plan fines de estudios secundarios, ser\u00e1 para la modalidad secundaria.","robots":{"index":"index","follow":"follow","max-snippet":"max-snippet:-1","max-image-preview":"max-image-preview:large","max-video-preview":"max-video-preview:-1"},"canonical":"https:\/\/experienciadevida.com.ar\/portalurbano\/hasta-el-15-de-julio-estara-abierta-la-inscripcion-para-el-plan-fines\/","og_locale":"es_ES","og_type":"article","og_title":"Hasta el 15 de julio estar\u00e1 abierta la inscripci\u00f3n para el plan fines","og_description":"Hasta el 15 de julio estar\u00e1 abierta la inscripci\u00f3n para el plan fines de estudios secundarios, ser\u00e1 para la modalidad secundaria.","og_url":"https:\/\/experienciadevida.com.ar\/portalurbano\/hasta-el-15-de-julio-estara-abierta-la-inscripcion-para-el-plan-fines\/","article_publisher":"https:\/\/www.facebook.com\/Portal-Urbano-171542830093757\/","article_published_time":"2021-07-01T22:50:11+00:00","article_modified_time":"2021-07-01T22:51:55+00:00","og_image":[{"width":1200,"height":768,"url":"https:\/\/experienciadevida.com.ar\/portalurbano\/wp-content\/uploads\/2021\/07\/Plan-FinEs.jpeg","type":"image\/jpeg"}],"author":"admpu17wp","twitter_card":"summary_large_image","twitter_creator":"@portalurbanook","twitter_site":"@portalurbanook","twitter_misc":{"Escrito por":"admpu17wp","Tiempo de lectura":"1 minuto"},"schema":{"@context":"https:\/\/schema.org","@graph":[{"@type":"Article","@id":"https:\/\/experienciadevida.com.ar\/portalurbano\/hasta-el-15-de-julio-estara-abierta-la-inscripcion-para-el-plan-fines\/#article","isPartOf":{"@id":"https:\/\/experienciadevida.com.ar\/portalurbano\/hasta-el-15-de-julio-estara-abierta-la-inscripcion-para-el-plan-fines\/"},"author":{"name":"admpu17wp","@id":"https:\/\/experienciadevida.com.ar\/portalurbano\/#\/schema\/person\/02dd326b1c4b056e9cc972486934a3a7"},"headline":"Hasta el 15 de julio estar\u00e1 abierta la inscripci\u00f3n para el plan fines","datePublished":"2021-07-01T22:50:11+00:00","dateModified":"2021-07-01T22:51:55+00:00","mainEntityOfPage":{"@id":"https:\/\/experienciadevida.com.ar\/portalurbano\/hasta-el-15-de-julio-estara-abierta-la-inscripcion-para-el-plan-fines\/"},"wordCount":182,"publisher":{"@id":"https:\/\/experienciadevida.com.ar\/portalurbano\/#organization"},"articleSection":["Destacadas 2","Educaci\u00f3n"],"inLanguage":"es"},{"@type":"WebPage","@id":"https:\/\/experienciadevida.com.ar\/portalurbano\/hasta-el-15-de-julio-estara-abierta-la-inscripcion-para-el-plan-fines\/","url":"https:\/\/experienciadevida.com.ar\/portalurbano\/hasta-el-15-de-julio-estara-abierta-la-inscripcion-para-el-plan-fines\/","name":"Hasta el 15 de julio estar\u00e1 abierta la inscripci\u00f3n para el plan fines","isPartOf":{"@id":"https:\/\/experienciadevida.com.ar\/portalurbano\/#website"},"datePublished":"2021-07-01T22:50:11+00:00","dateModified":"2021-07-01T22:51:55+00:00","description":"Hasta el 15 de julio estar\u00e1 abierta la inscripci\u00f3n para el plan fines de estudios secundarios, ser\u00e1 para la modalidad secundaria.","breadcrumb":{"@id":"https:\/\/experienciadevida.com.ar\/portalurbano\/hasta-el-15-de-julio-estara-abierta-la-inscripcion-para-el-plan-fines\/#breadcrumb"},"inLanguage":"es","potentialAction":[{"@type":"ReadAction","target":["https:\/\/experienciadevida.com.ar\/portalurbano\/hasta-el-15-de-julio-estara-abierta-la-inscripcion-para-el-plan-fines\/"]}]},{"@type":"BreadcrumbList","@id":"https:\/\/experienciadevida.com.ar\/portalurbano\/hasta-el-15-de-julio-estara-abierta-la-inscripcion-para-el-plan-fines\/#breadcrumb","itemListElement":[{"@type":"ListItem","position":1,"name":"Portada","item":"https:\/\/experienciadevida.com.ar\/portalurbano\/"},{"@type":"ListItem","position":2,"name":"Hasta el 15 de julio estar\u00e1 abierta la inscripci\u00f3n para el plan fines"}]},{"@type":"WebSite","@id":"https:\/\/experienciadevida.com.ar\/portalurbano\/#website","url":"https:\/\/experienciadevida.com.ar\/portalurbano\/","name":"","description":"","publisher":{"@id":"https:\/\/experienciadevida.com.ar\/portalurbano\/#organization"},"potentialAction":[{"@type":"SearchAction","target":{"@type":"EntryPoint","urlTemplate":"https:\/\/experienciadevida.com.ar\/portalurbano\/?s={search_term_string}"},"query-input":"required name=search_term_string"}],"inLanguage":"es"},{"@type":"Organization","@id":"https:\/\/experienciadevida.com.ar\/portalurbano\/#organization","name":"Portal Urbano","url":"https:\/\/experienciadevida.com.ar\/portalurbano\/","logo":{"@type":"ImageObject","inLanguage":"es","@id":"https:\/\/experienciadevida.com.ar\/portalurbano\/#\/schema\/logo\/image\/","url":"https:\/\/experienciadevida.com.ar\/portalurbano\/wp-content\/uploads\/2019\/09\/Logo-Original.png","contentUrl":"https:\/\/experienciadevida.com.ar\/portalurbano\/wp-content\/uploads\/2019\/09\/Logo-Original.png","width":2236,"height":1216,"caption":"Portal Urbano"},"image":{"@id":"https:\/\/experienciadevida.com.ar\/portalurbano\/#\/schema\/logo\/image\/"},"sameAs":["https:\/\/www.facebook.com\/Portal-Urbano-171542830093757\/","https:\/\/twitter.com\/portalurbanook","https:\/\/www.instagram.com\/_portalurbano\/","https:\/\/www.youtube.com\/channel\/UCXhagIfszH8KxFiOok79zbA?view_as=subscriber"]},{"@type":"Person","@id":"https:\/\/experienciadevida.com.ar\/portalurbano\/#\/schema\/person\/02dd326b1c4b056e9cc972486934a3a7","name":"admpu17wp","image":{"@type":"ImageObject","inLanguage":"es","@id":"https:\/\/experienciadevida.com.ar\/portalurbano\/#\/schema\/person\/image\/","url":"https:\/\/secure.gravatar.com\/avatar\/830d4c57adaae6630765e449a6908047?s=96&d=mm&r=g","contentUrl":"https:\/\/secure.gravatar.com\/avatar\/830d4c57adaae6630765e449a6908047?s=96&d=mm&r=g","caption":"admpu17wp"}}]}},"featured_image_urls":{"full":["https:\/\/experienciadevida.com.ar\/portalurbano\/wp-content\/uploads\/2021\/07\/Plan-FinEs.jpeg",1200,768,false],"thumbnail":["https:\/\/experienciadevida.com.ar\/portalurbano\/wp-content\/uploads\/2021\/07\/Plan-FinEs-150x150.jpeg",150,150,true],"medium":["https:\/\/experienciadevida.com.ar\/portalurbano\/wp-content\/uploads\/2021\/07\/Plan-FinEs-300x192.jpeg",300,192,true],"medium_large":["https:\/\/experienciadevida.com.ar\/portalurbano\/wp-content\/uploads\/2021\/07\/Plan-FinEs-768x492.jpeg",640,410,true],"large":["https:\/\/experienciadevida.com.ar\/portalurbano\/wp-content\/uploads\/2021\/07\/Plan-FinEs-1024x655.jpeg",640,409,true],"ug_big":["https:\/\/experienciadevida.com.ar\/portalurbano\/wp-content\/uploads\/2021\/07\/Plan-FinEs-768x492.jpeg",768,492,true],"1536x1536":["https:\/\/experienciadevida.com.ar\/portalurbano\/wp-content\/uploads\/2021\/07\/Plan-FinEs.jpeg",1200,768,false],"2048x2048":["https:\/\/experienciadevida.com.ar\/portalurbano\/wp-content\/uploads\/2021\/07\/Plan-FinEs.jpeg",1200,768,false],"newsever-slider-full":["https:\/\/experienciadevida.com.ar\/portalurbano\/wp-content\/uploads\/2021\/07\/Plan-FinEs.jpeg",1200,768,false],"newsever-featured":["https:\/\/experienciadevida.com.ar\/portalurbano\/wp-content\/uploads\/2021\/07\/Plan-FinEs.jpeg",1024,655,false],"newsever-medium":["https:\/\/experienciadevida.com.ar\/portalurbano\/wp-content\/uploads\/2021\/07\/Plan-FinEs.jpeg",720,461,false],"web-stories-poster-portrait":["https:\/\/experienciadevida.com.ar\/portalurbano\/wp-content\/uploads\/2021\/07\/Plan-FinEs.jpeg",640,410,false],"web-stories-publisher-logo":["https:\/\/experienciadevida.com.ar\/portalurbano\/wp-content\/uploads\/2021\/07\/Plan-FinEs.jpeg",96,61,false],"web-stories-thumbnail":["https:\/\/experienciadevida.com.ar\/portalurbano\/wp-content\/uploads\/2021\/07\/Plan-FinEs.jpeg",150,96,false]},"author_info":{"display_name":"admpu17wp","author_link":"https:\/\/experienciadevida.com.ar\/portalurbano\/author\/admpu17wp\/"},"category_info":"<a href=\"https:\/\/experienciadevida.com.ar\/portalurbano\/category\/destacadas-2\/\" rel=\"category tag\">Destacadas 2<\/a> <a href=\"https:\/\/experienciadevida.com.ar\/portalurbano\/category\/ciudad\/educacion\/\" rel=\"category tag\">Educaci\u00f3n<\/a>","tag_info":"Educaci\u00f3n","comment_count":"0","amp_enabled":true,"_links":{"self":[{"href":"https:\/\/experienciadevida.com.ar\/portalurbano\/wp-json\/wp\/v2\/posts\/146588"}],"collection":[{"href":"https:\/\/experienciadevida.com.ar\/portalurbano\/wp-json\/wp\/v2\/posts"}],"about":[{"href":"https:\/\/experienciadevida.com.ar\/portalurbano\/wp-json\/wp\/v2\/types\/post"}],"author":[{"embeddable":true,"href":"https:\/\/experienciadevida.com.ar\/portalurbano\/wp-json\/wp\/v2\/users\/1"}],"replies":[{"embeddable":true,"href":"https:\/\/experienciadevida.com.ar\/portalurbano\/wp-json\/wp\/v2\/comments?post=146588"}],"version-history":[{"count":2,"href":"https:\/\/experienciadevida.com.ar\/portalurbano\/wp-json\/wp\/v2\/posts\/146588\/revisions"}],"predecessor-version":[{"id":146594,"href":"https:\/\/experienciadevida.com.ar\/portalurbano\/wp-json\/wp\/v2\/posts\/146588\/revisions\/146594"}],"wp:featuredmedia":[{"embeddable":true,"href":"https:\/\/experienciadevida.com.ar\/portalurbano\/wp-json\/wp\/v2\/media\/146592"}],"wp:attachment":[{"href":"https:\/\/experienciadevida.com.ar\/portalurbano\/wp-json\/wp\/v2\/media?parent=146588"}],"wp:term":[{"taxonomy":"category","embeddable":true,"href":"https:\/\/experienciadevida.com.ar\/portalurbano\/wp-json\/wp\/v2\/categories?post=146588"},{"taxonomy":"post_tag","embeddable":true,"href":"https:\/\/experienciadevida.com.ar\/portalurbano\/wp-json\/wp\/v2\/tags?post=146588"}],"curies":[{"name":"wp","href":"https:\/\/api.w.org\/{rel}","templated":true}]}}