{"id":146560,"date":"2021-07-01T14:23:28","date_gmt":"2021-07-01T17:23:28","guid":{"rendered":"https:\/\/experienciadevida.com.ar\/portalurbano\/?p=146560"},"modified":"2021-07-01T14:25:44","modified_gmt":"2021-07-01T17:25:44","slug":"avanza-la-segunda-etapa-de-obra-de-repavimetacion-de-avda-ituzaingo","status":"publish","type":"post","link":"https:\/\/experienciadevida.com.ar\/portalurbano\/avanza-la-segunda-etapa-de-obra-de-repavimetacion-de-avda-ituzaingo\/","title":{"rendered":"Avanza la segunda etapa de obra de repavimetaci\u00f3n de Avda. Ituzaing\u00f3"},"content":{"rendered":"<p>Avanza la segunda etapa de obra de repavimetaci\u00f3n de Avda. Ituzaing\u00f3, el intendente Ezequiel <a href=\"https:\/\/www.facebook.com\/galliezequiel\">Galli<\/a> recorri\u00f3 la segunda etapa de obra de la repavimentaci\u00f3n de la Avda. Ituzaing\u00f3, que presenta un porcentaje de ejecuci\u00f3n del 60%.<\/p>\n<p>Durante la visita de obra, fue acompa\u00f1ado por el secretario de Mantenimiento y Obras P\u00fablicas de la Municipalidad, Julio Ferarro, para supervisar el avance de los trabajos.<\/p>\n<p>Cabe aclarar que la primera etapa abarc\u00f3 desde Avda. Trabajadores hasta calle Hip\u00f3lito Yrigoyen, y que en una segunda instancia va desde Balcarce a Canaveri.<\/p>\n<p>Avanza la segunda etapa de obra de repavimentaci\u00f3n de la Avenida Ituzaing\u00f3, en la actualidad, seg\u00fan se indic\u00f3 desde la Direcci\u00f3n de Pavimentaci\u00f3n en la actualidad se encuentran trabajando en la intersecci\u00f3n de Avda. Ituzaing\u00f3 y calle Collinet.<\/p>\n<p>En forma complementaria a la repavimentaci\u00f3n, el paquete de obras comprende la construcci\u00f3n de un separador central de hormig\u00f3n, para continuar con el existente en resto de la Avda. Ituzaing\u00f3, entre Avda. Col\u00f3n y Avda. Del Valle.<\/p>\n<p>Adem\u00e1s en la intersecci\u00f3n de Avda. Ituzaing\u00f3 y Avda. Trabajadores se construye una rotonda, que junto con la pavimentaci\u00f3n, permitir\u00e1 reordenar el tr\u00e1nsito y brindar mejores condiciones de seguridad vial.<\/p>\n<p>La obra resulta fundamental, teniendo en cuenta que se trata de una de las avenidas de mayor circulaci\u00f3n vehicular, debido a la gran actividad comercial que se registra diariamente en el sector.<\/p>\n<p>Por \u00faltimo, en la zona de trabajo se solicita a los conductores circular con extrema precauci\u00f3n y respetar la se\u00f1alizaci\u00f3n instalada en el lugar, con la finalidad de evitar inconvenientes en el tr\u00e1nsito.<\/p>\n<p>&nbsp;<\/p>\n","protected":false},"excerpt":{"rendered":"<p>Avanza la segunda etapa de obra de repavimetaci\u00f3n de Avda. Ituzaing\u00f3, el intendente Ezequiel Galli&#8230;<\/p>\n","protected":false},"author":1,"featured_media":146561,"comment_status":"closed","ping_status":"closed","sticky":false,"template":"","format":"standard","meta":{"content-type":""},"categories":[27,64],"tags":[],"nelio_content":{"isAutoShareEnabled":false,"autoShareEndMode":"default","automationSources":{"useContentSentences":true,"useSocialTemplates":true,"useCustomSentences":false,"customSentences":[]},"followers":[1],"suggestedReferences":[],"includedReferences":[],"efiUrl":"","efiAlt":"","highlights":[]},"yoast_head":"<!-- This site is optimized with the Yoast SEO plugin v20.7 - https:\/\/yoast.com\/wordpress\/plugins\/seo\/ -->\n<title>Avanza la segunda etapa de obra de repavimentaci\u00f3n de Avda Ituzaingo<\/title>\n<meta name=\"description\" content=\"Avanza la segunda etapa de obra de repavimetaci\u00f3n de Avda. Ituzaing\u00f3, el intendente Ezequiel Galli recorri\u00f3 el lugar donde se realiza.\" \/>\n<meta name=\"robots\" content=\"index, follow, max-snippet:-1, max-image-preview:large, max-video-preview:-1\" \/>\n<link rel=\"canonical\" href=\"https:\/\/experienciadevida.com.ar\/portalurbano\/avanza-la-segunda-etapa-de-obra-de-repavimetacion-de-avda-ituzaingo\/\" \/>\n<meta property=\"og:locale\" content=\"es_ES\" \/>\n<meta property=\"og:type\" content=\"article\" \/>\n<meta property=\"og:title\" content=\"Avanza la segunda etapa de obra de repavimentaci\u00f3n de Avda Ituzaingo\" \/>\n<meta property=\"og:description\" content=\"Avanza la segunda etapa de obra de repavimetaci\u00f3n de Avda. Ituzaing\u00f3, el intendente Ezequiel Galli recorri\u00f3 el lugar donde se realiza.\" \/>\n<meta property=\"og:url\" content=\"https:\/\/experienciadevida.com.ar\/portalurbano\/avanza-la-segunda-etapa-de-obra-de-repavimetacion-de-avda-ituzaingo\/\" \/>\n<meta property=\"article:publisher\" content=\"https:\/\/www.facebook.com\/Portal-Urbano-171542830093757\/\" \/>\n<meta property=\"article:published_time\" content=\"2021-07-01T17:23:28+00:00\" \/>\n<meta property=\"article:modified_time\" content=\"2021-07-01T17:25:44+00:00\" \/>\n<meta property=\"og:image\" content=\"https:\/\/experienciadevida.com.ar\/portalurbano\/wp-content\/uploads\/2021\/07\/Avanza-la-segunda-etapa-de.jpg\" \/>\n\t<meta property=\"og:image:width\" content=\"1024\" \/>\n\t<meta property=\"og:image:height\" content=\"685\" \/>\n\t<meta property=\"og:image:type\" content=\"image\/jpeg\" \/>\n<meta name=\"author\" content=\"admpu17wp\" \/>\n<meta name=\"twitter:card\" content=\"summary_large_image\" \/>\n<meta name=\"twitter:creator\" content=\"@portalurbanook\" \/>\n<meta name=\"twitter:site\" content=\"@portalurbanook\" \/>\n<meta name=\"twitter:label1\" content=\"Escrito por\" \/>\n\t<meta name=\"twitter:data1\" content=\"admpu17wp\" \/>\n\t<meta name=\"twitter:label2\" content=\"Tiempo de lectura\" \/>\n\t<meta name=\"twitter:data2\" content=\"2 minutos\" \/>\n<script type=\"application\/ld+json\" class=\"yoast-schema-graph\">{\"@context\":\"https:\/\/schema.org\",\"@graph\":[{\"@type\":\"Article\",\"@id\":\"https:\/\/experienciadevida.com.ar\/portalurbano\/avanza-la-segunda-etapa-de-obra-de-repavimetacion-de-avda-ituzaingo\/#article\",\"isPartOf\":{\"@id\":\"https:\/\/experienciadevida.com.ar\/portalurbano\/avanza-la-segunda-etapa-de-obra-de-repavimetacion-de-avda-ituzaingo\/\"},\"author\":{\"name\":\"admpu17wp\",\"@id\":\"https:\/\/experienciadevida.com.ar\/portalurbano\/#\/schema\/person\/02dd326b1c4b056e9cc972486934a3a7\"},\"headline\":\"Avanza la segunda etapa de obra de repavimetaci\u00f3n de Avda. Ituzaing\u00f3\",\"datePublished\":\"2021-07-01T17:23:28+00:00\",\"dateModified\":\"2021-07-01T17:25:44+00:00\",\"mainEntityOfPage\":{\"@id\":\"https:\/\/experienciadevida.com.ar\/portalurbano\/avanza-la-segunda-etapa-de-obra-de-repavimetacion-de-avda-ituzaingo\/\"},\"wordCount\":294,\"publisher\":{\"@id\":\"https:\/\/experienciadevida.com.ar\/portalurbano\/#organization\"},\"articleSection\":[\"Ciudad\",\"Destacadas 2\"],\"inLanguage\":\"es\"},{\"@type\":\"WebPage\",\"@id\":\"https:\/\/experienciadevida.com.ar\/portalurbano\/avanza-la-segunda-etapa-de-obra-de-repavimetacion-de-avda-ituzaingo\/\",\"url\":\"https:\/\/experienciadevida.com.ar\/portalurbano\/avanza-la-segunda-etapa-de-obra-de-repavimetacion-de-avda-ituzaingo\/\",\"name\":\"Avanza la segunda etapa de obra de repavimentaci\u00f3n de Avda Ituzaingo\",\"isPartOf\":{\"@id\":\"https:\/\/experienciadevida.com.ar\/portalurbano\/#website\"},\"datePublished\":\"2021-07-01T17:23:28+00:00\",\"dateModified\":\"2021-07-01T17:25:44+00:00\",\"description\":\"Avanza la segunda etapa de obra de repavimetaci\u00f3n de Avda. Ituzaing\u00f3, el intendente Ezequiel Galli recorri\u00f3 el lugar donde se realiza.\",\"breadcrumb\":{\"@id\":\"https:\/\/experienciadevida.com.ar\/portalurbano\/avanza-la-segunda-etapa-de-obra-de-repavimetacion-de-avda-ituzaingo\/#breadcrumb\"},\"inLanguage\":\"es\",\"potentialAction\":[{\"@type\":\"ReadAction\",\"target\":[\"https:\/\/experienciadevida.com.ar\/portalurbano\/avanza-la-segunda-etapa-de-obra-de-repavimetacion-de-avda-ituzaingo\/\"]}]},{\"@type\":\"BreadcrumbList\",\"@id\":\"https:\/\/experienciadevida.com.ar\/portalurbano\/avanza-la-segunda-etapa-de-obra-de-repavimetacion-de-avda-ituzaingo\/#breadcrumb\",\"itemListElement\":[{\"@type\":\"ListItem\",\"position\":1,\"name\":\"Portada\",\"item\":\"https:\/\/experienciadevida.com.ar\/portalurbano\/\"},{\"@type\":\"ListItem\",\"position\":2,\"name\":\"Avanza la segunda etapa de obra de repavimetaci\u00f3n de Avda. Ituzaing\u00f3\"}]},{\"@type\":\"WebSite\",\"@id\":\"https:\/\/experienciadevida.com.ar\/portalurbano\/#website\",\"url\":\"https:\/\/experienciadevida.com.ar\/portalurbano\/\",\"name\":\"\",\"description\":\"\",\"publisher\":{\"@id\":\"https:\/\/experienciadevida.com.ar\/portalurbano\/#organization\"},\"potentialAction\":[{\"@type\":\"SearchAction\",\"target\":{\"@type\":\"EntryPoint\",\"urlTemplate\":\"https:\/\/experienciadevida.com.ar\/portalurbano\/?s={search_term_string}\"},\"query-input\":\"required name=search_term_string\"}],\"inLanguage\":\"es\"},{\"@type\":\"Organization\",\"@id\":\"https:\/\/experienciadevida.com.ar\/portalurbano\/#organization\",\"name\":\"Portal Urbano\",\"url\":\"https:\/\/experienciadevida.com.ar\/portalurbano\/\",\"logo\":{\"@type\":\"ImageObject\",\"inLanguage\":\"es\",\"@id\":\"https:\/\/experienciadevida.com.ar\/portalurbano\/#\/schema\/logo\/image\/\",\"url\":\"https:\/\/experienciadevida.com.ar\/portalurbano\/wp-content\/uploads\/2019\/09\/Logo-Original.png\",\"contentUrl\":\"https:\/\/experienciadevida.com.ar\/portalurbano\/wp-content\/uploads\/2019\/09\/Logo-Original.png\",\"width\":2236,\"height\":1216,\"caption\":\"Portal Urbano\"},\"image\":{\"@id\":\"https:\/\/experienciadevida.com.ar\/portalurbano\/#\/schema\/logo\/image\/\"},\"sameAs\":[\"https:\/\/www.facebook.com\/Portal-Urbano-171542830093757\/\",\"https:\/\/twitter.com\/portalurbanook\",\"https:\/\/www.instagram.com\/_portalurbano\/\",\"https:\/\/www.youtube.com\/channel\/UCXhagIfszH8KxFiOok79zbA?view_as=subscriber\"]},{\"@type\":\"Person\",\"@id\":\"https:\/\/experienciadevida.com.ar\/portalurbano\/#\/schema\/person\/02dd326b1c4b056e9cc972486934a3a7\",\"name\":\"admpu17wp\",\"image\":{\"@type\":\"ImageObject\",\"inLanguage\":\"es\",\"@id\":\"https:\/\/experienciadevida.com.ar\/portalurbano\/#\/schema\/person\/image\/\",\"url\":\"https:\/\/secure.gravatar.com\/avatar\/830d4c57adaae6630765e449a6908047?s=96&d=mm&r=g\",\"contentUrl\":\"https:\/\/secure.gravatar.com\/avatar\/830d4c57adaae6630765e449a6908047?s=96&d=mm&r=g\",\"caption\":\"admpu17wp\"}}]}<\/script>\n<!-- \/ Yoast SEO plugin. -->","yoast_head_json":{"title":"Avanza la segunda etapa de obra de repavimentaci\u00f3n de Avda Ituzaingo","description":"Avanza la segunda etapa de obra de repavimetaci\u00f3n de Avda. Ituzaing\u00f3, el intendente Ezequiel Galli recorri\u00f3 el lugar donde se realiza.","robots":{"index":"index","follow":"follow","max-snippet":"max-snippet:-1","max-image-preview":"max-image-preview:large","max-video-preview":"max-video-preview:-1"},"canonical":"https:\/\/experienciadevida.com.ar\/portalurbano\/avanza-la-segunda-etapa-de-obra-de-repavimetacion-de-avda-ituzaingo\/","og_locale":"es_ES","og_type":"article","og_title":"Avanza la segunda etapa de obra de repavimentaci\u00f3n de Avda Ituzaingo","og_description":"Avanza la segunda etapa de obra de repavimetaci\u00f3n de Avda. Ituzaing\u00f3, el intendente Ezequiel Galli recorri\u00f3 el lugar donde se realiza.","og_url":"https:\/\/experienciadevida.com.ar\/portalurbano\/avanza-la-segunda-etapa-de-obra-de-repavimetacion-de-avda-ituzaingo\/","article_publisher":"https:\/\/www.facebook.com\/Portal-Urbano-171542830093757\/","article_published_time":"2021-07-01T17:23:28+00:00","article_modified_time":"2021-07-01T17:25:44+00:00","og_image":[{"width":1024,"height":685,"url":"https:\/\/experienciadevida.com.ar\/portalurbano\/wp-content\/uploads\/2021\/07\/Avanza-la-segunda-etapa-de.jpg","type":"image\/jpeg"}],"author":"admpu17wp","twitter_card":"summary_large_image","twitter_creator":"@portalurbanook","twitter_site":"@portalurbanook","twitter_misc":{"Escrito por":"admpu17wp","Tiempo de lectura":"2 minutos"},"schema":{"@context":"https:\/\/schema.org","@graph":[{"@type":"Article","@id":"https:\/\/experienciadevida.com.ar\/portalurbano\/avanza-la-segunda-etapa-de-obra-de-repavimetacion-de-avda-ituzaingo\/#article","isPartOf":{"@id":"https:\/\/experienciadevida.com.ar\/portalurbano\/avanza-la-segunda-etapa-de-obra-de-repavimetacion-de-avda-ituzaingo\/"},"author":{"name":"admpu17wp","@id":"https:\/\/experienciadevida.com.ar\/portalurbano\/#\/schema\/person\/02dd326b1c4b056e9cc972486934a3a7"},"headline":"Avanza la segunda etapa de obra de repavimetaci\u00f3n de Avda. Ituzaing\u00f3","datePublished":"2021-07-01T17:23:28+00:00","dateModified":"2021-07-01T17:25:44+00:00","mainEntityOfPage":{"@id":"https:\/\/experienciadevida.com.ar\/portalurbano\/avanza-la-segunda-etapa-de-obra-de-repavimetacion-de-avda-ituzaingo\/"},"wordCount":294,"publisher":{"@id":"https:\/\/experienciadevida.com.ar\/portalurbano\/#organization"},"articleSection":["Ciudad","Destacadas 2"],"inLanguage":"es"},{"@type":"WebPage","@id":"https:\/\/experienciadevida.com.ar\/portalurbano\/avanza-la-segunda-etapa-de-obra-de-repavimetacion-de-avda-ituzaingo\/","url":"https:\/\/experienciadevida.com.ar\/portalurbano\/avanza-la-segunda-etapa-de-obra-de-repavimetacion-de-avda-ituzaingo\/","name":"Avanza la segunda etapa de obra de repavimentaci\u00f3n de Avda Ituzaingo","isPartOf":{"@id":"https:\/\/experienciadevida.com.ar\/portalurbano\/#website"},"datePublished":"2021-07-01T17:23:28+00:00","dateModified":"2021-07-01T17:25:44+00:00","description":"Avanza la segunda etapa de obra de repavimetaci\u00f3n de Avda. Ituzaing\u00f3, el intendente Ezequiel Galli recorri\u00f3 el lugar donde se realiza.","breadcrumb":{"@id":"https:\/\/experienciadevida.com.ar\/portalurbano\/avanza-la-segunda-etapa-de-obra-de-repavimetacion-de-avda-ituzaingo\/#breadcrumb"},"inLanguage":"es","potentialAction":[{"@type":"ReadAction","target":["https:\/\/experienciadevida.com.ar\/portalurbano\/avanza-la-segunda-etapa-de-obra-de-repavimetacion-de-avda-ituzaingo\/"]}]},{"@type":"BreadcrumbList","@id":"https:\/\/experienciadevida.com.ar\/portalurbano\/avanza-la-segunda-etapa-de-obra-de-repavimetacion-de-avda-ituzaingo\/#breadcrumb","itemListElement":[{"@type":"ListItem","position":1,"name":"Portada","item":"https:\/\/experienciadevida.com.ar\/portalurbano\/"},{"@type":"ListItem","position":2,"name":"Avanza la segunda etapa de obra de repavimetaci\u00f3n de Avda. Ituzaing\u00f3"}]},{"@type":"WebSite","@id":"https:\/\/experienciadevida.com.ar\/portalurbano\/#website","url":"https:\/\/experienciadevida.com.ar\/portalurbano\/","name":"","description":"","publisher":{"@id":"https:\/\/experienciadevida.com.ar\/portalurbano\/#organization"},"potentialAction":[{"@type":"SearchAction","target":{"@type":"EntryPoint","urlTemplate":"https:\/\/experienciadevida.com.ar\/portalurbano\/?s={search_term_string}"},"query-input":"required name=search_term_string"}],"inLanguage":"es"},{"@type":"Organization","@id":"https:\/\/experienciadevida.com.ar\/portalurbano\/#organization","name":"Portal Urbano","url":"https:\/\/experienciadevida.com.ar\/portalurbano\/","logo":{"@type":"ImageObject","inLanguage":"es","@id":"https:\/\/experienciadevida.com.ar\/portalurbano\/#\/schema\/logo\/image\/","url":"https:\/\/experienciadevida.com.ar\/portalurbano\/wp-content\/uploads\/2019\/09\/Logo-Original.png","contentUrl":"https:\/\/experienciadevida.com.ar\/portalurbano\/wp-content\/uploads\/2019\/09\/Logo-Original.png","width":2236,"height":1216,"caption":"Portal Urbano"},"image":{"@id":"https:\/\/experienciadevida.com.ar\/portalurbano\/#\/schema\/logo\/image\/"},"sameAs":["https:\/\/www.facebook.com\/Portal-Urbano-171542830093757\/","https:\/\/twitter.com\/portalurbanook","https:\/\/www.instagram.com\/_portalurbano\/","https:\/\/www.youtube.com\/channel\/UCXhagIfszH8KxFiOok79zbA?view_as=subscriber"]},{"@type":"Person","@id":"https:\/\/experienciadevida.com.ar\/portalurbano\/#\/schema\/person\/02dd326b1c4b056e9cc972486934a3a7","name":"admpu17wp","image":{"@type":"ImageObject","inLanguage":"es","@id":"https:\/\/experienciadevida.com.ar\/portalurbano\/#\/schema\/person\/image\/","url":"https:\/\/secure.gravatar.com\/avatar\/830d4c57adaae6630765e449a6908047?s=96&d=mm&r=g","contentUrl":"https:\/\/secure.gravatar.com\/avatar\/830d4c57adaae6630765e449a6908047?s=96&d=mm&r=g","caption":"admpu17wp"}}]}},"featured_image_urls":{"full":["https:\/\/experienciadevida.com.ar\/portalurbano\/wp-content\/uploads\/2021\/07\/Avanza-la-segunda-etapa-de.jpg",1024,685,false],"thumbnail":["https:\/\/experienciadevida.com.ar\/portalurbano\/wp-content\/uploads\/2021\/07\/Avanza-la-segunda-etapa-de-150x150.jpg",150,150,true],"medium":["https:\/\/experienciadevida.com.ar\/portalurbano\/wp-content\/uploads\/2021\/07\/Avanza-la-segunda-etapa-de-300x201.jpg",300,201,true],"medium_large":["https:\/\/experienciadevida.com.ar\/portalurbano\/wp-content\/uploads\/2021\/07\/Avanza-la-segunda-etapa-de-768x514.jpg",640,428,true],"large":["https:\/\/experienciadevida.com.ar\/portalurbano\/wp-content\/uploads\/2021\/07\/Avanza-la-segunda-etapa-de.jpg",640,428,false],"ug_big":["https:\/\/experienciadevida.com.ar\/portalurbano\/wp-content\/uploads\/2021\/07\/Avanza-la-segunda-etapa-de-768x514.jpg",768,514,true],"1536x1536":["https:\/\/experienciadevida.com.ar\/portalurbano\/wp-content\/uploads\/2021\/07\/Avanza-la-segunda-etapa-de.jpg",1024,685,false],"2048x2048":["https:\/\/experienciadevida.com.ar\/portalurbano\/wp-content\/uploads\/2021\/07\/Avanza-la-segunda-etapa-de.jpg",1024,685,false],"newsever-slider-full":["https:\/\/experienciadevida.com.ar\/portalurbano\/wp-content\/uploads\/2021\/07\/Avanza-la-segunda-etapa-de.jpg",1024,685,false],"newsever-featured":["https:\/\/experienciadevida.com.ar\/portalurbano\/wp-content\/uploads\/2021\/07\/Avanza-la-segunda-etapa-de.jpg",1024,685,false],"newsever-medium":["https:\/\/experienciadevida.com.ar\/portalurbano\/wp-content\/uploads\/2021\/07\/Avanza-la-segunda-etapa-de.jpg",710,475,false],"web-stories-poster-portrait":["https:\/\/experienciadevida.com.ar\/portalurbano\/wp-content\/uploads\/2021\/07\/Avanza-la-segunda-etapa-de.jpg",640,428,false],"web-stories-publisher-logo":["https:\/\/experienciadevida.com.ar\/portalurbano\/wp-content\/uploads\/2021\/07\/Avanza-la-segunda-etapa-de.jpg",96,64,false],"web-stories-thumbnail":["https:\/\/experienciadevida.com.ar\/portalurbano\/wp-content\/uploads\/2021\/07\/Avanza-la-segunda-etapa-de.jpg",150,100,false]},"author_info":{"display_name":"admpu17wp","author_link":"https:\/\/experienciadevida.com.ar\/portalurbano\/author\/admpu17wp\/"},"category_info":"<a href=\"https:\/\/experienciadevida.com.ar\/portalurbano\/category\/ciudad\/\" rel=\"category tag\">Ciudad<\/a> <a href=\"https:\/\/experienciadevida.com.ar\/portalurbano\/category\/destacadas-2\/\" rel=\"category tag\">Destacadas 2<\/a>","tag_info":"Destacadas 2","comment_count":"0","amp_enabled":true,"_links":{"self":[{"href":"https:\/\/experienciadevida.com.ar\/portalurbano\/wp-json\/wp\/v2\/posts\/146560"}],"collection":[{"href":"https:\/\/experienciadevida.com.ar\/portalurbano\/wp-json\/wp\/v2\/posts"}],"about":[{"href":"https:\/\/experienciadevida.com.ar\/portalurbano\/wp-json\/wp\/v2\/types\/post"}],"author":[{"embeddable":true,"href":"https:\/\/experienciadevida.com.ar\/portalurbano\/wp-json\/wp\/v2\/users\/1"}],"replies":[{"embeddable":true,"href":"https:\/\/experienciadevida.com.ar\/portalurbano\/wp-json\/wp\/v2\/comments?post=146560"}],"version-history":[{"count":2,"href":"https:\/\/experienciadevida.com.ar\/portalurbano\/wp-json\/wp\/v2\/posts\/146560\/revisions"}],"predecessor-version":[{"id":146564,"href":"https:\/\/experienciadevida.com.ar\/portalurbano\/wp-json\/wp\/v2\/posts\/146560\/revisions\/146564"}],"wp:featuredmedia":[{"embeddable":true,"href":"https:\/\/experienciadevida.com.ar\/portalurbano\/wp-json\/wp\/v2\/media\/146561"}],"wp:attachment":[{"href":"https:\/\/experienciadevida.com.ar\/portalurbano\/wp-json\/wp\/v2\/media?parent=146560"}],"wp:term":[{"taxonomy":"category","embeddable":true,"href":"https:\/\/experienciadevida.com.ar\/portalurbano\/wp-json\/wp\/v2\/categories?post=146560"},{"taxonomy":"post_tag","embeddable":true,"href":"https:\/\/experienciadevida.com.ar\/portalurbano\/wp-json\/wp\/v2\/tags?post=146560"}],"curies":[{"name":"wp","href":"https:\/\/api.w.org\/{rel}","templated":true}]}}