{"id":146510,"date":"2021-07-01T10:51:27","date_gmt":"2021-07-01T13:51:27","guid":{"rendered":"https:\/\/experienciadevida.com.ar\/portalurbano\/?p=146510"},"modified":"2021-07-01T10:54:27","modified_gmt":"2021-07-01T13:54:27","slug":"inician-en-olavarria-las-escuelas-deportivas-argentinas","status":"publish","type":"post","link":"https:\/\/experienciadevida.com.ar\/portalurbano\/inician-en-olavarria-las-escuelas-deportivas-argentinas\/","title":{"rendered":"Inician en Olavarr\u00eda las Escuelas Deportivas Argentinas"},"content":{"rendered":"<p>Inician en Olavarr\u00eda las Escuelas Deportivas Argentinas, este martes se realiz\u00f3 el anuncio formal del inicio de la actividad anual de las Escuelas Deportivas Argentinas (EDA), que comenzar\u00e1n a ofrecerse desde el pr\u00f3ximo lunes en el municipio de Olavarr\u00eda, de manera articulada con las autoridades nacionales, provinciales y las federaciones deportivas del pa\u00eds. Se destaca que es totalmente gratuita.<\/p>\n<p>El subsecretario de Deportes y Recreaci\u00f3n Juan Agust\u00edn Galli, acompa\u00f1ado por el director de Gesti\u00f3n Deportiva <a href=\"https:\/\/www.facebook.com\/marcelo.verna\">Marcelo Verna<\/a>, y los cuatro profesores que tendr\u00e1n a su cargo las EDA en nuestra ciudad definieron los \u00faltimos detalles de la puesta en marcha, que siempre estar\u00e1 sujeta a las habilitaciones o restricciones derivadas de la situaci\u00f3n epidemiol\u00f3gica.<\/p>\n<p>La propuesta se desarrolla por quinto a\u00f1o (la cuesti\u00f3n sanitaria lo impidi\u00f3 el a\u00f1o pasado) en Olavarr\u00eda y tiene como prop\u00f3sito aumentar la base deportiva en todo el pa\u00eds permitiendo optimizar el itinerario deportivo, ofreciendo oportunidades de participaci\u00f3n en espacios de iniciaci\u00f3n, formaci\u00f3n y desarrollo deportivo de calidad, posibilitando el acceso a procesos pedag\u00f3gicos sistem\u00e1ticos y brindando a los docentes espacios de formaci\u00f3n profesional continua. Est\u00e1 destinado a fomentar la pr\u00e1ctica deportiva en ni\u00f1os, ni\u00f1as y j\u00f3venes desde infantiles.<\/p>\n<p>Inician en Olavarr\u00eda las escuelas Deportivas Argentinas, El profesor Galli explic\u00f3 que \u201cla Secretar\u00eda de Deportes de Naci\u00f3n provee los fondos para abonarle a cada uno de los profesores. En el caso de la Provincia, se encarga de la administraci\u00f3n y control, y desde el Municipio acompa\u00f1amos con cesi\u00f3n y gesti\u00f3n de espacios y\/o materiales, adem\u00e1s de monitorear el desarrollo de cada escuela y poner a disposici\u00f3n el servicio de Salud. Los profesores van registrando su actividad, env\u00edan informes a sus tecnificadores provinciales o nacionales, quienes los eval\u00faan de forma permanente, y luego llegan a los funcionarios deportivos de la Naci\u00f3n\u201d.<\/p>\n<p>Agreg\u00f3 que \u201cLos chicos pueden concurrir en los horarios que vamos a estar informando en las pr\u00f3ximas horas. Los profes van a dar respuesta a cada pregunta de los interesados. La intenci\u00f3n es la iniciaci\u00f3n deportiva, totalmente gratuita, es el primer paso a cualquiera de estas disciplinas y luego pueden continuar el proceso de aprendizaje y formaci\u00f3n en un club u otra entidad de Olavarr\u00eda que los reciba\u201d.<\/p>\n<p>Por su parte, el director de Gesti\u00f3n Deportiva, Marcelo Verna, repas\u00f3 \u201cse trata del quinto a\u00f1o del programa, que este a\u00f1o cambi\u00f3 su denominaci\u00f3n. Se inici\u00f3 a mediados de 2016, prosigui\u00f3 durante 2017, 2018 y 2019. Es una idea muy interesante que tuvo resultados positivos y tras el cambio de gesti\u00f3n en el gobierno nacional, afortunadamente se decidi\u00f3 su continuidad. El an\u00e1lisis de Naci\u00f3n y Provincia de las escuelas que funcionaron en nuestra ciudad fue positivo, y por ello se decidi\u00f3 mantener la mayor\u00eda y sumar softbol, que est\u00e1 en un camino de resurgimiento en el pa\u00eds.<\/p>\n<p>Las EDA ser\u00e1n:<\/p>\n<p>Atletismo: A cargo de la profesora Manuela Roccasalva. Contacto: (02284) 15-589233.<\/p>\n<p>Lucha: Club La Amistad (Dorrego 4539) a cargo del profesor e instructor en lucha Christian Franciscovich. Contacto: (02284) 15-659130.<\/p>\n<p>Canotaje: Secci\u00f3n canotaje del Club Estudiantes (Lavalle y Del Valle) a cargo de la profesora Brenda Medina. Contacto: (02284) 15-331002.<\/p>\n<p>Softbol: Parque \u201cLa M\u00e1xima\u201d a cargo de la profesora Luc\u00eda Bauchwitz. Contacto: (02284) 15-604015.<\/p>\n<p><a href=\"https:\/\/experienciadevida.com.ar\/portalurbano\/inician-en-olavarria-las-escuelas-deportivas-argentinas\/inician-en-olavarria\/\" rel=\"attachment wp-att-146514\"><img decoding=\"async\" class=\"alignnone size-full wp-image-146514\" src=\"https:\/\/experienciadevida.com.ar\/portalurbano\/wp-content\/uploads\/2021\/07\/Inician-en-Olavarria.jpg\" alt=\"Inician en Olavarr\u00eda\" width=\"765\" height=\"511\" srcset=\"https:\/\/experienciadevida.com.ar\/portalurbano\/wp-content\/uploads\/2021\/07\/Inician-en-Olavarria.jpg 765w, https:\/\/experienciadevida.com.ar\/portalurbano\/wp-content\/uploads\/2021\/07\/Inician-en-Olavarria-300x200.jpg 300w\" sizes=\"(max-width: 765px) 100vw, 765px\" \/><\/a><\/p>\n","protected":false},"excerpt":{"rendered":"<p>Inician en Olavarr\u00eda las Escuelas Deportivas Argentinas, este martes se realiz\u00f3 el anuncio formal del&#8230;<\/p>\n","protected":false},"author":1,"featured_media":146511,"comment_status":"closed","ping_status":"closed","sticky":false,"template":"","format":"standard","meta":{"content-type":""},"categories":[27,64],"tags":[],"nelio_content":{"isAutoShareEnabled":false,"autoShareEndMode":"default","automationSources":{"useContentSentences":true,"useSocialTemplates":true,"useCustomSentences":false,"customSentences":[]},"followers":[1],"suggestedReferences":[],"includedReferences":[],"efiUrl":"","efiAlt":"","highlights":[]},"yoast_head":"<!-- This site is optimized with the Yoast SEO plugin v20.7 - https:\/\/yoast.com\/wordpress\/plugins\/seo\/ -->\n<title>Inician en Olavarr\u00eda las escuelas deportivas Argentinas<\/title>\n<meta name=\"description\" content=\"Inician en Olavarr\u00eda las Escuelas Deportivas Argentinas, este martes se realiz\u00f3 el anuncio formal del inicio de la actividad anual\" \/>\n<meta name=\"robots\" content=\"index, follow, max-snippet:-1, max-image-preview:large, max-video-preview:-1\" \/>\n<link rel=\"canonical\" href=\"https:\/\/experienciadevida.com.ar\/portalurbano\/inician-en-olavarria-las-escuelas-deportivas-argentinas\/\" \/>\n<meta property=\"og:locale\" content=\"es_ES\" \/>\n<meta property=\"og:type\" content=\"article\" \/>\n<meta property=\"og:title\" content=\"Inician en Olavarr\u00eda las escuelas deportivas Argentinas\" \/>\n<meta property=\"og:description\" content=\"Inician en Olavarr\u00eda las Escuelas Deportivas Argentinas, este martes se realiz\u00f3 el anuncio formal del inicio de la actividad anual\" \/>\n<meta property=\"og:url\" content=\"https:\/\/experienciadevida.com.ar\/portalurbano\/inician-en-olavarria-las-escuelas-deportivas-argentinas\/\" \/>\n<meta property=\"article:publisher\" content=\"https:\/\/www.facebook.com\/Portal-Urbano-171542830093757\/\" \/>\n<meta property=\"article:published_time\" content=\"2021-07-01T13:51:27+00:00\" \/>\n<meta property=\"article:modified_time\" content=\"2021-07-01T13:54:27+00:00\" \/>\n<meta property=\"og:image\" content=\"https:\/\/experienciadevida.com.ar\/portalurbano\/wp-content\/uploads\/2021\/07\/Inician-en-Olavarria-las-Escuelas-e1625147480176.jpg\" \/>\n\t<meta property=\"og:image:width\" content=\"765\" \/>\n\t<meta property=\"og:image:height\" content=\"511\" \/>\n\t<meta property=\"og:image:type\" content=\"image\/jpeg\" \/>\n<meta name=\"author\" content=\"admpu17wp\" \/>\n<meta name=\"twitter:card\" content=\"summary_large_image\" \/>\n<meta name=\"twitter:creator\" content=\"@portalurbanook\" \/>\n<meta name=\"twitter:site\" content=\"@portalurbanook\" \/>\n<meta name=\"twitter:label1\" content=\"Escrito por\" \/>\n\t<meta name=\"twitter:data1\" content=\"admpu17wp\" \/>\n\t<meta name=\"twitter:label2\" content=\"Tiempo de lectura\" \/>\n\t<meta name=\"twitter:data2\" content=\"3 minutos\" \/>\n<script type=\"application\/ld+json\" class=\"yoast-schema-graph\">{\"@context\":\"https:\/\/schema.org\",\"@graph\":[{\"@type\":\"Article\",\"@id\":\"https:\/\/experienciadevida.com.ar\/portalurbano\/inician-en-olavarria-las-escuelas-deportivas-argentinas\/#article\",\"isPartOf\":{\"@id\":\"https:\/\/experienciadevida.com.ar\/portalurbano\/inician-en-olavarria-las-escuelas-deportivas-argentinas\/\"},\"author\":{\"name\":\"admpu17wp\",\"@id\":\"https:\/\/experienciadevida.com.ar\/portalurbano\/#\/schema\/person\/02dd326b1c4b056e9cc972486934a3a7\"},\"headline\":\"Inician en Olavarr\u00eda las Escuelas Deportivas Argentinas\",\"datePublished\":\"2021-07-01T13:51:27+00:00\",\"dateModified\":\"2021-07-01T13:54:27+00:00\",\"mainEntityOfPage\":{\"@id\":\"https:\/\/experienciadevida.com.ar\/portalurbano\/inician-en-olavarria-las-escuelas-deportivas-argentinas\/\"},\"wordCount\":584,\"publisher\":{\"@id\":\"https:\/\/experienciadevida.com.ar\/portalurbano\/#organization\"},\"articleSection\":[\"Ciudad\",\"Destacadas 2\"],\"inLanguage\":\"es\"},{\"@type\":\"WebPage\",\"@id\":\"https:\/\/experienciadevida.com.ar\/portalurbano\/inician-en-olavarria-las-escuelas-deportivas-argentinas\/\",\"url\":\"https:\/\/experienciadevida.com.ar\/portalurbano\/inician-en-olavarria-las-escuelas-deportivas-argentinas\/\",\"name\":\"Inician en Olavarr\u00eda las escuelas deportivas Argentinas\",\"isPartOf\":{\"@id\":\"https:\/\/experienciadevida.com.ar\/portalurbano\/#website\"},\"datePublished\":\"2021-07-01T13:51:27+00:00\",\"dateModified\":\"2021-07-01T13:54:27+00:00\",\"description\":\"Inician en Olavarr\u00eda las Escuelas Deportivas Argentinas, este martes se realiz\u00f3 el anuncio formal del inicio de la actividad anual\",\"breadcrumb\":{\"@id\":\"https:\/\/experienciadevida.com.ar\/portalurbano\/inician-en-olavarria-las-escuelas-deportivas-argentinas\/#breadcrumb\"},\"inLanguage\":\"es\",\"potentialAction\":[{\"@type\":\"ReadAction\",\"target\":[\"https:\/\/experienciadevida.com.ar\/portalurbano\/inician-en-olavarria-las-escuelas-deportivas-argentinas\/\"]}]},{\"@type\":\"BreadcrumbList\",\"@id\":\"https:\/\/experienciadevida.com.ar\/portalurbano\/inician-en-olavarria-las-escuelas-deportivas-argentinas\/#breadcrumb\",\"itemListElement\":[{\"@type\":\"ListItem\",\"position\":1,\"name\":\"Portada\",\"item\":\"https:\/\/experienciadevida.com.ar\/portalurbano\/\"},{\"@type\":\"ListItem\",\"position\":2,\"name\":\"Inician en Olavarr\u00eda las Escuelas Deportivas Argentinas\"}]},{\"@type\":\"WebSite\",\"@id\":\"https:\/\/experienciadevida.com.ar\/portalurbano\/#website\",\"url\":\"https:\/\/experienciadevida.com.ar\/portalurbano\/\",\"name\":\"\",\"description\":\"\",\"publisher\":{\"@id\":\"https:\/\/experienciadevida.com.ar\/portalurbano\/#organization\"},\"potentialAction\":[{\"@type\":\"SearchAction\",\"target\":{\"@type\":\"EntryPoint\",\"urlTemplate\":\"https:\/\/experienciadevida.com.ar\/portalurbano\/?s={search_term_string}\"},\"query-input\":\"required name=search_term_string\"}],\"inLanguage\":\"es\"},{\"@type\":\"Organization\",\"@id\":\"https:\/\/experienciadevida.com.ar\/portalurbano\/#organization\",\"name\":\"Portal Urbano\",\"url\":\"https:\/\/experienciadevida.com.ar\/portalurbano\/\",\"logo\":{\"@type\":\"ImageObject\",\"inLanguage\":\"es\",\"@id\":\"https:\/\/experienciadevida.com.ar\/portalurbano\/#\/schema\/logo\/image\/\",\"url\":\"https:\/\/experienciadevida.com.ar\/portalurbano\/wp-content\/uploads\/2019\/09\/Logo-Original.png\",\"contentUrl\":\"https:\/\/experienciadevida.com.ar\/portalurbano\/wp-content\/uploads\/2019\/09\/Logo-Original.png\",\"width\":2236,\"height\":1216,\"caption\":\"Portal Urbano\"},\"image\":{\"@id\":\"https:\/\/experienciadevida.com.ar\/portalurbano\/#\/schema\/logo\/image\/\"},\"sameAs\":[\"https:\/\/www.facebook.com\/Portal-Urbano-171542830093757\/\",\"https:\/\/twitter.com\/portalurbanook\",\"https:\/\/www.instagram.com\/_portalurbano\/\",\"https:\/\/www.youtube.com\/channel\/UCXhagIfszH8KxFiOok79zbA?view_as=subscriber\"]},{\"@type\":\"Person\",\"@id\":\"https:\/\/experienciadevida.com.ar\/portalurbano\/#\/schema\/person\/02dd326b1c4b056e9cc972486934a3a7\",\"name\":\"admpu17wp\",\"image\":{\"@type\":\"ImageObject\",\"inLanguage\":\"es\",\"@id\":\"https:\/\/experienciadevida.com.ar\/portalurbano\/#\/schema\/person\/image\/\",\"url\":\"https:\/\/secure.gravatar.com\/avatar\/830d4c57adaae6630765e449a6908047?s=96&d=mm&r=g\",\"contentUrl\":\"https:\/\/secure.gravatar.com\/avatar\/830d4c57adaae6630765e449a6908047?s=96&d=mm&r=g\",\"caption\":\"admpu17wp\"}}]}<\/script>\n<!-- \/ Yoast SEO plugin. -->","yoast_head_json":{"title":"Inician en Olavarr\u00eda las escuelas deportivas Argentinas","description":"Inician en Olavarr\u00eda las Escuelas Deportivas Argentinas, este martes se realiz\u00f3 el anuncio formal del inicio de la actividad anual","robots":{"index":"index","follow":"follow","max-snippet":"max-snippet:-1","max-image-preview":"max-image-preview:large","max-video-preview":"max-video-preview:-1"},"canonical":"https:\/\/experienciadevida.com.ar\/portalurbano\/inician-en-olavarria-las-escuelas-deportivas-argentinas\/","og_locale":"es_ES","og_type":"article","og_title":"Inician en Olavarr\u00eda las escuelas deportivas Argentinas","og_description":"Inician en Olavarr\u00eda las Escuelas Deportivas Argentinas, este martes se realiz\u00f3 el anuncio formal del inicio de la actividad anual","og_url":"https:\/\/experienciadevida.com.ar\/portalurbano\/inician-en-olavarria-las-escuelas-deportivas-argentinas\/","article_publisher":"https:\/\/www.facebook.com\/Portal-Urbano-171542830093757\/","article_published_time":"2021-07-01T13:51:27+00:00","article_modified_time":"2021-07-01T13:54:27+00:00","og_image":[{"width":765,"height":511,"url":"https:\/\/experienciadevida.com.ar\/portalurbano\/wp-content\/uploads\/2021\/07\/Inician-en-Olavarria-las-Escuelas-e1625147480176.jpg","type":"image\/jpeg"}],"author":"admpu17wp","twitter_card":"summary_large_image","twitter_creator":"@portalurbanook","twitter_site":"@portalurbanook","twitter_misc":{"Escrito por":"admpu17wp","Tiempo de lectura":"3 minutos"},"schema":{"@context":"https:\/\/schema.org","@graph":[{"@type":"Article","@id":"https:\/\/experienciadevida.com.ar\/portalurbano\/inician-en-olavarria-las-escuelas-deportivas-argentinas\/#article","isPartOf":{"@id":"https:\/\/experienciadevida.com.ar\/portalurbano\/inician-en-olavarria-las-escuelas-deportivas-argentinas\/"},"author":{"name":"admpu17wp","@id":"https:\/\/experienciadevida.com.ar\/portalurbano\/#\/schema\/person\/02dd326b1c4b056e9cc972486934a3a7"},"headline":"Inician en Olavarr\u00eda las Escuelas Deportivas Argentinas","datePublished":"2021-07-01T13:51:27+00:00","dateModified":"2021-07-01T13:54:27+00:00","mainEntityOfPage":{"@id":"https:\/\/experienciadevida.com.ar\/portalurbano\/inician-en-olavarria-las-escuelas-deportivas-argentinas\/"},"wordCount":584,"publisher":{"@id":"https:\/\/experienciadevida.com.ar\/portalurbano\/#organization"},"articleSection":["Ciudad","Destacadas 2"],"inLanguage":"es"},{"@type":"WebPage","@id":"https:\/\/experienciadevida.com.ar\/portalurbano\/inician-en-olavarria-las-escuelas-deportivas-argentinas\/","url":"https:\/\/experienciadevida.com.ar\/portalurbano\/inician-en-olavarria-las-escuelas-deportivas-argentinas\/","name":"Inician en Olavarr\u00eda las escuelas deportivas Argentinas","isPartOf":{"@id":"https:\/\/experienciadevida.com.ar\/portalurbano\/#website"},"datePublished":"2021-07-01T13:51:27+00:00","dateModified":"2021-07-01T13:54:27+00:00","description":"Inician en Olavarr\u00eda las Escuelas Deportivas Argentinas, este martes se realiz\u00f3 el anuncio formal del inicio de la actividad anual","breadcrumb":{"@id":"https:\/\/experienciadevida.com.ar\/portalurbano\/inician-en-olavarria-las-escuelas-deportivas-argentinas\/#breadcrumb"},"inLanguage":"es","potentialAction":[{"@type":"ReadAction","target":["https:\/\/experienciadevida.com.ar\/portalurbano\/inician-en-olavarria-las-escuelas-deportivas-argentinas\/"]}]},{"@type":"BreadcrumbList","@id":"https:\/\/experienciadevida.com.ar\/portalurbano\/inician-en-olavarria-las-escuelas-deportivas-argentinas\/#breadcrumb","itemListElement":[{"@type":"ListItem","position":1,"name":"Portada","item":"https:\/\/experienciadevida.com.ar\/portalurbano\/"},{"@type":"ListItem","position":2,"name":"Inician en Olavarr\u00eda las Escuelas Deportivas Argentinas"}]},{"@type":"WebSite","@id":"https:\/\/experienciadevida.com.ar\/portalurbano\/#website","url":"https:\/\/experienciadevida.com.ar\/portalurbano\/","name":"","description":"","publisher":{"@id":"https:\/\/experienciadevida.com.ar\/portalurbano\/#organization"},"potentialAction":[{"@type":"SearchAction","target":{"@type":"EntryPoint","urlTemplate":"https:\/\/experienciadevida.com.ar\/portalurbano\/?s={search_term_string}"},"query-input":"required name=search_term_string"}],"inLanguage":"es"},{"@type":"Organization","@id":"https:\/\/experienciadevida.com.ar\/portalurbano\/#organization","name":"Portal Urbano","url":"https:\/\/experienciadevida.com.ar\/portalurbano\/","logo":{"@type":"ImageObject","inLanguage":"es","@id":"https:\/\/experienciadevida.com.ar\/portalurbano\/#\/schema\/logo\/image\/","url":"https:\/\/experienciadevida.com.ar\/portalurbano\/wp-content\/uploads\/2019\/09\/Logo-Original.png","contentUrl":"https:\/\/experienciadevida.com.ar\/portalurbano\/wp-content\/uploads\/2019\/09\/Logo-Original.png","width":2236,"height":1216,"caption":"Portal Urbano"},"image":{"@id":"https:\/\/experienciadevida.com.ar\/portalurbano\/#\/schema\/logo\/image\/"},"sameAs":["https:\/\/www.facebook.com\/Portal-Urbano-171542830093757\/","https:\/\/twitter.com\/portalurbanook","https:\/\/www.instagram.com\/_portalurbano\/","https:\/\/www.youtube.com\/channel\/UCXhagIfszH8KxFiOok79zbA?view_as=subscriber"]},{"@type":"Person","@id":"https:\/\/experienciadevida.com.ar\/portalurbano\/#\/schema\/person\/02dd326b1c4b056e9cc972486934a3a7","name":"admpu17wp","image":{"@type":"ImageObject","inLanguage":"es","@id":"https:\/\/experienciadevida.com.ar\/portalurbano\/#\/schema\/person\/image\/","url":"https:\/\/secure.gravatar.com\/avatar\/830d4c57adaae6630765e449a6908047?s=96&d=mm&r=g","contentUrl":"https:\/\/secure.gravatar.com\/avatar\/830d4c57adaae6630765e449a6908047?s=96&d=mm&r=g","caption":"admpu17wp"}}]}},"featured_image_urls":{"full":["https:\/\/experienciadevida.com.ar\/portalurbano\/wp-content\/uploads\/2021\/07\/Inician-en-Olavarria-las-Escuelas-e1625147480176.jpg",765,511,false],"thumbnail":["https:\/\/experienciadevida.com.ar\/portalurbano\/wp-content\/uploads\/2021\/07\/Inician-en-Olavarria-las-Escuelas-150x150.jpg",150,150,true],"medium":["https:\/\/experienciadevida.com.ar\/portalurbano\/wp-content\/uploads\/2021\/07\/Inician-en-Olavarria-las-Escuelas-300x201.jpg",300,201,true],"medium_large":["https:\/\/experienciadevida.com.ar\/portalurbano\/wp-content\/uploads\/2021\/07\/Inician-en-Olavarria-las-Escuelas-768x513.jpg",640,428,true],"large":["https:\/\/experienciadevida.com.ar\/portalurbano\/wp-content\/uploads\/2021\/07\/Inician-en-Olavarria-las-Escuelas-1024x684.jpg",640,428,true],"ug_big":["https:\/\/experienciadevida.com.ar\/portalurbano\/wp-content\/uploads\/2021\/07\/Inician-en-Olavarria-las-Escuelas-768x513.jpg",768,513,true],"1536x1536":["https:\/\/experienciadevida.com.ar\/portalurbano\/wp-content\/uploads\/2021\/07\/Inician-en-Olavarria-las-Escuelas-1536x1027.jpg",1536,1027,true],"2048x2048":["https:\/\/experienciadevida.com.ar\/portalurbano\/wp-content\/uploads\/2021\/07\/Inician-en-Olavarria-las-Escuelas-2048x1369.jpg",2048,1369,true],"newsever-slider-full":["https:\/\/experienciadevida.com.ar\/portalurbano\/wp-content\/uploads\/2021\/07\/Inician-en-Olavarria-las-Escuelas-e1625147480176.jpg",765,511,false],"newsever-featured":["https:\/\/experienciadevida.com.ar\/portalurbano\/wp-content\/uploads\/2021\/07\/Inician-en-Olavarria-las-Escuelas-e1625147480176.jpg",765,511,false],"newsever-medium":["https:\/\/experienciadevida.com.ar\/portalurbano\/wp-content\/uploads\/2021\/07\/Inician-en-Olavarria-las-Escuelas-e1625147480176.jpg",711,475,false],"web-stories-poster-portrait":["https:\/\/experienciadevida.com.ar\/portalurbano\/wp-content\/uploads\/2021\/07\/Inician-en-Olavarria-las-Escuelas-e1625147480176.jpg",640,428,false],"web-stories-publisher-logo":["https:\/\/experienciadevida.com.ar\/portalurbano\/wp-content\/uploads\/2021\/07\/Inician-en-Olavarria-las-Escuelas-e1625147480176.jpg",96,64,false],"web-stories-thumbnail":["https:\/\/experienciadevida.com.ar\/portalurbano\/wp-content\/uploads\/2021\/07\/Inician-en-Olavarria-las-Escuelas-e1625147480176.jpg",150,100,false]},"author_info":{"display_name":"admpu17wp","author_link":"https:\/\/experienciadevida.com.ar\/portalurbano\/author\/admpu17wp\/"},"category_info":"<a href=\"https:\/\/experienciadevida.com.ar\/portalurbano\/category\/ciudad\/\" rel=\"category tag\">Ciudad<\/a> <a href=\"https:\/\/experienciadevida.com.ar\/portalurbano\/category\/destacadas-2\/\" rel=\"category tag\">Destacadas 2<\/a>","tag_info":"Destacadas 2","comment_count":"0","amp_enabled":true,"_links":{"self":[{"href":"https:\/\/experienciadevida.com.ar\/portalurbano\/wp-json\/wp\/v2\/posts\/146510"}],"collection":[{"href":"https:\/\/experienciadevida.com.ar\/portalurbano\/wp-json\/wp\/v2\/posts"}],"about":[{"href":"https:\/\/experienciadevida.com.ar\/portalurbano\/wp-json\/wp\/v2\/types\/post"}],"author":[{"embeddable":true,"href":"https:\/\/experienciadevida.com.ar\/portalurbano\/wp-json\/wp\/v2\/users\/1"}],"replies":[{"embeddable":true,"href":"https:\/\/experienciadevida.com.ar\/portalurbano\/wp-json\/wp\/v2\/comments?post=146510"}],"version-history":[{"count":3,"href":"https:\/\/experienciadevida.com.ar\/portalurbano\/wp-json\/wp\/v2\/posts\/146510\/revisions"}],"predecessor-version":[{"id":146515,"href":"https:\/\/experienciadevida.com.ar\/portalurbano\/wp-json\/wp\/v2\/posts\/146510\/revisions\/146515"}],"wp:featuredmedia":[{"embeddable":true,"href":"https:\/\/experienciadevida.com.ar\/portalurbano\/wp-json\/wp\/v2\/media\/146511"}],"wp:attachment":[{"href":"https:\/\/experienciadevida.com.ar\/portalurbano\/wp-json\/wp\/v2\/media?parent=146510"}],"wp:term":[{"taxonomy":"category","embeddable":true,"href":"https:\/\/experienciadevida.com.ar\/portalurbano\/wp-json\/wp\/v2\/categories?post=146510"},{"taxonomy":"post_tag","embeddable":true,"href":"https:\/\/experienciadevida.com.ar\/portalurbano\/wp-json\/wp\/v2\/tags?post=146510"}],"curies":[{"name":"wp","href":"https:\/\/api.w.org\/{rel}","templated":true}]}}