{"id":146380,"date":"2021-06-29T17:10:00","date_gmt":"2021-06-29T20:10:00","guid":{"rendered":"https:\/\/experienciadevida.com.ar\/portalurbano\/?p=146380"},"modified":"2021-06-29T17:10:33","modified_gmt":"2021-06-29T20:10:33","slug":"martin-endere-la-oposicion-desconoce-las-ordenanzas-que-vota-a-favor","status":"publish","type":"post","link":"https:\/\/experienciadevida.com.ar\/portalurbano\/martin-endere-la-oposicion-desconoce-las-ordenanzas-que-vota-a-favor\/","title":{"rendered":"Mart\u00edn Endere: &#8220;La oposici\u00f3n desconoce las ordenanzas que vota a favor&#8221;"},"content":{"rendered":"<p>Mart\u00edn Endere: &#8220;La oposici\u00f3n desconoce las ordenanzas que vota a favor&#8221;, el Presidente del bloque Juntos por el Cambio, analiz\u00f3 la<br \/>\nparte t\u00e9cnica del programa TU.VI presentado por el intendente Ezequiel Galli el pasado s\u00e1bado, y consider\u00f3 que \u201cresulta llamativa la cr\u00edtica<br \/>\nrealizada por referentes de la oposici\u00f3n, pero m\u00e1s a\u00fan cuando proviene de Concejales que analizaron, hicieron aportes y votaron a favor la Ordenanza<br \/>\nen cuesti\u00f3n\u201d.<\/p>\n<p>En este sentido explic\u00f3: &#8220;el art\u00edculo 5\u00ba de la Ordenanza establece que el valor total de la vivienda, que estar\u00e1 integrado por un Valor \u201cA\u201d representado por el precio del terreno, y un Valor \u201cB\u201d representado por el importe correspondiente al coste de construcci\u00f3n de la vivienda\u201d.<\/p>\n<p>Con un detallado an\u00e1lisis t\u00e9cnico del programa de viviendas, indic\u00f3 que \u201cen lo que fue la implementaci\u00f3n del TU.VI, el Municipio para fijar el valor del terreno, conforme lo prev\u00e9 la ley, solicit\u00f3 tres tasaciones las que arrojaron un promedio de $ 970.000 por lote; y para determinar el valor del pliego por la construcci\u00f3n de las 20 viviendas se sigui\u00f3 la Resoluci\u00f3n 5\/2021 del Ministerio de Desarrollo Territorial y H\u00e1bitat de la Naci\u00f3n, que fija un valor de $ 73.319,28 por metro cuadrado\u201d.<\/p>\n<p>En tanto Mart\u00edn Endere destac\u00f3 &#8220;\u201cresult\u00f3 ganadora de la licitaci\u00f3n una empresa local, con una oferta de 78 millones de pesos, siendo un 19,5 % superior al valor del pliego\u201d.<\/p>\n<p>Respecto al acceso al programa, indic\u00f3 que \u201cel art\u00edculo 7\u00ba de la Ordenanza fue incorporado por la oposici\u00f3n, que hoy lo critica, y establece como m\u00e9todo la licitaci\u00f3n\u201d.<\/p>\n<p>En ese sentido, el presidente del bloque oficialista consider\u00f3 que \u201cresulta al menos llamativo la cr\u00edtica realizada por los distintos referentes de la<br \/>\noposici\u00f3n, pero m\u00e1s a\u00fan cuando proviene de Concejales que analizaron, hicieron aportes y votaron a favor la Ordenanza en cuesti\u00f3n\u201d.<\/p>\n<p>Como logro de la gesti\u00f3n del intendente Galli, el concejal aclar\u00f3 que \u201ca la fecha, el TU.VI\u00a0 10 es el \u00fanico programa de acceso a viviendas que existe en la Ciudad es impulsado con fondos municipales y se llevar\u00e1 a cabo por una empresa local, ocupando unos 70 puestos de trabajo directos, y volcando a la econom\u00eda local cerca de 100 millones de pesos\u201d.<\/p>\n<p>Por otra parte, subray\u00f3 que \u201cpareciera que la oposici\u00f3n a trav\u00e9s de sus cr\u00edticas no hace m\u00e1s que buscar ocultar la ausencia del Estado Provincial y<br \/>\nNacional en materia habitacional, siendo que en casi dos a\u00f1os de gobierno no aportaron una sola vivienda en el partido de Olavarr\u00eda\u201d.<\/p>\n<p>Por \u00faltimo Mart\u00edn Endere dijo &#8220;que \u201cdesde nuestro espacio siempre dijimos que este programa viene a aportar un granito de arena para un problema<br \/>\nhist\u00f3rico y estructural, como es el acceso a la vivienda. Pero la oposici\u00f3n no puede desconocer que fue esta gesti\u00f3n municipal la que retom\u00f3 y finaliz\u00f3 obras abandonadas, como las 120 viviendas del barrio Pickleado, el barrio UOCRA, a las que se sumaron las del barrio Educadores y Bancarios\u201d.<\/p>\n","protected":false},"excerpt":{"rendered":"<p>Mart\u00edn Endere: &#8220;La oposici\u00f3n desconoce las ordenanzas que vota a favor&#8221;, el Presidente del bloque&#8230;<\/p>\n","protected":false},"author":1,"featured_media":146381,"comment_status":"closed","ping_status":"closed","sticky":false,"template":"","format":"standard","meta":{"content-type":""},"categories":[27,64],"tags":[],"nelio_content":{"isAutoShareEnabled":false,"autoShareEndMode":"default","automationSources":{"useContentSentences":true,"useSocialTemplates":true,"useCustomSentences":false,"customSentences":[]},"followers":[1],"suggestedReferences":[],"includedReferences":[],"efiUrl":"","efiAlt":"","highlights":[]},"yoast_head":"<!-- This site is optimized with the Yoast SEO plugin v20.7 - https:\/\/yoast.com\/wordpress\/plugins\/seo\/ -->\n<title>Mart\u00edn Endere: &quot;La oposici\u00f3n desconoce las ordenanzas que vota a favor&quot; -<\/title>\n<meta name=\"robots\" content=\"index, follow, max-snippet:-1, max-image-preview:large, max-video-preview:-1\" \/>\n<link rel=\"canonical\" href=\"https:\/\/experienciadevida.com.ar\/portalurbano\/martin-endere-la-oposicion-desconoce-las-ordenanzas-que-vota-a-favor\/\" \/>\n<meta property=\"og:locale\" content=\"es_ES\" \/>\n<meta property=\"og:type\" content=\"article\" \/>\n<meta property=\"og:title\" content=\"Mart\u00edn Endere: &quot;La oposici\u00f3n desconoce las ordenanzas que vota a favor&quot; -\" \/>\n<meta property=\"og:description\" content=\"Mart\u00edn Endere: &#8220;La oposici\u00f3n desconoce las ordenanzas que vota a favor&#8221;, el Presidente del bloque...\" \/>\n<meta property=\"og:url\" content=\"https:\/\/experienciadevida.com.ar\/portalurbano\/martin-endere-la-oposicion-desconoce-las-ordenanzas-que-vota-a-favor\/\" \/>\n<meta property=\"article:publisher\" content=\"https:\/\/www.facebook.com\/Portal-Urbano-171542830093757\/\" \/>\n<meta property=\"article:published_time\" content=\"2021-06-29T20:10:00+00:00\" \/>\n<meta property=\"article:modified_time\" content=\"2021-06-29T20:10:33+00:00\" \/>\n<meta property=\"og:image\" content=\"https:\/\/experienciadevida.com.ar\/portalurbano\/wp-content\/uploads\/2021\/06\/Martin-Endere.jpg\" \/>\n\t<meta property=\"og:image:width\" content=\"1968\" \/>\n\t<meta property=\"og:image:height\" content=\"1312\" \/>\n\t<meta property=\"og:image:type\" content=\"image\/jpeg\" \/>\n<meta name=\"author\" content=\"admpu17wp\" \/>\n<meta name=\"twitter:card\" content=\"summary_large_image\" \/>\n<meta name=\"twitter:creator\" content=\"@portalurbanook\" \/>\n<meta name=\"twitter:site\" content=\"@portalurbanook\" \/>\n<meta name=\"twitter:label1\" content=\"Escrito por\" \/>\n\t<meta name=\"twitter:data1\" content=\"admpu17wp\" \/>\n\t<meta name=\"twitter:label2\" content=\"Tiempo de lectura\" \/>\n\t<meta name=\"twitter:data2\" content=\"3 minutos\" \/>\n<script type=\"application\/ld+json\" class=\"yoast-schema-graph\">{\"@context\":\"https:\/\/schema.org\",\"@graph\":[{\"@type\":\"Article\",\"@id\":\"https:\/\/experienciadevida.com.ar\/portalurbano\/martin-endere-la-oposicion-desconoce-las-ordenanzas-que-vota-a-favor\/#article\",\"isPartOf\":{\"@id\":\"https:\/\/experienciadevida.com.ar\/portalurbano\/martin-endere-la-oposicion-desconoce-las-ordenanzas-que-vota-a-favor\/\"},\"author\":{\"name\":\"admpu17wp\",\"@id\":\"https:\/\/experienciadevida.com.ar\/portalurbano\/#\/schema\/person\/02dd326b1c4b056e9cc972486934a3a7\"},\"headline\":\"Mart\u00edn Endere: &#8220;La oposici\u00f3n desconoce las ordenanzas que vota a favor&#8221;\",\"datePublished\":\"2021-06-29T20:10:00+00:00\",\"dateModified\":\"2021-06-29T20:10:33+00:00\",\"mainEntityOfPage\":{\"@id\":\"https:\/\/experienciadevida.com.ar\/portalurbano\/martin-endere-la-oposicion-desconoce-las-ordenanzas-que-vota-a-favor\/\"},\"wordCount\":526,\"publisher\":{\"@id\":\"https:\/\/experienciadevida.com.ar\/portalurbano\/#organization\"},\"articleSection\":[\"Ciudad\",\"Destacadas 2\"],\"inLanguage\":\"es\"},{\"@type\":\"WebPage\",\"@id\":\"https:\/\/experienciadevida.com.ar\/portalurbano\/martin-endere-la-oposicion-desconoce-las-ordenanzas-que-vota-a-favor\/\",\"url\":\"https:\/\/experienciadevida.com.ar\/portalurbano\/martin-endere-la-oposicion-desconoce-las-ordenanzas-que-vota-a-favor\/\",\"name\":\"Mart\u00edn Endere: \\\"La oposici\u00f3n desconoce las ordenanzas que vota a favor\\\" -\",\"isPartOf\":{\"@id\":\"https:\/\/experienciadevida.com.ar\/portalurbano\/#website\"},\"datePublished\":\"2021-06-29T20:10:00+00:00\",\"dateModified\":\"2021-06-29T20:10:33+00:00\",\"breadcrumb\":{\"@id\":\"https:\/\/experienciadevida.com.ar\/portalurbano\/martin-endere-la-oposicion-desconoce-las-ordenanzas-que-vota-a-favor\/#breadcrumb\"},\"inLanguage\":\"es\",\"potentialAction\":[{\"@type\":\"ReadAction\",\"target\":[\"https:\/\/experienciadevida.com.ar\/portalurbano\/martin-endere-la-oposicion-desconoce-las-ordenanzas-que-vota-a-favor\/\"]}]},{\"@type\":\"BreadcrumbList\",\"@id\":\"https:\/\/experienciadevida.com.ar\/portalurbano\/martin-endere-la-oposicion-desconoce-las-ordenanzas-que-vota-a-favor\/#breadcrumb\",\"itemListElement\":[{\"@type\":\"ListItem\",\"position\":1,\"name\":\"Portada\",\"item\":\"https:\/\/experienciadevida.com.ar\/portalurbano\/\"},{\"@type\":\"ListItem\",\"position\":2,\"name\":\"Mart\u00edn Endere: \u00abLa oposici\u00f3n desconoce las ordenanzas que vota a favor\u00bb\"}]},{\"@type\":\"WebSite\",\"@id\":\"https:\/\/experienciadevida.com.ar\/portalurbano\/#website\",\"url\":\"https:\/\/experienciadevida.com.ar\/portalurbano\/\",\"name\":\"\",\"description\":\"\",\"publisher\":{\"@id\":\"https:\/\/experienciadevida.com.ar\/portalurbano\/#organization\"},\"potentialAction\":[{\"@type\":\"SearchAction\",\"target\":{\"@type\":\"EntryPoint\",\"urlTemplate\":\"https:\/\/experienciadevida.com.ar\/portalurbano\/?s={search_term_string}\"},\"query-input\":\"required name=search_term_string\"}],\"inLanguage\":\"es\"},{\"@type\":\"Organization\",\"@id\":\"https:\/\/experienciadevida.com.ar\/portalurbano\/#organization\",\"name\":\"Portal Urbano\",\"url\":\"https:\/\/experienciadevida.com.ar\/portalurbano\/\",\"logo\":{\"@type\":\"ImageObject\",\"inLanguage\":\"es\",\"@id\":\"https:\/\/experienciadevida.com.ar\/portalurbano\/#\/schema\/logo\/image\/\",\"url\":\"https:\/\/experienciadevida.com.ar\/portalurbano\/wp-content\/uploads\/2019\/09\/Logo-Original.png\",\"contentUrl\":\"https:\/\/experienciadevida.com.ar\/portalurbano\/wp-content\/uploads\/2019\/09\/Logo-Original.png\",\"width\":2236,\"height\":1216,\"caption\":\"Portal Urbano\"},\"image\":{\"@id\":\"https:\/\/experienciadevida.com.ar\/portalurbano\/#\/schema\/logo\/image\/\"},\"sameAs\":[\"https:\/\/www.facebook.com\/Portal-Urbano-171542830093757\/\",\"https:\/\/twitter.com\/portalurbanook\",\"https:\/\/www.instagram.com\/_portalurbano\/\",\"https:\/\/www.youtube.com\/channel\/UCXhagIfszH8KxFiOok79zbA?view_as=subscriber\"]},{\"@type\":\"Person\",\"@id\":\"https:\/\/experienciadevida.com.ar\/portalurbano\/#\/schema\/person\/02dd326b1c4b056e9cc972486934a3a7\",\"name\":\"admpu17wp\",\"image\":{\"@type\":\"ImageObject\",\"inLanguage\":\"es\",\"@id\":\"https:\/\/experienciadevida.com.ar\/portalurbano\/#\/schema\/person\/image\/\",\"url\":\"https:\/\/secure.gravatar.com\/avatar\/830d4c57adaae6630765e449a6908047?s=96&d=mm&r=g\",\"contentUrl\":\"https:\/\/secure.gravatar.com\/avatar\/830d4c57adaae6630765e449a6908047?s=96&d=mm&r=g\",\"caption\":\"admpu17wp\"}}]}<\/script>\n<!-- \/ Yoast SEO plugin. -->","yoast_head_json":{"title":"Mart\u00edn Endere: \"La oposici\u00f3n desconoce las ordenanzas que vota a favor\" -","robots":{"index":"index","follow":"follow","max-snippet":"max-snippet:-1","max-image-preview":"max-image-preview:large","max-video-preview":"max-video-preview:-1"},"canonical":"https:\/\/experienciadevida.com.ar\/portalurbano\/martin-endere-la-oposicion-desconoce-las-ordenanzas-que-vota-a-favor\/","og_locale":"es_ES","og_type":"article","og_title":"Mart\u00edn Endere: \"La oposici\u00f3n desconoce las ordenanzas que vota a favor\" -","og_description":"Mart\u00edn Endere: &#8220;La oposici\u00f3n desconoce las ordenanzas que vota a favor&#8221;, el Presidente del bloque...","og_url":"https:\/\/experienciadevida.com.ar\/portalurbano\/martin-endere-la-oposicion-desconoce-las-ordenanzas-que-vota-a-favor\/","article_publisher":"https:\/\/www.facebook.com\/Portal-Urbano-171542830093757\/","article_published_time":"2021-06-29T20:10:00+00:00","article_modified_time":"2021-06-29T20:10:33+00:00","og_image":[{"width":1968,"height":1312,"url":"https:\/\/experienciadevida.com.ar\/portalurbano\/wp-content\/uploads\/2021\/06\/Martin-Endere.jpg","type":"image\/jpeg"}],"author":"admpu17wp","twitter_card":"summary_large_image","twitter_creator":"@portalurbanook","twitter_site":"@portalurbanook","twitter_misc":{"Escrito por":"admpu17wp","Tiempo de lectura":"3 minutos"},"schema":{"@context":"https:\/\/schema.org","@graph":[{"@type":"Article","@id":"https:\/\/experienciadevida.com.ar\/portalurbano\/martin-endere-la-oposicion-desconoce-las-ordenanzas-que-vota-a-favor\/#article","isPartOf":{"@id":"https:\/\/experienciadevida.com.ar\/portalurbano\/martin-endere-la-oposicion-desconoce-las-ordenanzas-que-vota-a-favor\/"},"author":{"name":"admpu17wp","@id":"https:\/\/experienciadevida.com.ar\/portalurbano\/#\/schema\/person\/02dd326b1c4b056e9cc972486934a3a7"},"headline":"Mart\u00edn Endere: &#8220;La oposici\u00f3n desconoce las ordenanzas que vota a favor&#8221;","datePublished":"2021-06-29T20:10:00+00:00","dateModified":"2021-06-29T20:10:33+00:00","mainEntityOfPage":{"@id":"https:\/\/experienciadevida.com.ar\/portalurbano\/martin-endere-la-oposicion-desconoce-las-ordenanzas-que-vota-a-favor\/"},"wordCount":526,"publisher":{"@id":"https:\/\/experienciadevida.com.ar\/portalurbano\/#organization"},"articleSection":["Ciudad","Destacadas 2"],"inLanguage":"es"},{"@type":"WebPage","@id":"https:\/\/experienciadevida.com.ar\/portalurbano\/martin-endere-la-oposicion-desconoce-las-ordenanzas-que-vota-a-favor\/","url":"https:\/\/experienciadevida.com.ar\/portalurbano\/martin-endere-la-oposicion-desconoce-las-ordenanzas-que-vota-a-favor\/","name":"Mart\u00edn Endere: \"La oposici\u00f3n desconoce las ordenanzas que vota a favor\" -","isPartOf":{"@id":"https:\/\/experienciadevida.com.ar\/portalurbano\/#website"},"datePublished":"2021-06-29T20:10:00+00:00","dateModified":"2021-06-29T20:10:33+00:00","breadcrumb":{"@id":"https:\/\/experienciadevida.com.ar\/portalurbano\/martin-endere-la-oposicion-desconoce-las-ordenanzas-que-vota-a-favor\/#breadcrumb"},"inLanguage":"es","potentialAction":[{"@type":"ReadAction","target":["https:\/\/experienciadevida.com.ar\/portalurbano\/martin-endere-la-oposicion-desconoce-las-ordenanzas-que-vota-a-favor\/"]}]},{"@type":"BreadcrumbList","@id":"https:\/\/experienciadevida.com.ar\/portalurbano\/martin-endere-la-oposicion-desconoce-las-ordenanzas-que-vota-a-favor\/#breadcrumb","itemListElement":[{"@type":"ListItem","position":1,"name":"Portada","item":"https:\/\/experienciadevida.com.ar\/portalurbano\/"},{"@type":"ListItem","position":2,"name":"Mart\u00edn Endere: \u00abLa oposici\u00f3n desconoce las ordenanzas que vota a favor\u00bb"}]},{"@type":"WebSite","@id":"https:\/\/experienciadevida.com.ar\/portalurbano\/#website","url":"https:\/\/experienciadevida.com.ar\/portalurbano\/","name":"","description":"","publisher":{"@id":"https:\/\/experienciadevida.com.ar\/portalurbano\/#organization"},"potentialAction":[{"@type":"SearchAction","target":{"@type":"EntryPoint","urlTemplate":"https:\/\/experienciadevida.com.ar\/portalurbano\/?s={search_term_string}"},"query-input":"required name=search_term_string"}],"inLanguage":"es"},{"@type":"Organization","@id":"https:\/\/experienciadevida.com.ar\/portalurbano\/#organization","name":"Portal Urbano","url":"https:\/\/experienciadevida.com.ar\/portalurbano\/","logo":{"@type":"ImageObject","inLanguage":"es","@id":"https:\/\/experienciadevida.com.ar\/portalurbano\/#\/schema\/logo\/image\/","url":"https:\/\/experienciadevida.com.ar\/portalurbano\/wp-content\/uploads\/2019\/09\/Logo-Original.png","contentUrl":"https:\/\/experienciadevida.com.ar\/portalurbano\/wp-content\/uploads\/2019\/09\/Logo-Original.png","width":2236,"height":1216,"caption":"Portal Urbano"},"image":{"@id":"https:\/\/experienciadevida.com.ar\/portalurbano\/#\/schema\/logo\/image\/"},"sameAs":["https:\/\/www.facebook.com\/Portal-Urbano-171542830093757\/","https:\/\/twitter.com\/portalurbanook","https:\/\/www.instagram.com\/_portalurbano\/","https:\/\/www.youtube.com\/channel\/UCXhagIfszH8KxFiOok79zbA?view_as=subscriber"]},{"@type":"Person","@id":"https:\/\/experienciadevida.com.ar\/portalurbano\/#\/schema\/person\/02dd326b1c4b056e9cc972486934a3a7","name":"admpu17wp","image":{"@type":"ImageObject","inLanguage":"es","@id":"https:\/\/experienciadevida.com.ar\/portalurbano\/#\/schema\/person\/image\/","url":"https:\/\/secure.gravatar.com\/avatar\/830d4c57adaae6630765e449a6908047?s=96&d=mm&r=g","contentUrl":"https:\/\/secure.gravatar.com\/avatar\/830d4c57adaae6630765e449a6908047?s=96&d=mm&r=g","caption":"admpu17wp"}}]}},"featured_image_urls":{"full":["https:\/\/experienciadevida.com.ar\/portalurbano\/wp-content\/uploads\/2021\/06\/Martin-Endere.jpg",1968,1312,false],"thumbnail":["https:\/\/experienciadevida.com.ar\/portalurbano\/wp-content\/uploads\/2021\/06\/Martin-Endere-150x150.jpg",150,150,true],"medium":["https:\/\/experienciadevida.com.ar\/portalurbano\/wp-content\/uploads\/2021\/06\/Martin-Endere-300x200.jpg",300,200,true],"medium_large":["https:\/\/experienciadevida.com.ar\/portalurbano\/wp-content\/uploads\/2021\/06\/Martin-Endere-768x512.jpg",640,427,true],"large":["https:\/\/experienciadevida.com.ar\/portalurbano\/wp-content\/uploads\/2021\/06\/Martin-Endere-1024x683.jpg",640,427,true],"ug_big":["https:\/\/experienciadevida.com.ar\/portalurbano\/wp-content\/uploads\/2021\/06\/Martin-Endere-768x512.jpg",768,512,true],"1536x1536":["https:\/\/experienciadevida.com.ar\/portalurbano\/wp-content\/uploads\/2021\/06\/Martin-Endere-1536x1024.jpg",1536,1024,true],"2048x2048":["https:\/\/experienciadevida.com.ar\/portalurbano\/wp-content\/uploads\/2021\/06\/Martin-Endere.jpg",1968,1312,false],"newsever-slider-full":["https:\/\/experienciadevida.com.ar\/portalurbano\/wp-content\/uploads\/2021\/06\/Martin-Endere.jpg",1268,845,false],"newsever-featured":["https:\/\/experienciadevida.com.ar\/portalurbano\/wp-content\/uploads\/2021\/06\/Martin-Endere.jpg",1024,683,false],"newsever-medium":["https:\/\/experienciadevida.com.ar\/portalurbano\/wp-content\/uploads\/2021\/06\/Martin-Endere.jpg",713,475,false],"web-stories-poster-portrait":["https:\/\/experienciadevida.com.ar\/portalurbano\/wp-content\/uploads\/2021\/06\/Martin-Endere.jpg",640,427,false],"web-stories-publisher-logo":["https:\/\/experienciadevida.com.ar\/portalurbano\/wp-content\/uploads\/2021\/06\/Martin-Endere.jpg",96,64,false],"web-stories-thumbnail":["https:\/\/experienciadevida.com.ar\/portalurbano\/wp-content\/uploads\/2021\/06\/Martin-Endere.jpg",150,100,false]},"author_info":{"display_name":"admpu17wp","author_link":"https:\/\/experienciadevida.com.ar\/portalurbano\/author\/admpu17wp\/"},"category_info":"<a href=\"https:\/\/experienciadevida.com.ar\/portalurbano\/category\/ciudad\/\" rel=\"category tag\">Ciudad<\/a> <a href=\"https:\/\/experienciadevida.com.ar\/portalurbano\/category\/destacadas-2\/\" rel=\"category tag\">Destacadas 2<\/a>","tag_info":"Destacadas 2","comment_count":"0","amp_enabled":true,"_links":{"self":[{"href":"https:\/\/experienciadevida.com.ar\/portalurbano\/wp-json\/wp\/v2\/posts\/146380"}],"collection":[{"href":"https:\/\/experienciadevida.com.ar\/portalurbano\/wp-json\/wp\/v2\/posts"}],"about":[{"href":"https:\/\/experienciadevida.com.ar\/portalurbano\/wp-json\/wp\/v2\/types\/post"}],"author":[{"embeddable":true,"href":"https:\/\/experienciadevida.com.ar\/portalurbano\/wp-json\/wp\/v2\/users\/1"}],"replies":[{"embeddable":true,"href":"https:\/\/experienciadevida.com.ar\/portalurbano\/wp-json\/wp\/v2\/comments?post=146380"}],"version-history":[{"count":1,"href":"https:\/\/experienciadevida.com.ar\/portalurbano\/wp-json\/wp\/v2\/posts\/146380\/revisions"}],"predecessor-version":[{"id":146382,"href":"https:\/\/experienciadevida.com.ar\/portalurbano\/wp-json\/wp\/v2\/posts\/146380\/revisions\/146382"}],"wp:featuredmedia":[{"embeddable":true,"href":"https:\/\/experienciadevida.com.ar\/portalurbano\/wp-json\/wp\/v2\/media\/146381"}],"wp:attachment":[{"href":"https:\/\/experienciadevida.com.ar\/portalurbano\/wp-json\/wp\/v2\/media?parent=146380"}],"wp:term":[{"taxonomy":"category","embeddable":true,"href":"https:\/\/experienciadevida.com.ar\/portalurbano\/wp-json\/wp\/v2\/categories?post=146380"},{"taxonomy":"post_tag","embeddable":true,"href":"https:\/\/experienciadevida.com.ar\/portalurbano\/wp-json\/wp\/v2\/tags?post=146380"}],"curies":[{"name":"wp","href":"https:\/\/api.w.org\/{rel}","templated":true}]}}