{"id":146373,"date":"2021-06-29T14:54:29","date_gmt":"2021-06-29T17:54:29","guid":{"rendered":"https:\/\/experienciadevida.com.ar\/portalurbano\/?p=146373"},"modified":"2021-06-29T14:57:29","modified_gmt":"2021-06-29T17:57:29","slug":"aerodromo-municipal-vuelos-sanitarios-hay-que-destacar-la-importancia-de-tener-un-aerodromo","status":"publish","type":"post","link":"https:\/\/experienciadevida.com.ar\/portalurbano\/aerodromo-municipal-vuelos-sanitarios-hay-que-destacar-la-importancia-de-tener-un-aerodromo\/","title":{"rendered":"Aer\u00f3dromo Municipal, vuelos sanitarios: &#8220;Hay que destacar la importancia de tener un aer\u00f3dromo&#8221;"},"content":{"rendered":"<p>Aer\u00f3dromo Municipal, vuelos sanitarios: &#8220;Hay que destacar la importancia de tener un aer\u00f3dromo&#8221;, en el \u00faltimo a\u00f1o mencionaron que se realizaron 9 vuelos.<\/p>\n<p>En la jornada de este martes Valeria Serrao public\u00f3 un video en el cual cuenta la historia familiar que tuvieron que vivir &#8220;soy de la ciudad de Azul y lo que les quiero contar en esta oportunidad es que hace un a\u00f1o con nuestro hijo de tan solo 8 a\u00f1itos sufrimos un accidente cerebrovascular por lo cual deb\u00eda ser trasladado de urgencia a La Plata para salvar su vida&#8221;, comenz\u00f3 diciendo.<\/p>\n<p>&#8220;Para ello deb\u00edamos contar con un aer\u00f3dromo un vuelo sanitario por la gravedad que presentaba. Logramos concretar el avi\u00f3n para lo cual Bauti deb\u00eda ser\u00a0 hasta la ciudad de Olavarr\u00eda. Soport\u00f3 ese traslado y ah\u00ed lo esperaba su avi\u00f3n para llevarlo a La Plata&#8221;.<\/p>\n<p>Aer\u00f3dromo Municipal &#8220;m\u00e1s all\u00e1 de que un ACV no era compatible con un vuelo sanitario Bauti lleg\u00f3 bien pudo ser intervenido y luego de las intervenciones necesarias y de la estad\u00eda que tuvimos que estar en La Plata, Bauti hoy est\u00e1 sano, salvo sin secuelas. Con esto lo que quiero es destacar la importancia de tener un aer\u00f3dromo cercano que funcione como debe funcionar, en la calidad humana que tienen sus miembros, de la coordinaci\u00f3n con la medicina ya que m\u00e1s all\u00e1 de trasladar personas trasladan y arriban \u00f3rganos para salvar vidas&#8221;.<\/p>\n<p>&#8220;Atr\u00e1s de todo esto hay personas que sienten que despu\u00e9s de cada noche despu\u00e9s de cada d\u00eda, tarde, que reciben personas, \u00f3rganos,\u00a0 tienen emociones y bueno yo tengo m\u00e1s que palabras de agradecimiento para con todos ellos, para que todos sepan de lo importante que es\u00a0 el trabajo que hacen ellos&#8221;.<\/p>\n<p>Luego de conocerse este emotivo video el Intendente Municipal expres\u00f3 a trav\u00e9s de su perfil de Facebook &#8220;Hay gestos que nos llenan el alma y hoy la historia de Valeria y Bauti, vecinos de Azul, es uno de ellos&#8221;.<\/p>\n<p>&#8220;Gracias a todo el equipo del<a href=\"https:\/\/www.facebook.com\/estacionmeteorologica.olavarria\"> Aerodromo Municipal Olavarr\u00eda!<\/a>. Son un orgullo de nuestra gesti\u00f3n&#8221;.<\/p>\n<p><iframe style=\"border: none; overflow: hidden;\" src=\"https:\/\/www.facebook.com\/plugins\/post.php?href=https%3A%2F%2Fwww.facebook.com%2Festacionmeteorologica.olavarria%2Fposts%2F2869358486648425&amp;show_text=false&amp;width=500\" width=\"500\" height=\"250\" frameborder=\"0\" scrolling=\"no\" allowfullscreen=\"allowfullscreen\"><\/iframe><\/p>\n","protected":false},"excerpt":{"rendered":"<p>Aer\u00f3dromo Municipal, vuelos sanitarios: &#8220;Hay que destacar la importancia de tener un aer\u00f3dromo&#8221;, en el&#8230;<\/p>\n","protected":false},"author":1,"featured_media":0,"comment_status":"closed","ping_status":"closed","sticky":false,"template":"","format":"standard","meta":{"content-type":""},"categories":[27,64],"tags":[],"nelio_content":{"isAutoShareEnabled":false,"autoShareEndMode":"default","automationSources":{"useContentSentences":true,"useSocialTemplates":true,"useCustomSentences":false,"customSentences":[]},"followers":[1],"suggestedReferences":[],"includedReferences":[],"efiUrl":"","efiAlt":"","highlights":[]},"yoast_head":"<!-- This site is optimized with the Yoast SEO plugin v20.7 - https:\/\/yoast.com\/wordpress\/plugins\/seo\/ -->\n<title>Aer\u00f3dromo Municipal, vuelos sanitarios: &quot;Hay que destacar la importancia&quot;<\/title>\n<meta name=\"description\" content=\"Aer\u00f3dromo Municipal, vuelos sanitarios: &quot;Hay que destacar la importancia de tener un aer\u00f3dromo&quot;, en el \u00faltimo a\u00f1o se realizaron 9 vuelos.\" \/>\n<meta name=\"robots\" content=\"index, follow, max-snippet:-1, max-image-preview:large, max-video-preview:-1\" \/>\n<link rel=\"canonical\" href=\"https:\/\/experienciadevida.com.ar\/portalurbano\/aerodromo-municipal-vuelos-sanitarios-hay-que-destacar-la-importancia-de-tener-un-aerodromo\/\" \/>\n<meta property=\"og:locale\" content=\"es_ES\" \/>\n<meta property=\"og:type\" content=\"article\" \/>\n<meta property=\"og:title\" content=\"Aer\u00f3dromo Municipal, vuelos sanitarios: &quot;Hay que destacar la importancia&quot;\" \/>\n<meta property=\"og:description\" content=\"Aer\u00f3dromo Municipal, vuelos sanitarios: &quot;Hay que destacar la importancia de tener un aer\u00f3dromo&quot;, en el \u00faltimo a\u00f1o se realizaron 9 vuelos.\" \/>\n<meta property=\"og:url\" content=\"https:\/\/experienciadevida.com.ar\/portalurbano\/aerodromo-municipal-vuelos-sanitarios-hay-que-destacar-la-importancia-de-tener-un-aerodromo\/\" \/>\n<meta property=\"article:publisher\" content=\"https:\/\/www.facebook.com\/Portal-Urbano-171542830093757\/\" \/>\n<meta property=\"article:published_time\" content=\"2021-06-29T17:54:29+00:00\" \/>\n<meta property=\"article:modified_time\" content=\"2021-06-29T17:57:29+00:00\" \/>\n<meta property=\"og:image\" content=\"https:\/\/experienciadevida.com.ar\/portalurbano\/wp-content\/uploads\/2018\/08\/AERODROMO.jpg\" \/>\n\t<meta property=\"og:image:width\" content=\"667\" \/>\n\t<meta property=\"og:image:height\" content=\"445\" \/>\n\t<meta property=\"og:image:type\" content=\"image\/jpeg\" \/>\n<meta name=\"author\" content=\"admpu17wp\" \/>\n<meta name=\"twitter:card\" content=\"summary_large_image\" \/>\n<meta name=\"twitter:creator\" content=\"@portalurbanook\" \/>\n<meta name=\"twitter:site\" content=\"@portalurbanook\" \/>\n<meta name=\"twitter:label1\" content=\"Escrito por\" \/>\n\t<meta name=\"twitter:data1\" content=\"admpu17wp\" \/>\n\t<meta name=\"twitter:label2\" content=\"Tiempo de lectura\" \/>\n\t<meta name=\"twitter:data2\" content=\"2 minutos\" \/>\n<script type=\"application\/ld+json\" class=\"yoast-schema-graph\">{\"@context\":\"https:\/\/schema.org\",\"@graph\":[{\"@type\":\"Article\",\"@id\":\"https:\/\/experienciadevida.com.ar\/portalurbano\/aerodromo-municipal-vuelos-sanitarios-hay-que-destacar-la-importancia-de-tener-un-aerodromo\/#article\",\"isPartOf\":{\"@id\":\"https:\/\/experienciadevida.com.ar\/portalurbano\/aerodromo-municipal-vuelos-sanitarios-hay-que-destacar-la-importancia-de-tener-un-aerodromo\/\"},\"author\":{\"name\":\"admpu17wp\",\"@id\":\"https:\/\/experienciadevida.com.ar\/portalurbano\/#\/schema\/person\/02dd326b1c4b056e9cc972486934a3a7\"},\"headline\":\"Aer\u00f3dromo Municipal, vuelos sanitarios: &#8220;Hay que destacar la importancia de tener un aer\u00f3dromo&#8221;\",\"datePublished\":\"2021-06-29T17:54:29+00:00\",\"dateModified\":\"2021-06-29T17:57:29+00:00\",\"mainEntityOfPage\":{\"@id\":\"https:\/\/experienciadevida.com.ar\/portalurbano\/aerodromo-municipal-vuelos-sanitarios-hay-que-destacar-la-importancia-de-tener-un-aerodromo\/\"},\"wordCount\":374,\"publisher\":{\"@id\":\"https:\/\/experienciadevida.com.ar\/portalurbano\/#organization\"},\"articleSection\":[\"Ciudad\",\"Destacadas 2\"],\"inLanguage\":\"es\"},{\"@type\":\"WebPage\",\"@id\":\"https:\/\/experienciadevida.com.ar\/portalurbano\/aerodromo-municipal-vuelos-sanitarios-hay-que-destacar-la-importancia-de-tener-un-aerodromo\/\",\"url\":\"https:\/\/experienciadevida.com.ar\/portalurbano\/aerodromo-municipal-vuelos-sanitarios-hay-que-destacar-la-importancia-de-tener-un-aerodromo\/\",\"name\":\"Aer\u00f3dromo Municipal, vuelos sanitarios: \\\"Hay que destacar la importancia\\\"\",\"isPartOf\":{\"@id\":\"https:\/\/experienciadevida.com.ar\/portalurbano\/#website\"},\"datePublished\":\"2021-06-29T17:54:29+00:00\",\"dateModified\":\"2021-06-29T17:57:29+00:00\",\"description\":\"Aer\u00f3dromo Municipal, vuelos sanitarios: \\\"Hay que destacar la importancia de tener un aer\u00f3dromo\\\", en el \u00faltimo a\u00f1o se realizaron 9 vuelos.\",\"breadcrumb\":{\"@id\":\"https:\/\/experienciadevida.com.ar\/portalurbano\/aerodromo-municipal-vuelos-sanitarios-hay-que-destacar-la-importancia-de-tener-un-aerodromo\/#breadcrumb\"},\"inLanguage\":\"es\",\"potentialAction\":[{\"@type\":\"ReadAction\",\"target\":[\"https:\/\/experienciadevida.com.ar\/portalurbano\/aerodromo-municipal-vuelos-sanitarios-hay-que-destacar-la-importancia-de-tener-un-aerodromo\/\"]}]},{\"@type\":\"BreadcrumbList\",\"@id\":\"https:\/\/experienciadevida.com.ar\/portalurbano\/aerodromo-municipal-vuelos-sanitarios-hay-que-destacar-la-importancia-de-tener-un-aerodromo\/#breadcrumb\",\"itemListElement\":[{\"@type\":\"ListItem\",\"position\":1,\"name\":\"Portada\",\"item\":\"https:\/\/experienciadevida.com.ar\/portalurbano\/\"},{\"@type\":\"ListItem\",\"position\":2,\"name\":\"Aer\u00f3dromo Municipal, vuelos sanitarios: \u00abHay que destacar la importancia de tener un aer\u00f3dromo\u00bb\"}]},{\"@type\":\"WebSite\",\"@id\":\"https:\/\/experienciadevida.com.ar\/portalurbano\/#website\",\"url\":\"https:\/\/experienciadevida.com.ar\/portalurbano\/\",\"name\":\"\",\"description\":\"\",\"publisher\":{\"@id\":\"https:\/\/experienciadevida.com.ar\/portalurbano\/#organization\"},\"potentialAction\":[{\"@type\":\"SearchAction\",\"target\":{\"@type\":\"EntryPoint\",\"urlTemplate\":\"https:\/\/experienciadevida.com.ar\/portalurbano\/?s={search_term_string}\"},\"query-input\":\"required name=search_term_string\"}],\"inLanguage\":\"es\"},{\"@type\":\"Organization\",\"@id\":\"https:\/\/experienciadevida.com.ar\/portalurbano\/#organization\",\"name\":\"Portal Urbano\",\"url\":\"https:\/\/experienciadevida.com.ar\/portalurbano\/\",\"logo\":{\"@type\":\"ImageObject\",\"inLanguage\":\"es\",\"@id\":\"https:\/\/experienciadevida.com.ar\/portalurbano\/#\/schema\/logo\/image\/\",\"url\":\"https:\/\/experienciadevida.com.ar\/portalurbano\/wp-content\/uploads\/2019\/09\/Logo-Original.png\",\"contentUrl\":\"https:\/\/experienciadevida.com.ar\/portalurbano\/wp-content\/uploads\/2019\/09\/Logo-Original.png\",\"width\":2236,\"height\":1216,\"caption\":\"Portal Urbano\"},\"image\":{\"@id\":\"https:\/\/experienciadevida.com.ar\/portalurbano\/#\/schema\/logo\/image\/\"},\"sameAs\":[\"https:\/\/www.facebook.com\/Portal-Urbano-171542830093757\/\",\"https:\/\/twitter.com\/portalurbanook\",\"https:\/\/www.instagram.com\/_portalurbano\/\",\"https:\/\/www.youtube.com\/channel\/UCXhagIfszH8KxFiOok79zbA?view_as=subscriber\"]},{\"@type\":\"Person\",\"@id\":\"https:\/\/experienciadevida.com.ar\/portalurbano\/#\/schema\/person\/02dd326b1c4b056e9cc972486934a3a7\",\"name\":\"admpu17wp\",\"image\":{\"@type\":\"ImageObject\",\"inLanguage\":\"es\",\"@id\":\"https:\/\/experienciadevida.com.ar\/portalurbano\/#\/schema\/person\/image\/\",\"url\":\"https:\/\/secure.gravatar.com\/avatar\/830d4c57adaae6630765e449a6908047?s=96&d=mm&r=g\",\"contentUrl\":\"https:\/\/secure.gravatar.com\/avatar\/830d4c57adaae6630765e449a6908047?s=96&d=mm&r=g\",\"caption\":\"admpu17wp\"}}]}<\/script>\n<!-- \/ Yoast SEO plugin. -->","yoast_head_json":{"title":"Aer\u00f3dromo Municipal, vuelos sanitarios: \"Hay que destacar la importancia\"","description":"Aer\u00f3dromo Municipal, vuelos sanitarios: \"Hay que destacar la importancia de tener un aer\u00f3dromo\", en el \u00faltimo a\u00f1o se realizaron 9 vuelos.","robots":{"index":"index","follow":"follow","max-snippet":"max-snippet:-1","max-image-preview":"max-image-preview:large","max-video-preview":"max-video-preview:-1"},"canonical":"https:\/\/experienciadevida.com.ar\/portalurbano\/aerodromo-municipal-vuelos-sanitarios-hay-que-destacar-la-importancia-de-tener-un-aerodromo\/","og_locale":"es_ES","og_type":"article","og_title":"Aer\u00f3dromo Municipal, vuelos sanitarios: \"Hay que destacar la importancia\"","og_description":"Aer\u00f3dromo Municipal, vuelos sanitarios: \"Hay que destacar la importancia de tener un aer\u00f3dromo\", en el \u00faltimo a\u00f1o se realizaron 9 vuelos.","og_url":"https:\/\/experienciadevida.com.ar\/portalurbano\/aerodromo-municipal-vuelos-sanitarios-hay-que-destacar-la-importancia-de-tener-un-aerodromo\/","article_publisher":"https:\/\/www.facebook.com\/Portal-Urbano-171542830093757\/","article_published_time":"2021-06-29T17:54:29+00:00","article_modified_time":"2021-06-29T17:57:29+00:00","og_image":[{"width":667,"height":445,"url":"https:\/\/experienciadevida.com.ar\/portalurbano\/wp-content\/uploads\/2018\/08\/AERODROMO.jpg","type":"image\/jpeg"}],"author":"admpu17wp","twitter_card":"summary_large_image","twitter_creator":"@portalurbanook","twitter_site":"@portalurbanook","twitter_misc":{"Escrito por":"admpu17wp","Tiempo de lectura":"2 minutos"},"schema":{"@context":"https:\/\/schema.org","@graph":[{"@type":"Article","@id":"https:\/\/experienciadevida.com.ar\/portalurbano\/aerodromo-municipal-vuelos-sanitarios-hay-que-destacar-la-importancia-de-tener-un-aerodromo\/#article","isPartOf":{"@id":"https:\/\/experienciadevida.com.ar\/portalurbano\/aerodromo-municipal-vuelos-sanitarios-hay-que-destacar-la-importancia-de-tener-un-aerodromo\/"},"author":{"name":"admpu17wp","@id":"https:\/\/experienciadevida.com.ar\/portalurbano\/#\/schema\/person\/02dd326b1c4b056e9cc972486934a3a7"},"headline":"Aer\u00f3dromo Municipal, vuelos sanitarios: &#8220;Hay que destacar la importancia de tener un aer\u00f3dromo&#8221;","datePublished":"2021-06-29T17:54:29+00:00","dateModified":"2021-06-29T17:57:29+00:00","mainEntityOfPage":{"@id":"https:\/\/experienciadevida.com.ar\/portalurbano\/aerodromo-municipal-vuelos-sanitarios-hay-que-destacar-la-importancia-de-tener-un-aerodromo\/"},"wordCount":374,"publisher":{"@id":"https:\/\/experienciadevida.com.ar\/portalurbano\/#organization"},"articleSection":["Ciudad","Destacadas 2"],"inLanguage":"es"},{"@type":"WebPage","@id":"https:\/\/experienciadevida.com.ar\/portalurbano\/aerodromo-municipal-vuelos-sanitarios-hay-que-destacar-la-importancia-de-tener-un-aerodromo\/","url":"https:\/\/experienciadevida.com.ar\/portalurbano\/aerodromo-municipal-vuelos-sanitarios-hay-que-destacar-la-importancia-de-tener-un-aerodromo\/","name":"Aer\u00f3dromo Municipal, vuelos sanitarios: \"Hay que destacar la importancia\"","isPartOf":{"@id":"https:\/\/experienciadevida.com.ar\/portalurbano\/#website"},"datePublished":"2021-06-29T17:54:29+00:00","dateModified":"2021-06-29T17:57:29+00:00","description":"Aer\u00f3dromo Municipal, vuelos sanitarios: \"Hay que destacar la importancia de tener un aer\u00f3dromo\", en el \u00faltimo a\u00f1o se realizaron 9 vuelos.","breadcrumb":{"@id":"https:\/\/experienciadevida.com.ar\/portalurbano\/aerodromo-municipal-vuelos-sanitarios-hay-que-destacar-la-importancia-de-tener-un-aerodromo\/#breadcrumb"},"inLanguage":"es","potentialAction":[{"@type":"ReadAction","target":["https:\/\/experienciadevida.com.ar\/portalurbano\/aerodromo-municipal-vuelos-sanitarios-hay-que-destacar-la-importancia-de-tener-un-aerodromo\/"]}]},{"@type":"BreadcrumbList","@id":"https:\/\/experienciadevida.com.ar\/portalurbano\/aerodromo-municipal-vuelos-sanitarios-hay-que-destacar-la-importancia-de-tener-un-aerodromo\/#breadcrumb","itemListElement":[{"@type":"ListItem","position":1,"name":"Portada","item":"https:\/\/experienciadevida.com.ar\/portalurbano\/"},{"@type":"ListItem","position":2,"name":"Aer\u00f3dromo Municipal, vuelos sanitarios: \u00abHay que destacar la importancia de tener un aer\u00f3dromo\u00bb"}]},{"@type":"WebSite","@id":"https:\/\/experienciadevida.com.ar\/portalurbano\/#website","url":"https:\/\/experienciadevida.com.ar\/portalurbano\/","name":"","description":"","publisher":{"@id":"https:\/\/experienciadevida.com.ar\/portalurbano\/#organization"},"potentialAction":[{"@type":"SearchAction","target":{"@type":"EntryPoint","urlTemplate":"https:\/\/experienciadevida.com.ar\/portalurbano\/?s={search_term_string}"},"query-input":"required name=search_term_string"}],"inLanguage":"es"},{"@type":"Organization","@id":"https:\/\/experienciadevida.com.ar\/portalurbano\/#organization","name":"Portal Urbano","url":"https:\/\/experienciadevida.com.ar\/portalurbano\/","logo":{"@type":"ImageObject","inLanguage":"es","@id":"https:\/\/experienciadevida.com.ar\/portalurbano\/#\/schema\/logo\/image\/","url":"https:\/\/experienciadevida.com.ar\/portalurbano\/wp-content\/uploads\/2019\/09\/Logo-Original.png","contentUrl":"https:\/\/experienciadevida.com.ar\/portalurbano\/wp-content\/uploads\/2019\/09\/Logo-Original.png","width":2236,"height":1216,"caption":"Portal Urbano"},"image":{"@id":"https:\/\/experienciadevida.com.ar\/portalurbano\/#\/schema\/logo\/image\/"},"sameAs":["https:\/\/www.facebook.com\/Portal-Urbano-171542830093757\/","https:\/\/twitter.com\/portalurbanook","https:\/\/www.instagram.com\/_portalurbano\/","https:\/\/www.youtube.com\/channel\/UCXhagIfszH8KxFiOok79zbA?view_as=subscriber"]},{"@type":"Person","@id":"https:\/\/experienciadevida.com.ar\/portalurbano\/#\/schema\/person\/02dd326b1c4b056e9cc972486934a3a7","name":"admpu17wp","image":{"@type":"ImageObject","inLanguage":"es","@id":"https:\/\/experienciadevida.com.ar\/portalurbano\/#\/schema\/person\/image\/","url":"https:\/\/secure.gravatar.com\/avatar\/830d4c57adaae6630765e449a6908047?s=96&d=mm&r=g","contentUrl":"https:\/\/secure.gravatar.com\/avatar\/830d4c57adaae6630765e449a6908047?s=96&d=mm&r=g","caption":"admpu17wp"}}]}},"featured_image_urls":{"full":"","thumbnail":"","medium":"","medium_large":"","large":"","ug_big":"","1536x1536":"","2048x2048":"","newsever-slider-full":"","newsever-featured":"","newsever-medium":"","web-stories-poster-portrait":"","web-stories-publisher-logo":"","web-stories-thumbnail":""},"author_info":{"display_name":"admpu17wp","author_link":"https:\/\/experienciadevida.com.ar\/portalurbano\/author\/admpu17wp\/"},"category_info":"<a href=\"https:\/\/experienciadevida.com.ar\/portalurbano\/category\/ciudad\/\" rel=\"category tag\">Ciudad<\/a> <a href=\"https:\/\/experienciadevida.com.ar\/portalurbano\/category\/destacadas-2\/\" rel=\"category tag\">Destacadas 2<\/a>","tag_info":"Destacadas 2","comment_count":"0","amp_enabled":true,"_links":{"self":[{"href":"https:\/\/experienciadevida.com.ar\/portalurbano\/wp-json\/wp\/v2\/posts\/146373"}],"collection":[{"href":"https:\/\/experienciadevida.com.ar\/portalurbano\/wp-json\/wp\/v2\/posts"}],"about":[{"href":"https:\/\/experienciadevida.com.ar\/portalurbano\/wp-json\/wp\/v2\/types\/post"}],"author":[{"embeddable":true,"href":"https:\/\/experienciadevida.com.ar\/portalurbano\/wp-json\/wp\/v2\/users\/1"}],"replies":[{"embeddable":true,"href":"https:\/\/experienciadevida.com.ar\/portalurbano\/wp-json\/wp\/v2\/comments?post=146373"}],"version-history":[{"count":4,"href":"https:\/\/experienciadevida.com.ar\/portalurbano\/wp-json\/wp\/v2\/posts\/146373\/revisions"}],"predecessor-version":[{"id":146377,"href":"https:\/\/experienciadevida.com.ar\/portalurbano\/wp-json\/wp\/v2\/posts\/146373\/revisions\/146377"}],"wp:attachment":[{"href":"https:\/\/experienciadevida.com.ar\/portalurbano\/wp-json\/wp\/v2\/media?parent=146373"}],"wp:term":[{"taxonomy":"category","embeddable":true,"href":"https:\/\/experienciadevida.com.ar\/portalurbano\/wp-json\/wp\/v2\/categories?post=146373"},{"taxonomy":"post_tag","embeddable":true,"href":"https:\/\/experienciadevida.com.ar\/portalurbano\/wp-json\/wp\/v2\/tags?post=146373"}],"curies":[{"name":"wp","href":"https:\/\/api.w.org\/{rel}","templated":true}]}}