{"id":146360,"date":"2021-06-29T12:41:52","date_gmt":"2021-06-29T15:41:52","guid":{"rendered":"https:\/\/experienciadevida.com.ar\/portalurbano\/?p=146360"},"modified":"2021-06-29T12:47:09","modified_gmt":"2021-06-29T15:47:09","slug":"sin-cambios-olavarria-continua-por-una-semana-mas-en-fase-4","status":"publish","type":"post","link":"https:\/\/experienciadevida.com.ar\/portalurbano\/sin-cambios-olavarria-continua-por-una-semana-mas-en-fase-4\/","title":{"rendered":"Sin cambios Olavarr\u00eda contin\u00faa por una semana m\u00e1s en fase 4"},"content":{"rendered":"<p>Sin cambios Olavarr\u00eda contin\u00faa por una semana m\u00e1s en fase 4, as\u00ed lo dijeron este martes el Jefe de Gabinete Carlos Bianco, el Gobernador de la provincia Axel Kicillof y el ViceMinistro de salud de la provincia Nicol\u00e1s Kreplak encabezaron una <a href=\"https:\/\/www.youtube.com\/watch?v=tOFerfKsqUM\">conferencia<\/a> para evaluar el estado de los Municipios y su situaci\u00f3n epidemiol\u00f3gica.<\/p>\n<p><a href=\"https:\/\/experienciadevida.com.ar\/portalurbano\/sin-cambios-olavarria-continua-por-una-semana-mas-en-fase-4\/situacion-epidemiologica-3\/\" rel=\"attachment wp-att-146362\"><img decoding=\"async\" class=\"alignnone size-full wp-image-146362\" src=\"https:\/\/experienciadevida.com.ar\/portalurbano\/wp-content\/uploads\/2021\/06\/Situacion-epidemiologica-.png\" alt=\"\" width=\"966\" height=\"537\" srcset=\"https:\/\/experienciadevida.com.ar\/portalurbano\/wp-content\/uploads\/2021\/06\/Situacion-epidemiologica-.png 966w, https:\/\/experienciadevida.com.ar\/portalurbano\/wp-content\/uploads\/2021\/06\/Situacion-epidemiologica--300x167.png 300w, https:\/\/experienciadevida.com.ar\/portalurbano\/wp-content\/uploads\/2021\/06\/Situacion-epidemiologica--768x427.png 768w\" sizes=\"(max-width: 966px) 100vw, 966px\" \/><\/a><\/p>\n<p>El primero en hablar fue Nicol\u00e1s Kreplak &#8220;nos encontramos en este momento con 1.358.688 casos acumulados en el territorio del AMBA que es una incidencia acumulada de 9969 cada 100 mil habitantes y la incidencia de los \u00faltimos 14 d\u00edas que es el indicador que utilizamos para la toma de decisiones en las fases en la provincia es de 313 para el territorio del AMBA, este dato en el interior de la provincia es de 525 y en t\u00e9rminos generales la provincia est\u00e1 con 360, tenemos que lamentar hasta el momento 47071 fallecidos, de nuestra provincia. Si vemos el promedio de casos semanales las semanas epidemiol\u00f3gicas cerradas, encontramos que se cumpli\u00f3 la quinta semana de descenso consecutivo de los casos, este descenso equivale a un 47% respecto de lo que fue el pico\u00a0 de esta segunda ola, y todav\u00eda nos encontramos por arriba de lo que fue el pico de la ola del a\u00f1o pasado en 5800 casos promedio semanal y ahora estamos en 6314, sin embargo si analizamos d\u00eda a d\u00eda podemos ver que ya desde el d\u00eda martes de la semana pasada deja de observarse un descenso y comienza paulatinamente para los d\u00edas jueves viernes y cada vez m\u00e1s notable un incremento de los casos&#8221;.<\/p>\n<p><a href=\"https:\/\/experienciadevida.com.ar\/portalurbano\/sin-cambios-olavarria-continua-por-una-semana-mas-en-fase-4\/kreplak-3\/\" rel=\"attachment wp-att-146363\"><img decoding=\"async\" class=\"alignnone size-full wp-image-146363\" src=\"https:\/\/experienciadevida.com.ar\/portalurbano\/wp-content\/uploads\/2021\/06\/KREPLAK.png\" alt=\"\" width=\"984\" height=\"526\" srcset=\"https:\/\/experienciadevida.com.ar\/portalurbano\/wp-content\/uploads\/2021\/06\/KREPLAK.png 984w, https:\/\/experienciadevida.com.ar\/portalurbano\/wp-content\/uploads\/2021\/06\/KREPLAK-300x160.png 300w, https:\/\/experienciadevida.com.ar\/portalurbano\/wp-content\/uploads\/2021\/06\/KREPLAK-768x411.png 768w\" sizes=\"(max-width: 984px) 100vw, 984px\" \/><\/a><\/p>\n<p>Sin cambios Olavarr\u00eda contin\u00faa una semana m\u00e1s en fase 4&#8243;Este incremento hace que el promedio diario de 6mil casos se encuentre ahora en 6822 casos para el d\u00eda de ayer cumplido lo que se llama media semanal m\u00f3vil esto equivale a un 7,9% de incremento respecto del promedio de la semana epidemiol\u00f3gica cerrada el d\u00eda s\u00e1bado, estamos registrando ya cuatro d\u00edas seguidos de aumento en los casos este es un dato que es coincidente con algunos otros indicadores que en la provincia solemos tener y utilizar como el indicador relacionado con la denuncia de casos asintom\u00e1ticos que observamos tambi\u00e9n hace m\u00e1s de 6 d\u00edas que dejo de descender y hay un muy leve incremento, \u00e9ste es especialmente en el territorio del AMBA, es uniforme no hay en principio ning\u00fan distrito que tenga un incremento especial lo cual nos hace pensar que aquellas medidas que sabemos que funcionan como la restricci\u00f3n de circulaci\u00f3n, tuvieron efecto para generar la ca\u00edda respecto del pico como estamos en la segunda ola. Si pensamos en las camas vemos que tenemos una ocupaci\u00f3n\u00a0 del 66,3 % en gran buenos aires (AMBA),\u00a0 \u00a0y en el interior el 52,7%&#8221;.<\/p>\n<p>Adem\u00e1s &#8220;aquellos que son contacto estrecho de una persona sintom\u00e1tica adem\u00e1s de tener que hacer el aislamiento que corresponde pedimos se hagan un hisopado para reducir la circulaci\u00f3n&#8221;.<\/p>\n<p>&#8220;Con respecto a la vacunaci\u00f3n tenemos 7.489.775 aplicaciones totales, 6.131.181 (primer componente) y 1358594 (segundo componente), vemos que m\u00e1s del 95% mayores de 60 a\u00f1os ya est\u00e1n vacunados&#8221;.<\/p>\n<p><a href=\"https:\/\/experienciadevida.com.ar\/portalurbano\/sin-cambios-olavarria-continua-por-una-semana-mas-en-fase-4\/vacunacion-cobertura\/\" rel=\"attachment wp-att-146364\"><img decoding=\"async\" class=\"alignnone size-full wp-image-146364\" src=\"https:\/\/experienciadevida.com.ar\/portalurbano\/wp-content\/uploads\/2021\/06\/VACUNACION-COBERTURA.png\" alt=\"\" width=\"991\" height=\"526\" srcset=\"https:\/\/experienciadevida.com.ar\/portalurbano\/wp-content\/uploads\/2021\/06\/VACUNACION-COBERTURA.png 991w, https:\/\/experienciadevida.com.ar\/portalurbano\/wp-content\/uploads\/2021\/06\/VACUNACION-COBERTURA-300x159.png 300w, https:\/\/experienciadevida.com.ar\/portalurbano\/wp-content\/uploads\/2021\/06\/VACUNACION-COBERTURA-768x408.png 768w\" sizes=\"(max-width: 991px) 100vw, 991px\" \/><\/a><\/p>\n<p>&#8220;Con una dosis de Sputnik tiene una muy buena eficacia, para una dosis de Astrazeneca en personas de 60 a 79 a\u00f1os poblaci\u00f3n de m\u00e1ximo riesgo tiene efectividad para evitar infecciones (86%), internaciones (95%) y muertes (96%), una eficacia alt\u00edsima&#8221;.<\/p>\n<p>Por su parte Carlos Bianco mencion\u00f3 que Sin cambios Olavarr\u00eda contin\u00faa una semana m\u00e1s en fase 4 &#8220;en fase 2 hay 43 municipios, en fase 3 86 y en fase 4 6 Municipios&#8221;.<\/p>\n<p><strong>Fase 3:\u00a0<\/strong>25 de mayo- Adolfo Alsina-\u00a0 Alberti- Almirante Brown- Arrecifes- Avellaneda- Ayacucho- Azul- Bah\u00eda Blanca- Berazategui- Berisso- Bragado- Brandsen- Campana- Ca\u00f1uelas- Capit\u00e1n Sarmiento- Carlos Casares- Carmen de Areco- Castelli- Chascom\u00fas- Coronel Pringles- Daireaux- Dolores- Ensenada- Escobar- Esteban Echeverr\u00eda- Exaltaci\u00f3n de la cruz- Ezeiza- Florencio varela- General Alvarado- General Alvear- General Guido- General Juan\u00a0 Madariaga- General Las Heras- General Pueyrred\u00f3n- General Rodr\u00edguez- General San Mart\u00edn- General Villegas- Guamin\u00ed- Hurlingam- Ituzaing\u00f3- Jos\u00e9 C. Paz- La Matanza- La Plata- Lan\u00fas- Laprida- Las Flores- Lezama- Lomas de Zamora &#8211; Luj\u00e1n- Malvinas Argentinas- Mar chiquita- marcos paz- Mercedes &#8211; Merlo- Monte- Moreno &#8211; Mor\u00f3n- Navarro- Pila- Pilar- Presidente Per\u00f3n- Quilmes &#8211; Ramallo- Rojas &#8211; Saavedra- Salliquel\u00f3- Salto- San Antonio de Areco- San Cayetano- San Fernando- San Isidro- San Miguel- San Nicol\u00e1s- San Pedro- San Vicente- Tandil- Tigre- Tordillo_Tres Arroyos- Tres de febrero- Tres Lomas- Vicente L\u00f3pez- Villa Gessel-Villa Marino-Z\u00e1rate<\/p>\n<p><strong>Fase 4:\u00a0<\/strong>Adolfo Gonz\u00e1lez Ch\u00e1ves- Baradero- Benito Ju\u00e1rez &#8211; Col\u00f3n- Coronel de Marina L Rosales y Olavarr\u00eda<\/p>\n<p>Por \u00faltimo Kicillof dijo &#8220;estamos cumpliendo un a\u00f1o de este sistema, quiero anunciar es que vamos a extender nuestro programa de vacuna libre en toda la provincia, se pueden vacunar sin turno&#8221;.<\/p>\n","protected":false},"excerpt":{"rendered":"<p>Sin cambios Olavarr\u00eda contin\u00faa por una semana m\u00e1s en fase 4, as\u00ed lo dijeron este&#8230;<\/p>\n","protected":false},"author":1,"featured_media":146365,"comment_status":"closed","ping_status":"closed","sticky":false,"template":"","format":"standard","meta":{"content-type":""},"categories":[27,51,44],"tags":[],"nelio_content":{"isAutoShareEnabled":false,"autoShareEndMode":"default","automationSources":{"useContentSentences":true,"useSocialTemplates":true,"useCustomSentences":false,"customSentences":[]},"followers":[1],"suggestedReferences":[],"includedReferences":["https:\/\/www.youtube.com\/watch?v=tOFerfKsqUM"],"efiUrl":"","efiAlt":"","highlights":[]},"yoast_head":"<!-- This site is optimized with the Yoast SEO plugin v20.7 - https:\/\/yoast.com\/wordpress\/plugins\/seo\/ -->\n<title>Sin cambios Olavarr\u00eda contin\u00faa por una semana en fase 4<\/title>\n<meta name=\"description\" content=\"Sin cambios Olavarr\u00eda contin\u00faa por una semana m\u00e1s en fase 4, as\u00ed lo dijeron este martes el Jefe de Gabinete Carlos Bianco, Kicillof y Kreplak\" \/>\n<meta name=\"robots\" content=\"index, follow, max-snippet:-1, max-image-preview:large, max-video-preview:-1\" \/>\n<link rel=\"canonical\" href=\"https:\/\/experienciadevida.com.ar\/portalurbano\/sin-cambios-olavarria-continua-por-una-semana-mas-en-fase-4\/\" \/>\n<meta property=\"og:locale\" content=\"es_ES\" \/>\n<meta property=\"og:type\" content=\"article\" \/>\n<meta property=\"og:title\" content=\"Sin cambios Olavarr\u00eda contin\u00faa por una semana en fase 4\" \/>\n<meta property=\"og:description\" content=\"Sin cambios Olavarr\u00eda contin\u00faa por una semana m\u00e1s en fase 4, as\u00ed lo dijeron este martes el Jefe de Gabinete Carlos Bianco, Kicillof y Kreplak\" \/>\n<meta property=\"og:url\" content=\"https:\/\/experienciadevida.com.ar\/portalurbano\/sin-cambios-olavarria-continua-por-una-semana-mas-en-fase-4\/\" \/>\n<meta property=\"article:publisher\" content=\"https:\/\/www.facebook.com\/Portal-Urbano-171542830093757\/\" \/>\n<meta property=\"article:published_time\" content=\"2021-06-29T15:41:52+00:00\" \/>\n<meta property=\"article:modified_time\" content=\"2021-06-29T15:47:09+00:00\" \/>\n<meta property=\"og:image\" content=\"https:\/\/experienciadevida.com.ar\/portalurbano\/wp-content\/uploads\/2021\/06\/Sin-cambios-Olavarria-continua-por-una-semana-mas-en-fase-4.jpg\" \/>\n\t<meta property=\"og:image:width\" content=\"800\" \/>\n\t<meta property=\"og:image:height\" content=\"600\" \/>\n\t<meta property=\"og:image:type\" content=\"image\/jpeg\" \/>\n<meta name=\"author\" content=\"admpu17wp\" \/>\n<meta name=\"twitter:card\" content=\"summary_large_image\" \/>\n<meta name=\"twitter:creator\" content=\"@portalurbanook\" \/>\n<meta name=\"twitter:site\" content=\"@portalurbanook\" \/>\n<meta name=\"twitter:label1\" content=\"Escrito por\" \/>\n\t<meta name=\"twitter:data1\" content=\"admpu17wp\" \/>\n\t<meta name=\"twitter:label2\" content=\"Tiempo de lectura\" \/>\n\t<meta name=\"twitter:data2\" content=\"4 minutos\" \/>\n<script type=\"application\/ld+json\" class=\"yoast-schema-graph\">{\"@context\":\"https:\/\/schema.org\",\"@graph\":[{\"@type\":\"Article\",\"@id\":\"https:\/\/experienciadevida.com.ar\/portalurbano\/sin-cambios-olavarria-continua-por-una-semana-mas-en-fase-4\/#article\",\"isPartOf\":{\"@id\":\"https:\/\/experienciadevida.com.ar\/portalurbano\/sin-cambios-olavarria-continua-por-una-semana-mas-en-fase-4\/\"},\"author\":{\"name\":\"admpu17wp\",\"@id\":\"https:\/\/experienciadevida.com.ar\/portalurbano\/#\/schema\/person\/02dd326b1c4b056e9cc972486934a3a7\"},\"headline\":\"Sin cambios Olavarr\u00eda contin\u00faa por una semana m\u00e1s en fase 4\",\"datePublished\":\"2021-06-29T15:41:52+00:00\",\"dateModified\":\"2021-06-29T15:47:09+00:00\",\"mainEntityOfPage\":{\"@id\":\"https:\/\/experienciadevida.com.ar\/portalurbano\/sin-cambios-olavarria-continua-por-una-semana-mas-en-fase-4\/\"},\"wordCount\":825,\"publisher\":{\"@id\":\"https:\/\/experienciadevida.com.ar\/portalurbano\/#organization\"},\"articleSection\":[\"Ciudad\",\"Destacadas\",\"Provincia\"],\"inLanguage\":\"es\"},{\"@type\":\"WebPage\",\"@id\":\"https:\/\/experienciadevida.com.ar\/portalurbano\/sin-cambios-olavarria-continua-por-una-semana-mas-en-fase-4\/\",\"url\":\"https:\/\/experienciadevida.com.ar\/portalurbano\/sin-cambios-olavarria-continua-por-una-semana-mas-en-fase-4\/\",\"name\":\"Sin cambios Olavarr\u00eda contin\u00faa por una semana en fase 4\",\"isPartOf\":{\"@id\":\"https:\/\/experienciadevida.com.ar\/portalurbano\/#website\"},\"datePublished\":\"2021-06-29T15:41:52+00:00\",\"dateModified\":\"2021-06-29T15:47:09+00:00\",\"description\":\"Sin cambios Olavarr\u00eda contin\u00faa por una semana m\u00e1s en fase 4, as\u00ed lo dijeron este martes el Jefe de Gabinete Carlos Bianco, Kicillof y Kreplak\",\"breadcrumb\":{\"@id\":\"https:\/\/experienciadevida.com.ar\/portalurbano\/sin-cambios-olavarria-continua-por-una-semana-mas-en-fase-4\/#breadcrumb\"},\"inLanguage\":\"es\",\"potentialAction\":[{\"@type\":\"ReadAction\",\"target\":[\"https:\/\/experienciadevida.com.ar\/portalurbano\/sin-cambios-olavarria-continua-por-una-semana-mas-en-fase-4\/\"]}]},{\"@type\":\"BreadcrumbList\",\"@id\":\"https:\/\/experienciadevida.com.ar\/portalurbano\/sin-cambios-olavarria-continua-por-una-semana-mas-en-fase-4\/#breadcrumb\",\"itemListElement\":[{\"@type\":\"ListItem\",\"position\":1,\"name\":\"Portada\",\"item\":\"https:\/\/experienciadevida.com.ar\/portalurbano\/\"},{\"@type\":\"ListItem\",\"position\":2,\"name\":\"Sin cambios Olavarr\u00eda contin\u00faa por una semana m\u00e1s en fase 4\"}]},{\"@type\":\"WebSite\",\"@id\":\"https:\/\/experienciadevida.com.ar\/portalurbano\/#website\",\"url\":\"https:\/\/experienciadevida.com.ar\/portalurbano\/\",\"name\":\"\",\"description\":\"\",\"publisher\":{\"@id\":\"https:\/\/experienciadevida.com.ar\/portalurbano\/#organization\"},\"potentialAction\":[{\"@type\":\"SearchAction\",\"target\":{\"@type\":\"EntryPoint\",\"urlTemplate\":\"https:\/\/experienciadevida.com.ar\/portalurbano\/?s={search_term_string}\"},\"query-input\":\"required name=search_term_string\"}],\"inLanguage\":\"es\"},{\"@type\":\"Organization\",\"@id\":\"https:\/\/experienciadevida.com.ar\/portalurbano\/#organization\",\"name\":\"Portal Urbano\",\"url\":\"https:\/\/experienciadevida.com.ar\/portalurbano\/\",\"logo\":{\"@type\":\"ImageObject\",\"inLanguage\":\"es\",\"@id\":\"https:\/\/experienciadevida.com.ar\/portalurbano\/#\/schema\/logo\/image\/\",\"url\":\"https:\/\/experienciadevida.com.ar\/portalurbano\/wp-content\/uploads\/2019\/09\/Logo-Original.png\",\"contentUrl\":\"https:\/\/experienciadevida.com.ar\/portalurbano\/wp-content\/uploads\/2019\/09\/Logo-Original.png\",\"width\":2236,\"height\":1216,\"caption\":\"Portal Urbano\"},\"image\":{\"@id\":\"https:\/\/experienciadevida.com.ar\/portalurbano\/#\/schema\/logo\/image\/\"},\"sameAs\":[\"https:\/\/www.facebook.com\/Portal-Urbano-171542830093757\/\",\"https:\/\/twitter.com\/portalurbanook\",\"https:\/\/www.instagram.com\/_portalurbano\/\",\"https:\/\/www.youtube.com\/channel\/UCXhagIfszH8KxFiOok79zbA?view_as=subscriber\"]},{\"@type\":\"Person\",\"@id\":\"https:\/\/experienciadevida.com.ar\/portalurbano\/#\/schema\/person\/02dd326b1c4b056e9cc972486934a3a7\",\"name\":\"admpu17wp\",\"image\":{\"@type\":\"ImageObject\",\"inLanguage\":\"es\",\"@id\":\"https:\/\/experienciadevida.com.ar\/portalurbano\/#\/schema\/person\/image\/\",\"url\":\"https:\/\/secure.gravatar.com\/avatar\/830d4c57adaae6630765e449a6908047?s=96&d=mm&r=g\",\"contentUrl\":\"https:\/\/secure.gravatar.com\/avatar\/830d4c57adaae6630765e449a6908047?s=96&d=mm&r=g\",\"caption\":\"admpu17wp\"}}]}<\/script>\n<!-- \/ Yoast SEO plugin. -->","yoast_head_json":{"title":"Sin cambios Olavarr\u00eda contin\u00faa por una semana en fase 4","description":"Sin cambios Olavarr\u00eda contin\u00faa por una semana m\u00e1s en fase 4, as\u00ed lo dijeron este martes el Jefe de Gabinete Carlos Bianco, Kicillof y Kreplak","robots":{"index":"index","follow":"follow","max-snippet":"max-snippet:-1","max-image-preview":"max-image-preview:large","max-video-preview":"max-video-preview:-1"},"canonical":"https:\/\/experienciadevida.com.ar\/portalurbano\/sin-cambios-olavarria-continua-por-una-semana-mas-en-fase-4\/","og_locale":"es_ES","og_type":"article","og_title":"Sin cambios Olavarr\u00eda contin\u00faa por una semana en fase 4","og_description":"Sin cambios Olavarr\u00eda contin\u00faa por una semana m\u00e1s en fase 4, as\u00ed lo dijeron este martes el Jefe de Gabinete Carlos Bianco, Kicillof y Kreplak","og_url":"https:\/\/experienciadevida.com.ar\/portalurbano\/sin-cambios-olavarria-continua-por-una-semana-mas-en-fase-4\/","article_publisher":"https:\/\/www.facebook.com\/Portal-Urbano-171542830093757\/","article_published_time":"2021-06-29T15:41:52+00:00","article_modified_time":"2021-06-29T15:47:09+00:00","og_image":[{"width":800,"height":600,"url":"https:\/\/experienciadevida.com.ar\/portalurbano\/wp-content\/uploads\/2021\/06\/Sin-cambios-Olavarria-continua-por-una-semana-mas-en-fase-4.jpg","type":"image\/jpeg"}],"author":"admpu17wp","twitter_card":"summary_large_image","twitter_creator":"@portalurbanook","twitter_site":"@portalurbanook","twitter_misc":{"Escrito por":"admpu17wp","Tiempo de lectura":"4 minutos"},"schema":{"@context":"https:\/\/schema.org","@graph":[{"@type":"Article","@id":"https:\/\/experienciadevida.com.ar\/portalurbano\/sin-cambios-olavarria-continua-por-una-semana-mas-en-fase-4\/#article","isPartOf":{"@id":"https:\/\/experienciadevida.com.ar\/portalurbano\/sin-cambios-olavarria-continua-por-una-semana-mas-en-fase-4\/"},"author":{"name":"admpu17wp","@id":"https:\/\/experienciadevida.com.ar\/portalurbano\/#\/schema\/person\/02dd326b1c4b056e9cc972486934a3a7"},"headline":"Sin cambios Olavarr\u00eda contin\u00faa por una semana m\u00e1s en fase 4","datePublished":"2021-06-29T15:41:52+00:00","dateModified":"2021-06-29T15:47:09+00:00","mainEntityOfPage":{"@id":"https:\/\/experienciadevida.com.ar\/portalurbano\/sin-cambios-olavarria-continua-por-una-semana-mas-en-fase-4\/"},"wordCount":825,"publisher":{"@id":"https:\/\/experienciadevida.com.ar\/portalurbano\/#organization"},"articleSection":["Ciudad","Destacadas","Provincia"],"inLanguage":"es"},{"@type":"WebPage","@id":"https:\/\/experienciadevida.com.ar\/portalurbano\/sin-cambios-olavarria-continua-por-una-semana-mas-en-fase-4\/","url":"https:\/\/experienciadevida.com.ar\/portalurbano\/sin-cambios-olavarria-continua-por-una-semana-mas-en-fase-4\/","name":"Sin cambios Olavarr\u00eda contin\u00faa por una semana en fase 4","isPartOf":{"@id":"https:\/\/experienciadevida.com.ar\/portalurbano\/#website"},"datePublished":"2021-06-29T15:41:52+00:00","dateModified":"2021-06-29T15:47:09+00:00","description":"Sin cambios Olavarr\u00eda contin\u00faa por una semana m\u00e1s en fase 4, as\u00ed lo dijeron este martes el Jefe de Gabinete Carlos Bianco, Kicillof y Kreplak","breadcrumb":{"@id":"https:\/\/experienciadevida.com.ar\/portalurbano\/sin-cambios-olavarria-continua-por-una-semana-mas-en-fase-4\/#breadcrumb"},"inLanguage":"es","potentialAction":[{"@type":"ReadAction","target":["https:\/\/experienciadevida.com.ar\/portalurbano\/sin-cambios-olavarria-continua-por-una-semana-mas-en-fase-4\/"]}]},{"@type":"BreadcrumbList","@id":"https:\/\/experienciadevida.com.ar\/portalurbano\/sin-cambios-olavarria-continua-por-una-semana-mas-en-fase-4\/#breadcrumb","itemListElement":[{"@type":"ListItem","position":1,"name":"Portada","item":"https:\/\/experienciadevida.com.ar\/portalurbano\/"},{"@type":"ListItem","position":2,"name":"Sin cambios Olavarr\u00eda contin\u00faa por una semana m\u00e1s en fase 4"}]},{"@type":"WebSite","@id":"https:\/\/experienciadevida.com.ar\/portalurbano\/#website","url":"https:\/\/experienciadevida.com.ar\/portalurbano\/","name":"","description":"","publisher":{"@id":"https:\/\/experienciadevida.com.ar\/portalurbano\/#organization"},"potentialAction":[{"@type":"SearchAction","target":{"@type":"EntryPoint","urlTemplate":"https:\/\/experienciadevida.com.ar\/portalurbano\/?s={search_term_string}"},"query-input":"required name=search_term_string"}],"inLanguage":"es"},{"@type":"Organization","@id":"https:\/\/experienciadevida.com.ar\/portalurbano\/#organization","name":"Portal Urbano","url":"https:\/\/experienciadevida.com.ar\/portalurbano\/","logo":{"@type":"ImageObject","inLanguage":"es","@id":"https:\/\/experienciadevida.com.ar\/portalurbano\/#\/schema\/logo\/image\/","url":"https:\/\/experienciadevida.com.ar\/portalurbano\/wp-content\/uploads\/2019\/09\/Logo-Original.png","contentUrl":"https:\/\/experienciadevida.com.ar\/portalurbano\/wp-content\/uploads\/2019\/09\/Logo-Original.png","width":2236,"height":1216,"caption":"Portal Urbano"},"image":{"@id":"https:\/\/experienciadevida.com.ar\/portalurbano\/#\/schema\/logo\/image\/"},"sameAs":["https:\/\/www.facebook.com\/Portal-Urbano-171542830093757\/","https:\/\/twitter.com\/portalurbanook","https:\/\/www.instagram.com\/_portalurbano\/","https:\/\/www.youtube.com\/channel\/UCXhagIfszH8KxFiOok79zbA?view_as=subscriber"]},{"@type":"Person","@id":"https:\/\/experienciadevida.com.ar\/portalurbano\/#\/schema\/person\/02dd326b1c4b056e9cc972486934a3a7","name":"admpu17wp","image":{"@type":"ImageObject","inLanguage":"es","@id":"https:\/\/experienciadevida.com.ar\/portalurbano\/#\/schema\/person\/image\/","url":"https:\/\/secure.gravatar.com\/avatar\/830d4c57adaae6630765e449a6908047?s=96&d=mm&r=g","contentUrl":"https:\/\/secure.gravatar.com\/avatar\/830d4c57adaae6630765e449a6908047?s=96&d=mm&r=g","caption":"admpu17wp"}}]}},"featured_image_urls":{"full":["https:\/\/experienciadevida.com.ar\/portalurbano\/wp-content\/uploads\/2021\/06\/Sin-cambios-Olavarria-continua-por-una-semana-mas-en-fase-4.jpg",800,600,false],"thumbnail":["https:\/\/experienciadevida.com.ar\/portalurbano\/wp-content\/uploads\/2021\/06\/Sin-cambios-Olavarria-continua-por-una-semana-mas-en-fase-4-150x150.jpg",150,150,true],"medium":["https:\/\/experienciadevida.com.ar\/portalurbano\/wp-content\/uploads\/2021\/06\/Sin-cambios-Olavarria-continua-por-una-semana-mas-en-fase-4-300x225.jpg",300,225,true],"medium_large":["https:\/\/experienciadevida.com.ar\/portalurbano\/wp-content\/uploads\/2021\/06\/Sin-cambios-Olavarria-continua-por-una-semana-mas-en-fase-4-768x576.jpg",640,480,true],"large":["https:\/\/experienciadevida.com.ar\/portalurbano\/wp-content\/uploads\/2021\/06\/Sin-cambios-Olavarria-continua-por-una-semana-mas-en-fase-4.jpg",640,480,false],"ug_big":["https:\/\/experienciadevida.com.ar\/portalurbano\/wp-content\/uploads\/2021\/06\/Sin-cambios-Olavarria-continua-por-una-semana-mas-en-fase-4-768x576.jpg",768,576,true],"1536x1536":["https:\/\/experienciadevida.com.ar\/portalurbano\/wp-content\/uploads\/2021\/06\/Sin-cambios-Olavarria-continua-por-una-semana-mas-en-fase-4.jpg",800,600,false],"2048x2048":["https:\/\/experienciadevida.com.ar\/portalurbano\/wp-content\/uploads\/2021\/06\/Sin-cambios-Olavarria-continua-por-una-semana-mas-en-fase-4.jpg",800,600,false],"newsever-slider-full":["https:\/\/experienciadevida.com.ar\/portalurbano\/wp-content\/uploads\/2021\/06\/Sin-cambios-Olavarria-continua-por-una-semana-mas-en-fase-4.jpg",800,600,false],"newsever-featured":["https:\/\/experienciadevida.com.ar\/portalurbano\/wp-content\/uploads\/2021\/06\/Sin-cambios-Olavarria-continua-por-una-semana-mas-en-fase-4.jpg",800,600,false],"newsever-medium":["https:\/\/experienciadevida.com.ar\/portalurbano\/wp-content\/uploads\/2021\/06\/Sin-cambios-Olavarria-continua-por-una-semana-mas-en-fase-4.jpg",633,475,false],"web-stories-poster-portrait":["https:\/\/experienciadevida.com.ar\/portalurbano\/wp-content\/uploads\/2021\/06\/Sin-cambios-Olavarria-continua-por-una-semana-mas-en-fase-4.jpg",640,480,false],"web-stories-publisher-logo":["https:\/\/experienciadevida.com.ar\/portalurbano\/wp-content\/uploads\/2021\/06\/Sin-cambios-Olavarria-continua-por-una-semana-mas-en-fase-4.jpg",96,72,false],"web-stories-thumbnail":["https:\/\/experienciadevida.com.ar\/portalurbano\/wp-content\/uploads\/2021\/06\/Sin-cambios-Olavarria-continua-por-una-semana-mas-en-fase-4.jpg",150,113,false]},"author_info":{"display_name":"admpu17wp","author_link":"https:\/\/experienciadevida.com.ar\/portalurbano\/author\/admpu17wp\/"},"category_info":"<a href=\"https:\/\/experienciadevida.com.ar\/portalurbano\/category\/ciudad\/\" rel=\"category tag\">Ciudad<\/a> <a href=\"https:\/\/experienciadevida.com.ar\/portalurbano\/category\/destacadas\/\" rel=\"category tag\">Destacadas<\/a> <a href=\"https:\/\/experienciadevida.com.ar\/portalurbano\/category\/provincia\/\" rel=\"category tag\">Provincia<\/a>","tag_info":"Provincia","comment_count":"0","amp_enabled":true,"_links":{"self":[{"href":"https:\/\/experienciadevida.com.ar\/portalurbano\/wp-json\/wp\/v2\/posts\/146360"}],"collection":[{"href":"https:\/\/experienciadevida.com.ar\/portalurbano\/wp-json\/wp\/v2\/posts"}],"about":[{"href":"https:\/\/experienciadevida.com.ar\/portalurbano\/wp-json\/wp\/v2\/types\/post"}],"author":[{"embeddable":true,"href":"https:\/\/experienciadevida.com.ar\/portalurbano\/wp-json\/wp\/v2\/users\/1"}],"replies":[{"embeddable":true,"href":"https:\/\/experienciadevida.com.ar\/portalurbano\/wp-json\/wp\/v2\/comments?post=146360"}],"version-history":[{"count":7,"href":"https:\/\/experienciadevida.com.ar\/portalurbano\/wp-json\/wp\/v2\/posts\/146360\/revisions"}],"predecessor-version":[{"id":146371,"href":"https:\/\/experienciadevida.com.ar\/portalurbano\/wp-json\/wp\/v2\/posts\/146360\/revisions\/146371"}],"wp:featuredmedia":[{"embeddable":true,"href":"https:\/\/experienciadevida.com.ar\/portalurbano\/wp-json\/wp\/v2\/media\/146365"}],"wp:attachment":[{"href":"https:\/\/experienciadevida.com.ar\/portalurbano\/wp-json\/wp\/v2\/media?parent=146360"}],"wp:term":[{"taxonomy":"category","embeddable":true,"href":"https:\/\/experienciadevida.com.ar\/portalurbano\/wp-json\/wp\/v2\/categories?post=146360"},{"taxonomy":"post_tag","embeddable":true,"href":"https:\/\/experienciadevida.com.ar\/portalurbano\/wp-json\/wp\/v2\/tags?post=146360"}],"curies":[{"name":"wp","href":"https:\/\/api.w.org\/{rel}","templated":true}]}}